{"id":20321,"date":"2016-08-30T19:50:58","date_gmt":"2016-08-30T16:50:58","guid":{"rendered":"http:\/\/www.bghaber.org\/bghaber\/?p=20321"},"modified":"2016-08-30T19:50:58","modified_gmt":"2016-08-30T16:50:58","slug":"milli-mucadeleyi-taclandiran-buyuk-zaferin-94-yili-milletimize-kutlu-olsun","status":"publish","type":"post","link":"https:\/\/www.bghaber.org\/bghaber\/milli-mucadeleyi-taclandiran-buyuk-zaferin-94-yili-milletimize-kutlu-olsun\/","title":{"rendered":"MILLI M\u00dcCADELEYI TA\u00c7LANDIRAN B\u00dcY\u00dcK ZAFER&#8217;IN 94. YILI M\u0130LLETIMIZE KUTLU OLSUN"},"content":{"rendered":"<p><img data-recalc-dims=\"1\" loading=\"lazy\" decoding=\"async\" class=\"\" src=\"https:\/\/i0.wp.com\/www.bghaber.org\/bghaber\/wp-content\/uploads\/2015\/11\/sakin.jpg?resize=118%2C125\" alt=\"sakin\" width=\"118\" height=\"125\" \/>\u00a0Dr. Sakin \u00d6NER<\/p>\n<p>&#8220;Ya istiklal ya \u00f6l\u00fcm!&#8221; Parolas\u0131yla Istikl\u00e2l Sava\u015f\u0131&#8217;n\u0131 ba\u015flatan ve &#8220;Hatt-\u0131 m\u00fcdafaa yoktur, sath-\u0131 m\u00fcdafaa vard\u0131r; o sat\u0131h b\u00fct\u00fcn vatand\u0131r&#8221; diyerek Milli M\u00fccadele&#8217;nin boyutlar\u0131n\u0131 ortaya koyan T\u00fcrk Ordular\u0131 Ba\u015fkomutan\u0131 Gazi Mustafa Kemal Atat\u00fcrk 26 A\u011fustos 1922&#8217;de ba\u015flatt\u0131\u011f\u0131 B\u00fcy\u00fck Taarruz&#8217;u 30 A\u011fustos 1922&#8217;de Dumlup\u0131nar&#8217;da kazand\u0131\u011f\u0131 B\u00fcy\u00fck Zafer&#8217;le ta\u00e7land\u0131rd\u0131.<\/p>\n<p>Ulu \u00f6nder bu zaferden sonra 1 Eyl\u00fcl 1922&#8217;de &#8221; T\u00fcrkiye B\u00fcy\u00fck Millet Meclisi Ordular\u0131&#8221; hitab\u0131yla ba\u015flayan tarihi beyannamesini yay\u0131nlad\u0131 ve &#8220;Ordular ilk hedefiniz Akdeniz&#8217;dir. Ileri!&#8221; emrini verdi. B\u00f6ylece Milli Ordu&#8217;nun 9 g\u00fcn s\u00fcrecek ve 9 Eyl\u00fcl 1922&#8217;de Izmir&#8217;de d\u00fc\u015fman\u0131n denize d\u00f6k\u00fclmesiyle sonu\u00e7lanacak tarihi y\u00fcr\u00fcy\u00fc\u015f\u00fc ba\u015flad\u0131.<\/p>\n<p>Yeni nesillerin Osmanl\u0131\u00a0devletinin \u00f6mr\u00fcn\u00fc tamamlad\u0131ktan sonra bu enkazdan yeni T\u00fcrk devleti T\u00fcrkiye Cumhuriyetini yokluklar i\u00e7inde kan ve can pahas\u0131na kuranlar\u0131 unutmamalar\u0131, rahmet ve minnetle anmalar\u0131 gerekir.<\/p>\n<p>Bu duygu ve d\u00fc\u015f\u00fcncelerle bu topraklar\u0131 \u00f6zg\u00fcr bir vatan olarak bizlere emanet eden b\u00fcy\u00fck Atat\u00fcrk, silah arkada\u015flar\u0131 ile kahraman \u015fehit ve gazilerimizi rahmet, minnet ve \u015f\u00fckranla yadediyorum. Ruhlar\u0131 \u015fad, mekanlar\u0131 cennet olsun.<\/p><div id=\"bghab-4195165259\" class=\"bghab-icerik-icine bghab-entity-placement\"><script async src=\"\/\/pagead2.googlesyndication.com\/pagead\/js\/adsbygoogle.js?client=ca-pub-6203283170189293\" crossorigin=\"anonymous\"><\/script><ins class=\"adsbygoogle\" style=\"display:block; text-align:center;\" data-ad-client=\"ca-pub-6203283170189293\" \ndata-ad-slot=\"7303146466\" \ndata-ad-layout=\"in-article\"\ndata-ad-format=\"fluid\" data-full-width-responsive=\"true\"><\/ins>\n<script> \n(adsbygoogle = window.adsbygoogle || []).push({}); \n<\/script>\n<\/div>\n<p>30 Agustos Zafer Bayram\u0131m\u0131z kutlu olsun.<\/p>\n<div id=\"bghab-2858264599\" class=\"bghab-yazi-altinda bghab-entity-placement\"><div class=\"bghab-adlabel\">Reklamlar<\/div><script async src=\"https:\/\/pagead2.googlesyndication.com\/pagead\/js\/adsbygoogle.js\"><\/script>\r\n<!-- bghaber-yaz\u0131-sonu -->\r\n<ins class=\"adsbygoogle\"\r\n     style=\"display:block\"\r\n     data-ad-client=\"ca-pub-6203283170189293\"\r\n     data-ad-slot=\"4222328180\"\r\n     data-ad-format=\"auto\"\r\n     data-full-width-responsive=\"true\"><\/ins>\r\n<script>\r\n     (adsbygoogle = window.adsbygoogle || []).push({});\r\n<\/script><\/div><br style=\"clear: both; display: block; float: none;\"\/>","protected":false},"excerpt":{"rendered":"<p>\u00a0Dr. Sakin \u00d6NER &#8220;Ya istiklal ya \u00f6l\u00fcm!&#8221; Parolas\u0131yla Istikl\u00e2l Sava\u015f\u0131&#8217;n\u0131 ba\u015flatan ve &#8220;Hatt-\u0131 m\u00fcdafaa yoktur, sath-\u0131 m\u00fcdafaa vard\u0131r; o sat\u0131h b\u00fct\u00fcn vatand\u0131r&#8221; diyerek Milli M\u00fccadele&#8217;nin<\/p>\n","protected":false},"author":13,"featured_media":0,"comment_status":"closed","ping_status":"closed","sticky":false,"template":"","format":"standard","meta":{"advanced_seo_description":"","jetpack_seo_html_title":"","jetpack_seo_noindex":false,"_jetpack_memberships_contains_paid_content":false,"footnotes":""},"categories":[6],"tags":[],"class_list":["post-20321","post","type-post","status-publish","format-standard","hentry","category-yorum"],"jetpack_featured_media_url":"","jetpack_sharing_enabled":true,"jetpack_likes_enabled":true,"jetpack-related-posts":[],"jetpack_shortlink":"https:\/\/wp.me\/pc2PfJ-5hL","_links":{"self":[{"href":"https:\/\/www.bghaber.org\/bghaber\/wp-json\/wp\/v2\/posts\/20321","targetHints":{"allow":["GET"]}}],"collection":[{"href":"https:\/\/www.bghaber.org\/bghaber\/wp-json\/wp\/v2\/posts"}],"about":[{"href":"https:\/\/www.bghaber.org\/bghaber\/wp-json\/wp\/v2\/types\/post"}],"author":[{"embeddable":true,"href":"https:\/\/www.bghaber.org\/bghaber\/wp-json\/wp\/v2\/users\/13"}],"replies":[{"embeddable":true,"href":"https:\/\/www.bghaber.org\/bghaber\/wp-json\/wp\/v2\/comments?post=20321"}],"version-history":[{"count":0,"href":"https:\/\/www.bghaber.org\/bghaber\/wp-json\/wp\/v2\/posts\/20321\/revisions"}],"wp:attachment":[{"href":"https:\/\/www.bghaber.org\/bghaber\/wp-json\/wp\/v2\/media?parent=20321"}],"wp:term":[{"taxonomy":"category","embeddable":true,"href":"https:\/\/www.bghaber.org\/bghaber\/wp-json\/wp\/v2\/categories?post=20321"},{"taxonomy":"post_tag","embeddable":true,"href":"https:\/\/www.bghaber.org\/bghaber\/wp-json\/wp\/v2\/tags?post=20321"}],"curies":[{"name":"wp","href":"https:\/\/api.w.org\/{rel}","templated":true}]}}