{"id":20311,"date":"2016-08-30T00:51:13","date_gmt":"2016-08-29T21:51:13","guid":{"rendered":"http:\/\/www.bghaber.org\/bghaber\/?p=20311"},"modified":"2016-08-30T00:51:39","modified_gmt":"2016-08-29T21:51:39","slug":"suriyedeki-varligi-kabul-edilemez","status":"publish","type":"post","link":"https:\/\/www.bghaber.org\/bghaber\/suriyedeki-varligi-kabul-edilemez\/","title":{"rendered":"Suriye\u2019deki Varl\u0131\u011f\u0131 Kabul Edilemez"},"content":{"rendered":"<div><img data-recalc-dims=\"1\" loading=\"lazy\" decoding=\"async\" class=\"\" src=\"https:\/\/i0.wp.com\/www.bghaber.org\/bghaber\/wp-content\/uploads\/2015\/11\/Alptekin11.jpg?resize=136%2C183\" alt=\"alptekin-cevherli\" width=\"136\" height=\"183\" \/>\u00a0Alptekin CEVHERL\u0130<\/div>\n<div>ABD y\u00f6netimi a\u00e7\u0131klama yapm\u0131\u015f, \u201cT\u00fcrkiye\u2019nin Suriye\u2019deki varl\u0131\u011f\u0131 ve \u2018ter\u00f6ristlere\u2019 kar\u015f\u0131 y\u00fcr\u00fctt\u00fc\u011f\u00fc operasyonlar kabul edilemez\u201dmi\u015f. (Tabi ter\u00f6rist demiyor da \u2018YPG\u2019 diyor, yani PKK\u2019n\u0131n Suriye kanad\u0131)<\/div>\n<div>Adama \u00f6nce aynaya bak derler, de\u011fil mi?<\/div>\n<div>Eruh bask\u0131n\u0131ndan bu yana 40 bine yak\u0131n vatanda\u015f\u0131n\u0131 PKK ter\u00f6r\u00fcnde kaybetmi\u015f bir \u00fclkeye s\u00f6ylenebilecek son s\u00f6z\u00fc, anl\u0131 \u015fanl\u0131 m\u00fcttefikimizin s\u00f6ylemesi elbette \u2018kabul edilemez\u2019!<\/div>\n<div>Tarihimiz, \u00f6zellikle de Osmanl\u0131 Devleti\u2019nin son 300 y\u0131l\u0131 Bat\u0131 taraf\u0131ndan verilmi\u015f de tutulmam\u0131\u015f s\u00f6zlerin adeta \u00e7\u00f6pl\u00fc\u011f\u00fc gibidir. Her seferinde fiili durum, zamanla hukukile\u015ftirilerek \u00fclkemiz zarara u\u011frat\u0131lm\u0131\u015ft\u0131r. Balkanlar\u2019\u0131 kayb\u0131m\u0131z b\u00f6yledir, K\u0131br\u0131s\u2019\u0131 kayb\u0131m\u0131z b\u00f6yledir, Afrika\u2019y\u0131 kayb\u0131m\u0131z b\u00f6yledir\u2026 Bu hastal\u0131k Cumhuriyet d\u00f6neminde de bir s\u00fcre sonra n\u00fcksetmi\u015f ve zaman\u0131m\u0131za kadar gelmi\u015ftir.<\/div>\n<div>En son olarak da T\u00fcrkiye\u2019nin k\u0131rm\u0131z\u0131 \u00e7izgilerinin Kerk\u00fck\u2019te pe\u015fmerge taraf\u0131ndan silinmesi ile bu ihanete bir kez daha maruz kalm\u0131\u015ft\u0131k. Hatta 5000 bin y\u0131ll\u0131k T\u00fcrk yurdu Kerk\u00fck\u2019e giren pe\u015fmergeler, ilk olarak tapu ve n\u00fcfus dairlerini ya\u011fmalayarak as\u0131l maksatlar\u0131n\u0131 da ortaya koymu\u015flard\u0131r.<\/div>\n<div>\u015eimdi de Suriye\u2019de ABD ve Bat\u0131 bize s\u00f6z veriyor, PKK Suriye\u2019de F\u0131rat\u2019\u0131n do\u011fusunda kalmayacak diye (?)<\/div>\n<div>Bir, adama demezler mi; yalanc\u0131 \u00e7oban gibisiniz hangi s\u00f6z\u00fcn\u00fcz\u00fc tuttunuz ki, bu s\u00f6z\u00fcn\u00fcze inanal\u0131m?<\/div>\n<div>\u0130ki, PYD\u2019nin (PKK\u2019n\u0131n) F\u0131rat\u2019\u0131n do\u011fusunda, bat\u0131s\u0131nda olmas\u0131n\u0131n asl\u0131nda bir fark\u0131 yoktur. PYD\u2019nin kendisi bir ter\u00f6r \u00f6rg\u00fct\u00fcd\u00fcr ve ter\u00f6ristle asla pazarl\u0131k yap\u0131lmaz.<\/div>\n<div>Adamlar\u0131n mant\u0131\u011f\u0131 \u015fu: \u00d6nce I\u015eID sald\u0131r\u0131yor. Ard\u0131ndan PYD (PKK) gelip g\u00fcya kurtar\u0131yor. B\u00f6ylece PKK bir kente girmi\u015f oluyor. Ard\u0131ndan etnik temizli\u011fe ba\u015flay\u0131p T\u00fcrkleri ve Araplar\u0131 b\u00f6lgeden s\u00fcr\u00fcyor ya da soyk\u0131r\u0131m\u0131na tabi tutuyor. N\u00fcfus ve tapu kay\u0131tlar\u0131n\u0131 imha ediyor. Ard\u0131ndan kendince yeniden olu\u015fturuyor. Sonra da al sana fiili durumun hukukile\u015fmesi(!)<\/div>\n<div>Irak\u2019\u0131n kuzeyinde yapt\u0131\u011f\u0131n\u0131z hainli\u011fi Suriye\u2019de de yapaca\u011f\u0131n\u0131z; T\u00fcrkiye\u2019nin hakl\u0131 olarak PKK, I\u015eID, YPG ve FET\u00d6 \u00f6rg\u00fctleri ile m\u00fccadelesine verdi\u011finiz ters tepkilerden bellidir zaten\u2026<\/div>\n<div>E\u011fer ki ABD ger\u00e7ek anlamda m\u00fcttefikimiz ise, m\u00fcttefik gibi davranmal\u0131d\u0131r!<\/div>\n<div>M\u00fcttefiki arkas\u0131ndan i\u015f \u00e7evirenlerin u\u011frad\u0131klar\u0131 hezimetler, tarih kitaplar\u0131nda bolca vard\u0131r. Bu nedenle ABD ve Bat\u0131 karar\u0131n\u0131 vermelidir. Ya 10 bin y\u0131ldan beri var olan T\u00fcrk Milleti ile dost olacaklard\u0131r, ya da kendi uydurduklar\u0131 PKK, I\u015eID, YPG, PDY, FET\u00d6, DHKPC vb. ter\u00f6r \u00f6rg\u00fctlerinin m\u00fcttefikli\u011fini se\u00e7eceklerdir.<\/div>\n<div>Karar kendilerinindir\u2026<\/div>\n<div>Yoksa adama demezler mi: \u201cABD askerinin Kore\u2019de, Vietnam\u2019da, Afganistan\u2019da, Somali\u2019de, Irak\u2019ta, Libya\u2019da, Suriye\u2019de d\u00fcnyan\u0131n bilmem hangi k\u00f6\u015fesinde ne i\u015fi vard\u0131?\u201d diye.<\/div>\n<div>Suriye\u2019de ABD askeri varl\u0131\u011f\u0131 kabul edilemez diye!<\/div>\n<div>Bilmem anlatabildik mi Mr. Obama?<\/div>\n<div id=\"bghab-2352924452\" class=\"bghab-yazi-altinda bghab-entity-placement\"><div class=\"bghab-adlabel\">Reklamlar<\/div><script async src=\"https:\/\/pagead2.googlesyndication.com\/pagead\/js\/adsbygoogle.js\"><\/script>\r\n<!-- bghaber-yaz\u0131-sonu -->\r\n<ins class=\"adsbygoogle\"\r\n     style=\"display:block\"\r\n     data-ad-client=\"ca-pub-6203283170189293\"\r\n     data-ad-slot=\"4222328180\"\r\n     data-ad-format=\"auto\"\r\n     data-full-width-responsive=\"true\"><\/ins>\r\n<script>\r\n     (adsbygoogle = window.adsbygoogle || []).push({});\r\n<\/script><\/div><br style=\"clear: both; display: block; float: none;\"\/>","protected":false},"excerpt":{"rendered":"<p>\u00a0Alptekin CEVHERL\u0130 ABD y\u00f6netimi a\u00e7\u0131klama yapm\u0131\u015f, \u201cT\u00fcrkiye\u2019nin Suriye\u2019deki varl\u0131\u011f\u0131 ve \u2018ter\u00f6ristlere\u2019 kar\u015f\u0131 y\u00fcr\u00fctt\u00fc\u011f\u00fc operasyonlar kabul edilemez\u201dmi\u015f. (Tabi ter\u00f6rist demiyor da \u2018YPG\u2019 diyor, yani PKK\u2019n\u0131n Suriye<\/p>\n","protected":false},"author":13,"featured_media":17095,"comment_status":"closed","ping_status":"closed","sticky":false,"template":"","format":"standard","meta":{"advanced_seo_description":"","jetpack_seo_html_title":"","jetpack_seo_noindex":false,"_jetpack_memberships_contains_paid_content":false,"footnotes":""},"categories":[6],"tags":[],"class_list":["post-20311","post","type-post","status-publish","format-standard","has-post-thumbnail","hentry","category-yorum"],"jetpack_featured_media_url":"https:\/\/i0.wp.com\/www.bghaber.org\/bghaber\/wp-content\/uploads\/2015\/11\/Alptekin11.jpg?fit=298%2C401&ssl=1","jetpack_sharing_enabled":true,"jetpack_likes_enabled":true,"jetpack-related-posts":[],"jetpack_shortlink":"https:\/\/wp.me\/pc2PfJ-5hB","_links":{"self":[{"href":"https:\/\/www.bghaber.org\/bghaber\/wp-json\/wp\/v2\/posts\/20311","targetHints":{"allow":["GET"]}}],"collection":[{"href":"https:\/\/www.bghaber.org\/bghaber\/wp-json\/wp\/v2\/posts"}],"about":[{"href":"https:\/\/www.bghaber.org\/bghaber\/wp-json\/wp\/v2\/types\/post"}],"author":[{"embeddable":true,"href":"https:\/\/www.bghaber.org\/bghaber\/wp-json\/wp\/v2\/users\/13"}],"replies":[{"embeddable":true,"href":"https:\/\/www.bghaber.org\/bghaber\/wp-json\/wp\/v2\/comments?post=20311"}],"version-history":[{"count":0,"href":"https:\/\/www.bghaber.org\/bghaber\/wp-json\/wp\/v2\/posts\/20311\/revisions"}],"wp:featuredmedia":[{"embeddable":true,"href":"https:\/\/www.bghaber.org\/bghaber\/wp-json\/wp\/v2\/media\/17095"}],"wp:attachment":[{"href":"https:\/\/www.bghaber.org\/bghaber\/wp-json\/wp\/v2\/media?parent=20311"}],"wp:term":[{"taxonomy":"category","embeddable":true,"href":"https:\/\/www.bghaber.org\/bghaber\/wp-json\/wp\/v2\/categories?post=20311"},{"taxonomy":"post_tag","embeddable":true,"href":"https:\/\/www.bghaber.org\/bghaber\/wp-json\/wp\/v2\/tags?post=20311"}],"curies":[{"name":"wp","href":"https:\/\/api.w.org\/{rel}","templated":true}]}}