{"id":20309,"date":"2016-08-30T00:44:55","date_gmt":"2016-08-29T21:44:55","guid":{"rendered":"http:\/\/www.bghaber.org\/bghaber\/?p=20309"},"modified":"2016-08-30T00:44:55","modified_gmt":"2016-08-29T21:44:55","slug":"trak-ve-proto-bulgarlarin-genlerini-tasiyoruz-ama-slav-degiliz","status":"publish","type":"post","link":"https:\/\/www.bghaber.org\/bghaber\/trak-ve-proto-bulgarlarin-genlerini-tasiyoruz-ama-slav-degiliz\/","title":{"rendered":"Trak ve Proto Bulgarlar\u0131n genlerini ta\u015f\u0131yoruz ama Slav de\u011filiz"},"content":{"rendered":"<p><b>Bulgarlar\u0131n genetik koduna ili\u015fkin bir bilimsel ara\u015ft\u0131rma\u00a0 Ural- Altay k\u00f6kenimiz ile ilgili inanc\u0131m\u0131z\u0131 k\u00f6kten de\u011fi\u015ftirmek \u00fczeredir.Bir zaman \u00f6nce\u00a0 g\u00fcn\u00fcm\u00fcz Bulgarlar\u0131n\u0131n\u00a0 genlerinde nelerin gizlendi\u011fini ara\u015ft\u0131rmaya koyulan Bulgar ve \u0130talyan bilimadamlar\u0131 \u015fa\u015f\u0131rt\u0131c\u0131 sonu\u00e7lar elde ettiler. Bir de\u00a0 hislerden ar\u0131n\u0131k ve dakik bir bilim olan geneti\u011fin tarihteki ideolojik birikmeler ile ba\u015f edip etmeyece\u011fi retorik sorusunu da beraberinde getiriyor.<\/b><\/p>\n<p>Trak ve Proto Bulgarlar\u0131n devamc\u0131lar\u0131 oldu\u011fumuzu g\u00f6steren genetik haritay\u0131 haz\u0131rlamak i\u00e7in bilimadamlar\u0131 5 bin y\u0131l geriye d\u00f6n\u00fcyor. \u0130lk \u00f6nce onlar Trak nekropollerinde ortaya \u00e7\u0131kar\u0131lm\u0131\u015f kemik ve di\u015fleri al\u0131p ara\u015ft\u0131r\u0131yor. Proto Bulgarlar\u0131n genetik malzemesi Hz.\u0130sa\u2019dan sonra 8.-10. as\u0131rlara tarihleniyor. Bilim adamlar\u0131 ge\u00e7mi\u015ften n\u00fcmuneleri 900 .\u00e7a\u011fda\u015f Bulgar\u0131n n\u00fcmuneleri ile\u00a0 k\u0131yaslay\u0131nca \u015fu sonuca var\u0131l\u0131yor: biz Macar, H\u0131rvat ve \u0130talyanlara en yak\u0131n olan Avrupa populasyonuyuz.<\/p>\n<p>Bulgar k\u00f6keninin bu kapsaml\u0131 incelemesine Sofya T\u0131p \u00dcniversitesi T\u0131p Geneti\u011fi K\u00fcrs\u00fcs\u00fc, Bulgaristan Bilimler Akademisi BAN\u2019a ba\u011fl\u0131 Mikrobiyoloji, Antropoloji Enstit\u00fcleri, M\u00fczesi olan Ulusal Arkeoloji Enstit\u00fcs\u00fc ve genetik malzemeyi inceleyen Floransa \u00dcniversitesi laboratuvar\u0131 kat\u0131l\u0131yorlar.<\/p>\n<p>T\u0131p \u00dcniversitesi T\u0131p Geneti\u011fi K\u00fcrs\u00fcs\u00fc\u2019nden genetik uzman\u0131 Desislava Ne\u015feva \u015f\u00f6yle diyor:<\/p>\n<p><img data-recalc-dims=\"1\" decoding=\"async\" src=\"https:\/\/i0.wp.com\/static.bnr.bg\/gallery\/d0\/d0f9ff36b38e607a28ed558146241954.jpg?w=640\" alt=\"\u0421\u043d\u0438\u043c\u043a\u0430\" \/><\/p>\n<p><i>\u2018Genetik haritas\u0131na bir g\u00f6z atarsak, Traklar\u0131n g\u00fcn\u00fcm\u00fcz Bulgarlar ve Proto Bulgarlardan daha uzak oldu\u011funu, Proto Bulgarlar ile g\u00fcn\u00fcm\u00fcz Bulgarlar\u0131n\u0131n birbirine daha yak\u0131n olduklar\u0131n\u0131 g\u00f6rece\u011fiz. Bu, incelenen n\u00fcmuneler aras\u0131ndaki b\u00fcy\u00fck zaman fark\u0131 ile izah ediliyor. Traklar, Hz. \u0130sa\u2019dan \u00f6nceki biny\u0131ll\u0131kta ya\u015fam\u0131\u015ft\u0131r ve yeni milleniumda onlara ili\u015fkin veriler gittik\u00e7e daha s\u0131n\u0131rl\u0131 kal\u0131yor. Ama b\u00fct\u00fcn bunlara ra\u011fmen, Traklar\u0131n g\u00fcn\u00fcm\u00fcz Bulgarlar\u0131na ve Proto Bulgarlara daha yak\u0131n olduklar\u0131 g\u00f6r\u00fcl\u00fcyor. \u0130\u015fin ilgin\u00e7 taraf\u0131, Yunanl\u0131lardan daha uzak olmalar\u0131d\u0131r. \u2018<\/i><\/p><div id=\"bghab-944166126\" class=\"bghab-icerik-icine bghab-entity-placement\"><script async src=\"\/\/pagead2.googlesyndication.com\/pagead\/js\/adsbygoogle.js?client=ca-pub-6203283170189293\" crossorigin=\"anonymous\"><\/script><ins class=\"adsbygoogle\" style=\"display:block; text-align:center;\" data-ad-client=\"ca-pub-6203283170189293\" \ndata-ad-slot=\"7303146466\" \ndata-ad-layout=\"in-article\"\ndata-ad-format=\"fluid\" data-full-width-responsive=\"true\"><\/ins>\n<script> \n(adsbygoogle = window.adsbygoogle || []).push({}); \n<\/script>\n<\/div>\n<p>Desislava Ne\u00e7eva devamla \u015funlar\u0131 belirtti:<\/p>\n<p><i>\u2018Bulgarlar\u0131n T\u00fcrk ve Altay populasyonlar\u0131 ile genetik ba\u011flar\u0131 olmad\u0131\u011f\u0131n\u0131 saptad\u0131k. Osmanl\u0131 egemenli\u011finden \u00f6t\u00fcr\u00fc genetik malzemelerimizin kar\u0131\u015fm\u0131\u015f oldu\u011funun san\u0131lmas\u0131na ra\u011fmen, \u00e7a\u011fda\u015f T\u00fcrkiye T\u00fcrkleri ile de genetik ba\u011flar\u0131m\u0131z yoktur. Hatta Proto Bulgarlar\u0131n hem T\u00fcrkiye T\u00fcrkleri, hem de T\u00fcrk-Altay populasyonlar\u0131 ile genetik ba\u011flant\u0131s\u0131n\u0131n mevcut olmad\u0131\u011f\u0131 saptand\u0131. Ne yaz\u0131k ki, genetik malzemesine eri\u015fimimiz olmad\u0131\u011f\u0131ndan eski Slavlar\u0131 inceleyemedik. Ama d\u00fcnya genelinde g\u00fcn\u00fcm\u00fcz Slavlar\u0131 ile k\u0131yaslama yaparken onlara yak\u0131n olmad\u0131\u011f\u0131m\u0131z\u0131 g\u00f6rd\u00fck. \u2018<\/i><\/p>\n<p><b>K\u00f6kenimizin temelinde Slavlar\u0131n yer ald\u0131\u011f\u0131 teorisi siyasi konjonkt\u00fcr\u00fcn m\u00fc yoksa bilimsel y\u00f6ntemlerin yoklu\u011funa m\u0131 ba\u011fl\u0131d\u0131r?<\/b><\/p>\n<p>Desislava Ne\u00e7eva\u2019dan \u015fu cevab\u0131 ald\u0131k:<\/p>\n<p><i>\u2018Tahmin etti\u011fim gibi, her iki y\u00f6nde de ger\u00e7ek var. Biliyorsunuz, tarihin yaz\u0131lmas\u0131 \u00e7\u0131karlara ba\u011fl\u0131d\u0131r. \u00d6te yandan, son ony\u0131ll\u0131klarda genetik bilimi b\u00fcy\u00fck ilerleme kaydetti. En iyi y\u00f6ntemleri kullanmam\u0131z\u0131n fevkalade g\u00fczel sonu\u00e7lar\u0131 oldu. Demek ki, tarihin manip\u00fcle edilip edilmedi\u011fi, tahrif edilip edilmedi\u011fi\u00a0 tart\u0131\u015f\u0131labilirken, genetik bilimi dakik bir bilim oldu\u011fu i\u00e7in tam bilgi sa\u011flar. \u2018<\/i><\/p><div id=\"bghab-3408007235\" class=\"bghab-icerik-icine-10-paragraf bghab-entity-placement\"><script async src=\"\/\/pagead2.googlesyndication.com\/pagead\/js\/adsbygoogle.js?client=ca-pub-6203283170189293\" crossorigin=\"anonymous\"><\/script><ins class=\"adsbygoogle\" style=\"display:block; text-align:center;\" data-ad-client=\"ca-pub-6203283170189293\" \ndata-ad-slot=\"7303146466\" \ndata-ad-layout=\"in-article\"\ndata-ad-format=\"fluid\" data-full-width-responsive=\"true\"><\/ins>\n<script> \n(adsbygoogle = window.adsbygoogle || []).push({}); \n<\/script>\n<\/div>\n<p>K\u00f6kenimizde Traklardan kalan \u00f6zelliklerin bulundu\u011fu art\u0131k \u0131spatlanm\u0131\u015ft\u0131r. Onlar\u0131n ard\u0131ndan Balkanlar\u2019da zengin bir k\u00fclt\u00fcrel ve tarihsel kal\u0131t\u0131m b\u0131rakan kadim bir uygarl\u0131\u011f\u0131n bulundu\u011funu bilmek laz\u0131m. \u00d6te yandan, Traklar\u0131n genetik kal\u0131t\u0131m\u0131n\u0131n g\u00fcn\u00fcm\u00fcz Bulgarlar\u0131n\u0131n bi\u00e7imlenmesine yans\u0131d\u0131\u011f\u0131n\u0131 da g\u00f6r\u00fcyoruz, diyor Desislava Ne\u00e7eva.<\/p>\n<div id=\"bghab-2783423219\" class=\"bghab-yazi-altinda bghab-entity-placement\"><div class=\"bghab-adlabel\">Reklamlar<\/div><script async src=\"https:\/\/pagead2.googlesyndication.com\/pagead\/js\/adsbygoogle.js\"><\/script>\r\n<!-- bghaber-yaz\u0131-sonu -->\r\n<ins class=\"adsbygoogle\"\r\n     style=\"display:block\"\r\n     data-ad-client=\"ca-pub-6203283170189293\"\r\n     data-ad-slot=\"4222328180\"\r\n     data-ad-format=\"auto\"\r\n     data-full-width-responsive=\"true\"><\/ins>\r\n<script>\r\n     (adsbygoogle = window.adsbygoogle || []).push({});\r\n<\/script><\/div><br style=\"clear: both; display: block; float: none;\"\/>","protected":false},"excerpt":{"rendered":"<p>Bulgarlar\u0131n genetik koduna ili\u015fkin bir bilimsel ara\u015ft\u0131rma\u00a0 Ural- Altay k\u00f6kenimiz ile ilgili inanc\u0131m\u0131z\u0131 k\u00f6kten de\u011fi\u015ftirmek \u00fczeredir.Bir zaman \u00f6nce\u00a0 g\u00fcn\u00fcm\u00fcz Bulgarlar\u0131n\u0131n\u00a0 genlerinde nelerin gizlendi\u011fini ara\u015ft\u0131rmaya koyulan<\/p>\n","protected":false},"author":13,"featured_media":18591,"comment_status":"closed","ping_status":"closed","sticky":false,"template":"","format":"standard","meta":{"advanced_seo_description":"","jetpack_seo_html_title":"","jetpack_seo_noindex":false,"_jetpack_memberships_contains_paid_content":false,"footnotes":""},"categories":[9],"tags":[],"class_list":["post-20309","post","type-post","status-publish","format-standard","has-post-thumbnail","hentry","category-ekonomi"],"jetpack_featured_media_url":"https:\/\/i0.wp.com\/www.bghaber.org\/bghaber\/wp-content\/uploads\/2016\/04\/bg-kultur.jpg?fit=850%2C478&ssl=1","jetpack_sharing_enabled":true,"jetpack_likes_enabled":true,"jetpack-related-posts":[],"jetpack_shortlink":"https:\/\/wp.me\/pc2PfJ-5hz","_links":{"self":[{"href":"https:\/\/www.bghaber.org\/bghaber\/wp-json\/wp\/v2\/posts\/20309","targetHints":{"allow":["GET"]}}],"collection":[{"href":"https:\/\/www.bghaber.org\/bghaber\/wp-json\/wp\/v2\/posts"}],"about":[{"href":"https:\/\/www.bghaber.org\/bghaber\/wp-json\/wp\/v2\/types\/post"}],"author":[{"embeddable":true,"href":"https:\/\/www.bghaber.org\/bghaber\/wp-json\/wp\/v2\/users\/13"}],"replies":[{"embeddable":true,"href":"https:\/\/www.bghaber.org\/bghaber\/wp-json\/wp\/v2\/comments?post=20309"}],"version-history":[{"count":0,"href":"https:\/\/www.bghaber.org\/bghaber\/wp-json\/wp\/v2\/posts\/20309\/revisions"}],"wp:featuredmedia":[{"embeddable":true,"href":"https:\/\/www.bghaber.org\/bghaber\/wp-json\/wp\/v2\/media\/18591"}],"wp:attachment":[{"href":"https:\/\/www.bghaber.org\/bghaber\/wp-json\/wp\/v2\/media?parent=20309"}],"wp:term":[{"taxonomy":"category","embeddable":true,"href":"https:\/\/www.bghaber.org\/bghaber\/wp-json\/wp\/v2\/categories?post=20309"},{"taxonomy":"post_tag","embeddable":true,"href":"https:\/\/www.bghaber.org\/bghaber\/wp-json\/wp\/v2\/tags?post=20309"}],"curies":[{"name":"wp","href":"https:\/\/api.w.org\/{rel}","templated":true}]}}