{"id":20306,"date":"2016-08-30T00:41:50","date_gmt":"2016-08-29T21:41:50","guid":{"rendered":"http:\/\/www.bghaber.org\/bghaber\/?p=20306"},"modified":"2016-08-30T00:41:50","modified_gmt":"2016-08-29T21:41:50","slug":"secim-oncesinde-sol-partiler-birbirine-girmis-durumda","status":"publish","type":"post","link":"https:\/\/www.bghaber.org\/bghaber\/secim-oncesinde-sol-partiler-birbirine-girmis-durumda\/","title":{"rendered":"Se\u00e7im \u00f6ncesinde sol partiler birbirine girmi\u015f durumda"},"content":{"rendered":"<p><b>8 A\u011fustos g\u00fcn\u00fc en b\u00fcy\u00fck sol olu\u015fumlar BSP ve ABV\u2019nin y\u00f6netimleri, cumhurba\u015fkanl\u0131\u011f\u0131 se\u00e7imlerine ortak adayla gitmek ve bundan k\u0131sa s\u00fcre \u00f6ncesine kadar Hava Kuvvetleri Komutan\u0131 olan general Rumen Radev\u2019in adayl\u0131\u011f\u0131n\u0131 g\u00f6stermek konusunda anla\u015ft\u0131lar. BSP\u2019nin yeni lideri Korneliya Ninova\u2019n\u0131n aday\u0131 olarak g\u00f6r\u00fclen general, Rusya hakk\u0131nda \u201csald\u0131rgan politika\u201d \u00e7izgisinden \u00e7\u0131k\u0131lmas\u0131ndan yana oldu\u011fu i\u00e7in ayn\u0131 fikri payla\u015fan ABV y\u00f6neticileri taraf\u0131ndan be\u011fenildi. Bu arada son d\u00f6nemde Ba\u015fbakan Borisov\u2019un da kendi h\u00fck\u00fcmetinde Rusya\u2019ya kar\u015f\u0131 b\u00f6yle bir \u00e7izginin izlenmesini \u00f6nlemeye \u00e7al\u0131\u015ft\u0131\u011f\u0131 dikkat \u00e7ekiyor.<\/b><\/p>\n<p>General Radev\u2019in cumhurba\u015fkanl\u0131\u011f\u0131na aday g\u00f6sterilmesi ile ilgili y\u00fcr\u00fct\u00fclen g\u00f6r\u00fc\u015fmeler sonucu bundan iki hafta \u00f6nce BSP ile ABV ve sol olu\u015fum olan \u201cHareket 21\u201d aras\u0131nda kopma ya\u015fand\u0131. Eski sosyalist olan hareketin lideri Tatyana Don\u00e7eva, Radev\u2019in adayl\u0131\u011f\u0131n\u0131n silah lobisi taraf\u0131ndan dayat\u0131ld\u0131\u011f\u0131n\u0131 iddia ederek g\u00f6r\u00fc\u015fmeleri terk etti. Asl\u0131nda general Radev\u2019in partinin yeni y\u00f6netimi taraf\u0131ndan zorla dayat\u0131ld\u0131\u011f\u0131 kan\u0131s\u0131n\u0131 payla\u015fan BSP\u2019nin bir b\u00f6l\u00fcm\u00fc de bu adayl\u0131\u011fa s\u0131cak bakmad\u0131.<\/p>\n<p>Sa\u011flanan anla\u015fmadan iki hafta sonra solun se\u00e7imlere ortak adayla girmesi niyetlerinden eser bile kalmad\u0131. BSP y\u00f6netimi ABV taraf\u0131ndan cumhurba\u015fkanl\u0131\u011f\u0131 se\u00e7imleri ile ilgili olarak \u00f6nerilen koalisyon anla\u015fmas\u0131n\u0131 reddederken BSP ile e\u015fit olmak isteyen bu olu\u015fumun se\u00e7menden ayn\u0131 oyu almak durumunda olmad\u0131\u011f\u0131n\u0131 ileri s\u00fcrd\u00fc. Gayri resmi kaynaklara g\u00f6re ise ABV, muhtemel erken se\u00e7imler i\u00e7in ortakla\u015fa hareket edilmesini talep etmi\u015ftir, oysa bu BSP i\u00e7in kabul edilir bir durum de\u011fil. Ayr\u0131ca cumhurba\u015fkan\u0131 yard\u0131mc\u0131s\u0131 aday\u0131n\u0131n ABV taraf\u0131ndan g\u00f6sterilmesi talebi de BSP taraf\u0131ndan kabul edilmemi\u015f. \u0130ki parti taraf\u0131ndan yap\u0131lan a\u00e7\u0131klamalardan g\u00f6r\u00fcld\u00fc\u011f\u00fc \u00fczere geri ad\u0131m at\u0131lmayacak. BSP taraf\u0131ndan \u201cABV ile i\u015flerinin bitti\u011fi\u201d a\u00e7\u0131klamas\u0131 yap\u0131l\u0131rken ABV taraf\u0131ndan partinin kendi adaylar\u0131 ile se\u00e7imlere gidece\u011fi ve onlar\u0131n general Rumen Radev\u2019ten farkl\u0131 olarak tan\u0131nan, pop\u00fcler ki\u015filer olaca\u011f\u0131 a\u00e7\u0131klamas\u0131 geldi. B\u00f6yle olunca da ABV\u2019nin tan\u0131nan adaylardan kast\u0131, iki d\u00f6nem cumhurba\u015fkanl\u0131\u011f\u0131 g\u00f6revini yapm\u0131\u015f bulunan Georgi P\u0131rvanov ve yard\u0131mc\u0131s\u0131 \u0130vaylo Kalfin olabilir mi acaba sorusu ak\u0131llarda belirdi.<\/p>\n<p>Cumhurba\u015fkanl\u0131\u011f\u0131 se\u00e7imleri kampanyas\u0131n\u0131n arifesinde sol alanda ya\u015fanan problemler, sa\u011fdaki problemlerle neredeyse ayn\u0131. Reformcu Blok partileri de bir aday etraf\u0131nda birle\u015femezken aralar\u0131nda hem partileraras\u0131 hem de parti i\u00e7i ihtilaflar ya\u015fan\u0131yor.<\/p>\n<p>\u0130ktidar partisi ise bu etapta suskunlu\u011funu bozmuyor ve aday\u0131n\u0131 Eyl\u00fcl ay\u0131nda a\u00e7\u0131klayaca\u011f\u0131 s\u00f6z\u00fcnde duruyor. Ancak hem solun hem sa\u011f\u0131n GERB\u2019in de\u011firmenine su ta\u015f\u0131d\u0131\u011f\u0131n\u0131 \u015fimdiden s\u00f6ylemek m\u00fcmk\u00fcn.<\/p><div id=\"bghab-1018510288\" class=\"bghab-icerik-icine bghab-entity-placement\"><script async src=\"\/\/pagead2.googlesyndication.com\/pagead\/js\/adsbygoogle.js?client=ca-pub-6203283170189293\" crossorigin=\"anonymous\"><\/script><ins class=\"adsbygoogle\" style=\"display:block; text-align:center;\" data-ad-client=\"ca-pub-6203283170189293\" \ndata-ad-slot=\"7303146466\" \ndata-ad-layout=\"in-article\"\ndata-ad-format=\"fluid\" data-full-width-responsive=\"true\"><\/ins>\n<script> \n(adsbygoogle = window.adsbygoogle || []).push({}); \n<\/script>\n<\/div>\n<p>Yeni Cumhurba\u015fkan\u0131n\u0131 T\u00fcrk oylar\u0131 belirleyece\u011fi\u00a0gibi g\u00f6r\u00fcl\u00fcyor.<\/p>\n<div id=\"bghab-300270212\" class=\"bghab-yazi-altinda bghab-entity-placement\"><div class=\"bghab-adlabel\">Reklamlar<\/div><script async src=\"https:\/\/pagead2.googlesyndication.com\/pagead\/js\/adsbygoogle.js\"><\/script>\r\n<!-- bghaber-yaz\u0131-sonu -->\r\n<ins class=\"adsbygoogle\"\r\n     style=\"display:block\"\r\n     data-ad-client=\"ca-pub-6203283170189293\"\r\n     data-ad-slot=\"4222328180\"\r\n     data-ad-format=\"auto\"\r\n     data-full-width-responsive=\"true\"><\/ins>\r\n<script>\r\n     (adsbygoogle = window.adsbygoogle || []).push({});\r\n<\/script><\/div><br style=\"clear: both; display: block; float: none;\"\/>","protected":false},"excerpt":{"rendered":"<p>8 A\u011fustos g\u00fcn\u00fc en b\u00fcy\u00fck sol olu\u015fumlar BSP ve ABV\u2019nin y\u00f6netimleri, cumhurba\u015fkanl\u0131\u011f\u0131 se\u00e7imlerine ortak adayla gitmek ve bundan k\u0131sa s\u00fcre \u00f6ncesine kadar Hava Kuvvetleri Komutan\u0131<\/p>\n","protected":false},"author":13,"featured_media":20307,"comment_status":"closed","ping_status":"closed","sticky":false,"template":"","format":"standard","meta":{"advanced_seo_description":"","jetpack_seo_html_title":"","jetpack_seo_noindex":false,"_jetpack_memberships_contains_paid_content":false,"footnotes":""},"categories":[8],"tags":[],"class_list":["post-20306","post","type-post","status-publish","format-standard","has-post-thumbnail","hentry","category-egitim"],"jetpack_featured_media_url":"https:\/\/i0.wp.com\/www.bghaber.org\/bghaber\/wp-content\/uploads\/2016\/08\/bsp-bg.jpg?fit=850%2C478&ssl=1","jetpack_sharing_enabled":true,"jetpack_likes_enabled":true,"jetpack-related-posts":[],"jetpack_shortlink":"https:\/\/wp.me\/pc2PfJ-5hw","_links":{"self":[{"href":"https:\/\/www.bghaber.org\/bghaber\/wp-json\/wp\/v2\/posts\/20306","targetHints":{"allow":["GET"]}}],"collection":[{"href":"https:\/\/www.bghaber.org\/bghaber\/wp-json\/wp\/v2\/posts"}],"about":[{"href":"https:\/\/www.bghaber.org\/bghaber\/wp-json\/wp\/v2\/types\/post"}],"author":[{"embeddable":true,"href":"https:\/\/www.bghaber.org\/bghaber\/wp-json\/wp\/v2\/users\/13"}],"replies":[{"embeddable":true,"href":"https:\/\/www.bghaber.org\/bghaber\/wp-json\/wp\/v2\/comments?post=20306"}],"version-history":[{"count":0,"href":"https:\/\/www.bghaber.org\/bghaber\/wp-json\/wp\/v2\/posts\/20306\/revisions"}],"wp:featuredmedia":[{"embeddable":true,"href":"https:\/\/www.bghaber.org\/bghaber\/wp-json\/wp\/v2\/media\/20307"}],"wp:attachment":[{"href":"https:\/\/www.bghaber.org\/bghaber\/wp-json\/wp\/v2\/media?parent=20306"}],"wp:term":[{"taxonomy":"category","embeddable":true,"href":"https:\/\/www.bghaber.org\/bghaber\/wp-json\/wp\/v2\/categories?post=20306"},{"taxonomy":"post_tag","embeddable":true,"href":"https:\/\/www.bghaber.org\/bghaber\/wp-json\/wp\/v2\/tags?post=20306"}],"curies":[{"name":"wp","href":"https:\/\/api.w.org\/{rel}","templated":true}]}}