{"id":20302,"date":"2016-08-29T21:54:58","date_gmt":"2016-08-29T18:54:58","guid":{"rendered":"http:\/\/www.bghaber.org\/bghaber\/?p=20302"},"modified":"2016-08-29T21:54:58","modified_gmt":"2016-08-29T18:54:58","slug":"turkce-bayraminda-dunyaya-mesaj-verildi","status":"publish","type":"post","link":"https:\/\/www.bghaber.org\/bghaber\/turkce-bayraminda-dunyaya-mesaj-verildi\/","title":{"rendered":"&#8220;T\u00fcrk\u00e7e Bayram\u0131&#8217;nda D\u00fcnyaya Mesaj Verildi&#8221;"},"content":{"rendered":"<p><img data-recalc-dims=\"1\" decoding=\"async\" src=\"https:\/\/i0.wp.com\/www.bghaber.org\/bghaber\/wp-content\/uploads\/2016\/08\/rektor-kaplan-turkce-bayrami-nda-dunyaya-mesa-8736610_o.png?w=640\" alt=\"rektor-kaplan-turkce-bayrami-nda-dunyaya-mesa-8736610_o\" \/><\/p>\n<p>Bart\u0131n \u00dcniversitesi Rekt\u00f6r\u00fc ve Yunus Emre Vakf\u0131 M\u00fctevelli Heyeti \u00dcyesi Prof. Dr.\u00a0<a class=\"keyword-sd\" title=\"Ramazan Kaplan\" href=\"http:\/\/www.sondakika.com\/ramazan-kaplan\/\">Ramazan Kaplan<\/a>, Cumhurba\u015fkanl\u0131\u011f\u0131 himayelerinde bu y\u0131l ikincisi d\u00fczenlenen &#8216;T\u00fcrk\u00e7e Bayram\u0131&#8217; ile insanl\u0131k ad\u0131na \u00f6nemli mesajlar verildi\u011fini s\u00f6yledi.<\/p>\n<p>T\u00fcrk\u00e7e Yaz Okulu kapsam\u0131nda bu y\u0131l 46 \u00fclkeden 540 \u00f6\u011frenciyi\u00a0<a class=\"keyword-sd\" title=\"T\u00fcrkiye\" href=\"http:\/\/www.sondakika.com\/turkiye\/\">T\u00fcrkiye<\/a>&#8216;nin 16 \u015fehrinde a\u011f\u0131rlayan Yunus Emre Enstit\u00fcs\u00fc, program\u0131n\u0131 2&#8217;nci Uluslararas\u0131 T\u00fcrk\u00e7e Bayram\u0131 kutlamalar\u0131yla tamamlad\u0131. Cumhurba\u015fkanl\u0131\u011f\u0131 himayesinde\u00a0<a class=\"keyword-sd\" title=\"\u0130stanbul\" href=\"http:\/\/www.sondakika.com\/istanbul\/\">\u0130stanbul<\/a>&#8216;da ger\u00e7ekle\u015ftirilen kapan\u0131\u015f program\u0131na kat\u0131lan\u00a0<a class=\"keyword-sd\" title=\"Bart\u0131n \u00dcniversitesi\" href=\"http:\/\/www.sondakika.com\/bartin-universitesi\/\">Bart\u0131n \u00dcniversitesi<\/a> Rekt\u00f6r\u00fc ve Yunus Emre Vakf\u0131 M\u00fctevelli Heyeti \u00dcyesi Prof. Dr.\u00a0<a class=\"keyword-sd\" title=\"Ramazan Kaplan\" href=\"http:\/\/www.sondakika.com\/ramazan-kaplan\/\">Ramazan Kaplan<\/a>, t\u00f6renin 15 Temmuz \u015eehitleri an\u0131s\u0131na &#8220;\u0130nsan ve T\u00fcrk\u00e7e&#8221; temal\u0131 olarak ger\u00e7ekle\u015ftirildi\u011fini ifade etti.\u00a0<a class=\"keyword-sd\" title=\"Rekt\u00f6r\" href=\"http:\/\/www.sondakika.com\/rektor\/\">Rekt\u00f6r<\/a> Kaplan, &#8220;15 Temmuz Demokrasi \u015eehitleri ad\u0131na ger\u00e7ekle\u015ftirilen kapan\u0131\u015f program\u0131na 46 \u00fclkeden \u00f6\u011frenciler kat\u0131ld\u0131. &#8216;\u0130nsan ve T\u00fcrk\u00e7e&#8217; temal\u0131 g\u00f6sterilerle birlikte, T\u00fcrk\u00e7e&#8217;nin dostluk, bar\u0131\u015f ve sevgi mesajlar\u0131 kat\u0131l\u0131mc\u0131lar vas\u0131tas\u0131yla t\u00fcm d\u00fcnyaya iletildi. Farkl\u0131 milliyete ait \u00f6\u011frencilerin yapt\u0131klar\u0131 g\u00f6steriler ise milletlerin sadece konu\u015ftuklar\u0131 dil bak\u0131m\u0131ndan birbirinden ayr\u0131ld\u0131\u011f\u0131n\u0131, ger\u00e7ekte insan\u0131n ayn\u0131 temel \u00f6zelliklere sahip oldu\u011funu g\u00f6sterdi. Yunus Emre Vakf\u0131 etkinlikte, d\u00fcnyan\u0131n her zamankinden daha \u00e7ok sevgi, bar\u0131\u015f ve karde\u015flik \u00e7a\u011fr\u0131s\u0131na ihtiya\u00e7 duydu\u011fu bir d\u00f6nemde \u00e7a\u011flar \u00f6tesinden gelen &#8216;gelin tan\u0131\u015f olal\u0131m, i\u015fi kolay k\u0131lal\u0131m, sevelim sevilelim, d\u00fcnya kimseye kalmaz&#8217; mesaj\u0131n\u0131 tekrar hat\u0131rlatt\u0131&#8221; dedi.<\/p>\n<p>46 \u00fclke T\u00fcrk\u00e7e Bayram\u0131&#8217;nda bir araya geldi<\/p>\n<p>&#8216;T\u00fcrk\u00e7e Bayram\u0131&#8217; etkinliklerine T\u00fcrk\u00e7e Yaz Okulu&#8217;nu tamamlayan 46 \u00fclkeden \u00f6\u011frenciler kat\u0131ld\u0131. Programda yer alan \u00fclkeler \u015f\u00f6yle:\u00a0Afganistan,\u00a0Almanya,\u00a0\u00dcrd\u00fcn,\u00a0Arnavutluk,\u00a0Avusturya,\u00a0Azerbaycan,\u00a0Bel\u00e7ika,\u00a0BosnaHersek,\u00a0Cezayir,\u00a0Fas,\u00a0Fransa,\u00a0G\u00fcrcistan,\u00a0\u0130ngiltere,\u00a0\u0130ran,\u00a0Filistin,\u00a0\u0130talya,\u00a0Japonya,\u00a0Karada\u011f,\u00a0Kazakistan,\u00a0K\u0131rg\u0131zistan,\u00a0Kosova,\u00a0L\u00fcbnan,\u00a0Macaristan,\u00a0Makedonya,\u00a0M\u0131s\u0131r,\u00a0Polonya,\u00a0Romanya,\u00a0S\u0131rbistan,\u00a0Sudan,\u00a0Belarus,\u00a0Bulgaristan,\u00a0\u00c7ekCumhuriyeti,\u00a0\u00c7in,\u00a0Estonya,\u00a0H\u0131rvatistan,\u00a0Hindistan,\u00a0Irak,\u00a0Letonya,\u00a0Litvanya,\u00a0Mo\u011folistan,\u00a0Pakistan,\u00a0Rusya,\u00a0Slovakya,\u00a0Suudi Arabistan,\u00a0Ukrayna, Yunanistan.<\/p>\n<div id=\"bghab-881258109\" class=\"bghab-yazi-altinda bghab-entity-placement\"><div class=\"bghab-adlabel\">Reklamlar<\/div><script async src=\"https:\/\/pagead2.googlesyndication.com\/pagead\/js\/adsbygoogle.js\"><\/script>\r\n<!-- bghaber-yaz\u0131-sonu -->\r\n<ins class=\"adsbygoogle\"\r\n     style=\"display:block\"\r\n     data-ad-client=\"ca-pub-6203283170189293\"\r\n     data-ad-slot=\"4222328180\"\r\n     data-ad-format=\"auto\"\r\n     data-full-width-responsive=\"true\"><\/ins>\r\n<script>\r\n     (adsbygoogle = window.adsbygoogle || []).push({});\r\n<\/script><\/div><br style=\"clear: both; display: block; float: none;\"\/>","protected":false},"excerpt":{"rendered":"<p>Bart\u0131n \u00dcniversitesi Rekt\u00f6r\u00fc ve Yunus Emre Vakf\u0131 M\u00fctevelli Heyeti \u00dcyesi Prof. Dr.\u00a0Ramazan Kaplan, Cumhurba\u015fkanl\u0131\u011f\u0131 himayelerinde bu y\u0131l ikincisi d\u00fczenlenen &#8216;T\u00fcrk\u00e7e Bayram\u0131&#8217; ile insanl\u0131k ad\u0131na \u00f6nemli<\/p>\n","protected":false},"author":13,"featured_media":20303,"comment_status":"closed","ping_status":"closed","sticky":false,"template":"","format":"standard","meta":{"advanced_seo_description":"","jetpack_seo_html_title":"","jetpack_seo_noindex":false,"_jetpack_memberships_contains_paid_content":false,"footnotes":""},"categories":[8],"tags":[],"class_list":["post-20302","post","type-post","status-publish","format-standard","has-post-thumbnail","hentry","category-egitim"],"jetpack_featured_media_url":"https:\/\/i0.wp.com\/www.bghaber.org\/bghaber\/wp-content\/uploads\/2016\/08\/rektor-kaplan-turkce-bayrami-nda-dunyaya-mesa-8736610_o.png?fit=640%2C360&ssl=1","jetpack_sharing_enabled":true,"jetpack_likes_enabled":true,"jetpack-related-posts":[],"jetpack_shortlink":"https:\/\/wp.me\/pc2PfJ-5hs","_links":{"self":[{"href":"https:\/\/www.bghaber.org\/bghaber\/wp-json\/wp\/v2\/posts\/20302","targetHints":{"allow":["GET"]}}],"collection":[{"href":"https:\/\/www.bghaber.org\/bghaber\/wp-json\/wp\/v2\/posts"}],"about":[{"href":"https:\/\/www.bghaber.org\/bghaber\/wp-json\/wp\/v2\/types\/post"}],"author":[{"embeddable":true,"href":"https:\/\/www.bghaber.org\/bghaber\/wp-json\/wp\/v2\/users\/13"}],"replies":[{"embeddable":true,"href":"https:\/\/www.bghaber.org\/bghaber\/wp-json\/wp\/v2\/comments?post=20302"}],"version-history":[{"count":0,"href":"https:\/\/www.bghaber.org\/bghaber\/wp-json\/wp\/v2\/posts\/20302\/revisions"}],"wp:featuredmedia":[{"embeddable":true,"href":"https:\/\/www.bghaber.org\/bghaber\/wp-json\/wp\/v2\/media\/20303"}],"wp:attachment":[{"href":"https:\/\/www.bghaber.org\/bghaber\/wp-json\/wp\/v2\/media?parent=20302"}],"wp:term":[{"taxonomy":"category","embeddable":true,"href":"https:\/\/www.bghaber.org\/bghaber\/wp-json\/wp\/v2\/categories?post=20302"},{"taxonomy":"post_tag","embeddable":true,"href":"https:\/\/www.bghaber.org\/bghaber\/wp-json\/wp\/v2\/tags?post=20302"}],"curies":[{"name":"wp","href":"https:\/\/api.w.org\/{rel}","templated":true}]}}