{"id":20295,"date":"2016-08-29T21:18:25","date_gmt":"2016-08-29T18:18:25","guid":{"rendered":"http:\/\/www.bghaber.org\/bghaber\/?p=20295"},"modified":"2016-08-29T21:47:21","modified_gmt":"2016-08-29T18:47:21","slug":"gocmen-seli-baskini","status":"publish","type":"post","link":"https:\/\/www.bghaber.org\/bghaber\/gocmen-seli-baskini\/","title":{"rendered":"G\u00f6\u00e7men Seli Bask\u0131n\u0131"},"content":{"rendered":"<p><img data-recalc-dims=\"1\" loading=\"lazy\" decoding=\"async\" class=\"\" src=\"https:\/\/i0.wp.com\/www.bghaber.org\/bghaber\/wp-content\/uploads\/2015\/05\/mustafa-220.jpg?resize=75%2C95\" alt=\"mustafa 220\" width=\"75\" height=\"95\" \/>\u00a0Mustafa\u00a0KAHRAMAN<\/p>\n<p>Konu<strong>: T\u00fcrkiye s\u00f6z\u00fcne sad\u0131k bir devlettir<\/strong>. <strong>\u00a0Korkulacak hi\u00e7 bir \u015fey yok. <\/strong><\/p>\n<p>Bulgaristan, halk\u0131n g\u00f6z\u00fcnde, M\u00fcsl\u00fcmanlara ve \u0130slam\u2019a kar\u015f\u0131 daha b\u00fcy\u00fck bir bostan korkulu\u011fu dikmeye \u00e7al\u0131\u015f\u0131l\u0131yor. Hani Harmanl\u0131\u2019y\u0131 ge\u00e7ince ve Mustafa Pa\u015fa\u2019ya (Svilengrad) varmazdan \u00f6nce yolun sol taraf\u0131ndaki tepeye dikilmi\u015f ha\u00e7 bir i\u015fe yararm\u0131\u015f gibi bir \u015fey. Bo\u015f i\u015flerle u\u011fra\u015fmak, Hak ve \u00d6zg\u00fcrl\u00fck Partisi (H\u00d6H-DPS) eski Ba\u015fkan Yard\u0131mc\u0131l\u0131\u011f\u0131\u2019ndan Osman Oktay\u2019da T\u00fcrkiye s\u0131n\u0131r\u0131ndaki Bulgar milli \u00e7\u0131karlar\u0131n\u0131 savunmaya soyunan bir yorumcu oldu gibi. Her konuya tuz biber olmaya \u00e7al\u0131\u015f\u0131rken, her zaman oldu\u011fu gibi yine dili uzamaya ba\u015flad\u0131. D\u00fcn \u00f6yle, b\u00fcg\u00fcn b\u00f6yle anlayam\u0131yorum bu ikiy\u00fczl\u00fcl\u00fck niye. As\u0131l sorun ak\u0131l hocas\u0131 kim?<\/p>\n<p>Bulgaristan TV yay\u0131nlar\u0131na \u00e7\u0131kar\u0131lan bir T\u00fcrk\u2019\u00fcn T\u00fcrklere, M\u00fcsl\u00fcmanlara ve \u0130slam\u2019a kar\u015f\u0131 konu\u015fmas\u0131 Bulgar milliyet\u00e7ilerin y\u00fcre\u011fine ya\u011f bal oluyor. Bulgarlar bunu hep yap\u0131yorlarda biz T\u00fcrkler de art\u0131k uyan\u0131k olmal\u0131y\u0131z. Hele bu kaymakl\u0131 mamaya H\u00d6H partisi mutfa\u011f\u0131ndan a\u015f\u0131r\u0131lan baharatlardan bir iki tutam at\u0131nca yeme de yan\u0131nda yat.<\/p>\n<p>Bir ara, O.Oktay \u201c<strong>bir kitap yaz\u0131yorum, yazd\u0131m ve yak\u0131nda hepsinin kirli donunu ipe serece\u011fim<\/strong>\u201d dese de, baharat t\u00fcccarlar\u0131n\u0131n \u015fifal\u0131 otlar\u0131 tutam tutam satt\u0131\u011f\u0131 gibi, o da bildiklerini anlatmaya bir t\u00fcrl\u00fc k\u0131yamad\u0131 ya da ilk \u015feklini okumaya verdi ve geri a\u015famad\u0131. Bizde olur b\u00f6yle \u015feyler.<\/p><div id=\"bghab-3456437032\" class=\"bghab-icerik-icine bghab-entity-placement\"><script async src=\"\/\/pagead2.googlesyndication.com\/pagead\/js\/adsbygoogle.js?client=ca-pub-6203283170189293\" crossorigin=\"anonymous\"><\/script><ins class=\"adsbygoogle\" style=\"display:block; text-align:center;\" data-ad-client=\"ca-pub-6203283170189293\" \ndata-ad-slot=\"7303146466\" \ndata-ad-layout=\"in-article\"\ndata-ad-format=\"fluid\" data-full-width-responsive=\"true\"><\/ins>\n<script> \n(adsbygoogle = window.adsbygoogle || []).push({}); \n<\/script>\n<\/div>\n<p>O da, tatil ay\u0131 A\u011fustos\u2019ta d\u00fc\u015f\u00fcnm\u00fc\u015f ta\u015f\u0131nm\u0131\u015f olacak ki, onu \u201c<strong>NOVA TV<\/strong>\u201d ekran\u0131nda \u201c<strong>T\u00fcrkiye &#8211; Bulgaristan S\u0131n\u0131r\u0131 ve S\u0131\u011f\u0131nmac\u0131lar<\/strong>\u201d gibi Ba\u015fbakan Borisov korosunun \u201c<strong>G\u00fcz 2016<\/strong>\u201d repertuar\u0131nda\u00a0 \u201c<strong>S\u0131\u011f\u0131nmac\u0131lar<\/strong>\u201d solosunu s\u00f6ylerken, do\u011frusu tuhaf\u0131na gitti. Ondan beklemezdim. Sa\u011fl\u0131k oca\u011f\u0131 i\u011fnecisi olan bu <strong>\u201csiyaset\u00e7i\u201d<\/strong> her konuya nane olmaktan heves al\u0131yor. S\u00f6yleyeceklerini \u00f6nceden ezberleyip tenekeden m\u0131s\u0131r d\u00f6ker gibi teker-teker tak\u0131r-tak\u0131r d\u00f6k\u00fcyor. Bu defa da a\u011fz\u0131n\u0131 a\u00e7t\u0131 g\u00f6z\u00fcn\u00fc yumdu: \u201c<strong>M\u00fcsl\u00fcman tehlikesi<\/strong>\u201d, \u201c<strong>\u0130slam deh\u015feti<\/strong>\u201d, \u201c<strong>bizde de<\/strong> <strong>1.5 milyon da yerli M\u00fcsl\u00fcman var<\/strong>\u201d, \u201c<strong>500 bini birden s\u0131n\u0131ra dayan\u0131rsa?\u201d <\/strong>tela\u015f\u0131na d\u00fc\u015fm\u00fc\u015f ki, sesi titriyordu. Ku\u015fkusuz bu olumsuzluklar\u0131n en k\u00f6t\u00fcs\u00fc, en ba\u015f\u0131nda geleni de, T\u00fcrkiye\u2019yi Recep Tayip Erdo\u011fan\u2019\u0131n y\u00f6netmesiydi.<\/p>\n<p>Siyaset yorumculu\u011fundan ge\u00e7inen Oktay Bey\u2019in bir de d\u00fc\u015f\u00fcnme tarz\u0131 olsa can\u0131m kurban!<\/p>\n<p>Hafta sonunda s\u0131\u011f\u0131nmac\u0131lar\u0131n tel \u00f6rg\u00fcm\u00fcz\u00fc delebilece\u011fi tehlikesini ayn\u0131 st\u00fcdyoda yorumlayan gazeteci Bayan Elena Yon\u00e7eva kadar olamad\u0131. Moskova\u2019da Uluslar aras\u0131 \u0130li\u015fkiler Enstit\u00fcs\u00fc bitiren, \u201c<strong>Neden ve Netice<\/strong>\u201d mant\u0131\u011f\u0131na g\u00f6re analiz ederek sonu\u00e7lar \u00e7\u0131karan Bayan Yon\u00e7eva \u201c<strong>s\u0131\u011f\u0131nmac\u0131lar konusunda<\/strong> <strong>fazla istekte bulunmaya ve g\u00fcr\u00fclt\u00fc kald\u0131rmaya hakk\u0131m\u0131z yok. \u00c7\u00fcnk\u00fc Burgaz liman\u0131ndan kalkan gemilerimiz Orta Do\u011fuya silah ta\u015f\u0131yor.<\/strong><\/p>\n<p><strong>Burgas hava liman\u0131ndan kalkan u\u00e7aklar patlay\u0131c\u0131 ve silah ta\u015f\u0131yor.\u201d dedi ve \u00f6yle devam etti:\u00a0 \u201cBu silahlar o masum insanlar\u0131 \u00f6ld\u00fcr\u00fcyor. Bombalar evlerini y\u0131k\u0131yor. Hastaneler okullar havaya u\u00e7uruluyor ve onlar da topraklar\u0131ndan ka\u00e7\u0131yor.\u201d <\/strong>Gazeteci Bayan Yon\u00e7eva\u2019n\u0131n<strong> \u201cOnlar\u0131n ahlak\u0131na g\u00f6re, bir ailenin babas\u0131n\u0131 katleden, ba\u015fs\u0131z kalan kad\u0131nlara ve \u00e7ocuklara bakmak zorundad\u0131r. Bu onlar\u0131n d\u00fcnya g\u00f6r\u00fc\u015f\u00fcd\u00fcr. Onlar su\u00e7lu g\u00f6rd\u00fckleri Avrupa\u2019ya gidip, hadi biz geldik bak\u0131m bize diyorlar.\u201d S\u00f6zleri demokratik kamuoyunda patlad\u0131.<\/strong><\/p>\n<p>Osman, Bayan Yon\u00e7eva\u2019n\u0131n k\u00fc\u00e7\u00fck parma\u011f\u0131ndan kesti\u011fi t\u0131rnak ucu kadar olamad\u0131.<\/p><div id=\"bghab-1811386033\" class=\"bghab-icerik-icine-10-paragraf bghab-entity-placement\"><script async src=\"\/\/pagead2.googlesyndication.com\/pagead\/js\/adsbygoogle.js?client=ca-pub-6203283170189293\" crossorigin=\"anonymous\"><\/script><ins class=\"adsbygoogle\" style=\"display:block; text-align:center;\" data-ad-client=\"ca-pub-6203283170189293\" \ndata-ad-slot=\"7303146466\" \ndata-ad-layout=\"in-article\"\ndata-ad-format=\"fluid\" data-full-width-responsive=\"true\"><\/ins>\n<script> \n(adsbygoogle = window.adsbygoogle || []).push({}); \n<\/script>\n<\/div>\n<p>***<\/p>\n<p><strong>Bulgaristan&#8217;dan G\u00f6\u00e7ler \u2013 eski yara.<\/strong><\/p>\n<p>1878\u2019de Bulgaristan Prensli\u011fi n\u00fcfusunun yar\u0131dan fazlas\u0131 M\u00fcsl\u00fcman-T\u00fcrk, Bulgarlar az\u0131nl\u0131kt\u0131. Oktay\u2019a g\u00f6re, bug\u00fcn say\u0131m\u0131z 1.5 milyona d\u00fc\u015fm\u00fc\u015f. 710 bin T\u00fcrkiye\u2019de s\u0131\u011f\u0131nmac\u0131y\u0131z. Gene 2.2 milyonuz demek. Ne var ki, ona g\u00f6re, 500 bin s\u0131\u011f\u0131nmac\u0131 M\u00fcsl\u00fcman T\u00fcrkiye s\u0131n\u0131r\u0131n\u0131 itip gelirse, durum de\u011fi\u015fecek. Bana g\u00f6re, panik yapmaya gerek yok. \u0130nsan yiyecek ekme\u011fi oldu\u011fu yere gider. Kan\u0131mca, yarat\u0131lmak istenen panik, 6 Kas\u0131m 2016 se\u00e7imleriyle ilgilidir. O, se\u00e7im oyunlar\u0131n\u0131 iyi bildi\u011finden angaje olmu\u015f olabilir.<\/p>\n<p><strong>Se\u00e7im ate\u015fi yak\u0131l\u0131yor mu?<\/strong><\/p>\n<p>6 Kas\u0131m 2016\u2019da yap\u0131lacak Cumhurba\u015fkan\u0131 se\u00e7imi ve 3 sorulu halk oylamas\u0131na 2 ay kalsa da bizde se\u00e7im ate\u015fi hen\u00fcz alevlenmedi. Hak ve \u00d6zg\u00fcrl\u00fck Partisi bu defa da aday g\u00f6stermek niyetinde de\u011fil. Ahmet inde ve sesi \u00e7\u0131km\u0131yor. Etrafta dola\u015fan M. Karaday\u0131\u2019n\u0131n Bulgarcas\u0131n\u0131 kaba bulan Bulgarlar, s\u00f6ylediklerine kulak vermek istemiyorlar. H\u00d6H se\u00e7ime direk kat\u0131lmak istemedi\u011finden, M\u00fcsl\u00fcman se\u00e7meni ate\u015flemek i\u00e7in k\u00f6pek havlatmaya da gerek g\u00f6rm\u00fcyor.<\/p><div id=\"bghab-1584275095\" class=\"bghab-icerik-icine-15-paragraf bghab-entity-placement\"><script async src=\"\/\/pagead2.googlesyndication.com\/pagead\/js\/adsbygoogle.js?client=ca-pub-6203283170189293\" crossorigin=\"anonymous\"><\/script><ins class=\"adsbygoogle\" style=\"display:block; text-align:center;\" data-ad-client=\"ca-pub-6203283170189293\" \ndata-ad-slot=\"7303146466\" \ndata-ad-layout=\"in-article\"\ndata-ad-format=\"fluid\" data-full-width-responsive=\"true\"><\/ins>\n<script> \n(adsbygoogle = window.adsbygoogle || []).push({}); \n<\/script>\n<\/div>\n<p><strong>Bu se\u00e7imde sanki se\u00e7mene paydos vermi\u015f\u2026<\/strong><\/p>\n<p>Bulgaristanl\u0131 T\u00fcrk, Pomak ve \u00c7ingene M\u00fcsl\u00fcmanlar bu defa DOST partisini bekliyorlar. T\u00fcrkiye\u2019deki sivil toplum \u00f6rg\u00fctleri, derneklerle birlik olup ortak bir adayda birle\u015fmemiz g\u00fcndem oldu. Herkes m\u00fcjdeli haber bekliyor. L\u00fctf\u00fc Mestan, aman \u015fu mahkeme k\u00e2\u011f\u0131d\u0131n\u0131 als\u0131n eline ve \u00e7\u0131ks\u0131n kar\u015f\u0131m\u0131za, iki t\u00fcfek patlat\u0131p, g\u00f6n\u00fcl dolduran bir konu\u015fma yaps\u0131n diyorlar. Se\u00e7im ate\u015finde \u015f\u00f6yle bir parlamak, \u015f\u00f6yle bir t\u00fctmek var ya, hani bizim me\u015feler \u00e7at\u0131r \u00e7utur patlarken \u00e7\u0131kan bir ses, bir koku var ya, insan\u0131m\u0131z onu koklamak, i\u015fitmek, y\u00fcreklenmek ve bu defa kendisini feda etmek istiyor\u2026<\/p>\n<p>Bizimki, bo\u015f olsa bile, i\u015fte b\u00f6yle bir bekleyi\u015f i\u015fte\u2026<\/p>\n<p><strong>S\u0131\u011f\u0131nmac\u0131lar hedefi olan insanlard\u0131r.<\/strong><\/p>\n<p>Bu defa, ne dedi\u011fi pek anla\u015f\u0131lmayan, camiye gitmese de, kendisi s\u00fcnnetli bir M\u00fcsl\u00fcman olan Osman Oktay ekranda: \u201c<strong>M\u00fcsl\u00fcmanlar\u0131n\u00a0Bulgaristan&#8217;a\u00a0s\u0131\u011f\u0131nmas\u0131 g\u00fcvenli\u011fimiz ve gelece\u011fimiz i\u00e7in tehlike\u00a0olu\u015fturamaz, i\u015fte biz art\u0131k 600 y\u0131ldan beri beraber ya\u015f\u0131yoruz, ge\u00e7inip gidiyoruz.\u201d <\/strong>Diyemedi. Bu f\u0131rsat\u0131 de\u011ferlendirmesi gerekirdi. \u201c<strong>M\u00fcsl\u00fcmanlardan da iyi adam var<\/strong>!\u201d diyebilirdi ama demedi.<\/p><div id=\"bghab-348970273\" class=\"bghab-icerik-icine-20-paragraf bghab-entity-placement\"><script async src=\"\/\/pagead2.googlesyndication.com\/pagead\/js\/adsbygoogle.js?client=ca-pub-6203283170189293\" crossorigin=\"anonymous\"><\/script><ins class=\"adsbygoogle\" style=\"display:block; text-align:center;\" data-ad-client=\"ca-pub-6203283170189293\" \ndata-ad-slot=\"7303146466\" \ndata-ad-layout=\"in-article\"\ndata-ad-format=\"fluid\" data-full-width-responsive=\"true\"><\/ins>\n<script> \n(adsbygoogle = window.adsbygoogle || []).push({}); \n<\/script>\n<\/div>\n<p>Oysa \u00e7ok konu\u015ftu da, Avrupa\u2019daki durum hi\u00e7 de onun anlatt\u0131\u011f\u0131 gibi de\u011fil.<\/p>\n<p><strong>Bir defa Rusya\u2019da 25 milyon M\u00fcsl\u00fcman ya\u015f\u0131yor.<\/strong><\/p>\n<p>Bunlar\u0131n hepsi do\u011fdu\u011fu topra\u011f\u0131 \u00f6pen, i\u015fleyen, ekip bi\u00e7en karde\u015flerimiz. Haks\u0131z ayakland\u0131klar\u0131 i\u015fitilmi\u015f mi? Avrupa\u2019n\u0131n en b\u00fcy\u00fck camilerinden biri onlar\u0131nd\u0131r, Moskova\u2019da! Ba\u015f M\u00fcft\u00fcleri 7 dil biliyor. Ba\u015flar\u0131nda. \u00a0Tataristan\u2019\u0131, Kazan, Ba\u015fkurdistan, G\u00fcney Ural, Volga Boyu ve Kafkas M\u00fcsl\u00fcmanlar\u0131n\u0131 Nogay, Balkar, Kara\u00e7ay, \u00c7e\u00e7en, Da\u011f\u0131stan vsy. gidip g\u00f6rse iyi olur, insan ne kadar \u00e7ok M\u00fcsl\u00fcman karde\u015fle kucakla\u015f\u0131rsa o kadar a\u00e7\u0131l\u0131r, ne kadar b\u00fcy\u00fck camiye girerse zihinsel y\u00fcceler, y\u00fcksek minarelere \u00e7\u0131kt\u0131\u011f\u0131nda y\u00fcreklenir, kanatlan\u0131r\u2026 Gidip bunlar\u0131 bir g\u00f6rse iyi olur.<\/p>\n<p>19.y\u00fczy\u0131l sava\u015flar\u0131nda yorulmu\u015f, n\u00fcfusu ya\u015flanm\u0131\u015f olan Avrupa\u2019ya daha fazla gen\u00e7 M\u00fcsl\u00fcman gelmesini normal kar\u015f\u0131larsak iyi olur.<\/p>\n<p><strong>M\u00fcsl\u00fcmanlar gitti yere hay\u0131r ve bereket g\u00f6t\u00fcr\u00fcr.<\/strong><\/p><div id=\"bghab-2703189507\" class=\"bghab-icerik-icine-25-paragraf bghab-entity-placement\"><script async src=\"\/\/pagead2.googlesyndication.com\/pagead\/js\/adsbygoogle.js?client=ca-pub-6203283170189293\" crossorigin=\"anonymous\"><\/script><ins class=\"adsbygoogle\" style=\"display:block; text-align:center;\" data-ad-client=\"ca-pub-6203283170189293\" \ndata-ad-slot=\"7303146466\" \ndata-ad-layout=\"in-article\"\ndata-ad-format=\"fluid\" data-full-width-responsive=\"true\"><\/ins>\n<script> \n(adsbygoogle = window.adsbygoogle || []).push({}); \n<\/script>\n<\/div>\n<p>Onlar eski k\u0131taya yaln\u0131z kendi ayakkab\u0131lar\u0131 ve ba\u015f\u00f6rt\u00fcleriyle de\u011fil, kendi gelenekleriyle, ellerindeki nas\u0131rlarla, aile i\u00e7i m\u00fcnasebetleriyle, dini inan\u00e7lar\u0131 ve ya\u015fam kurallar\u0131, \u00fcst\u00fcn bir T\u00fcrk-\u0130slam ahlak\u0131yla geliyorlar. Akdeniz\u2019i ve Ege\u2019yi nas\u0131l ge\u00e7tiklerini, el ele verip Yunan k\u0131y\u0131lar\u0131ndan Kuzey Denizine do\u011faya ayak uydurup nas\u0131l y\u00fcr\u00fcd\u00fcklerini g\u00f6rd\u00fck.<\/p>\n<p><strong>Nedenler \u00e7ok farkl\u0131d\u0131r.<\/strong><\/p>\n<p>Onlar\u0131 samimi ve sayg\u0131l\u0131 kar\u015f\u0131layanlar, y\u00fcz \u00e7evirenler oldu. S\u0131\u011f\u0131nmac\u0131 olarak gelenler Avrupa\u2019da yerli dili \u00f6\u011frenmek, \u00e7al\u0131\u015fmak, bulunduklar\u0131 ortam\u0131n kurallar\u0131na uymak, \u00e7ocuklar\u0131n\u0131 iyi okullar\u0131nda okutmak ve ayn\u0131 zamanda kendi ahlak kurallar\u0131 ve al\u0131\u015fkanl\u0131klar\u0131yla ya\u015farken milli kimliklerini koruyup M\u00fcsl\u00fcman kalmak istiyorlar.<\/p>\n<p><strong>G\u00f6\u00e7lerin sosyal ve politik k\u00f6kenleri ve nedenleri var.<\/strong><\/p>\n<p>\u015eimdiki g\u00f6\u00e7 s\u00fcreci bir yere kadar da, emperyalizmin s\u00f6m\u00fcrge sisteminin da\u011f\u0131lmas\u0131ndan, hele de \u0130kinci D\u00fcnya Sava\u015f\u0131\u2019ndan sonraki geli\u015fmelerden artt\u0131. Avrupa \u00fclkelerindeki i\u015f g\u00fcc\u00fc ihtiyac\u0131n\u0131 kar\u015f\u0131lamakla ba\u015flad\u0131. \u201c<strong>Arap Bahar\u0131<\/strong>\u201d, Afganistan, Irak ve Suriye sava\u015flar\u0131, Afrika \u00e7\u00f6llerinin s\u00fcrekli Kuzeye kaymas\u0131 ve insanlar\u0131 Akdeniz k\u0131y\u0131lar\u0131na s\u0131k\u0131\u015fmas\u0131 g\u00f6\u00e7leri t\u0131rmand\u0131rd\u0131.<\/p><div id=\"bghab-484122143\" class=\"bghab-icerik-icine-30-paragraf bghab-entity-placement\"><script async src=\"\/\/pagead2.googlesyndication.com\/pagead\/js\/adsbygoogle.js?client=ca-pub-6203283170189293\" crossorigin=\"anonymous\"><\/script><ins class=\"adsbygoogle\" style=\"display:block; text-align:center;\" data-ad-client=\"ca-pub-6203283170189293\" \ndata-ad-slot=\"7303146466\" \ndata-ad-layout=\"in-article\"\ndata-ad-format=\"fluid\" data-full-width-responsive=\"true\"><\/ins>\n<script> \n(adsbygoogle = window.adsbygoogle || []).push({}); \n<\/script>\n<\/div>\n<p>Bu konu, Bulgaristan\u2019da yorumlan\u0131p tart\u0131\u015f\u0131l\u0131rken, ekonomik nedenlerden kaynaklanan g\u00f6\u00e7 dalgas\u0131n\u0131n 2.5 milyon Bulgaristan vatanda\u015f\u0131n\u0131 da Bat\u0131ya u\u00e7urdu\u011funu, 700 bin karde\u015fimizin T\u00fcrkiye\u2019de \u00e7al\u0131\u015ft\u0131\u011f\u0131n\u0131 dikkate almak istemiyoruz. Burada, \u00f6nemli olan d\u0131\u015far\u0131dan bize gelmesinler. Memleket ba\u015ftan ba\u015fa e\u015fek dikenli\u011fi oldu, g\u00f6rmek isteyen yok\u2026<\/p>\n<p><strong>Sava\u015flar kadar tehlikesi yeni nedenler var.<\/strong><\/p>\n<p>Siyasi ve \u00e7evreyle ilgili literat\u00fcre \u201c<strong>iklim g\u00f6\u00e7leri<\/strong>\u201d diye bir terim girdi.<\/p>\n<p>Amerikan NASA iklim ara\u015ft\u0131rmalar\u0131 merkezi 1989 \u2013 2012 y\u0131llar\u0131 aras\u0131nda Yak\u0131n Do\u011fu \u00fclkelerinde <strong>son 12 asr\u0131n en \u015fiddetli kurakl\u0131k ve s\u0131ca\u011f\u0131 ya\u015fand\u0131\u011f\u0131n\u0131<\/strong> saptad\u0131. \u0130klim facias\u0131 b\u00f6lgedeki i\u00e7 sava\u015flar\u0131n nedenlerinden biri olarak de\u011ferlendiriliyor. 20. asr\u0131n kitlesel g\u00f6\u00e7lerine gerek\u00e7e olarak g\u00f6steriliyor. \u00d6rne\u011fin, Suriye\u2019de sava\u015f\u0131n patlak vermesinden \u00f6nce y\u00fcz binlerce aile \u015eam, Halep ve Homs \u015fehirleri \u00e7evresine ta\u015f\u0131n\u0131p yerle\u015fmi\u015fti. Bilindi\u011fi \u00fczere, 2011 y\u0131l\u0131nda \u015eam\u2019da BAAS partisi h\u00fck\u00fcmetine kar\u015f\u0131 ayaklanmaya sosyal temel bu g\u00f6\u00e7menlerin sorunlar\u0131yd\u0131.<\/p>\n<p><strong>Yorumlar\u0131nda O.Oktay\u2019dan \u015fu verileri kullanmas\u0131n\u0131 rica ediyoruz. <\/strong><\/p><div id=\"bghab-2006930124\" class=\"bghab-icerik-icine-35-paragraf bghab-entity-placement\"><script async src=\"\/\/pagead2.googlesyndication.com\/pagead\/js\/adsbygoogle.js?client=ca-pub-6203283170189293\" crossorigin=\"anonymous\"><\/script><ins class=\"adsbygoogle\" style=\"display:block; text-align:center;\" data-ad-client=\"ca-pub-6203283170189293\" \ndata-ad-slot=\"7303146466\" \ndata-ad-layout=\"in-article\"\ndata-ad-format=\"fluid\" data-full-width-responsive=\"true\"><\/ins>\n<script> \n(adsbygoogle = window.adsbygoogle || []).push({}); \n<\/script>\n<\/div>\n<p>G\u00f6\u00e7 sorunu \u00f6yle sigara duman\u0131na sar\u0131p saklanacak bir sorun de\u011fildir. Bu bir D\u00fcnya sorunudur!<\/p>\n<p>Bir defa, k\u0131tadan k\u0131taya g\u00f6\u00e7ler bir Bulgaristan &#8211; T\u00fcrkiye ya da yaln\u0131z T\u00fcrkiye \u2013 AB olmaktan \u00e7oktan \u00e7\u0131kt\u0131. M\u00fcsl\u00fcmanlar d\u00fcnyas\u0131n\u0131, T\u00fcrk d\u00fcnyas\u0131n\u0131, t\u00fcm d\u00fcnyay\u0131, hele eski k\u0131tay\u0131 ba\u015ftan ba\u015fa ilgilendiren bir problem oldu.<strong> \u201cM\u00fcsl\u00fcman i\u015fgali, s\u0131\u011f\u0131nmac\u0131 seli bask\u0131n\u0131\u201d <\/strong>vb kavramlar ters alg\u0131 uyand\u0131r\u0131r. Son hesap ise d\u00fcnyam\u0131z\u0131 sava\u015fa iter.<\/p>\n<p><strong>Rakamlar konu\u015fuyor:<\/strong><\/p>\n<p>Alman h\u00fckumetinin resmi a\u00e7\u0131klamalar\u0131na g\u00f6re, \u00a02007\u2019de b\u00fct\u00fcn Avrupa\u2019da 53 milyon M\u00fcsl\u00fcman vard\u0131r. Bunlardan <strong>16 Milyonu<\/strong> AB \u00fclkelerinde, <strong>25 milyonu<\/strong> da Rusya Federasyonu\u2019nda ya\u015fad\u0131. <strong>Yani bundan 9 y\u0131l \u00f6nce de Avrupa \u00fclkelerinde Bulgaristan n\u00fcfusundan 3 defa daha fazla M\u00fcsl\u00fcman ya\u015f\u0131yordu<\/strong>. ABD n\u00fcfus ara\u015ft\u0131rma ajans\u0131 PEW verilerine g\u00f6re, 2010 y\u0131l\u0131nda Bat\u0131 Avrupa\u2019daki en b\u00fcy\u00fck M\u00fcsl\u00fcman kitle <strong>Almanya<\/strong>\u2019dayd\u0131.\u00a0 (4.8 milyon ki\u015fi ve n\u00fcfusun % 5.8\u2019i M\u00fcsl\u00fcman\u2019d\u0131) \u0130kinci s\u0131radaki <strong>Fransa<\/strong>\u2019da 4.7 milyon M\u00fcsl\u00fcman n\u00fcfusun % 7.5\u2019iydi.<\/p>\n<p><strong>2016\u2019da AB\u2019de ve baz\u0131\u00a0ana kentlerindeki\u00a0durum ve e\u011filim:<\/strong><\/p><div id=\"bghab-282391653\" class=\"bghab-icerik-icine-40-paragraf bghab-entity-placement\"><script async src=\"\/\/pagead2.googlesyndication.com\/pagead\/js\/adsbygoogle.js?client=ca-pub-6203283170189293\" crossorigin=\"anonymous\"><\/script><ins class=\"adsbygoogle\" style=\"display:block; text-align:center;\" data-ad-client=\"ca-pub-6203283170189293\" \ndata-ad-slot=\"7303146466\" \ndata-ad-layout=\"in-article\"\ndata-ad-format=\"fluid\" data-full-width-responsive=\"true\"><\/ins>\n<script> \n(adsbygoogle = window.adsbygoogle || []).push({}); \n<\/script>\n<\/div>\n<ul>\n<li>1990\u2019da % 4 olan M\u00fcsl\u00fcman n\u00fcfus, 2010\u2019da % 6 iken, 2030\u2019da % 8 olacak..<\/li>\n<li>M\u00fcsl\u00fcmanlar b\u00fcy\u00fck \u015fehirlere y\u0131\u011f\u0131l\u0131yor. Paris\u2019te 1.7 milyon; Londra\u2019da ise 1 milyon<\/li>\n<\/ul>\n<p>M\u00fcsl\u00fcman n\u00fcfus ya\u015f\u0131yor. Ayn\u0131 zamanda Bat\u0131 Avrupa\u2019n\u0131n baz\u0131 ana kentlerinde M\u00fcsl\u00fcman n\u00fcfus oran\u0131 olduk\u00e7a y\u00fcksektir: Amsterdam da n\u00fcfusun % 14\u2019\u00fc; Antverpen\u2019de % 16,9\u2019u, Br\u00fcksel\u2019de % 25\u2019i, Birmingam\u2019da % 26,9\u2019u, Marsilya\u2019da % 25\u2019i, Stokholm\u2019da % 20\u2019si ve Koln\u2019de % 12\u2019si M\u00fcsl\u00fcman\u2019d\u0131r. Sofya\u2019da da 25 bin M\u00fcsl\u00fcman ya\u015f\u0131yor. Bat\u0131 Avrupa\u2019da Br\u00fcksel\u2019in \u201cMalenbeck\u201d ve Paris\u2019in \u201cSen-Deni,\u201d Berlin\u2019in \u201cKreuzberg\u201d semtleri gibi b\u00fcy\u00fck\u00a0 semtlerdeki M\u00fcsl\u00fcmanlar kalabal\u0131kt\u0131r. M\u00fcsl\u00fcmanlar\u0131n bu yerle\u015fim yerlerinde camileri, cem evleri, dernekleri, pazarlar\u0131, kahve ve pastaneleri, lokantalar\u0131, okullar\u0131, ara\u015ft\u0131rma merkezleri, i\u015f yerleri, TV programlar\u0131, dergi ve gazeteleri vb vard\u0131r. Avrupa toplumuna yerle\u015fen M\u00fcsl\u00fcmanlar\u0131n yerel idarelerle, belediyelerde, sendika ve partilerde g\u00f6revler ald\u0131\u011f\u0131, vatanda\u015fl\u0131k hak edenlerin se\u00e7ime kat\u0131ld\u0131\u011f\u0131, meclis \u00fcyesi oldu\u011fu bilinir. <strong>G\u00fcn\u00fcm\u00fczde Londra Belediye Ba\u015fkan\u0131 bir Hindistanl\u0131 M\u00fcsl\u00fcman\u2019d\u0131r.<\/strong><\/p>\n<p><strong>Eski g\u00f6\u00e7ler: <\/strong><\/p>\n<p>Avrupa\u2019da g\u00fcn\u00fcm\u00fczde 2. ve 3. ku\u015fak M\u00fcsl\u00fcmanlar var. Avrupa k\u00fclt\u00fcrel ortam\u0131na art\u0131k iyice yerle\u015fmi\u015f ve uyum sa\u011flam\u0131\u015f olmas\u0131 gereken yeni ku\u015faktan s\u00f6z ediyorum. Sald\u0131rgan propagandaya hedef olanlar var. 2012\u2019den sonra DEA\u015e saflar\u0131nda sava\u015fmay\u0131 arayan bir ruh hali i\u00e7ine d\u00fc\u015fenler hatta bu ter\u00f6r \u00f6rg\u00fct\u00fcn\u00fcn Avrupa a\u011flar\u0131na tak\u0131larak Fransa, Almanya, Bel\u00e7ika ve \u0130ngiltere gibi \u00fclkelerde ter\u00f6r olaylar\u0131na kar\u0131\u015fanlar\u0131 g\u00f6rd\u00fck. Bu durum \u00e7ok derin sosyal ve psikolojik analiz gerektirirken, toplumsal batakl\u0131k birikiminin s\u0131k elekte s\u00fcz\u00fclmesini zorunlu k\u0131lan yeni durum belirdi. Her s\u0131\u011f\u0131nmac\u0131 ya da sava\u015f ka\u00e7a\u011f\u0131, \u00e7evreyle ilgili g\u00f6\u00e7e zorlanm\u0131\u015f ki\u015filer ter\u00f6rist de\u011fildir. Onlar\u0131 topraklar\u0131ndan koparan ma\u011fduriyet ve zordur. Hele M\u00fcsl\u00fcman biriyse ter\u00f6re bula\u015fmamaya \u00f6zellikle gayret eder. Korku k\u0131\u015fk\u0131rtmaya gerek yok.<\/p>\n<p><strong>Yeni s\u0131\u011f\u0131nmac\u0131 ak\u0131mlar\u0131 olmayacak diye bir \u015fey yok.<\/strong><\/p>\n<p>Yak\u0131n Do\u011fu\u2019dan, \u00f6zellikle de T\u00fcrkiye\u2019deki s\u0131\u011f\u0131nmac\u0131 kamplar\u0131ndan, bilhassa Arap \u00fclkeleri ve T\u00fcrkiye\u2019deki n\u00fcfus patlamas\u0131 sonucu yeni bir s\u0131\u011f\u0131nmac\u0131 ak\u0131m\u0131n\u0131n hareketlenece\u011fini beklemek do\u011fal kabul edilebilir. Ya\u015fama elveri\u015fli toprak karas\u0131 % 7 olan, n\u00fcfusu her y\u0131l 2 milyon artan ve art\u0131k 90 milyonu a\u015fan M\u0131s\u0131r\u2019dan bir g\u00f6\u00e7 kafilesinin\u00a0yola \u00e7\u0131kmas\u0131n\u0131 beklememek yanl\u0131\u015f olur. Sava\u015ftan \u00f6nce 22 milyon n\u00fcfusu olan Suriye\u2019den, 35 milyon n\u00fcfuslu Irak\u2019tan, 40 milyon n\u00fcfuslu Cezayir\u2019den kaynaklanan g\u00f6\u00e7 dalgas\u0131n\u0131n, toplam n\u00fcfusu 400 milyon olan b\u00fct\u00fcn Arap d\u00fcnyas\u0131ndan da hareketlenmesi muhtemel say\u0131lmal\u0131d\u0131r. Bu ger\u00e7e\u011fin ana tetik\u00e7isinin g\u00fcn\u00fcm\u00fczde yerel sava\u015flar oldu\u011funun tan\u0131y\u0131z. Ku\u015fkusuz sava\u015f nedenlerden en \u00f6nemlisi ama sadece biridir.<\/p><div id=\"bghab-2261718504\" class=\"bghab-icerik-icine-45-paragraf bghab-entity-placement\"><script async src=\"\/\/pagead2.googlesyndication.com\/pagead\/js\/adsbygoogle.js?client=ca-pub-6203283170189293\" crossorigin=\"anonymous\"><\/script><ins class=\"adsbygoogle\" style=\"display:block; text-align:center;\" data-ad-client=\"ca-pub-6203283170189293\" \ndata-ad-slot=\"7303146466\" \ndata-ad-layout=\"in-article\"\ndata-ad-format=\"fluid\" data-full-width-responsive=\"true\"><\/ins>\n<script> \n(adsbygoogle = window.adsbygoogle || []).push({}); \n<\/script>\n<\/div>\n<p><strong>B\u00fcy\u00fck tehlike Osman Oktay\u2019\u0131n g\u00f6sterdi\u011fi yerde de\u011fildir.<\/strong><\/p>\n<p>Oktay gibi ucundan siyasi yorumcular, g\u00f6\u00e7 konusunda, burnumuzun dibinde olan Akdeniz havzas\u0131ndaki demografi fakt\u00f6r\u00fcn belirleyici rol\u00fcn\u00fc g\u00f6rmezden geliyor. Tarihte \u201c<strong>su sava\u015flar\u0131<\/strong>\u201d oldu\u011funu sanki bilmiyor. \u015eimdiki Yak\u0131n Do\u011fu sava\u015flar\u0131n\u0131n ger\u00e7ek ad\u0131n\u0131n da \u201c<strong>akaryak\u0131t sava\u015f\u0131<\/strong>\u201d oldu\u011funu pas ge\u00e7iyor.<\/p>\n<p><strong>Varsa yoksa T\u00fcrkiye, Ankara, Erdo\u011fan ve \u201cB\u00fcy\u00fck Tehlike\u201d.<\/strong><\/p>\n<p>Neredeyse s\u0131n\u0131r tellerine tak\u0131lan tav\u015fan ve tilkilerden Say\u0131n Erdo\u011fan sorumlu\u2026<\/p>\n<p><strong>D\u00fcnyay\u0131 ters yorumlamaktan ters sorunlar \u00e7\u0131kar.<\/strong><\/p><div id=\"bghab-3531129281\" class=\"bghab-icerik-icine-50-paragraf bghab-entity-placement\"><script async src=\"\/\/pagead2.googlesyndication.com\/pagead\/js\/adsbygoogle.js?client=ca-pub-6203283170189293\" crossorigin=\"anonymous\"><\/script><ins class=\"adsbygoogle\" style=\"display:block; text-align:center;\" data-ad-client=\"ca-pub-6203283170189293\" \ndata-ad-slot=\"7303146466\" \ndata-ad-layout=\"in-article\"\ndata-ad-format=\"fluid\" data-full-width-responsive=\"true\"><\/ins>\n<script> \n(adsbygoogle = window.adsbygoogle || []).push({}); \n<\/script>\n<\/div>\n<p>Yanl\u0131\u015f propaganda halklar\u0131 b\u00f6ler, etnikleri birbirine d\u00fc\u015fman eder, devletlerin aras\u0131n\u0131 a\u00e7ar. Yeni ger\u00e7eklikleri eski kavramlarla, basma kal\u0131p ifadelerle ve g\u00fczlerimize siyah g\u00f6zl\u00fck takarak ya da ona buna yaranmak i\u00e7in do\u011fru yorumlayamay\u0131z.<\/p>\n<p>Kuca\u011f\u0131nda \u00e7ocuklu bir s\u0131\u011f\u0131nmac\u0131 gen\u00e7 kad\u0131n\u0131 durduran, eli silahl\u0131 askerin toleranstan s\u00f6z etmesini kabul edemeyiz. M\u00fcsl\u00fcman s\u0131\u011f\u0131nmac\u0131lara domuz eti servis edilmesi ve bunlara benzeyen binlerce \u00f6rnek hi\u00e7bir olay\u0131 kendili\u011finden \u00e7\u00f6zecek durumda olmad\u0131\u011f\u0131 gibi, AB s\u0131n\u0131rlar\u0131n\u0131n kale duvarlar\u0131yla \u00e7evrelenmesi de \u00e7\u00f6z\u00fcm olamaz. \u00c7\u00fcnk\u00fc tarih bu d\u00f6nemleri \u00e7oktan ya\u015fad\u0131.<\/p>\n<p><strong>S\u0131\u011f\u0131nmac\u0131 sorunlar\u0131 AB\u2019den para koparmak i\u00e7in ara\u00e7 olmamal\u0131d\u0131r.<\/strong><\/p>\n<p>Oktay, T\u00fcrkiye &#8211; Bulgaristan s\u0131n\u0131r\u0131nda \u201c<strong>s\u0131\u011f\u0131nmac\u0131 seli<\/strong>\u201d gerginli\u011finden s\u00f6z ederken, \u201c<strong>15 Temmuz\u2019da siyasi istikrars\u0131zl\u0131k ya\u015fayan T\u00fcrkiye\u2019nin yeni bir hareketlenme halinde bu seli durduramayaca\u011f\u0131<\/strong>\u201d endi\u015fesini payla\u015f\u0131rken, neredeyse alarm \u00e7anlar\u0131 \u00e7al\u0131yor. Bir defa insano\u011flu olmam\u0131\u015f olandan korkmaz. \u00dcst\u00fcne bizim atalar\u0131m\u0131z, k\u00f6t\u00fc olanda bile bir hay\u0131r vard\u0131r, dememi\u015fler mi?<\/p>\n<p>Pompalanan endi\u015fe Ba\u015fbakan Borisov\u2019un \u201c<strong>Yavuz Sultan Selim<\/strong>\u201d k\u00f6pr\u00fcs\u00fc a\u00e7\u0131l\u0131\u015f\u0131nda Berlin\u2019de Ba\u015fbakan Merkel ile g\u00f6r\u00fc\u015fmeye ta\u015f\u0131d\u0131\u011f\u0131 havada da vard\u0131. Bu havay\u0131 o \u201c<strong>Franckfurter Algemaine Zeitung<\/strong>\u201d gazetesine verdi\u011fi deme\u00e7te ya\u015fatt\u0131. Her yerde ve her zaman T\u00fcrkiye-Bulgaristan tel \u00f6rg\u00fcl\u00fc s\u0131n\u0131r\u0131n\u0131 g\u00fc\u00e7lendirmek i\u00e7in para istedi. Bu s\u0131n\u0131ra 3 metre duvar az gerildi. Denizden yeni s\u0131\u011f\u0131nmac\u0131 ak\u0131m\u0131na kar\u015f\u0131 modern z\u0131rhl\u0131 botlar al\u0131nd\u0131. Bulgar ordu birlikleri s\u0131n\u0131r muhaf\u0131z\u0131 oldu. T\u00fcm bunlara \u015fimdi 10 metre arayla 2 kat daha tel \u00f6rg\u00fc eklenmesi say\u0131klan\u0131yor. <strong>Korku da\u011flar\u0131 besler mant\u0131yla konu\u015fanlar, 8 metre geni\u015f ve 4 metre derin i\u00e7i su dolu hendekler say\u0131klamaya ba\u015flad\u0131lar.\u00a0<\/strong> Baz\u0131 yama\u00e7lara duvar \u00f6r\u00fclmesi vb istekler eklendi.<\/p><div id=\"bghab-2129342071\" class=\"bghab-icerik-icine-55-paragraf bghab-entity-placement\"><script async src=\"\/\/pagead2.googlesyndication.com\/pagead\/js\/adsbygoogle.js?client=ca-pub-6203283170189293\" crossorigin=\"anonymous\"><\/script><ins class=\"adsbygoogle\" style=\"display:block; text-align:center;\" data-ad-client=\"ca-pub-6203283170189293\" \ndata-ad-slot=\"7303146466\" \ndata-ad-layout=\"in-article\"\ndata-ad-format=\"fluid\" data-full-width-responsive=\"true\"><\/ins>\n<script> \n(adsbygoogle = window.adsbygoogle || []).push({}); \n<\/script>\n<\/div>\n<p>Merkel ile g\u00f6r\u00fc\u015fmelere 28 AB devletinin T\u00fcrkiye ile imzalad\u0131\u011f\u0131 g\u00f6\u00e7men selini durdurmaya kar\u015f\u0131 T\u00fcrkiye vatanda\u015flar\u0131na \u201c<strong>1 Ekim 2016\u2018dan ba\u015flayarak AB \u00fclkelerine vizesiz giri\u015f \u00e7\u0131k\u0131\u015f rejimi uygulanmas\u0131 konusunda<\/strong> \u201c\u00f6zel fikir\u201d sahibi olan Avusturya, Slovenya ve Bulgaristan Ba\u015fbakanlar\u0131 aralar\u0131nda beyin f\u0131rt\u0131nas\u0131 yapt\u0131.<\/p>\n<p><strong>Ne var ki, imzalanan ortak bir AB anla\u015fmas\u0131d\u0131r. <\/strong><\/p>\n<p>Ayr\u0131 ayr\u0131 imza sahiplerinin uygulamada yeni de\u011fi\u015fikler talepte bulunma hakk\u0131 yoktur. Buna ra\u011fmen, Borisov, Berlin\u2019de T\u00fcrkiye ile kara s\u0131n\u0131r\u0131n\u0131 \u201c<strong>g\u00fc\u00e7lendirmek<\/strong>\u201d i\u00e7in \u201c<strong>\u00f6denekler<\/strong>\u201d vaadi elde edebildi.<\/p>\n<p><strong>Osman OKTAY ise, \u201cT\u00fcrkiye\u2019de iktidar zay\u0131f\u201d, \u201cikinci bir askeri darbe denemesi olabilir,\u201d diyecek kadar al\u00e7alabilmi\u015ftir.<\/strong><\/p>\n<p>S\u00fcr\u00fcnmenin \u00fccretini bilmek isterim. \u00a0Bu arada, Slovenya\u2019n\u0131n da kat\u0131ld\u0131\u011f\u0131, \u201c<strong>Vi\u015fegrad D\u00f6rtl\u00fcleri<\/strong>\u201d adl\u0131 grup, \u00c7ek, Macaristan ve Polonya, Bulgaristan\u2019a Yunan s\u0131n\u0131r\u0131na da tel \u00f6rg\u00fc gerin, paras\u0131n\u0131 \u00f6deyelim, dediler. Borisov, AB i\u00e7 s\u0131n\u0131r\u0131 oldu\u011fu gerek\u00e7esiyle, kabul etmedi.<\/p><div id=\"bghab-3857715925\" class=\"bghab-icerik-icine-60-paragraf bghab-entity-placement\"><script async src=\"\/\/pagead2.googlesyndication.com\/pagead\/js\/adsbygoogle.js?client=ca-pub-6203283170189293\" crossorigin=\"anonymous\"><\/script><ins class=\"adsbygoogle\" style=\"display:block; text-align:center;\" data-ad-client=\"ca-pub-6203283170189293\" \ndata-ad-slot=\"7303146466\" \ndata-ad-layout=\"in-article\"\ndata-ad-format=\"fluid\" data-full-width-responsive=\"true\"><\/ins>\n<script> \n(adsbygoogle = window.adsbygoogle || []).push({}); \n<\/script>\n<\/div>\n<p><strong>Nedir bu M\u00fcsl\u00fcman korkusu Yarabbi!<\/strong><\/p>\n<p>Se\u00e7im yakla\u015f\u0131yor. \u00a0\u201c<strong>G\u00f6\u00e7men Seli Bask\u0131n\u0131<\/strong>\u201d g\u00fcvenli bir propaganda form\u00fcl\u00fc olarak bulundu gibi. Bu s\u0131n\u0131r\u0131 b\u00fcy\u00fck ha\u00e7 koruyamad\u0131. Duvar da koruyamaz.<\/p>\n<p>Bu sel nereden gelebilir?<\/p>\n<p>Onlara g\u00f6re, \u00a0T\u00fcrkiye\u2019den!<\/p>\n<p>Ate\u015f yand\u0131.<\/p><div id=\"bghab-1201550115\" class=\"bghab-icerik-icine-65-paragraf bghab-entity-placement\"><script async src=\"\/\/pagead2.googlesyndication.com\/pagead\/js\/adsbygoogle.js?client=ca-pub-6203283170189293\" crossorigin=\"anonymous\"><\/script><ins class=\"adsbygoogle\" style=\"display:block; text-align:center;\" data-ad-client=\"ca-pub-6203283170189293\" \ndata-ad-slot=\"7303146466\" \ndata-ad-layout=\"in-article\"\ndata-ad-format=\"fluid\" data-full-width-responsive=\"true\"><\/ins>\n<script> \n(adsbygoogle = window.adsbygoogle || []).push({}); \n<\/script>\n<\/div>\n<p>Bacay\u0131 sarmas\u0131na yol vermeyelim.<\/p>\n<p>Sayg\u0131lar\u0131mla iyi g\u00fcnler dilerim.<\/p>\n<div id=\"bghab-3547656241\" class=\"bghab-yazi-altinda bghab-entity-placement\"><div class=\"bghab-adlabel\">Reklamlar<\/div><script async src=\"https:\/\/pagead2.googlesyndication.com\/pagead\/js\/adsbygoogle.js\"><\/script>\r\n<!-- bghaber-yaz\u0131-sonu -->\r\n<ins class=\"adsbygoogle\"\r\n     style=\"display:block\"\r\n     data-ad-client=\"ca-pub-6203283170189293\"\r\n     data-ad-slot=\"4222328180\"\r\n     data-ad-format=\"auto\"\r\n     data-full-width-responsive=\"true\"><\/ins>\r\n<script>\r\n     (adsbygoogle = window.adsbygoogle || []).push({});\r\n<\/script><\/div><br style=\"clear: both; display: block; float: none;\"\/>","protected":false},"excerpt":{"rendered":"<p>\u00a0Mustafa\u00a0KAHRAMAN Konu: T\u00fcrkiye s\u00f6z\u00fcne sad\u0131k bir devlettir. \u00a0Korkulacak hi\u00e7 bir \u015fey yok. Bulgaristan, halk\u0131n g\u00f6z\u00fcnde, M\u00fcsl\u00fcmanlara ve \u0130slam\u2019a kar\u015f\u0131 daha b\u00fcy\u00fck bir bostan korkulu\u011fu dikmeye<\/p>\n","protected":false},"author":13,"featured_media":14865,"comment_status":"closed","ping_status":"closed","sticky":false,"template":"","format":"standard","meta":{"advanced_seo_description":"","jetpack_seo_html_title":"","jetpack_seo_noindex":false,"_jetpack_memberships_contains_paid_content":false,"footnotes":""},"categories":[6],"tags":[],"class_list":["post-20295","post","type-post","status-publish","format-standard","has-post-thumbnail","hentry","category-yorum"],"jetpack_featured_media_url":"https:\/\/i0.wp.com\/www.bghaber.org\/bghaber\/wp-content\/uploads\/2015\/05\/mustafa-220.jpg?fit=183%2C233&ssl=1","jetpack_sharing_enabled":true,"jetpack_likes_enabled":true,"jetpack-related-posts":[],"jetpack_shortlink":"https:\/\/wp.me\/pc2PfJ-5hl","_links":{"self":[{"href":"https:\/\/www.bghaber.org\/bghaber\/wp-json\/wp\/v2\/posts\/20295","targetHints":{"allow":["GET"]}}],"collection":[{"href":"https:\/\/www.bghaber.org\/bghaber\/wp-json\/wp\/v2\/posts"}],"about":[{"href":"https:\/\/www.bghaber.org\/bghaber\/wp-json\/wp\/v2\/types\/post"}],"author":[{"embeddable":true,"href":"https:\/\/www.bghaber.org\/bghaber\/wp-json\/wp\/v2\/users\/13"}],"replies":[{"embeddable":true,"href":"https:\/\/www.bghaber.org\/bghaber\/wp-json\/wp\/v2\/comments?post=20295"}],"version-history":[{"count":0,"href":"https:\/\/www.bghaber.org\/bghaber\/wp-json\/wp\/v2\/posts\/20295\/revisions"}],"wp:featuredmedia":[{"embeddable":true,"href":"https:\/\/www.bghaber.org\/bghaber\/wp-json\/wp\/v2\/media\/14865"}],"wp:attachment":[{"href":"https:\/\/www.bghaber.org\/bghaber\/wp-json\/wp\/v2\/media?parent=20295"}],"wp:term":[{"taxonomy":"category","embeddable":true,"href":"https:\/\/www.bghaber.org\/bghaber\/wp-json\/wp\/v2\/categories?post=20295"},{"taxonomy":"post_tag","embeddable":true,"href":"https:\/\/www.bghaber.org\/bghaber\/wp-json\/wp\/v2\/tags?post=20295"}],"curies":[{"name":"wp","href":"https:\/\/api.w.org\/{rel}","templated":true}]}}