{"id":20292,"date":"2016-08-29T20:51:17","date_gmt":"2016-08-29T17:51:17","guid":{"rendered":"http:\/\/www.bghaber.org\/bghaber\/?p=20292"},"modified":"2016-08-30T01:45:01","modified_gmt":"2016-08-29T22:45:01","slug":"zafer-bayramimiz-kutlu-olsun","status":"publish","type":"post","link":"https:\/\/www.bghaber.org\/bghaber\/zafer-bayramimiz-kutlu-olsun\/","title":{"rendered":"Zafer Bayram\u0131m\u0131z Kutlu Olsun"},"content":{"rendered":"<p><img data-recalc-dims=\"1\" loading=\"lazy\" decoding=\"async\" class=\"\" src=\"https:\/\/i0.wp.com\/www.bghaber.org\/bghaber\/wp-content\/uploads\/2016\/08\/30-agustos1.jpg?resize=592%2C248\" alt=\"30 agustos1\" width=\"592\" height=\"248\" \/><\/p>\n<p>Kahraman atalar\u0131m\u0131zdan ald\u0131\u011f\u0131m\u0131z g\u00fc\u00e7le, b\u00fcy\u00fck \u00f6nder Mustafa Kemal Atat\u00fcrk&#8217;\u00fcn i\u015faret etti\u011fi \u00e7a\u011fda\u015f uygarl\u0131k yolunda kararl\u0131 bir \u015fekilde ilerlemek ve \u00fclkemizi \u00e7a\u011fda\u015f uygarl\u0131k d\u00fczeyinin \u00fczerine \u00e7\u0131karmak i\u00e7in birlik ve beraberlik i\u00e7erisinde var g\u00fcc\u00fcm\u00fczle \u00e7al\u0131\u015faca\u011f\u0131z heb birlikte, Ba\u015fta Gazi Mustafa Kemal Atat\u00fcrk olmak \u00fczere, bu zaferi bize arma\u011fan eden \u0130stiklal m\u00fccadelemizin b\u00fct\u00fcn kahramanlar\u0131n\u0131, kanlar\u0131yla canlar\u0131yla bu topraklar\u0131 vatan yapan ve \u00fclkemizin milletiyle b\u00f6l\u00fcnmez b\u00fct\u00fcnl\u00fc\u011f\u00fc i\u00e7in canlar\u0131n\u0131 seve seve feda eden aziz \u015fehitlerimizi ve kahraman gazilerimizi rahmet ve minnetle an\u0131yor, T\u00fcrk Silahl\u0131 Kuvvetlerimizin kahraman mensuplar\u0131n\u0131n ve b\u00fct\u00fcn T\u00fcrk D\u00fcnyas\u0131n\u0131n 30 A\u011fustos Zafer Bayram\u0131&#8217;m\u0131z\u0131 kutluyoruz.<br \/>\nSayg\u0131lar\u0131m\u0131zla,<\/p>\n<p>BULTURK<\/p>\n<p><img data-recalc-dims=\"1\" loading=\"lazy\" decoding=\"async\" class=\"\" src=\"https:\/\/i0.wp.com\/www.bghaber.org\/bghaber\/wp-content\/uploads\/2016\/08\/zafer-byrm.jpg?resize=640%2C346\" alt=\"zafer byrm\" width=\"640\" height=\"346\" \/><\/p>\n<div id=\"bghab-3885248034\" class=\"bghab-yazi-altinda bghab-entity-placement\"><div class=\"bghab-adlabel\">Reklamlar<\/div><script async src=\"https:\/\/pagead2.googlesyndication.com\/pagead\/js\/adsbygoogle.js\"><\/script>\r\n<!-- bghaber-yaz\u0131-sonu -->\r\n<ins class=\"adsbygoogle\"\r\n     style=\"display:block\"\r\n     data-ad-client=\"ca-pub-6203283170189293\"\r\n     data-ad-slot=\"4222328180\"\r\n     data-ad-format=\"auto\"\r\n     data-full-width-responsive=\"true\"><\/ins>\r\n<script>\r\n     (adsbygoogle = window.adsbygoogle || []).push({});\r\n<\/script><\/div><br style=\"clear: both; display: block; float: none;\"\/>","protected":false},"excerpt":{"rendered":"<p>Kahraman atalar\u0131m\u0131zdan ald\u0131\u011f\u0131m\u0131z g\u00fc\u00e7le, b\u00fcy\u00fck \u00f6nder Mustafa Kemal Atat\u00fcrk&#8217;\u00fcn i\u015faret etti\u011fi \u00e7a\u011fda\u015f uygarl\u0131k yolunda kararl\u0131 bir \u015fekilde ilerlemek ve \u00fclkemizi \u00e7a\u011fda\u015f uygarl\u0131k d\u00fczeyinin \u00fczerine \u00e7\u0131karmak<\/p>\n","protected":false},"author":13,"featured_media":20293,"comment_status":"closed","ping_status":"closed","sticky":false,"template":"","format":"standard","meta":{"advanced_seo_description":"","jetpack_seo_html_title":"","jetpack_seo_noindex":false,"_jetpack_memberships_contains_paid_content":false,"footnotes":""},"categories":[5],"tags":[],"class_list":["post-20292","post","type-post","status-publish","format-standard","has-post-thumbnail","hentry","category-yasam"],"jetpack_featured_media_url":"https:\/\/i0.wp.com\/www.bghaber.org\/bghaber\/wp-content\/uploads\/2016\/08\/30-agustos1.jpg?fit=654%2C274&ssl=1","jetpack_sharing_enabled":true,"jetpack_likes_enabled":true,"jetpack-related-posts":[],"jetpack_shortlink":"https:\/\/wp.me\/pc2PfJ-5hi","_links":{"self":[{"href":"https:\/\/www.bghaber.org\/bghaber\/wp-json\/wp\/v2\/posts\/20292","targetHints":{"allow":["GET"]}}],"collection":[{"href":"https:\/\/www.bghaber.org\/bghaber\/wp-json\/wp\/v2\/posts"}],"about":[{"href":"https:\/\/www.bghaber.org\/bghaber\/wp-json\/wp\/v2\/types\/post"}],"author":[{"embeddable":true,"href":"https:\/\/www.bghaber.org\/bghaber\/wp-json\/wp\/v2\/users\/13"}],"replies":[{"embeddable":true,"href":"https:\/\/www.bghaber.org\/bghaber\/wp-json\/wp\/v2\/comments?post=20292"}],"version-history":[{"count":0,"href":"https:\/\/www.bghaber.org\/bghaber\/wp-json\/wp\/v2\/posts\/20292\/revisions"}],"wp:featuredmedia":[{"embeddable":true,"href":"https:\/\/www.bghaber.org\/bghaber\/wp-json\/wp\/v2\/media\/20293"}],"wp:attachment":[{"href":"https:\/\/www.bghaber.org\/bghaber\/wp-json\/wp\/v2\/media?parent=20292"}],"wp:term":[{"taxonomy":"category","embeddable":true,"href":"https:\/\/www.bghaber.org\/bghaber\/wp-json\/wp\/v2\/categories?post=20292"},{"taxonomy":"post_tag","embeddable":true,"href":"https:\/\/www.bghaber.org\/bghaber\/wp-json\/wp\/v2\/tags?post=20292"}],"curies":[{"name":"wp","href":"https:\/\/api.w.org\/{rel}","templated":true}]}}