{"id":20285,"date":"2016-08-29T16:32:06","date_gmt":"2016-08-29T13:32:06","guid":{"rendered":"http:\/\/www.bghaber.org\/bghaber\/?p=20285"},"modified":"2016-08-29T16:39:59","modified_gmt":"2016-08-29T13:39:59","slug":"osmanli-bankasi-baskini","status":"publish","type":"post","link":"https:\/\/www.bghaber.org\/bghaber\/osmanli-bankasi-baskini\/","title":{"rendered":"Osmanl\u0131 Bankas\u0131 Bask\u0131n\u0131"},"content":{"rendered":"<p><img data-recalc-dims=\"1\" decoding=\"async\" src=\"https:\/\/i0.wp.com\/www.bghaber.org\/bghaber\/wp-content\/uploads\/2016\/08\/celal.jpg?w=640\" alt=\"celal\" \/><\/p>\n<p>ERMEN\u0130 TER\u00d6R \u00d6RG\u00dcT\u00dcN\u00dcN OSMANLI BANKASI BASKINI UNUTMADI, 120 NC\u0130 YILINDA BANKA \u00d6N\u00dcNDE D\u00dcZENLENEN BASIN TOPLANTISIYLA\u00a0 LANETLEND\u0130<\/p>\n<p>Bas\u0131n bildirisini<\/p>\n<p>15 Temmuz 2016 Feto darbe giri\u015fiminin benzeri olay ,120 y\u0131l \u00f6nce \u0130stanbul\u2019da Ermeni ter\u00f6r \u00f6rg\u00fct\u00fc Ta\u015fnak taraf\u0131ndan\u00a0 Osmanl\u0131 Bankas\u0131na bask\u0131n\u0131 burada meydana geldi. Bu olay 120 y\u0131l sonra ilk defa an\u0131l\u0131yor.<\/p>\n<p>Bas\u0131n toplant\u0131m\u0131z ,unutulmu\u015f bir kanl\u0131 bask\u0131n\u0131 120 y\u0131l sonra g\u00fcndeme getirmekle, T\u00fcrk ve T\u00fcrk Devleti d\u00fc\u015fman\u0131 zihniyete dikkat \u00e7ekiyor ,120 y\u0131l \u00f6nce Ermeni Ta\u015fnak \u00e7etesinin katletti\u011fi askerimizi,polisimizi,masum halk\u0131m\u0131z\u0131 sayg\u0131 ve rahmetle an\u0131yoruz.<\/p>\n<p>*1856 y\u0131l\u0131nda kurulan \u0130ngiliz sermayeli Bank-\u0131 Osmani ile 1862 istikraz\u0131n\u0131 \u00fcstlenen Frans\u0131z mali grubunun ortakl\u0131\u011f\u0131yla 1863\u2019de \u0130stanbul\u2019da <strong>Bank-\u0131 Osman\u00ee-i \u015eahane <\/strong>ad\u0131yla kurulan, uzun y\u0131llar Osmanl\u0131 \u0130mparatorlu\u011funun resmi bankas\u0131 ve hazinedar\u0131 olarak g\u00f6rev yapan banka: \u0130mparatorluk genelinde bir\u00e7ok alt yap\u0131 yat\u0131r\u0131m\u0131n\u0131 destekledi.Yayg\u0131n \u015fube a\u011f\u0131 sayesinde piyasa ile ili\u015fkilerini artt\u0131rarak ticari bankac\u0131l\u0131kta \u00f6nemli yer edindi.Bir d\u00f6nem devlet ad\u0131na para basma yetkisini de \u00a0kulland\u0131.<\/p><div id=\"bghab-1807715852\" class=\"bghab-icerik-icine bghab-entity-placement\"><script async src=\"\/\/pagead2.googlesyndication.com\/pagead\/js\/adsbygoogle.js?client=ca-pub-6203283170189293\" crossorigin=\"anonymous\"><\/script><ins class=\"adsbygoogle\" style=\"display:block; text-align:center;\" data-ad-client=\"ca-pub-6203283170189293\" \ndata-ad-slot=\"7303146466\" \ndata-ad-layout=\"in-article\"\ndata-ad-format=\"fluid\" data-full-width-responsive=\"true\"><\/ins>\n<script> \n(adsbygoogle = window.adsbygoogle || []).push({}); \n<\/script>\n<\/div>\n<p>1856 Londra,\u0130stanbul,\u0130zmir,Kalas (Dobruca),Beyrut\u2019dan ba\u015flayarak ,B\u00fckre\u015f, Selanik, <em>Ayd\u0131n,Afyon Karahisar,<\/em>Manisa, Larnaka,\u00a0\u00a0\u00a0 \u0130sparta,Paris,Antalya,Port-said, Antalya, Ruscuk,<\/p>\n<p>,Edirne,Bursa,\u015eam,Filibe,Lefko\u015fa,Limasol,Var\u015fova,Nazilli,\u0130stanbul\u00a0 Yeni Camii, Adana , Konya,Sofya,Denizli,Mu\u011fla,\u00a0 \u0130stanbul-Beyo\u011flu, Bal\u0131kesir, U\u015fak, Samsun, Trabzon,\u00a0\u00a0\u00a0\u00a0\u00a0\u00a0\u00a0\u00a0\u00a0\u00a0\u00a0\u00a0\u00a0\u00a0\u00a0\u00a0\u00a0\u00a0\u00a0\u00a0\u00a0\u00a0\u00a0\u00a0\u00a0\u00a0\u00a0\u00a0\u00a0\u00a0\u00a0\u00a0\u00a0\u00a0\u00a0\u00a0\u00a0\u00a0\u00a0\u00a0\u00a0\u00a0\u00a0\u00a0\u00a0\u00a0\u00a0\u00a0\u00a0\u00a0\u00a0\u00a0\u00a0\u00a0\u00a0\u00a0\u00a0\u00a0\u00a0\u00a0\u00a0\u00a0\u00a0\u00a0\u00a0\u00a0\u00a0\u00a0\u00a0\u00a0\u00a0\u00a0\u00a0\u00a0\u00a0\u00a0\u00a0\u00a0\u00a0\u00a0\u00a0\u00a0\u00a0\u00a0\u00a0\u00a0\u00a0\u00a0\u00a0\u00a0\u00a0\u00a0\u00a0\u00a0\u00a0\u00a0\u00a0\u00a0\u00a0\u00a0\u00a0\u00a0Ruscuk. olmak \u00fczere 1892 y\u0131l\u0131na \u00a0kadar\u00a0 Bank-\u0131 Osman\u00ee-i \u015eahane 32 \u015fube a\u00e7t\u0131.<\/p>\n<p>27 May\u0131s 1892\u2019de Mimar Alexandre Vallourye\u2019nin plan\u0131n\u0131 \u00e7izdi\u011fi \u0130stanbul Galata\u2019da kendi merkez binas\u0131na ta\u015f\u0131nd\u0131.<\/p>\n<p>Yurt d\u0131\u015f\u0131nda tezgahlanan, Ermeni Patri\u011fi \u0130zmirliyan\u2019\u0131n \u00a0onaylad\u0131\u011f\u0131 ter\u00f6r plan\u0131 \u00e7er\u00e7evesinde, \u0130stanbul\u2019un bir\u00e7ok yerinde silah ,bomba depolanm\u0131\u015f, Bab\u0131\u00e2li ( Ba\u015fbakanl\u0131k),Credit Lyonnais Bankas\u0131n\u0131n,Voyvoda ve Galatasaray Polis Karakollar\u0131,Aya Triada Rum Kilisesinin havaya u\u00e7urulmas\u0131n\u0131n haz\u0131rl\u0131\u011f\u0131 yap\u0131lm\u0131\u015ft\u0131 .Bask\u0131na kat\u0131lanlar Rus pasaportuyla T\u00fcrkiye ye gelmi\u015flerdi.Ta\u015fnak komitesinin \u0130stanbul temsilcisi Melik Yusufyan Kafkasyal\u0131 bir ermeniydi.<\/p>\n<p><strong>\u00a0\u00a0 <\/strong>Bank-\u0131 Osman\u00ee-i \u015eahane\u2019ye 26 A\u011fustos 1896 g\u00fcn\u00fc altm\u0131\u015f ki\u015filik Ta\u015fnak Ermeni \u00e7etesi, sald\u0131r\u0131da bulundu.\u00c7at\u0131\u015fma ba\u015flad\u0131. Ellerinde silahlar,bombalarla Osmanl\u0131 Devletinin bankas\u0131 bas\u0131ld\u0131. Banka m\u00fcd\u00fcr\u00fcn\u00fcn odas\u0131na girdiler, Rus ve Frans\u0131z terc\u00fcmanlar\u0131n arac\u0131l\u0131\u011f\u0131 ile \u015fartlar\u0131n\u0131 yazd\u0131rd\u0131lar. \u0130leri s\u00fcrd\u00fcrd\u00fckleri \u015fartlar g\u00fcn\u00fcm\u00fcz\u00fcn PKK s\u0131n\u0131n \u015fartlar\u0131na benziyordu, Kopard\u0131klar\u0131 yaygara ile Bat\u0131 devletlerinin m\u00fcdahale edeceklerini umuyorlard\u0131. \u00a0Galata ve civar\u0131 askerlerle ku\u015fat\u0131ld\u0131.<\/p><div id=\"bghab-547319119\" class=\"bghab-icerik-icine-10-paragraf bghab-entity-placement\"><script async src=\"\/\/pagead2.googlesyndication.com\/pagead\/js\/adsbygoogle.js?client=ca-pub-6203283170189293\" crossorigin=\"anonymous\"><\/script><ins class=\"adsbygoogle\" style=\"display:block; text-align:center;\" data-ad-client=\"ca-pub-6203283170189293\" \ndata-ad-slot=\"7303146466\" \ndata-ad-layout=\"in-article\"\ndata-ad-format=\"fluid\" data-full-width-responsive=\"true\"><\/ins>\n<script> \n(adsbygoogle = window.adsbygoogle || []).push({}); \n<\/script>\n<\/div>\n<p>\u00c7ete kay\u0131p vere vere binan\u0131n en \u00fcst kat\u0131na kadar \u00e7ekilmek zorunda kald\u0131,reisleri \u00f6ld\u00fcr\u00fcld\u00fc.On yedi ki\u015fi kald\u0131lar. Osmanl\u0131 g\u00fcvenlik g\u00fc\u00e7leri (30 saat gibi) k\u0131sa s\u00fcrede banka i\u00e7indeki \u00e7ete mensuplar\u0131n\u0131 tesirsiz hale getirdi. Teslim olmaktan ba\u015fka \u00e7areleri kalmam\u0131\u015ft\u0131. Ermeni \u00e7etesinin banka d\u0131\u015f\u0131ndaki mensuplar\u0131 pani\u011fe kap\u0131ld\u0131 ,planlad\u0131klar\u0131 di\u011fer stratejik yerlere bask\u0131n\u0131 ger\u00e7ekle\u015ftirmeye cesaret edemedi. Bu hadise \u0130stanbul\u2019u\u00a0 g\u00fcnlerce korku i\u00e7inde b\u0131rakt\u0131.<\/p>\n<p>Ermeni Ta\u015fnak \u00e7etesi Osmanl\u0131 Bankas\u0131na sald\u0131r\u0131y\u0131 i\u00e7ten ve d\u0131\u015ftan yapmay\u0131 planlam\u0131\u015f,bir grup \u00e7ete mensubu Samatya ve Galata Patrikane kiliselerine gizlenmi\u015f,pusuda bekliyordu.G\u00f6zleri Marmara ufuklar\u0131na dikili \u0130ngiliz donanmas\u0131n\u0131 g\u00f6zl\u00fcyorlard\u0131.\u00a0\u00a0\u00a0 Aldat\u0131ld\u0131klar\u0131n\u0131 anlad\u0131lar. Banka bask\u0131n\u0131n\u0131n netice vermedi\u011fini g\u00f6r\u00fcnce h\u00fck\u00fcmetin merhametini dilediler. Yabanc\u0131 devletler araya girdi.Osmanl\u0131 Bankas\u0131 Bask\u0131n\u0131n\u0131 ger\u00e7ekle\u015ftiren Ermeni \u00e7etesiyle yap\u0131lan g\u00f6r\u00fc\u015fmeler neticesinde, Sultan Abd\u00fclhamid i\u015fgalci \u00e7etenin , hi\u00e7bir \u015fart\u0131n\u0131 kabul etmedi.\u00a0\u00a0 Banka m\u00fcd\u00fcr\u00fcn\u00fcn yat\u0131yla yabanc\u0131 gemiye ge\u00e7en \u00e7ete mensuplar\u0131n\u0131n gitmesine (Marsilya) izin verildi.<\/p>\n<p>Banka bask\u0131n\u0131 faillerini sefaretleri vas\u0131tas\u0131yla himaye eden \u0130ngiliz,Frans\u0131z ve Rus h\u00fck\u00fcmetleri hadiseyi \u00f6rtbas etti.<\/p>\n<p>Bomba ve en son sistem silahlarla m\u00fccehhez komitecilere kar\u015f\u0131,T\u00fcrk halk\u0131n\u0131n ta\u015ftan ve odundan ba\u015fka silah\u0131 olmad\u0131\u011f\u0131 halde, her ne hikmetse ,T\u00fcrkler ellerindeki sopalarla,modern silahl\u0131 Ermenileri \u00f6ld\u00fcrd\u00fc\u011f\u00fc teranesi Avrupa bas\u0131n\u0131nda ayyuka \u00e7\u0131kt\u0131.<\/p>\n<p>Osmanl\u0131 \u0130mparatorlu\u011funun resmi bankas\u0131n\u0131 basmaya ,\u00e7ok say\u0131da asker,polis ve masum halk\u0131 \u00f6ld\u00fcrmeye c\u00fcret eden Ermeni \u00e7etesinin bu kanl\u0131 eylemi, Ermenilerin T\u00fcrkler taraf\u0131ndan toptan \u00f6ld\u00fcr\u00fcld\u00fc\u011f\u00fc \u015feklinde d\u00fcnyaya yans\u0131t\u0131ld\u0131.<\/p><div id=\"bghab-360847931\" class=\"bghab-icerik-icine-15-paragraf bghab-entity-placement\"><script async src=\"\/\/pagead2.googlesyndication.com\/pagead\/js\/adsbygoogle.js?client=ca-pub-6203283170189293\" crossorigin=\"anonymous\"><\/script><ins class=\"adsbygoogle\" style=\"display:block; text-align:center;\" data-ad-client=\"ca-pub-6203283170189293\" \ndata-ad-slot=\"7303146466\" \ndata-ad-layout=\"in-article\"\ndata-ad-format=\"fluid\" data-full-width-responsive=\"true\"><\/ins>\n<script> \n(adsbygoogle = window.adsbygoogle || []).push({}); \n<\/script>\n<\/div>\n<p>Ermeni ter\u00f6r\u00fc faillerine Padi\u015fahlar,h\u00fck\u00fcmetler eliyle cayd\u0131r\u0131c\u0131 cezalar\u0131n verilmedi\u011fi Ermeni ter\u00f6r\u00fc , 8 y\u0131l sonra \u0130kinci Sasun \u0130syan\u0131n\u0131, 9 y\u0131l sonra Y\u0131ld\u0131z Camii \u00f6n\u00fcnde Padi\u015fah II.Abd\u00fclhamid\u2019e suikasti ger\u00e7ekle\u015ftirildi ve Ermeni Ter\u00f6r\u00fc artarak devam etti.<\/p>\n<p>Ermeni ter\u00f6r \u00f6rg\u00fctleri her zaman her zeminde zalim,sald\u0131rgan ve kan d\u00f6k\u00fcc\u00fc bir tav\u0131r sergilerken,T\u00fcrk milleti her zaman mazlum ve nefis m\u00fcdafas\u0131 yapma durumunda kald\u0131.Ba\u015f kald\u0131ran ve tecav\u00fcz mevkiinde bulunan daima Ermeni az\u0131nl\u0131\u011f\u0131 oldu.Ermeni T\u00fcrk kan\u0131 d\u00f6kerken \u201csen \u00f6ld\u00fcrd\u00fcn\u201d dedi,imha etti,y\u00fcz\u00fc k\u0131zarmadan T\u00fcrk\u2019e soyk\u0131r\u0131mc\u0131 damgas\u0131 vurmaya yeltendi.\u00c7ocuklar\u0131n\u0131 ve gen\u00e7lerini T\u00fcrk d\u00fc\u015fmanl\u0131\u011f\u0131 ve kini ile besledi.Din adamlar\u0131 elleri kanl\u0131 birer komiteci oldu.Kiliselerini cephanelik ve silah deposu yapt\u0131.Ba\u011fl\u0131 oldu\u011fu d\u0131\u015f merkezden Ate\u015f emri \u00e7\u0131kar \u00e7\u0131kmaz ,harekete ge\u00e7ti.Ancak hadiseler d\u00fcnya kamuoyuna aksettirilirken,daima tablo tersine \u00e7izildi,T\u00fcrk zalim,Ermeni mazlum olarak g\u00f6sterildi. Kan d\u00f6k\u00fcc\u00fc Ermeni Ta\u015fnak \u00e7etesi Osmanl\u0131 \u0130mparatorlu\u011funun resmi bankas\u0131n\u0131 basma c\u00fcreti g\u00f6sterdi.<\/p>\n<p>G\u00fcn\u00fcm\u00fczde Garanti Bankas\u0131n\u0131n sorumlulu\u011funda bulunan bu bina ,Osmanl\u0131 Bankas\u0131 M\u00fczesi ve her g\u00fcn y\u00fczlerce \u00f6\u011frencimizin yararland\u0131\u011f\u0131 k\u00fct\u00fcphane olarak hizmet vermektedir.Binan\u0131n i\u00e7inde ve d\u0131\u015f\u0131nda ,merdivenlerinde,salonlar\u0131nda 120 y\u0131l \u00f6nce Ermeni \u00e7etesinin \u00f6ld\u00fcrd\u00fc\u011f\u00fc masum halk\u0131m\u0131z\u0131n izleri ya\u015famaktad\u0131r.<\/p>\n<p>Buradaki Ermeni ter\u00f6r \u00f6rg\u00fct\u00fcn\u00fcn b\u0131rakt\u0131\u011f\u0131 izler, 120 y\u0131l sonra tekrarlanan 15 Temmuz Feto darbe giri\u015fimiyle yap\u0131lmak istenen T\u00fcrk Devletini y\u0131kma te\u015febb\u00fcs\u00fcyle ayn\u0131d\u0131r,lanetliyoruz.<\/p>\n<p style=\"text-align: right;\"><strong>T\u00fcrk D\u00fcnyas\u0131 <\/strong><\/p><div id=\"bghab-3308288228\" class=\"bghab-icerik-icine-20-paragraf bghab-entity-placement\"><script async src=\"\/\/pagead2.googlesyndication.com\/pagead\/js\/adsbygoogle.js?client=ca-pub-6203283170189293\" crossorigin=\"anonymous\"><\/script><ins class=\"adsbygoogle\" style=\"display:block; text-align:center;\" data-ad-client=\"ca-pub-6203283170189293\" \ndata-ad-slot=\"7303146466\" \ndata-ad-layout=\"in-article\"\ndata-ad-format=\"fluid\" data-full-width-responsive=\"true\"><\/ins>\n<script> \n(adsbygoogle = window.adsbygoogle || []).push({}); \n<\/script>\n<\/div>\n<p style=\"text-align: right;\"><strong>K\u00fclt\u00fcr ve \u0130nsan Haklar\u0131 Derne\u011fi <\/strong><\/p>\n<p style=\"text-align: right;\"><strong>Ba\u015fkan\u0131 \u00a0Celal \u00d6cal<\/strong><\/p>\n<p style=\"text-align: right;\"><img decoding=\"async\" src=\"https:\/\/scontent-cdg2-1.xx.fbcdn.net\/v\/t1.0-9\/14063840_10154444975015902_6582965515226156284_n.jpg?oh=67399a46de322d0bd74b6db0f7cc567a&amp;oe=5844654C\" \/><\/p>\n<div id=\"bghab-1129977218\" class=\"bghab-yazi-altinda bghab-entity-placement\"><div class=\"bghab-adlabel\">Reklamlar<\/div><script async src=\"https:\/\/pagead2.googlesyndication.com\/pagead\/js\/adsbygoogle.js\"><\/script>\r\n<!-- bghaber-yaz\u0131-sonu -->\r\n<ins class=\"adsbygoogle\"\r\n     style=\"display:block\"\r\n     data-ad-client=\"ca-pub-6203283170189293\"\r\n     data-ad-slot=\"4222328180\"\r\n     data-ad-format=\"auto\"\r\n     data-full-width-responsive=\"true\"><\/ins>\r\n<script>\r\n     (adsbygoogle = window.adsbygoogle || []).push({});\r\n<\/script><\/div><br style=\"clear: both; display: block; float: none;\"\/>","protected":false},"excerpt":{"rendered":"<p>ERMEN\u0130 TER\u00d6R \u00d6RG\u00dcT\u00dcN\u00dcN OSMANLI BANKASI BASKINI UNUTMADI, 120 NC\u0130 YILINDA BANKA \u00d6N\u00dcNDE D\u00dcZENLENEN BASIN TOPLANTISIYLA\u00a0 LANETLEND\u0130 Bas\u0131n bildirisini 15 Temmuz 2016 Feto darbe giri\u015fiminin benzeri<\/p>\n","protected":false},"author":13,"featured_media":20286,"comment_status":"closed","ping_status":"closed","sticky":false,"template":"","format":"standard","meta":{"advanced_seo_description":"","jetpack_seo_html_title":"","jetpack_seo_noindex":false,"_jetpack_memberships_contains_paid_content":false,"footnotes":""},"categories":[6],"tags":[],"class_list":["post-20285","post","type-post","status-publish","format-standard","has-post-thumbnail","hentry","category-yorum"],"jetpack_featured_media_url":"https:\/\/i0.wp.com\/www.bghaber.org\/bghaber\/wp-content\/uploads\/2016\/08\/celal.jpg?fit=100%2C138&ssl=1","jetpack_sharing_enabled":true,"jetpack_likes_enabled":true,"jetpack-related-posts":[],"jetpack_shortlink":"https:\/\/wp.me\/pc2PfJ-5hb","_links":{"self":[{"href":"https:\/\/www.bghaber.org\/bghaber\/wp-json\/wp\/v2\/posts\/20285","targetHints":{"allow":["GET"]}}],"collection":[{"href":"https:\/\/www.bghaber.org\/bghaber\/wp-json\/wp\/v2\/posts"}],"about":[{"href":"https:\/\/www.bghaber.org\/bghaber\/wp-json\/wp\/v2\/types\/post"}],"author":[{"embeddable":true,"href":"https:\/\/www.bghaber.org\/bghaber\/wp-json\/wp\/v2\/users\/13"}],"replies":[{"embeddable":true,"href":"https:\/\/www.bghaber.org\/bghaber\/wp-json\/wp\/v2\/comments?post=20285"}],"version-history":[{"count":0,"href":"https:\/\/www.bghaber.org\/bghaber\/wp-json\/wp\/v2\/posts\/20285\/revisions"}],"wp:featuredmedia":[{"embeddable":true,"href":"https:\/\/www.bghaber.org\/bghaber\/wp-json\/wp\/v2\/media\/20286"}],"wp:attachment":[{"href":"https:\/\/www.bghaber.org\/bghaber\/wp-json\/wp\/v2\/media?parent=20285"}],"wp:term":[{"taxonomy":"category","embeddable":true,"href":"https:\/\/www.bghaber.org\/bghaber\/wp-json\/wp\/v2\/categories?post=20285"},{"taxonomy":"post_tag","embeddable":true,"href":"https:\/\/www.bghaber.org\/bghaber\/wp-json\/wp\/v2\/tags?post=20285"}],"curies":[{"name":"wp","href":"https:\/\/api.w.org\/{rel}","templated":true}]}}