{"id":20275,"date":"2016-08-29T01:42:56","date_gmt":"2016-08-28T22:42:56","guid":{"rendered":"http:\/\/www.bghaber.org\/bghaber\/?p=20275"},"modified":"2016-08-29T10:13:08","modified_gmt":"2016-08-29T07:13:08","slug":"kutlamalarin-acelesi-yok","status":"publish","type":"post","link":"https:\/\/www.bghaber.org\/bghaber\/kutlamalarin-acelesi-yok\/","title":{"rendered":"Kutlamalar\u0131n Acelesi Yok"},"content":{"rendered":"<p>Konu: \u201c<strong>Bug\u00fcn T\u00fcrkiye Ba\u015fkan\u0131 b\u00f6lgenin ve d\u00fcnyan\u0131n gelece\u011fini elinde tutuyor.<\/strong><\/p>\n<p><strong>\u00a0\u00a0\u00a0\u00a0\u00a0\u00a0\u00a0\u00a0\u00a0\u00a0 O bunun bilincindedir. Ataca\u011f\u0131 tek imzayla tarih yazabilir<\/strong>.\u201d<\/p>\n<p><img data-recalc-dims=\"1\" loading=\"lazy\" decoding=\"async\" class=\"\" src=\"https:\/\/i0.wp.com\/media.licdn.com\/mpr\/mpr\/shrinknp_200_200\/AAEAAQAAAAAAAASuAAAAJDBkZmY2NzgyLTBiZDgtNGRhZS04YTE5LTZkZTZhYzI2ODQ1Ng.jpg?resize=144%2C144&#038;ssl=1\" alt=\"Andre Vl\u00e7ek ile ilgili g\u00f6rsel sonucu\" width=\"144\" height=\"144\" \/>\u00a0Andre<strong> Vl\u00e7ek. <\/strong>Rus as\u0131ll\u0131 olup hayat\u0131n\u0131n daha uzun b\u00f6l\u00fcm\u00fcn\u00fc\u00a0New York\u2019ta ge\u00e7irmi\u015f, b\u00fct\u00fcn k\u0131talarda ya\u015fam\u0131\u015f ve \u00e7al\u0131\u015fm\u0131\u015f bir\u00a0gazeteci, film yap\u0131mc\u0131s\u0131 ve yazard\u0131r.<\/p>\n<p>Bir\u00e7ok \u00fclkedeki sava\u015flar\u0131 ve \u00e7at\u0131\u015fmalar\u0131 yans\u0131tm\u0131\u015ft\u0131r.<\/p>\n<p>Son kitaplar\u0131: \u201c<strong>\u0130mparatorluk Yalanlar\u0131n\u0131n \u0130\u00e7 Y\u00fcz\u00fcn\u00fc A\u00e7\u0131\u011fa <\/strong><\/p><div id=\"bghab-855562770\" class=\"bghab-icerik-icine bghab-entity-placement\"><script async src=\"\/\/pagead2.googlesyndication.com\/pagead\/js\/adsbygoogle.js?client=ca-pub-6203283170189293\" crossorigin=\"anonymous\"><\/script><ins class=\"adsbygoogle\" style=\"display:block; text-align:center;\" data-ad-client=\"ca-pub-6203283170189293\" \ndata-ad-slot=\"7303146466\" \ndata-ad-layout=\"in-article\"\ndata-ad-format=\"fluid\" data-full-width-responsive=\"true\"><\/ins>\n<script> \n(adsbygoogle = window.adsbygoogle || []).push({}); \n<\/script>\n<\/div>\n<p><strong>Vurmak<\/strong>\u201d ve \u201c<strong>Bat\u0131 Emperyalizmine Kar\u015f\u0131 Sava\u015f\u0131m<\/strong>\u201d<\/p>\n<p>Telessur ve Pres TV i\u00e7in belgeseller \u00e7ekiyor.<\/p>\n<p>Uzun zaman Latin Amerika ve Pasifik b\u00f6lgesinde kald\u0131ktan sonra \u015fimdi Yak\u0131n Do\u011fu\u2019yu yans\u0131t\u0131yor.<\/p>\n<p><strong>Bir \u00e7ok insan, Bat\u0131ya olan psikolojik, politik ve ekonomik ba\u011f\u0131ml\u0131l\u0131\u011f\u0131n\u0131 tuzla buz etmek i\u00e7in NATO\u2019dan ayr\u0131lmaya haz\u0131rlanan bir T\u00fcrkiye g\u00f6rmek ve bunun ger\u00e7ek olmas\u0131n\u0131 isteyen b\u00fcy\u00fck say\u0131da insan var. <\/strong>Recep Tayyib Erdo\u011fan ve onunla beraber olanlar\u0131n ABD ve AB ile kavga etti\u011fi \u015fu d\u00f6nemde, T\u00fcrkiye\u2019nin d\u00fcnyadaki konumlar\u0131n\u0131 titiz bir yakla\u015f\u0131mla yeniden de\u011ferlendirebilece\u011fi, Rusya ve \u00c7in\u2019le olan ili\u015fkilerini peki\u015ftirebilece\u011fi, Suriye Ba\u015fkan\u0131 Ba\u015far Esat ile tarihsel dostlu\u011funu yeniden tesis edebilece\u011fi ve \u0130ran\u2019la ili\u015fkilerini iyile\u015ftirebilece\u011fi umudu beklenmedik bir \u015fekilde yeniden do\u011fdu.<\/p>\n<p>B\u00f6ylesine birden bire ve b\u00f6ylesine beklenmedik bir \u015fekilde bunlar ger\u00e7ekten olabilir mi?<\/p><div id=\"bghab-1049049351\" class=\"bghab-icerik-icine-10-paragraf bghab-entity-placement\"><script async src=\"\/\/pagead2.googlesyndication.com\/pagead\/js\/adsbygoogle.js?client=ca-pub-6203283170189293\" crossorigin=\"anonymous\"><\/script><ins class=\"adsbygoogle\" style=\"display:block; text-align:center;\" data-ad-client=\"ca-pub-6203283170189293\" \ndata-ad-slot=\"7303146466\" \ndata-ad-layout=\"in-article\"\ndata-ad-format=\"fluid\" data-full-width-responsive=\"true\"><\/ins>\n<script> \n(adsbygoogle = window.adsbygoogle || []).push({}); \n<\/script>\n<\/div>\n<p>E\u011fer T\u00fcrkiye BR\u0130KS\u2019e geli\u015fig\u00fczel kat\u0131l\u0131rsa, NATO\u2019dan ayr\u0131lmay\u0131 kararla\u015ft\u0131r\u0131rsa, Bat\u0131\u2019n\u0131n \u00f6l\u00fcmc\u00fcl kuca\u011f\u0131 ile ba\u015f edebilirse, <strong>b\u00fct\u00fcn d\u00fcnya de\u011fi\u015fecektir!<\/strong><\/p>\n<p>\u00c7evremdekiler bir yandan art\u0131k kutluyorlar<strong>.<\/strong>\u00a0 Fakat ben hen\u00fcz onlara kat\u0131lm\u0131yorum. Beklemekteyim. T\u00fcrkiye\u2019yi iyi bilen biriyim. 20 y\u0131ldan uzun bir s\u00fcre T\u00fcrklerle yak\u0131n i\u015fbirli\u011fi yaparak \u00e7al\u0131\u015ft\u0131m. Kitaplar\u0131mdan be\u015fi terc\u00fcme edildi ve orada bas\u0131ld\u0131. \u0130stanbul\u2019da bir\u00e7ok TV kanal\u0131na \u00e7\u0131kt\u0131m.<\/p>\n<p><strong>Do\u011fruyu s\u00f6ylemem gerekirse, T\u00fcrkiye\u2019yi ne kadar daha fazla tan\u0131d\u0131k\u00e7a, o kadar da az anlayabildim<\/strong>!<\/p>\n<p><strong>Yery\u00fcz\u00fcn\u00fcn en karma\u015f\u0131k \u00fclkelerinden biridir T\u00fcrkiye<\/strong>.<\/p>\n<p>\u00d6ng\u00f6r\u00fclebilmesi imk\u00e2ns\u0131z, \u00e7eli\u015fkiler yuma\u011f\u0131 ve ba\u011fla\u015f\u0131kl\u0131klar\u0131 s\u00fcrekli de\u011fi\u015fen bir \u00fclkedir T\u00fcrkiye. Hi\u00e7bir \u015fey y\u00fczeyde g\u00f6r\u00fcnd\u00fc\u011f\u00fc gibi de\u011fildir. Dipteki ak\u0131mlar da bir\u00e7ok kez birbirine kar\u0131\u015f\u0131yor, birbirinden ayr\u0131l\u0131yor hatta y\u00f6n de\u011fi\u015ftiriyorlar.<\/p><div id=\"bghab-2162714288\" class=\"bghab-icerik-icine-15-paragraf bghab-entity-placement\"><script async src=\"\/\/pagead2.googlesyndication.com\/pagead\/js\/adsbygoogle.js?client=ca-pub-6203283170189293\" crossorigin=\"anonymous\"><\/script><ins class=\"adsbygoogle\" style=\"display:block; text-align:center;\" data-ad-client=\"ca-pub-6203283170189293\" \ndata-ad-slot=\"7303146466\" \ndata-ad-layout=\"in-article\"\ndata-ad-format=\"fluid\" data-full-width-responsive=\"true\"><\/ins>\n<script> \n(adsbygoogle = window.adsbygoogle || []).push({}); \n<\/script>\n<\/div>\n<p><strong>T\u00fcrkiye \u00fcst\u00fcne namuslu ve dirin yazmak, may\u0131n tarlas\u0131nda ko\u015fmak gibi bir \u015feydir. <\/strong><\/p>\n<p>Sonunda her defas\u0131nda yanl\u0131\u015f yere \u00e7\u0131kt\u0131\u011f\u0131m\u0131z\u0131 anlar\u0131z! S\u00f6yleyeceklerinin \u00f6nemine bak\u0131lmaks\u0131z\u0131n, T\u00fcrklerden bir\u00e7oklar\u0131n\u0131 mutsuz edebilirsin. Bu \u00e7ok \u00f6nemlidir, \u00e7\u00fcnk\u00fc burada nesnel hakikat sanki hi\u00e7 de basit de\u011fil. De\u011fi\u015fik \u201ckamplar\u201d birbiriyle anla\u015fam\u0131yorlar. Bu k\u00f6kl\u00fc ve hararetli bir anla\u015fmazl\u0131kt\u0131r.<\/p>\n<p><strong>Bundan dolay\u0131, bir\u00e7ok yabanc\u0131 (himaye alt\u0131nda olan) yorumcu ve analizcinin T\u00fcrkiye\u2019de son d\u00f6nemde ba\u015f g\u00f6steren olaylarla ilgili de\u011ferlendirmelerinde de\u011fi\u015fikler yapmalar\u0131na hi\u00e7 de \u015fa\u015fmad\u0131m. Onlardan baz\u0131lar\u0131 kesin g\u00f6r\u00fc\u015f beyan etmeye de uzand\u0131lar.<\/strong><\/p>\n<p>T\u00fcrkiye\u2019yi iyi tan\u0131mayanlar ger\u00e7ekten de art\u0131k kutlamaya ba\u015flad\u0131lar. Sanki onlar her \u015fey art\u0131k tamamen anlayabildiler. \u201c<em>T\u00fcrkiye Cumhurba\u015fkan\u0131 rota de\u011fi\u015ftirdi ve T\u00fcrkiye Suriye s\u0131n\u0131r \u00fczerinde d\u00fc\u015f\u00fcr\u00fclen u\u015fakla ilgili Rusya\u2019dan \u00f6z\u00fcr dilemeye karar verdi. Ard\u0131ndan <strong>Bat\u0131 \u00f6l\u00fcmc\u00fcl bir askeri darbe denemesi \u00f6rg\u00fctledi. <\/strong>Erdo\u011fan<strong>: \u201cBu kadar yeter!\u201d<\/strong>dedi. Darbe denemesinin iplerini \u00e7ekip \u00e7\u0131kard\u0131. Putin ve Rusya ile kucakla\u015fmak i\u00e7in Sankt Peterburg\u2019a gitti<\/em>.\u201d<\/p>\n<p><strong>Her \u015feyin bu kadar basit olmas\u0131n\u0131 ben de isterdim<\/strong>. Ben de kutlamalara hemen kat\u0131lmay\u0131 \u00e7ok isterdim.<\/p><div id=\"bghab-3745470971\" class=\"bghab-icerik-icine-20-paragraf bghab-entity-placement\"><script async src=\"\/\/pagead2.googlesyndication.com\/pagead\/js\/adsbygoogle.js?client=ca-pub-6203283170189293\" crossorigin=\"anonymous\"><\/script><ins class=\"adsbygoogle\" style=\"display:block; text-align:center;\" data-ad-client=\"ca-pub-6203283170189293\" \ndata-ad-slot=\"7303146466\" \ndata-ad-layout=\"in-article\"\ndata-ad-format=\"fluid\" data-full-width-responsive=\"true\"><\/ins>\n<script> \n(adsbygoogle = window.adsbygoogle || []).push({}); \n<\/script>\n<\/div>\n<p>Oysa ben bilgisayar ba\u015f\u0131na \u00e7\u00f6km\u00fc\u015f, \u00e7ok sevdi\u011fim ve y\u0131llardan beri alg\u0131layamad\u0131\u011f\u0131m T\u00fcrkiye\u2019yi yeniden anlatmaya \u00e7al\u0131\u015f\u0131yorum.<\/p>\n<p><img data-recalc-dims=\"1\" decoding=\"async\" src=\"https:\/\/i0.wp.com\/www.siyasetinsesi.net\/haber_resim\/putin-erdogan-i-arayacak-6074.jpg?w=640\" alt=\"putin erdo\u011fan ile ilgili g\u00f6rsel sonucu\" \/><\/p>\n<p><strong>\u00a0\u00a0\u00a0\u00a0\u00a0<\/strong>Vladimir Putin ve Recep Erdo\u011fan, Sankt Peterburg, 9 A\u011fustos 2016<\/p>\n<p>***<\/p>\n<p>Ben Tayyib Erdo\u011fan\u2019la, onun en b\u00fcy\u00fck T\u00fcrk \u015fehrinin Belediye Ba\u015fkan\u0131 oldu\u011fu zaman, Refah Partisi\u2019nin \u0130stanbul ofisinde g\u00f6r\u00fc\u015ft\u00fcm. G\u00f6r\u00fc\u015fmemiz 90\u2019l\u0131 y\u0131llar\u0131n sonlar\u0131na rastlar. Ben o d\u00f6nemde Sarayevo, Pale, Belgrat ve cephe hatt\u0131 aras\u0131nda gidip gelerek Yugoslavya\u2019ya Sava\u015f\u0131n\u0131 yans\u0131t\u0131rken can\u0131m\u0131 kurtarmakla me\u015fguld\u00fcm.\u00a0 Tan\u0131d\u0131\u011f\u0131m gazetecilerden \u00e7o\u011fu Viyana\u2019ya kadar trenle yolculuk etmeyi ye\u011flerken (u\u00e7ak seferi yoktu, yabanc\u0131lara araba s\u00fcrmek yasaklanm\u0131\u015ft\u0131), sanki y\u0131ll\u0131k izne \u00e7\u0131km\u0131\u015flard\u0131. Bu durumda ben, \u0130stanbul, Edirne Bulgaristan yolcu treniyle yolculuk ediyordum. <strong>Balkanlar\u0131 hakikatten iyi tan\u0131mak istiyorsam ki istiyordum, o zaman Osmanl\u0131 \u0130mparatorlu\u011funu topraklar\u0131n\u0131 tan\u0131mak ve onunla ilgili daha fazla bilgi sahibi olmam gerekti\u011fini biliyordum<\/strong>.<\/p>\n<p>Son haftalarda Say\u0131n Erdo\u011fan, orta ve y\u00fcksek s\u0131n\u0131ftan \u2013 \u0130stanbul\u2019un Bat\u0131 yanl\u0131s\u0131 Laik sakinlerinden bir\u00e7o\u011funu deh\u015fete d\u00fc\u015f\u00fcrmeyi ba\u015fard\u0131. Her zaman Avrupa yolu arayan bir ana \u015fehirde o bir \u0130slamc\u0131 Parti ile ba\u011fl\u0131yd\u0131. Ne de olsa, baz\u0131 k\u00f6kl\u00fc sosyal reformlar\u0131 ger\u00e7ekle\u015ftiren o oldu, at\u0131klar\u0131 yeniden kullanmadan altyap\u0131s\u0131na kadar mega \u015fehirde k\u00f6kl\u00fc de\u011fi\u015fiklikler yapt\u0131. <strong>Birle\u015fmi\u015f Milletlerin yeniden yap\u0131land\u0131rma program\u0131ndan g\u00fc\u00e7l\u00fc destek ald\u0131<\/strong>. Ne s\u00f6yleyece\u011fini i\u015fitmek i\u00e7in onunla g\u00f6r\u00fc\u015fmemi kabul etti.<\/p><div id=\"bghab-528931449\" class=\"bghab-icerik-icine-25-paragraf bghab-entity-placement\"><script async src=\"\/\/pagead2.googlesyndication.com\/pagead\/js\/adsbygoogle.js?client=ca-pub-6203283170189293\" crossorigin=\"anonymous\"><\/script><ins class=\"adsbygoogle\" style=\"display:block; text-align:center;\" data-ad-client=\"ca-pub-6203283170189293\" \ndata-ad-slot=\"7303146466\" \ndata-ad-layout=\"in-article\"\ndata-ad-format=\"fluid\" data-full-width-responsive=\"true\"><\/ins>\n<script> \n(adsbygoogle = window.adsbygoogle || []).push({}); \n<\/script>\n<\/div>\n<p><strong>Bir dini fanatikle y\u00fczle\u015fmeyi umarken, kar\u015f\u0131mda \u00e7ok bencil, i\u015fi ba\u015f\u0131ndan a\u015fk\u0131n ve faydac\u0131 bir siyaset\u00e7i, bir halk\u00e7\u0131 buldum.<\/strong><\/p>\n<p><strong>\u201c<\/strong><em>T\u00fcrk\u00e7e konu\u015fuyor musunuz<\/em><strong>? <\/strong>diye sordu, selam yerine.<\/p>\n<p>\u201cYetersiz\u201d \u2013 d3edim ve ekledim: \u201c<em>Yaln\u0131z birka\u00e7 s\u00f6z<\/em>.\u201d<\/p>\n<p>Evet sizin T\u00fcrk\u00e7eniz yetersiz, fakat benim partimin (<strong>Refah Partisi<\/strong>) ad\u0131n\u0131, aksans\u0131z,\u00a0 m\u00fckemmel telaffuz ettiniz. Bu bizim ne kadar \u00f6nemli ve yeri doldurulamaz oldu\u011fumuz bir kan\u0131r de\u011fil midir?<\/p>\n<p>***<\/p><div id=\"bghab-1499598921\" class=\"bghab-icerik-icine-30-paragraf bghab-entity-placement\"><script async src=\"\/\/pagead2.googlesyndication.com\/pagead\/js\/adsbygoogle.js?client=ca-pub-6203283170189293\" crossorigin=\"anonymous\"><\/script><ins class=\"adsbygoogle\" style=\"display:block; text-align:center;\" data-ad-client=\"ca-pub-6203283170189293\" \ndata-ad-slot=\"7303146466\" \ndata-ad-layout=\"in-article\"\ndata-ad-format=\"fluid\" data-full-width-responsive=\"true\"><\/ins>\n<script> \n(adsbygoogle = window.adsbygoogle || []).push({}); \n<\/script>\n<\/div>\n<p>Bundan tam emin olmad\u0131\u011f\u0131mdan\u2026 onu anlamaya, onun mant\u0131\u011f\u0131n\u0131 izlemeye \u00e7al\u0131\u015ft\u0131m. Kar\u015f\u0131mda duran ve kendisini a\u015famad\u0131\u011f\u0131m ve egosunun yolunca ilerlemeye karal\u0131 bu ki\u015fiyle \u0130stanbul\u2019da y\u00fcz y\u00fcze olmaktansa, o an Yugoslavya sava\u015f hendeklerinden birinde kendimi daha iyi hissedece\u011fimi d\u00fc\u015f\u00fcnd\u00fc\u011f\u00fcm\u00fc, itiraf ediyorum.<\/p>\n<p><strong>Ve o i\u015fini g\u00f6rmeye devam ediyordu. T\u00fcrkiye halk\u0131n\u0131n daha \u00e7o\u011fu oyunu ona veriyordu, 2013\u2019te Ba\u015fbakan oldu ve 2014\u2019te T\u00fcrkiye Cumhurba\u015fkan\u0131 se\u00e7ildi.<\/strong>.<\/p>\n<p><img data-recalc-dims=\"1\" decoding=\"async\" src=\"https:\/\/i0.wp.com\/www.mignews.info\/wp-content\/uploads\/borisov-erdogan-1.jpg?w=640\" alt=\"borisov erdo\u011fan ile ilgili g\u00f6rsel sonucu\" \/><\/p>\n<p>Bulgaristan Ba\u015fbakan\u0131 Boyko Borisov ile T\u00fcrkiye Cumhurba\u015fkan\u0131 Recep<\/p>\n<p>Erdo\u011fan g\u00f6r\u00fc\u015fmesi, \u0130stanbul, 26 A\u011fustos 2016.<\/p>\n<p>***<\/p><div id=\"bghab-3685014855\" class=\"bghab-icerik-icine-35-paragraf bghab-entity-placement\"><script async src=\"\/\/pagead2.googlesyndication.com\/pagead\/js\/adsbygoogle.js?client=ca-pub-6203283170189293\" crossorigin=\"anonymous\"><\/script><ins class=\"adsbygoogle\" style=\"display:block; text-align:center;\" data-ad-client=\"ca-pub-6203283170189293\" \ndata-ad-slot=\"7303146466\" \ndata-ad-layout=\"in-article\"\ndata-ad-format=\"fluid\" data-full-width-responsive=\"true\"><\/ins>\n<script> \n(adsbygoogle = window.adsbygoogle || []).push({}); \n<\/script>\n<\/div>\n<p>\u0130slamc\u0131 olsa da olmasa da, 2003\u2019ten beri Erdo\u011fan Bat\u0131 taraf\u0131ndan d\u0131\u015flanmad\u0131. O, Bat\u0131\u2019n\u0131n en g\u00fc\u00e7l\u00fc askeri \u00f6rg\u00fct\u00fc olan NATO\u2019nun ko\u015fulsuz ve kesin \u00fcyesi olan \u00fclkesinin lideriydi. O bu ba\u011flar\u0131 koparmaya asla yeltenmedi.<\/p>\n<p>T\u00fcrkiye, Bat\u0131 ile ya da onun ortaklar\u0131 veya \u201cba\u011f\u0131ml\u0131\u201d devletlerle, s\u00fcreli k\u00fc\u00e7\u00fck s\u00fcrt\u00fc\u015fmeler ya\u015fasa da,\u00a0 askeri m\u00fcttefikli\u011fin gelece\u011fine tehlike olu\u015fturan bir \u015fey olmam\u0131\u015ft\u0131. Gemi m\u00fcrettebat\u0131ndan baz\u0131 ki\u015filerin \u00f6l\u00fcm\u00fcyle sonu\u00e7lanan, Gaza\u2019ya insani yard\u0131m ta\u015f\u0131yan T\u00fcrk gemisi\u00a0 \u201cMavi Marmara\u201d ya yap\u0131lan sald\u0131r\u0131dan sonra,\u00a0 2010 y\u0131l\u0131nda T\u00fcrkiye ile \u0130srail ili\u015fkileri genelde s\u00f6zl\u00fc, ama ciddi bir buhran ya\u015fad\u0131. Askeri ili\u015fkiler kesilmedi. \u00d6rne\u011fin, T\u00fcrkiye Konya yak\u0131n\u0131ndaki askeri hava \u00fcss\u00fcnde \u0130srail pilotu e\u011fitmeye devam etti.<\/p>\n<p>\u00c7ok fazla \u00e7eli\u015fkili bir durum ya\u015fand\u0131.<\/p>\n<p>***<\/p>\n<p><strong>T\u00fcrkiye\u2019de \u201cKimin kim oldu\u011funu anlamak!\u201d \u00e7ok zordur. Ba\u011fl\u0131l\u0131klar de\u011fi\u015fiyor. Ki\u015filer ve \u00f6rg\u00fctler de durmadan de\u011fi\u015fiyor. <\/strong><\/p><div id=\"bghab-481564773\" class=\"bghab-icerik-icine-40-paragraf bghab-entity-placement\"><script async src=\"\/\/pagead2.googlesyndication.com\/pagead\/js\/adsbygoogle.js?client=ca-pub-6203283170189293\" crossorigin=\"anonymous\"><\/script><ins class=\"adsbygoogle\" style=\"display:block; text-align:center;\" data-ad-client=\"ca-pub-6203283170189293\" \ndata-ad-slot=\"7303146466\" \ndata-ad-layout=\"in-article\"\ndata-ad-format=\"fluid\" data-full-width-responsive=\"true\"><\/ins>\n<script> \n(adsbygoogle = window.adsbygoogle || []).push({}); \n<\/script>\n<\/div>\n<p>\u0130ddialara g\u00f6re, ABD Devlet Sekreterli\u011fi y\u0131llar\u0131nda T\u00fcrkiye ziyaretlerinin birinde Hillary Clinton, T\u00fcrk h\u00fck\u00fcmetinden bir sosyalist ve milliyet\u00e7i yay\u0131n olan \u201c<em>Ayd\u0131nl\u0131k Gazetesi<\/em>\u201d ni kapatmas\u0131n\u0131 istemi\u015ftir. \u201cAyd\u0131nl\u0131k\u201d ta birka\u00e7 s\u00f6yle\u015fi yapm\u0131\u015ft\u0131m, onlar da benden m\u00fclakat ald\u0131lar. Dostum ve T\u00fcrk belgesel filmcili\u011finin \u00fcstad\u0131 say\u0131lan <strong>Serkan Ko\u00e7\u2019un<\/strong> da \u00e7al\u0131\u015ft\u0131\u011f\u0131 \u201c<em>Ulusal Kanal<\/em>\u201d ile i\u015fbirli\u011fi yapt\u0131m.<\/p>\n<p><strong>T\u00fcrkiye\u2019de Kemalistler\u2019den daha \u00e7o\u011fu ve milliyet\u00e7i kesim K\u00fcrtlerin ba\u011f\u0131ms\u0131zl\u0131k ya da her hangi bir t\u00fcr otonomi sava\u015f\u0131na kar\u015f\u0131d\u0131r.\u00a0 Onlar\u0131n hepsi g\u00fc\u00e7l\u00fc, laik, ba\u011f\u0131ms\u0131z ve egemen T\u00fcrk devleti olmas\u0131 gerekti\u011fine inand\u0131klar\u0131ndan, PKK hepsi i\u00e7in bir ter\u00f6r \u00f6rg\u00fct\u00fcd\u00fcr.<\/strong><\/p>\n<p><strong>PKK i\u00e7in farkl\u0131 g\u00f6r\u00fc\u015fler var. Ortak noktada, herkes a\u015f\u0131r\u0131 milliyet\u00e7i bir K\u00fcrt \u00f6rg\u00fct\u00fc nokras\u0131nda bulu\u015fuyorlar. Di\u011ferleri onu emperyalizmin be\u015finci \u201ckol ordusu\u201d olarak g\u00f6sterirken, C\u0130A a\u015f\u0131s\u0131 oldu\u011funu savunanlar da \u00e7ok. <\/strong><\/p>\n<p>T\u00fcrklerin tek noktada bulu\u015famad\u0131klar\u0131 yaln\u0131z \u201c<em>K\u00fcrt sorunu<\/em>\u201d de\u011fildir. S\u00f6z\u00fcm ona \u201c<strong>Ermeni soyk\u0131r\u0131m\u0131<\/strong>\u201d deyecek olsan, kendini hemen yukar\u0131da de\u011findi\u011fim may\u0131n tarlar\u0131n\u0131n tam ortas\u0131nda bulursun. T\u00fcrk solu da ekseri \u00a0\u201c<strong>soyk\u0131r\u0131m<\/strong>\u201d s\u00f6z\u00fcn\u00fc <strong>i\u015fitmek bile istemiyor<\/strong>. Siz, g\u00f6r\u00fc\u015fmelerinizde sohbete K\u00fcrt ya da Ermeni \u201c<strong>problemi<\/strong>\u201d sokarsan\u0131z, bir gecede dostlar\u0131n\u0131z\u0131n daha fazlas\u0131n\u0131 bir gecede kaybetmi\u015f olursunuz.<\/p>\n<p>Kafa kar\u0131\u015ft\u0131r\u0131c\u0131! Daha k\u00f6t\u00fc olan da var. Kar\u0131\u015f\u0131kl\u0131\u011f\u0131 tamamen anlayabilmek i\u00e7in 2014\u2019te Avrupa k\u0131sm\u0131nda, \u00a0\u0130stanbul\u2019dan 80 km uzak olan \u201c<strong>Silivri<\/strong>\u201d cezaevine gittim. O zaman bu \u00e7ok g\u00fcvenli tesise b\u00fcy\u00fck say\u0131da T\u00fcrk general, albay ve de\u011fi\u015fik r\u00fctbelerde subayla, ayd\u0131n ve militan kapanm\u0131\u015ft\u0131. Onlar kod ad\u0131 \u201c<em>Balyoz Harek\u00e2t\u0131<\/em>\u201d olan, 2003 y\u0131l\u0131nda yap\u0131lmak istenen, bir laik askeri darbeye kat\u0131lmalar\u0131 muhtemel oldu\u011fundan dolay\u0131 i\u00e7erdeydiler.<\/p><div id=\"bghab-4201419333\" class=\"bghab-icerik-icine-45-paragraf bghab-entity-placement\"><script async src=\"\/\/pagead2.googlesyndication.com\/pagead\/js\/adsbygoogle.js?client=ca-pub-6203283170189293\" crossorigin=\"anonymous\"><\/script><ins class=\"adsbygoogle\" style=\"display:block; text-align:center;\" data-ad-client=\"ca-pub-6203283170189293\" \ndata-ad-slot=\"7303146466\" \ndata-ad-layout=\"in-article\"\ndata-ad-format=\"fluid\" data-full-width-responsive=\"true\"><\/ins>\n<script> \n(adsbygoogle = window.adsbygoogle || []).push({}); \n<\/script>\n<\/div>\n<p><strong>Bu generaller kimdi? Onlar\u0131n tutuklanmas\u0131n\u0131 gerektiren olaylar hangileriydi?<\/strong><\/p>\n<p>Onlardan baz\u0131lar\u0131n\u0131n aileleriyle g\u00f6r\u00fc\u015ft\u00fcm. Tan\u0131klarla konu\u015ftum. Kimileri Erdo\u011fan\u2019a ve onun AK Partisine kar\u015f\u0131 konu\u015ftular. \u00c7ok k\u00fc\u00e7\u00fck bir k\u0131sm\u0131 T\u00fcrkiye\u2019nin NATO \u00fcyeli\u011fine kar\u015f\u0131 \u00e7\u0131karken, di\u011ferleri Avrupa Asya projesini destekliyordu.<\/p>\n<p>Ger\u00e7ek nedenleri ne olursa olsun, h\u00fck\u00fcmet generalleri ve onlarla olanlar\u0131 uygunsuz hatta tehlikeli buldu. Onlara kar\u015f\u0131 a\u00e7\u0131lan dava uydurmayd\u0131, \u00fclkede ve d\u0131\u015f d\u00fcnyada sert tepki alm\u0131\u015ft\u0131. Fakat Erdo\u011fan\u2019 destekleyen, \u00fclkeden kovulan ve (o zaman) AK Parti\u2019nin \u00e7ok yak\u0131n m\u00fcttefiki <strong>Feytullah G\u00fclen<\/strong> taraf\u0131ndan y\u00f6netilen, \u00e7ok g\u00fc\u00e7l\u00fc bir \u0130slam hareketi \u2013 <strong>cemaat <\/strong>\u2013 vard\u0131.<\/p>\n<p><strong>1914\u2019te AK parti ile G\u00fclen birbirine d\u00fc\u015ft\u00fckten sonra, san\u0131klar tutuk evlerinden sal\u0131nd\u0131 ve toplam say\u0131lar\u0131 236 olan t\u00fcm tutuklular 31 Mart 2015 g\u00fcn\u00fc akland\u0131.<\/strong><\/p>\n<p>Ve \u015fimdi Cumhurba\u015fkan\u0131 Erdo\u011fan, ba\u015far\u0131s\u0131zl\u0131kla sonu\u00e7lanan en yeni askeri darbe kalk\u0131\u015fmas\u0131n\u0131n ard\u0131nda Feytullah G\u00fclen\u2019\u0131n durdu\u011fu su\u00e7lamas\u0131yla ABD\u2019de bulunan T\u00fcrkiye\u2019ye iade edilmesinde ayak diriyor.<\/p><div id=\"bghab-4013510863\" class=\"bghab-icerik-icine-50-paragraf bghab-entity-placement\"><script async src=\"\/\/pagead2.googlesyndication.com\/pagead\/js\/adsbygoogle.js?client=ca-pub-6203283170189293\" crossorigin=\"anonymous\"><\/script><ins class=\"adsbygoogle\" style=\"display:block; text-align:center;\" data-ad-client=\"ca-pub-6203283170189293\" \ndata-ad-slot=\"7303146466\" \ndata-ad-layout=\"in-article\"\ndata-ad-format=\"fluid\" data-full-width-responsive=\"true\"><\/ins>\n<script> \n(adsbygoogle = window.adsbygoogle || []).push({}); \n<\/script>\n<\/div>\n<p>Belki de zaten harman karman \u00e7orman olan i\u015flerin daha da kar\u0131\u015fmas\u0131 i\u00e7in olacak, sol kanattan tan\u0131d\u0131\u011f\u0131m T\u00fcrk gazeteciler daha 2012\u2019de benden bu dini hareketin \u2013cemaat &#8211; ara\u015ft\u0131rmam\u0131 rica etmi\u015flerdi. O zaman ben Afrika\u2019da bulunuyordum ve onlar Afrika k\u0131tas\u0131nda okulla\u015fmalar\u0131n\u0131 ve her t\u00fcrden sap\u0131k tehlikeli a\u015f\u0131r\u0131 din \u00f6\u011fretilerinin yayg\u0131nla\u015ft\u0131r\u0131lmas\u0131yla cemaat etkinliklerini irdelememde \u0131srar ediyorlard\u0131. O y\u0131llarda Feytullah G\u00fclen T\u00fcrkiye\u2019de AK Parti\u2019ne yak\u0131n kabul edilirken, amerikanc\u0131 olarak biliniyordu.<\/p>\n<p>Bilindi\u011fi \u00fcze AK Parti\u2019nin \u201c<strong>Yeni Osmanc\u0131l\u0131\u011f\u0131<\/strong>\u201d bir ara biraz kontrol d\u0131\u015f\u0131na ta\u015fm\u0131\u015ft\u0131. Bat\u0131 endi\u015felenmeye ba\u015flam\u0131\u015ft\u0131. \u00d6yle de olsa, T\u00fcrkiye Bat\u0131 siyasetini ve onun Yak\u0131n Do\u011fu\u2019daki emperyalist siyasetini destekliyordu. <strong>\u00c7ok yak\u0131n ge\u00e7mi\u015fe kadar (\u015fimdi kanl\u0131 d\u00fc\u015fman olsalar dahi) AK Parti\u2019nin izledi\u011fi bu siyasette yak\u0131n m\u00fcttefiki Feytullah G\u00fclen\u2019di.<\/strong><\/p>\n<p>Benim yak\u0131n dostum, yazar, tarih\u00e7i ve gazeteci Yi\u011fit<strong> G\u00fcnay<\/strong>, 15 Temmuz 2016 darbe denemesinden \u00f6nce \u015fu a\u00e7\u0131klamada bulunmu\u015ftu:<\/p>\n<p>\u201cSiyasete\u00a0 \u2018neo-Osman izim\u2019 demi\u015flerdi. <strong>AK Parti h\u00fck\u00fcmeti ya da T\u00fcrkiye kendisi, Bat\u0131 emperyalizminin b\u00f6lgedeki ta\u015feronu olarak \u00e7al\u0131\u015facak ve yine bu b\u00f6lgede bir alt\u00fcstenci olarak kendi etki alan\u0131n\u0131 kendisi geni\u015fletecekti<\/strong>. O zaman Birle\u015fik Amerika\u2019da \u00fcstlenmi\u015f olan G\u00fclen hareketi de etkindi. \u015eu an h\u00fck\u00fcmetle cemaat hareketi birbirine d\u00fc\u015fmand\u0131r, fakat eskiden i\u00e7 i\u00e7eydiler. G\u00fclen hareketi Afrika k\u0131tas\u0131nda ola\u011fan\u00fcst\u00fc aktifti, \u00e7\u00fcnk\u00fc onlar\u0131n \u015fan \u015f\u00f6hret yaratmak i\u00e7in kulland\u0131klar\u0131 ana ara\u00e7 okul ve \u00fcniversite a\u00e7makt\u0131. Onlar\u0131n paras\u0131 bol! Okudu\u011fum bir rapordan, 2013 y\u0131l\u0131nda \u201cHizmet\u201d hareketinin Birle\u015fik Amerika\u2019da 130 \u201c<strong>\u00e7art\u0131r okul<\/strong>\u201d (<em>bu, Birle\u015fik Amerika ile Kanada\u2019da devletten mali yard\u0131m alan fakat \u00f6zel y\u00f6netilen okullar i\u00e7in kullan\u0131lan bir terimdir<\/em>) sahibi oldu\u011funu \u00f6\u011frendim. <strong>\u00c7art\u0131r Okul sahibi olanlar Birle\u015fik Amerika vergi m\u00fckelleflerinin \u00f6dedi\u011fi paralardan milyonlarca US Dolar destek al\u0131rlar. <\/strong>\u00d6te yandan bu okullar \u00e7ok iyi \u00f6rg\u00fctlenmi\u015f olup, b\u00fcy\u00fck \u015firketler kurmu\u015flar ve zengindirler. Ve onlar kontrollerinde olan bu zenginlikten varl\u0131klar\u0131n\u0131 katlamak i\u00e7in yararlan\u0131r.<\/p>\n<p>\u201c<strong>Arap Bahar\u0131<\/strong>\u201d patlad\u0131\u011f\u0131nda Cumhurba\u015fkan\u0131 Erdo\u011fan ve AK Parti olduk\u00e7a teredd\u00fctl\u00fcyd\u00fcler. Amerika kendilerine\u00a0 \u201c<strong>Endi\u015felenmeyiniz, olaylar\u0131n arkas\u0131nda biz var\u0131<\/strong>z,\u201d deyene kadar, ne oldu\u011funu pek anlayamam\u0131\u015flard\u0131\u2026<\/p><div id=\"bghab-911528202\" class=\"bghab-icerik-icine-55-paragraf bghab-entity-placement\"><script async src=\"\/\/pagead2.googlesyndication.com\/pagead\/js\/adsbygoogle.js?client=ca-pub-6203283170189293\" crossorigin=\"anonymous\"><\/script><ins class=\"adsbygoogle\" style=\"display:block; text-align:center;\" data-ad-client=\"ca-pub-6203283170189293\" \ndata-ad-slot=\"7303146466\" \ndata-ad-layout=\"in-article\"\ndata-ad-format=\"fluid\" data-full-width-responsive=\"true\"><\/ins>\n<script> \n(adsbygoogle = window.adsbygoogle || []).push({}); \n<\/script>\n<\/div>\n<p>NATO sava\u015f u\u00e7aklar\u0131 Libya\u2019y\u0131 bombalamaya ba\u015flad\u0131\u011f\u0131nda, Erdo\u011fan bir konu\u015fma yapt\u0131 ve yakla\u015f\u0131k olarak \u015f\u00f6yle dedi: \u201c<strong>\u015eu NATO\u2019nun yapt\u0131\u011f\u0131 nedir Allah a\u015fk\u0131na, Libya\u2019y\u0131 bombal\u0131yor<\/strong>.\u201d \u0130ki g\u00fcn sonra bu \u00f6deve T\u00fcrkiye de kat\u0131ld\u0131. Amerikal\u0131lar ona: \u201c<strong>Ne oldu\u011funu g\u00f6rm\u00fcyor musun?<\/strong>\u201d deyince, o da hemen fikrini de\u011fi\u015ftirdi!<\/p>\n<p>Bu geli\u015fmenin ard\u0131ndaki fikir \u015fuydu: \u201c<strong>Asl\u0131nda Arap Bahar\u0131 AK Parti i\u00e7in yararl\u0131d\u0131r. Bunun bir ad\u0131 da, b\u00fct\u00fcn b\u00f6lgede rejimlerin yenilenmesidir. Yeni rejimler \u00f6ncelikli olarak \u0130slamc\u0131yd\u0131 ve b\u00f6ylece AK Parti bu rejimler \u00fczerinde etki kurmada ba\u015far\u0131l\u0131 olabilirdi.\u201d<\/strong><\/p>\n<p><img data-recalc-dims=\"1\" loading=\"lazy\" decoding=\"async\" class=\"\" src=\"https:\/\/i0.wp.com\/i.ytimg.com\/vi\/opMjibcjcgg\/hqdefault.jpg?resize=535%2C401&#038;ssl=1\" alt=\"obama erdo\u011fan ile ilgili g\u00f6rsel sonucu\" width=\"535\" height=\"401\" \/><\/p>\n<p>Barak Obama ve Recep Erdo\u011fan, Paris, 1 Aral\u0131k 2015.<\/p>\n<p><strong>Yukar\u0131da a\u00e7\u0131klamak amac\u0131yla yazd\u0131klar\u0131m\u0131n hepsi T\u00fcrkiye siyasetinin \u00e7ok bile\u015fik ve \u00e7apra\u015f\u0131k oldu\u011funu kan\u0131tlayabilmem i\u00e7indir.<\/strong><\/p>\n<p>Burada devaml\u0131 ve daimi olan bir \u015fey sanki yoktur. En uygun mecaz olarak<strong> \u00a0\u201cyer de\u011fi\u015ftiren kum teperi\u201d <\/strong>demek ge\u00e7iyor akl\u0131mdan.<\/p><div id=\"bghab-22327338\" class=\"bghab-icerik-icine-60-paragraf bghab-entity-placement\"><script async src=\"\/\/pagead2.googlesyndication.com\/pagead\/js\/adsbygoogle.js?client=ca-pub-6203283170189293\" crossorigin=\"anonymous\"><\/script><ins class=\"adsbygoogle\" style=\"display:block; text-align:center;\" data-ad-client=\"ca-pub-6203283170189293\" \ndata-ad-slot=\"7303146466\" \ndata-ad-layout=\"in-article\"\ndata-ad-format=\"fluid\" data-full-width-responsive=\"true\"><\/ins>\n<script> \n(adsbygoogle = window.adsbygoogle || []).push({}); \n<\/script>\n<\/div>\n<p>***<\/p>\n<p><strong>Bu yolda T\u00fcrkiye\u2019nin y\u00f6nelimi nereyedir?<\/strong><\/p>\n<p><strong>T\u00fcrkiye\u2019nin Do\u011fuya d\u00f6nmesi ger\u00e7ekten m\u00fcmk\u00fcn olabilir mi?<\/strong><\/p>\n<p>Umutlar b\u00fcy\u00fckt\u00fcr. Bu umutlar bir yere kadar hakl\u0131 da say\u0131labilir. Fakat benim akl\u0131mda bir \u015feyler oldu\u011fu i\u00e7in kutlamalarla acele etmiyorum.<\/p>\n<p><strong>Bat\u0131, T\u00fcrkiye\u2019nin yitirilmesi onun jeopolitik \u00e7\u0131karlar\u0131na \u00e7ok b\u00fcy\u00fck bir darbe olaca\u011f\u0131n\u0131n bilincindedir. Yery\u00fcz\u00fcn\u00fcn en stratejik b\u00f6lgesinde bulunan bu b\u00fcy\u00fck devleti elden ka\u00e7\u0131rmas\u0131 ve tas\u0131n\u0131 tara\u011f\u0131n\u0131 toplay\u0131p bar\u0131\u015f\u00e7\u0131 ve problemsiz gitmesi, ak\u0131l erecek gibi de\u011fil.<\/strong><\/p><div id=\"bghab-1489172502\" class=\"bghab-icerik-icine-65-paragraf bghab-entity-placement\"><script async src=\"\/\/pagead2.googlesyndication.com\/pagead\/js\/adsbygoogle.js?client=ca-pub-6203283170189293\" crossorigin=\"anonymous\"><\/script><ins class=\"adsbygoogle\" style=\"display:block; text-align:center;\" data-ad-client=\"ca-pub-6203283170189293\" \ndata-ad-slot=\"7303146466\" \ndata-ad-layout=\"in-article\"\ndata-ad-format=\"fluid\" data-full-width-responsive=\"true\"><\/ins>\n<script> \n(adsbygoogle = window.adsbygoogle || []).push({}); \n<\/script>\n<\/div>\n<p>T\u00fcrkiye Cumhurba\u015fkan\u0131 Bat\u0131 bask\u0131lar\u0131 kar\u015f\u0131s\u0131nda geri ad\u0131m atmazsa, o devletini NATO\u2019dan b\u00fcy\u00fck bir kararl\u0131l\u0131kla \u00e7ekip al\u0131rsa, (50 US n\u00fckleer silah\u0131n\u0131n korundu\u011fu) \u201c\u0130ncirlik\u201d askeri \u00fcss\u00fcn\u00fc kapat\u0131rsa ve ard\u0131nda T\u00fcrkiye\u2019de bulunan bu askeri tesisleri Rusya\u2019ya a\u00e7arsa, <strong>Bat\u0131\u2019n\u0131n t\u00fcm bunlara g\u00fc\u00e7le hatta \u00e7ok kaba bir \u015fekilde kar\u015f\u0131 koyaca\u011f\u0131n\u0131 d\u00fc\u015f\u00fcnebiliriz.<\/strong><\/p>\n<p><strong>Bu defa men\u00fcde ne olabilir: Katletme denemesi, yeni bir askeri darbe ya da d\u0131\u015f g\u00fc\u00e7ler taraf\u0131ndan k\u0131\u015fk\u0131rt\u0131lan isyanlar m\u0131? Bilemiyorum. Fakat dere gibi kan ak\u0131t\u0131laca\u011f\u0131n\u0131 \u015fimdiden s\u00f6yleyebilirim.<\/strong><\/p>\n<p>Bu durumda T\u00fcrk entelekt\u00fcelleri hangi tarafta olacaklar, \u015fu bilinen akt\u00f6rler, yazarlar, bilim adamlar\u0131 ve gazeteciler ne yapacaklar? Onlar \u00e7ok cesur insanlar. \u00c7omski ile yazd\u0131\u011f\u0131m\u0131z son kitapta onlar hakk\u0131nda \u201cyery\u00fcz\u00fcn\u00fcn en cesur yarat\u0131c\u0131lar\u0131\u201d dedik. Soru \u015fudur: Onlar\u0131n ger\u00e7ek siyasi aidiyeti nerededir? Bir\u00e7oklar\u0131 Paris, Londra, New York, Berlin\u2019ne bak\u0131yor.<\/p>\n<p>Onlardan bir\u00e7oklar\u0131 kimden ilham alacaklar\u0131n\u0131 bilemiyor bug\u00fcn. En fazla \u00fcn yapan iki T\u00fcrk yazar <strong>Orhan Pamuk ile Elif \u015eafak<\/strong>, ruhlar\u0131n\u0131 Bat\u0131ya satm\u0131\u015f karalama ustas\u0131 olarak kabul ediliyor ve T\u00fcrkiye\u2019yi kendilerine para veren yabanc\u0131 yay\u0131mc\u0131 ve okurlar\u0131n arzular\u0131na g\u00f6re anlatt\u0131klar\u0131n\u0131 vurgulamaktan \u00e7ekinmiyorlar.<\/p>\n<p>Gen\u00e7 T\u00fcrkler aras\u0131nda \u00f6nemli bir b\u00f6l\u00fcm, yeni devrim e\u011filimlerini, h\u00fck\u00fcmetleri ve sivil toplum \u00f6rg\u00fctlerini yerinde \u00f6\u011frenmek i\u00e7in Latin Amerika\u2019ya gidiyorlar. Asya\u2019ya gidenler de var. \u0130stanbul\u2019da oturan T\u00fcrk entelekt\u00fceller onlar\u0131n Atinal\u0131 bencil ve varo\u015f zihniyetli meslekta\u015flar\u0131na k\u0131yasla \u00e7ok daha kozmopolit ve geni\u015f d\u00fcnya g\u00f6r\u00fc\u015f\u00fcne sahip ki\u015filerdir. Fakat <strong>T\u00fcrkiye \u015fehit n\u00fcfusunun daha b\u00fcy\u00fck k\u0131sm\u0131 i\u00e7in Avrupa sek\u00fclarizmi ve liberalizmi ana de\u011fer yarg\u0131s\u0131 ve hedeftir.<\/strong><\/p>\n<p>Bu kesin<strong> \u201cNATO\u2019ya kar\u015f\u0131\u201d <\/strong>ve<strong> \u201cABD d\u0131\u015f siyasetine kar\u015f\u0131\u201d <\/strong>olsalar da, bir\u00e7ok kez tam olarak neyin taraftar\u0131 olduklar\u0131n\u0131 anlayabilmek g\u00fc\u00e7t\u00fcr.<\/p>\n<p>H\u00fck\u00fcmet, NATO\u2019ya bir tekme vurmaya ve onun yerine Rusya ve \u00c7in\u2019le yak\u0131nla\u015fmaya karar verse, bu kesim onu destekler mi? T\u00fcrkiye\u2019nin BR\u0130KS \u00fclkelerine kar\u0131lmas\u0131n\u0131 isterler mi?<\/p>\n<p><img data-recalc-dims=\"1\" decoding=\"async\" src=\"https:\/\/i0.wp.com\/i.internethaber.com\/files\/2016\/7\/15\/1610998\/1610998.jpg?w=640\" alt=\"erdo\u011fan ile ilgili g\u00f6rsel sonucu\" \/><\/p>\n<p><strong>\u00a0\u00a0<\/strong>Si Dzinpin ile Recep Erdo\u011fan, 29 Temmuz 2015.<\/p>\n<p><strong>Erdo\u011fan deneyimli ve pragmatik siyaset\u00e7idir. O, ticareti ve \u201cbozuk paralar\u0131\u201d iyi biliyor. O, hem Bat\u0131 hem de kendisine kar\u015f\u0131 ba\u015fkald\u0131ranlar i\u00e7in \u00fclkesinin ger\u00e7ek de\u011ferini \u00e7ok iyi biliyor! <\/strong><\/p>\n<p><strong>Onun \u00fclkedeki sayg\u0131nl\u0131\u011f\u0131 \u00e7ok y\u00fcksek. Vatanda\u015flar\u0131n % 70\u2019i destek sa\u011fl\u0131yor. 15 <\/strong>Temmuzda yap\u0131lan darbe denemesini k\u0131\u015fk\u0131rtt\u0131\u011f\u0131 ya da destekledi\u011fi i\u00e7in olsun veya bu bunal\u0131mda T\u00fcrkiye\u2019nin yasal h\u00fck\u00fcmetini desteklemek i\u00e7in hi\u00e7bir \u015fey yapmad\u0131\u011f\u0131ndan \u00f6t\u00fcr\u00fc Bat\u0131ya y\u00f6neltti\u011fi ele\u015ftirinin<strong> \u201cmaral surlar\u0131\u201d <\/strong>g\u00f6zle g\u00f6r\u00fcl\u00fcyor.<\/p>\n<p><strong>Ve \u015fimdi art\u0131k Bat\u0131 tehlikeyi ciddiye almaya ba\u015flad\u0131.<\/strong><\/p>\n<p><strong>Bug\u00fcne kadarki geli\u015fmelere dayand\u0131\u011f\u0131m\u0131zda, Erdo\u011fan\u2019\u0131n Washington, Berlin ve di\u011fer Bat\u0131 ba\u015fkentleri ile \u00e7ok a\u011f\u0131r pazarl\u0131klara oturabilir. Yak\u0131n ge\u00e7mi\u015fte Do\u011fuya do\u011fru rota de\u011fi\u015ftirme bu i\u015fte \u00e7ok ciddi bir bl\u00f6f olabilir.<\/strong><\/p>\n<p><strong>Bunu hem Obama hem de Putin biliyor. <\/strong>T\u00fcrkiye\u2019de depolanm\u0131\u015f n\u00fckleer f\u00fczeler i\u00e7in Amerikan\u0131n pek endi\u015feli g\u00f6r\u00fcnmemesinin nedeni budur. Bu y\u00fczden de Putin Sankt Peterburg g\u00f6r\u00fc\u015fmesinde Erdo\u011fan\u2019a \u00e7ok sayg\u0131n davrand\u0131.<\/p>\n<p>\u015eimdi herkes T\u00fcrkiye\u2019nin ataca\u011f\u0131 yeni ad\u0131m\u0131 bekliyor. <strong>Erdo\u011fan acele etmeye bilir. Zaman onun lehinde \u00e7al\u0131\u015f\u0131yor. \u015eimdi o, kendi \u00e7\u0131karlar\u0131n\u0131 elde edebilmek i\u00e7in,\u00a0 iki cepheyi birbirine kar\u015f\u0131 aya\u011fa kald\u0131rabilir. Hangisi daha yararl\u0131 olacaksa onu se\u00e7ebilir.<\/strong><\/p>\n<p>T\u00fcrkiye, \u00f6neriler aras\u0131nda se\u00e7im yaparken, Do\u011fu\u2019dan gelen tekliflerden \u00e7ok daha b\u00fcy\u00fck bir yeni Bat\u0131 teklif beklemekte hakl\u0131d\u0131r.<\/p>\n<p>Yukarda da yazd\u0131\u011f\u0131m gibi, ben T\u00fcrkiye\u2019yi anlamakta bug\u00fcn de zorlan\u0131yorum.<\/p>\n<p>Baz\u0131 T\u00fcrk dostlar\u0131mdan ald\u0131\u011f\u0131m yaz\u0131larda, onlar\u0131n da kendi \u00fclkelerini anlamakta g\u00fc\u00e7l\u00fck \u00e7ektikleri g\u00f6r\u00fc\u015f\u00fcne rastl\u0131yorum.<\/p>\n<p>T\u00fcrkiye\u2019de her \u015fey hemen de\u011fi\u015febilir. \u0130nsanlar da de\u011fi\u015fir. \u00c7a\u011fda\u015f T\u00fcrkiye\u2019nin pragmatik atas\u0131 <strong>Mustafa Kemal Atat\u00fcrk<\/strong>, ger\u00e7ekten b\u00fcy\u00fck bir T\u00fcrk milliyet\u00e7isidir, fakat o ayn\u0131 zamanda \u201c<strong>laik Bat\u0131<\/strong>\u201ddan g\u00fc\u00e7l\u00fc etkilenmi\u015f biridir. Bir de o, T\u00fcrk ulusunu g\u00fc\u00e7l\u00fc, birle\u015fmi\u015f, ba\u011f\u0131ms\u0131z ve egemen k\u0131lmak i\u00e7in <strong>Bat\u0131 g\u00fc\u00e7lerine kar\u015f\u0131 sava\u015ft\u0131 ve bu sava\u015fta Sovyetler Birli\u011fi\u2019nde b\u00fcy\u00fck \u00f6l\u00e7\u00fcde askeri ve ekonomik yard\u0131m almak zorunda kald\u0131<\/strong>.<\/p>\n<p><strong>Bug\u00fcn T\u00fcrkiye Ba\u015fkan\u0131 b\u00f6lgenin ve d\u00fcnyan\u0131n gelece\u011fini elinde tutuyo. O bunun bilincindedir. Ataca\u011f\u0131 tek imzayla tarih yazabilir<\/strong>.<\/p>\n<p>Cumhurba\u015fkan\u0131 Erdo\u011fan\u2019\u0131n \u00e7ok iyi bir karar alaca\u011f\u0131na inan\u0131yorum ve bunun i\u00e7in \u00f6zel se\u00e7im k\u00f6p\u00fckl\u00fc \u015farap \u015fi\u015femi buzdolab\u0131nda sakl\u0131yorum. Buz gibi ve patlatmaya her zaman haz\u0131r koruyaca\u011f\u0131m. Yak\u0131n bir zamanda mantar patlay\u0131p tavana vuraca\u011f\u0131na kesin inan\u0131yorum.<\/p>\n<p>Kaynak: COUNTERPUNCH<\/p>\n<p>\u00c7eviridir.<\/p>\n<div id=\"bghab-3079957879\" class=\"bghab-yazi-altinda bghab-entity-placement\"><div class=\"bghab-adlabel\">Reklamlar<\/div><script async src=\"https:\/\/pagead2.googlesyndication.com\/pagead\/js\/adsbygoogle.js\"><\/script>\r\n<!-- bghaber-yaz\u0131-sonu -->\r\n<ins class=\"adsbygoogle\"\r\n     style=\"display:block\"\r\n     data-ad-client=\"ca-pub-6203283170189293\"\r\n     data-ad-slot=\"4222328180\"\r\n     data-ad-format=\"auto\"\r\n     data-full-width-responsive=\"true\"><\/ins>\r\n<script>\r\n     (adsbygoogle = window.adsbygoogle || []).push({});\r\n<\/script><\/div><br style=\"clear: both; display: block; float: none;\"\/>","protected":false},"excerpt":{"rendered":"<p>Konu: \u201cBug\u00fcn T\u00fcrkiye Ba\u015fkan\u0131 b\u00f6lgenin ve d\u00fcnyan\u0131n gelece\u011fini elinde tutuyor. \u00a0\u00a0\u00a0\u00a0\u00a0\u00a0\u00a0\u00a0\u00a0\u00a0 O bunun bilincindedir. Ataca\u011f\u0131 tek imzayla tarih yazabilir.\u201d \u00a0Andre Vl\u00e7ek. Rus as\u0131ll\u0131 olup hayat\u0131n\u0131n<\/p>\n","protected":false},"author":13,"featured_media":6093,"comment_status":"closed","ping_status":"closed","sticky":false,"template":"","format":"standard","meta":{"advanced_seo_description":"","jetpack_seo_html_title":"","jetpack_seo_noindex":false,"_jetpack_memberships_contains_paid_content":false,"footnotes":""},"categories":[6],"tags":[],"class_list":["post-20275","post","type-post","status-publish","format-standard","has-post-thumbnail","hentry","category-yorum"],"jetpack_featured_media_url":"https:\/\/i0.wp.com\/www.bghaber.org\/bghaber\/wp-content\/uploads\/2013\/09\/1-logo-yk.jpg?fit=552%2C531&ssl=1","jetpack_sharing_enabled":true,"jetpack_likes_enabled":true,"jetpack-related-posts":[],"jetpack_shortlink":"https:\/\/wp.me\/pc2PfJ-5h1","_links":{"self":[{"href":"https:\/\/www.bghaber.org\/bghaber\/wp-json\/wp\/v2\/posts\/20275","targetHints":{"allow":["GET"]}}],"collection":[{"href":"https:\/\/www.bghaber.org\/bghaber\/wp-json\/wp\/v2\/posts"}],"about":[{"href":"https:\/\/www.bghaber.org\/bghaber\/wp-json\/wp\/v2\/types\/post"}],"author":[{"embeddable":true,"href":"https:\/\/www.bghaber.org\/bghaber\/wp-json\/wp\/v2\/users\/13"}],"replies":[{"embeddable":true,"href":"https:\/\/www.bghaber.org\/bghaber\/wp-json\/wp\/v2\/comments?post=20275"}],"version-history":[{"count":0,"href":"https:\/\/www.bghaber.org\/bghaber\/wp-json\/wp\/v2\/posts\/20275\/revisions"}],"wp:featuredmedia":[{"embeddable":true,"href":"https:\/\/www.bghaber.org\/bghaber\/wp-json\/wp\/v2\/media\/6093"}],"wp:attachment":[{"href":"https:\/\/www.bghaber.org\/bghaber\/wp-json\/wp\/v2\/media?parent=20275"}],"wp:term":[{"taxonomy":"category","embeddable":true,"href":"https:\/\/www.bghaber.org\/bghaber\/wp-json\/wp\/v2\/categories?post=20275"},{"taxonomy":"post_tag","embeddable":true,"href":"https:\/\/www.bghaber.org\/bghaber\/wp-json\/wp\/v2\/tags?post=20275"}],"curies":[{"name":"wp","href":"https:\/\/api.w.org\/{rel}","templated":true}]}}