{"id":20271,"date":"2016-08-27T22:27:57","date_gmt":"2016-08-27T19:27:57","guid":{"rendered":"http:\/\/www.bghaber.org\/bghaber\/?p=20271"},"modified":"2016-08-27T22:27:57","modified_gmt":"2016-08-27T19:27:57","slug":"ates-bacayi-sardi","status":"publish","type":"post","link":"https:\/\/www.bghaber.org\/bghaber\/ates-bacayi-sardi\/","title":{"rendered":"Ate\u015f Bacay\u0131 Sard\u0131\u00a0\u00a0\u00a0"},"content":{"rendered":"<p>\u015eakir ARSLANTA\u015e<\/p>\n<p>Konu: <strong>Zeki ve bilgili olmak zorunday\u0131z.<\/strong>\u00a0 \u00a0 \u00a0 \u00a0 \u00a0 \u00a0 \u00a0 \u00a0 \u00a0 \u00a0 \u00a0 \u00a0 \u00a0 \u00a0 \u00a0 \u00a0<strong>\u00a0 \u00a0<\/strong><\/p>\n<p>Ge\u00e7en hafta \u201c<strong>Epizent\u0131r bg<\/strong>\u201d adl\u0131, \u201c<strong>olaylar\u0131n nabz\u0131n\u0131 tutu\u011funu<\/strong>\u201d iddia eden elektronik yay\u0131nda, Bulgar istihbarat\u0131n\u0131n Alt\u0131nc\u0131 \u015eubesi \u015eefi, halen de gizli istihbarat\u00e7\u0131 e\u011fitimi yapan \u201c<strong>K\u00fct\u00fcphaneci Enstit\u00fcs\u00fcnde<\/strong>\u201d Profes\u00f6r olan Dimit\u0131r \u0130vanov\u2019un \u201c<strong>T\u00fcrklere Dokunmay\u0131n Onlar Bizim<\/strong>\u201d ba\u015fl\u0131kl\u0131 bir analiz yaz\u0131s\u0131 \u00e7\u0131kt\u0131. Prof \u0130vanov yaz\u0131s\u0131n\u0131 kale almas\u0131na gerek\u00e7e olarak Hak ve \u00d6zg\u00fcrl\u00fck Hareketi (H\u00d6H-DPS) partisine ve onun lideri say\u0131lan Ahmet Do\u011fan\u2019a G\u00fclencilik damgas\u0131 vurulmas\u0131 denemesini g\u00f6steriyor.<\/p>\n<p><strong>A\u00e7\u0131klama<\/strong>: (H\u00d6H Partisi eski Genel Ba\u015fkan Yard\u0131mc\u0131s\u0131 <strong>Osman Oktay \u201cFaktor.bg<\/strong>\u201d \u00e7\u0131kan birka\u00e7 yaz\u0131s\u0131nda 1992 y\u0131l\u0131nda Ahmet Do\u011fan ile beraber \u0130stanbul\u2019da G\u00fclen temsilcileriyle E\u011fitimde \u0130\u015fbirli\u011fi S\u00f6zle\u015fmesi imzaland\u0131klar\u0131n\u0131 ve 24 y\u0131ll\u0131k s\u00fcre i\u00e7inde <strong>2500-3000<\/strong> Bulgaristanl\u0131 T\u00fcrk ve Pomak \u00f6\u011frencinin G\u00fclen Okullar\u0131nda ve Enstit\u00fclerinde okudu\u011funu, Sofya ve Plovdiv\u2019teki \u201c<strong>Drujva<\/strong>\u201d G\u00fclen okullar\u0131nda okuyan gen\u00e7leri de \u015fahsen Ahmet Do\u011fan\u2019\u0131n onaylad\u0131\u011f\u0131n\u0131 ve bu kadrolar\u0131n \u015fimdi H\u00d6H anahtar konumlar\u0131nda bulundu\u011funu\u00a0 kamuoyuna duyurdu.)<\/p>\n<p>\u0130vanov yaz\u0131s\u0131nda, 15 Temmuz\u2019da bir darbe kalk\u0131\u015fmas\u0131 olarak patlayan \u00e7eli\u015fkiyi, Recep Erdo\u011fan h\u00fck\u00fcmeti ile Feytullah G\u00fclen\u2019in muhalif \u201c<strong>Hizmet<\/strong>\u201d \u00f6rg\u00fct\u00fc aras\u0131nda bir husumet olarak g\u00f6stermeye \u00e7al\u0131\u015f\u0131yor. Kendi a\u00e7\u0131s\u0131ndan bir tarihsel, dini ve erk analizi yaparak, T\u00fcrkiye\u2019de geli\u015fen durum ve onun d\u00fcnya ve Bulgaristan \u00fczerindeki etkilerine teorik esas sunmaya ve \u0131\u015f\u0131k getirmeye \u00e7al\u0131\u015f\u0131yor.<\/p><div id=\"bghab-1127199892\" class=\"bghab-icerik-icine bghab-entity-placement\"><script async src=\"\/\/pagead2.googlesyndication.com\/pagead\/js\/adsbygoogle.js?client=ca-pub-6203283170189293\" crossorigin=\"anonymous\"><\/script><ins class=\"adsbygoogle\" style=\"display:block; text-align:center;\" data-ad-client=\"ca-pub-6203283170189293\" \ndata-ad-slot=\"7303146466\" \ndata-ad-layout=\"in-article\"\ndata-ad-format=\"fluid\" data-full-width-responsive=\"true\"><\/ins>\n<script> \n(adsbygoogle = window.adsbygoogle || []).push({}); \n<\/script>\n<\/div>\n<p>Bu geli\u015fmelerin Bulgaristan h\u00fck\u00fcmeti, sivil toplum \u00f6rg\u00fctleri ve \u00f6zellikle de kitle ileti\u015fim ara\u00e7lar\u0131 a\u00e7\u0131s\u0131ndan demokratik Bulgaristan\u2019\u0131n siyasal parti sistemi temellerini etkileyebilece\u011fine i\u015faret ediliyor. Bu iki boyutta belirmi\u015ftir. Bir, Bulgaristan\u2019\u0131n Avrupal\u0131 geli\u015fimi i\u00e7in GERB partisinden \u201c<strong>Erdo\u011fanc\u0131 kanat<\/strong>\u201d siyasetleri s\u00f6z konusu olurken, iki, H\u00d6H partisine ve lideri A.Do\u011fan\u2019a \u201c<strong>G\u00fclencilik damgas\u0131<\/strong>\u201d vurulmas\u0131 a\u00e7\u0131s\u0131ndan \u00f6nemlidir.<\/p>\n<p>Bu a\u00e7\u0131dan bak\u0131ld\u0131\u011f\u0131nda, \u201c<strong>Epizent\u0131r<\/strong>\u201d \u0131n yaz\u0131n\u0131n giri\u015finde alt\u0131na \u00e7izerek verdi\u011fine g\u00f6re, \u201c<strong>G\u00fclen ve G\u00fclencilik<\/strong>\u201d olay\u0131n\u0131n analizi, Bulgar devletinde ya\u015fam\u0131n bu etkiden korunabilmesi i\u00e7in ola\u011fan\u00fcst\u00fc \u00f6nemlidir. \u0130vanov, olayla ilgili, her iki boyutta da, belirtilerin parmakla say\u0131lacak kadar az olmas\u0131na kar\u015f\u0131n, T\u00fcrkiye siyasetiyle ilgili Bulgar devlet siyasetinin y\u00fcksek d\u00fczeyde dengeli ve diplomatik olmay\u0131 gerektirdi\u011fini ve demokrasi ve h\u00fcmanizm ilkelerini ayakalt\u0131na almadan, Erdo\u011fan\u2019\u0131n \u00fclkemizi g\u00f6\u00e7men bask\u0131n\u0131na u\u011frataca\u011f\u0131 tehlikesinden do\u011fan korkudan ve rahats\u0131z edici heyecandan \u201c<strong>kurtulmam\u0131z<\/strong>\u201d gerekir, diyor.<\/p>\n<p>Bu analiz yaz\u0131s\u0131nda dikkati \u00e7eken ger\u00e7ekleri gizleme \u00e7abas\u0131d\u0131r. 40 y\u0131l haz\u0131rlanan, milyonlarca insan\u0131m\u0131z\u0131 robotla\u015ft\u0131ran, devletin t\u00fcm dallar\u0131na s\u0131z\u0131p onlar\u0131 kurutan, bakanl\u0131klar\u0131n \u00f6z\u00fcn\u00fc oyarak fele u\u011fratmaya \u00e7al\u0131\u015fan ve sonunda 15 Temmuz gecesi 260 karde\u015fimizi \u00f6ld\u00fcren ve binlercesini hastanelik eden bir katliam var. D\u00fcnyan\u0131n 18. ekonomisini \u00e7\u00f6kertip, Anadolu\u2019yu par\u00e7alay\u0131p emperyalizme pazarlamaya \u00e7al\u0131\u015fan kanl\u0131 hain plan\u0131 iki ki\u015fi aras\u0131nda meydana bir eski anla\u015fmazl\u0131k olarak bak\u0131n nas\u0131l anlat\u0131yor:<\/p>\n<p>\u201cT\u00fcrk h\u00fck\u00fcmetinin 1 no\u2019lu d\u00fc\u015fman\u0131 ilan edilen Feytullah G\u00fclen 1941\u2019de bir Anadolu \u015fehri olan Erzurum\u2019a yak\u0131n bir k\u00f6y imam\u0131 ailesinde do\u011fdu. Din adam\u0131 olmaya heveslendi, kendi \u00e7abalar\u0131yla okudu, dini lider olmak i\u00e7in \u00e7ok \u00e7aba harcad\u0131. 14 ya\u015f\u0131nda okudu. \u0130mam Hatip e\u011fitiminden sonra Edirne imam\u0131 oldu.<\/p>\n<p>\u201c<strong>Hizmet<\/strong>\u201d ad\u0131nda bir dinsel e\u011fitim hareketi kurdu. Kendilerini \u0130slam\u2019a adam\u0131\u015f b\u00fcy\u00fck say\u0131da m\u00fcrit yeti\u015ftirdi. Suni \u0130slam Hukuku\u2019nda en yayg\u0131n kolu olan, Hazreti Muhammet\u2019in Hanefi mezhebine ba\u011fl\u0131 kal\u0131yor. \u0130slam\u2019da a\u00e7\u0131l\u0131m \u00fczerine yorum getirilmesi daha serbest olan \u015eiilikten daha tutucu bir mezhep olan Sunili\u011fe hizmet eder.<\/p><div id=\"bghab-2400444126\" class=\"bghab-icerik-icine-10-paragraf bghab-entity-placement\"><script async src=\"\/\/pagead2.googlesyndication.com\/pagead\/js\/adsbygoogle.js?client=ca-pub-6203283170189293\" crossorigin=\"anonymous\"><\/script><ins class=\"adsbygoogle\" style=\"display:block; text-align:center;\" data-ad-client=\"ca-pub-6203283170189293\" \ndata-ad-slot=\"7303146466\" \ndata-ad-layout=\"in-article\"\ndata-ad-format=\"fluid\" data-full-width-responsive=\"true\"><\/ins>\n<script> \n(adsbygoogle = window.adsbygoogle || []).push({}); \n<\/script>\n<\/div>\n<p>Akademik \u00e7evrelerde ve ileti\u015fim ortam\u0131nda Feytullah G\u00fclen \u00e7ok farkl\u0131 yorumland\u0131. \u00d6rne\u011fin ABD Yuta \u00dcniversitesinde H. Yavuz\u2019un tezinde, G\u00fclen bir din adam\u0131ndan fazla bir milliyet\u00e7i olarak tan\u0131t\u0131lm\u0131\u015ft\u0131r. Ba\u015fkalar\u0131 onun, ABD i\u015f \u00e7evrelerinin etkisi alt\u0131nda kalm\u0131\u015f bir i\u015f adam\u0131 olarak tan\u0131t\u0131rken, di\u011ferleri ge\u00e7en y\u00fczy\u0131l\u0131n 60\u2019l\u0131 y\u0131llar\u0131nda T\u00fcrkiye\u2019de ad\u0131 duyulmaya ba\u015flayan bir feylesof, dediler. Bunlar\u0131 yazan \u0130ngiliz \u201cOxford Analitika\u201d dergisidir. Bu tespitlerin her biri do\u011fru olabilir, \u00e7\u00fcnk\u00fc o T\u00fcrkiye\u2019de kazand\u0131\u011f\u0131 paralarla, di\u011fer \u00fclkelerde de din okullar\u0131 kurdu ve bu i\u015ften her yerde kazand\u0131. Son 20\u201330 y\u0131lda G\u00fclen Balkanlar\u2019da, Orta Asya\u2019da ve 1999\u2019da iltica etti\u011fi Birle\u015fik Amerika\u2019da e\u011fitim ve medya yap\u0131lanmas\u0131 kurdu ve bunlar\u0131 geni\u015fletti. \u201c<\/p>\n<p>M\u00fcsl\u00fcmanlar\u0131m\u0131z\u0131n ba\u015f\u0131na gelen k\u00f6t\u00fcl\u00fcklerin beyni olan bu ki\u015fi &#8211; eski sivil polisin alt\u0131nc\u0131 \u015fube \u015fefidir. \u201c<strong>DS<\/strong>\u201d ile Rus istihbarat \u00f6rg\u00fct\u00fc \u201c<strong>KGB<\/strong>\u201d ili\u015fkilerini uyulmayand\u0131r. \u015eimdi Prof maskesi ard\u0131na gizlenmi\u015f ve bizde \u0131rmak gibi akan kandan ve katliamdan ba\u015ftan sona su\u00e7lu ter\u00f6r ba\u015f\u0131 FET\u00d6\u2019dan s\u00f6z bile etmeden <strong>ne s\u00fct i\u00e7mi\u015f ne s\u00fct d\u00f6km\u00fc\u015f<\/strong> imaj\u0131nda G\u00fclen\u2019e \u201c<strong>ak ka\u015f\u0131k<\/strong>\u201d diyor. Olay\u0131 bir ikili \u00e7eli\u015fki olarak \u015f\u00f6yle a\u00e7\u0131kl\u0131yor.<\/p>\n<p>\u201cG\u00fclen daha T\u00fcrkiye\u2019de iken siyas\u0131 m\u00fccadeleye kar\u0131\u015fm\u0131\u015f, etkinliklerinden dolay\u0131 bask\u0131 g\u00f6rm\u00fc\u015f ve 6 y\u0131l hapis yatm\u0131\u015ft\u0131r. Askeri darbeden sonra T\u00fcrkiye General Kenan Cuntas\u0131 taraf\u0131ndan y\u00f6netilirken o 1981\u2019de askeri diktat\u00f6rl\u00fck y\u00f6netimi isteme su\u00e7land\u0131. 1987 \u2018den sonra, T.C. yeni ba\u015fbakan\u0131 \u00d6zal onu Sovyetler Birli\u011fi\u2019nin eski Orta Asya Cumhuriyetlerine dini okul ta\u015f\u0131ma i\u015finde destekledi. T\u00fcrkiye\u2019deki laik devlete kar\u015f\u0131 sald\u0131r\u0131larda bulunma su\u00e7undan 2000 y\u0131l\u0131nda ona kar\u015f\u0131 yeni dava a\u00e7\u0131ld\u0131. Ba\u015fbakan B\u00fclent Ecevit ve Tansu \u00c7iler h\u00fck\u00fcmetleri Fetoya kar\u015f\u0131 konum ald\u0131.<\/p>\n<p>2002 \u2013 2014 y\u0131llar\u0131 aras\u0131nda ba\u015fbakan, daha sonra ve halen Cumhurba\u015fkan\u0131 olan Tayyib Erdo\u011fan, F.G\u00fclen\u2019in T\u00fcrkiye makamlar\u0131n\u0131n ve \u00f6zellikle de adliyenin i\u015flerine m\u00fcdahale etme denemelerini \u00fc\u00e7\u00fcnc\u00fc kez engelledi. \u00d6zellikle 15 Temmuz 2016 ba\u015far\u0131s\u0131z askeri darbesinden sonra, ikisi aras\u0131ndaki z\u0131tla\u015fma bir \u00f6l\u00fcm kal\u0131m meselesi haline geldi. Cumhurba\u015fkan\u0131 Erdo\u011fan G\u00fclen\u2019i ve onun \u201c<strong>Hizmet<\/strong>\u201d \u00f6rg\u00fct\u00fcn\u00fc askeri darbeyi esinlendiren ki\u015fi olarak su\u00e7lad\u0131, devlet makamlar\u0131nda temizlik ba\u015flatt\u0131, imam\u0131n 100 bin taraftar\u0131 i\u015ften al\u0131nd\u0131, tutukland\u0131. \u201c<strong>Devlete ihanet<\/strong>\u201d su\u00e7undan yarg\u0131lanmak \u00fczere G\u00fclen ve yanda\u015flar\u0131n\u0131n iadesi Birle\u015fik Amerika, Yunanistan ve Bulgaristan h\u00fck\u00fcmetlerinden istendi. Bu isteye, bug\u00fcne kadar mali i\u015flere bakan B\u00fcy\u00fck\u2019\u00fc iade eden Bulgar makamlar\u0131 oldu.\u201d<\/p>\n<p>B\u00fcy\u00fck\u2019\u00fcn iadesi Bulgar milliyet\u00e7ilerini ve FET\u00d6 zihniyeti a\u015f\u0131lanm\u0131\u015f kesimi hareketlendirdi. Yasal sistem, do\u011fru d\u00fcr\u00fcst i\u015flemeyen \u00fclkede \u201c<strong>hani mahkeme karar\u0131<\/strong>\u201d, \u201c<strong>hani adalet<\/strong>\u201d, \u201c<strong>hani usul<\/strong>\u201d diyenler olduysa da, FET\u00d6 imam\u0131n\u0131n memleketimizde, kay\u0131ts\u0131z, kimliksiz, adres kayd\u0131 yapt\u0131rmadan 11 ay kald\u0131\u011f\u0131 a\u00e7\u0131kland\u0131 ve kanuncu kesilenlerin s\u00f6yleyecek s\u00f6z\u00fc kalmad\u0131. \u015eimdiye kadar Bulgaristan\u2019dan T\u00fcrkiye\u2019ye kovulan, g\u00f6nderilen, iade edilen hi\u00e7bir kimseye sahip \u00e7\u0131k\u0131lmam\u0131\u015ft\u0131. Anla\u015f\u0131lan B\u00fcy\u00fck baz\u0131 \u00e7evrelerin g\u00f6zdesi oluvermi\u015f ve T\u00fcrk d\u00fc\u015fmanlar\u0131 bu i\u015fte kendileri i\u00e7in yarar g\u00f6r\u00fcyordu. Makedonya\u2019n\u0131n T.C. devlet iste\u011fine uyarak G\u00fclen \u00e7etecilerinin hepsine \u201c<strong>hadi geri<\/strong>\u201d demesinde \u201cyarg\u0131 s\u00fcreci\u201d aranm\u0131yor. Bu \u00f6rne\u011fi ba\u015fka devletlerin de izleyece\u011fini umuyoruz. Bu konuda Ankara\u2019ya gelen Biden ise ipe un serdi. Olaylar\u0131 ters y\u00fcz g\u00f6stermek isteyenler \u00e7abalar\u0131na devam idedursun, Bayramdan sonra 24 Eyl\u00fcl\u2019de Erdo\u011fan BM Genel Kuruluna gidiyor, 15 Temmuz\u2019u ve hain G\u00fclen\u2019i b\u00fct\u00fcn d\u00fcnya liderlerine 1. elden anlatacak.<\/p><div id=\"bghab-1428979770\" class=\"bghab-icerik-icine-15-paragraf bghab-entity-placement\"><script async src=\"\/\/pagead2.googlesyndication.com\/pagead\/js\/adsbygoogle.js?client=ca-pub-6203283170189293\" crossorigin=\"anonymous\"><\/script><ins class=\"adsbygoogle\" style=\"display:block; text-align:center;\" data-ad-client=\"ca-pub-6203283170189293\" \ndata-ad-slot=\"7303146466\" \ndata-ad-layout=\"in-article\"\ndata-ad-format=\"fluid\" data-full-width-responsive=\"true\"><\/ins>\n<script> \n(adsbygoogle = window.adsbygoogle || []).push({}); \n<\/script>\n<\/div>\n<p>\u0130vanov gibi ger\u00e7ekleri kabul etmeyenler, T\u00fcrkiye\u2019nin \u00f6rt\u00fcl\u00fc bir sava\u015fla, asimetrik bir sava\u015fla kar\u015f\u0131 kar\u015f\u0131ya oldu\u011funu kabul etmeseler de, her g\u00fcnk\u00fc patlamalar gayr\u0131 nizami harp teknikleri uyguland\u0131\u011f\u0131 ortadad\u0131r. FET\u00d6\u2019n\u00fcn ma\u015fal\u0131k etti \u201c<strong>\u00fcst ak\u0131l<\/strong>\u201d taraf\u0131ndan y\u00f6nlendirilen bu \u00f6rg\u00fctlerin en \u00f6n\u00fcndekiler: <strong>FET\u00d6, PKK, PYD ve DEA\u015e<\/strong>. Bunlar\u0131n arkas\u0131nda bu \u00f6rg\u00fctlere silah, destek, ak\u0131l, istihbarat veren herkes var. Bug\u00fcn 27 A\u011fustos 2016, Bulgar <strong>bTV<\/strong> sabah yay\u0131n\u0131nda Burgaz liman\u0131ndan silah dolu gemiler, Burgaz hava liman\u0131ndan silah dolu u\u00e7aklar\u0131n 100 binlerce ton sava\u015f malzemesini Arap Yar\u0131madas\u0131na ta\u015f\u0131d\u0131\u011f\u0131na yer verdi.\u00a0 \u201c<strong>Topyek\u00fbn bir sava\u015f<\/strong>\u201d bu\u2026 Ve \u015fu da var, \u201c<strong>s\u0131\u011f\u0131nmac\u0131lar seli bizi basarsa<\/strong>\u201d yaygaras\u0131n\u0131 koparanlar\u0131n, T\u00fcrkiye s\u0131n\u0131r\u0131na tel \u00f6rg\u00fc \u00e7ekerken, Yunan s\u0131n\u0131r\u0131n\u0131 bo\u015f b\u0131rakmalar\u0131 ilgi \u00e7ekicidir\u2026 \u0130\u015fitilip g\u00f6zle g\u00f6r\u00fclenden \u00e7\u0131kan sonu\u00e7 sanki \u015fu: \u201c<strong>Ba\u015fkas\u0131n\u0131n s\u0131rt\u0131na 100 sopa az<\/strong>!\u201d G\u00fclen\u2019in kullan\u0131m s\u00fcresi bitti\u2026<\/p>\n<p><strong>\u0130vanov \u015f\u00f6yle devam ediyor:<\/strong><\/p>\n<p>\u201cErdo\u011fan ile G\u00fclen, AK Parti iktidar\u0131n\u0131n g\u00fc\u00e7lenmesi i\u00e7in 10 y\u0131l s\u0131k\u0131 i\u015fbirli\u011fi yapt\u0131ktan sonra, 2013\u2019te Erdo\u011fan G\u00fclen okul a\u011f\u0131ndan okullar\u0131 kapatmaya ba\u015flad\u0131. Kamuoyuna \u00e7ok farkl\u0131 a\u00e7\u0131klamalarda bulunuydu: G\u00fclen Erdo\u011fan\u2019\u0131 \u0130ran \u015eii iktidar\u0131 ile i\u015fbirli\u011fi ve bakanlar\u0131n\u0131n r\u00fc\u015fvet ald\u0131\u011f\u0131 ile su\u00e7larken, kendisi de \u201c<strong>Hizmet<\/strong>\u201d \u00f6rg\u00fct\u00fc ve \u0130srail yard\u0131m\u0131yla Cumhurba\u015fkan\u0131 ve h\u00fck\u00fcmeti devirme haz\u0131rl\u0131klar\u0131yla su\u00e7land\u0131.<\/p>\n<p>\u201cBu ger\u00e7ek veya kurgu su\u00e7lamalar enternasyonal karakter almaya ba\u015flad\u0131\u011f\u0131nda bizim i\u00e7in de \u00f6nem kazand\u0131. Hem Erdo\u011fan hem de G\u00fclen T\u00fcrkiye d\u0131\u015f\u0131nda sayg\u0131nl\u0131k ve \u00f6nem kazanmaya \u00e7al\u0131\u015f\u0131yor. \u201cHizmet\u201d \u00f6rg\u00fct\u00fcn\u00fcn ABD\u2019de 100\u2019den fazla okulu var. Sosyal ve do\u011fa bilimlerin, tarih ve edebiyat\u0131n \u0130ngilizce \u00f6\u011fretildi\u011fi, sadece bir \u0130slam dini dersi olan bu okullar\u0131 o, rekl\u00e2m kullanarak laik okullar gibi yerle\u015ftirmeyi ba\u015fard\u0131. Olaylar ABD makamlar\u0131n\u0131n dikkatini \u00e7ekti. FBR ile ABD E\u011fitim ve \u00c7al\u0131\u015fma bakanl\u0131\u011f\u0131 ara\u015ft\u0131rd\u0131. Mali yolsuzluk ve fahi\u015felik gerek\u00e7esiyle bir okul kapat\u0131ld\u0131.\u201d<\/p>\n<p><strong>Polis \u015fefi \u0130vanov Bulgaristan\u2019daki durumu ise \u015f\u00f6yle \u00f6zetliyor:<\/strong><\/p><div id=\"bghab-778953188\" class=\"bghab-icerik-icine-20-paragraf bghab-entity-placement\"><script async src=\"\/\/pagead2.googlesyndication.com\/pagead\/js\/adsbygoogle.js?client=ca-pub-6203283170189293\" crossorigin=\"anonymous\"><\/script><ins class=\"adsbygoogle\" style=\"display:block; text-align:center;\" data-ad-client=\"ca-pub-6203283170189293\" \ndata-ad-slot=\"7303146466\" \ndata-ad-layout=\"in-article\"\ndata-ad-format=\"fluid\" data-full-width-responsive=\"true\"><\/ins>\n<script> \n(adsbygoogle = window.adsbygoogle || []).push({}); \n<\/script>\n<\/div>\n<p>\u201cBulgaristan\u2019da 22 dilde yay\u0131n yapan \u201c<strong>Hizmet<\/strong>\u201d sayfas\u0131n\u0131 a\u00e7mak yeterlidir. G\u00fclen kitaplar\u0131 yay\u0131nlan\u0131yor. Sofya ve Plovdiv\u2019te okul a\u011f\u0131ndan okullar var. \u201c<strong>Zaman<\/strong>\u201d gazetesi Bulgar yay\u0131n\u0131 olarak da\u011f\u0131t\u0131l\u0131yor. <strong>Son haftalarda hem Bulgaristan\u2019da hem de T\u00fcrkiye\u2019de G\u00fclen\u2019in Bulgaristan T\u00fcrkleri \u00fczerinde etkisi oldu\u011fu haberleri yay\u0131ld\u0131. \u00dcstelik H\u00d6H partisi ve Ahmet Do\u011fan G\u00fclencidir,\u201d<\/strong> dendi.<\/p>\n<p>\u201cBiz \u015fimdi bu yay\u0131nlar\u0131n yayd\u0131\u011f\u0131 haberlerin ger\u00e7e\u011fe uyup uymad\u0131\u011f\u0131n\u0131 yoksa T\u00fcrk organlar\u0131n\u0131n aktif etkinli\u011fi mi oldu\u011funu yorumlamazdan \u00f6nce, bir dini ve siyasi hareket olarak \u201cG\u00fclencili\u011fin\u201d temel ilkelerini g\u00f6relim.\u201d<\/p>\n<p><strong>Feytullah G\u00fclen ve \u201cHizmet\u201d in ibadet etti\u011fi ger\u00e7ekler: <\/strong><\/p>\n<ul>\n<li>Dinler aras\u0131 ho\u015fg\u00f6r\u00fc \u2013\u0130slam, H\u0131ristiyanl\u0131k ve Yahudi dini aras\u0131nda oldu\u011fu gibi, \u0130slam<\/li>\n<\/ul>\n<p>Mezhepleri aras\u0131nda da bunu \u00f6ng\u00f6r\u00fcr.<\/p>\n<p><strong>Not:<\/strong> Bu iddia \u0130slam dinini H\u0131ristiyanl\u0131k i\u00e7inde eritmeyi \u00f6ng\u00f6r\u00fcr. Bu ama\u00e7la ha\u00e7l\u0131lar\u0131 1999\u2019da Anadolu\u2019ya davet eden F. G\u00fclen\u2019in kendisidir. Ge\u00e7en y\u00fczy\u0131l Amerika ve Afrika\u2019y\u0131 fethet eden, \u015fimdi s\u0131ra Asya\u2019dad\u0131r diyen H\u0131ristiyanl\u0131\u011fa \u00e7anak tutmaktad\u0131r. Bu ama\u00e7la Roma\u2019ya gidip Papa\u2019n\u0131n elini \u00f6pen odur. Bu geli\u015fmeler \u0130vanov ile Do\u011fan\u2019\u0131n ekme\u011fine ball\u0131 tereya\u011f\u0131d\u0131r. \u0130vanov ile Do\u011fan bunlar\u0131 duymak istemiyor. \u00c7\u00fcnk\u00fc FET\u00d6\u2019n\u00fcn yenilgisi onlar\u0131n da yenilgisi oldu.<\/p><div id=\"bghab-4196771422\" class=\"bghab-icerik-icine-25-paragraf bghab-entity-placement\"><script async src=\"\/\/pagead2.googlesyndication.com\/pagead\/js\/adsbygoogle.js?client=ca-pub-6203283170189293\" crossorigin=\"anonymous\"><\/script><ins class=\"adsbygoogle\" style=\"display:block; text-align:center;\" data-ad-client=\"ca-pub-6203283170189293\" \ndata-ad-slot=\"7303146466\" \ndata-ad-layout=\"in-article\"\ndata-ad-format=\"fluid\" data-full-width-responsive=\"true\"><\/ins>\n<script> \n(adsbygoogle = window.adsbygoogle || []).push({}); \n<\/script>\n<\/div>\n<ul>\n<li>Radikalizm, a\u015f\u0131r\u0131 u\u00e7lar ve ter\u00f6rizme kar\u015f\u0131 \u0130slam\u2019\u0131 bar\u0131\u015f\u00e7\u0131 kullanmak.<\/li>\n<\/ul>\n<p><strong>Not:<\/strong> 15 Temmuz\u2019da maskesi d\u00fc\u015fen FET\u00d6\u2019n\u00fcn bir darbeci, ejderha ruhlu amans\u0131z, insan d\u00fc\u015fman\u0131, T\u00fcrk ve T\u00fcrkiye d\u00fc\u015fman\u0131 silahl\u0131 ter\u00f6r \u00f6rg\u00fct\u00fc oldu\u011fu ortaya \u00e7\u0131kt\u0131. \u0130slam\u2019\u0131n insan sevgisinden yararlanarak T.C. devletinin i\u00e7ini oydu\u011fu, Cumhurba\u015fkan\u0131 ve ba\u015fbakan\u0131 \u00f6ld\u00fcrmek istedi\u011fi, TBMM\u2019ni bombalad\u0131\u011f\u0131n\u0131, 260 karde\u015fimizin katili oldu\u011funu g\u00f6rmeyen kalmad\u0131. FET\u00d6\u2019n\u00fcn kulland\u0131\u011f\u0131 kavramlar\u0131n hi\u00e7 birisi samimi de\u011fildir, her zaman iki y\u00fczl\u00fc ve maskeli, sinci, gizli ve gizemli hareket edilmi\u015f, 40 y\u0131ldan beri darbe haz\u0131rlan\u0131p, TC par\u00e7alanmak ve emperyalizme pe\u015fke\u015f \u00e7ekilmek istenmi\u015ftir. \u0130vanov ile Do\u011fan bunlar\u0131 duymak istemiyor. \u00c7\u00fcnk\u00fc FET\u00d6\u2019n\u00fcn yenilgisi onlar\u0131n da yenilgisi oldu.)<\/p>\n<ul>\n<li>Demokratik siyasi sistemleri, serbest pazar kapitalizmini, sivil toplum \u00f6rg\u00fctlerini ve<\/li>\n<\/ul>\n<p>giri\u015fimleri destekler.<\/p>\n<p><strong>NOT:<\/strong> Demokratik, parlamenter T.C. anayasal d\u00fczenini havadan bombalayarak, k\u00f6pr\u00fcba\u015f\u0131nda, meydanlarda, yollarda sivillere ate\u015f a\u00e7\u0131larak, bakanl\u0131klar bas\u0131larak. TRT ve di\u011fer TV merkezleri silahl\u0131 \u00e7arp\u0131\u015fmalardan sonra ele ge\u00e7irilerek, s\u00f6zc\u00fclerin kafas\u0131na silah dayayarak bildiriler okutuldu\u011fu ne \u00e7abuk unutuldu. Hastaneler yaral\u0131 dolu. Gaziantep Cizre sald\u0131r\u0131lar\u0131 100 den fazla kurban ald\u0131. CHP Genel Ba\u015fkan\u0131 Kemal K\u0131l\u0131\u00e7taro\u011fulu\u2019na suikast yap\u0131ld\u0131.\u00a0 T.C ekonomisi bir gecede 100 milyar US Dolar zarara sokuldu.\u00a0 FET\u00d6 hangi sivil toplum \u00f6rg\u00fct\u00fcne yard\u0131m yapm\u0131\u015f ki? Bulgaristan\u2019da hangi \u00e7ocu\u011fun eline bir kitap vermi\u015fler. Hangi halk ozan\u0131m\u0131za bir saz hediye etmi\u015fler. Halk sanat\u0131m\u0131z\u0131n \u015fahane eserlerini neden toplay\u0131p bast\u0131rmam\u0131\u015flar\u2026 Bulgaristan\u2019da dalavere \u00e7evirdikleri tek ki\u015fi A. Do\u011fan ve gizli polislerdir.\u201d<\/p>\n<ul>\n<li>Allah\u2019a inananlar\u0131n hepsini sald\u0131rgan dinsizlere kar\u015f\u0131 birle\u015ftirmek.<\/li>\n<\/ul>\n<p><strong>Not<\/strong>: \u0130slam\u2019\u0131 suland\u0131ranlara, \u0131l\u0131mla\u015ft\u0131r\u0131p bula\u015f\u0131kla\u015ft\u0131ranlara, Katolik dine a\u00e7anlara, geleneksel \u0130slam ilkelerini de\u011fi\u015ftirenlere ne diyelim? M\u00fcsl\u00fcmanlar\u0131n iftar sofralar\u0131na her ak\u015fam Papaz oturtanlara ne diyelim! G\u00fclen kitaplar\u0131ndan ba\u015fka t\u00fcm kitaplar\u0131 toplat\u0131p yakanlara, yerle\u015fkeleri fuhu\u015f merkezine \u00e7evirenlere deyecek s\u00f6z bulabiliyor musunuz? Emperyalizmin kafa y\u0131kama ve ruh s\u00f6nd\u00fcrme y\u00f6ntemleriyle paral\u0131 ezbercilik dayatanlara s\u00f6yleyecek s\u00f6z bulabiliyor musunuz? S\u0131navlarda hile \u00fcst\u00fcne h\u00fclle yapanlara, ateist gizli polisle i\u015fbirli\u011fi yapanlara, A.Do\u011fan gibi hainlerle i\u015fbirli\u011fine girip Bulgaristan T\u00fcrklerinin kimlik davas\u0131n\u0131 baltalayanlara ne demeli? Halk\u0131m\u0131z\u0131 \u0130slam\u2019dan so\u011futup vatanda\u015flar\u0131m\u0131z\u0131n kafas\u0131n\u0131 T\u00fcrkiye d\u00fc\u015fmanl\u0131\u011f\u0131 ile dolduranlara, \u00e7ocuklar\u0131m\u0131z\u0131 k\u00f6r cahil b\u0131rakma planlar\u0131na ne diyelim? Bunlar ateistlerden beter \u00e7\u0131kt\u0131.<\/p>\n<ul>\n<li>\u0130slam\u2019\u0131 modern zamandan bir par\u00e7a yapmak.<\/li>\n<\/ul>\n<p><strong>Not<\/strong>: Anas\u0131ndan do\u011fdu\u011fu an el at\u0131lan ve kafalar\u0131 modelle\u015ftirilerek bo\u015f b\u0131rak\u0131lan \u00e7ocuklardan ancak seri katil, toplu cinayet i\u015fleyen katil ya da kiral\u0131k asker olur. Suriye\u2019de, T\u00fcrkiye\u2019deki FET\u00d6 ter\u00f6r \u00e7etesinde, Irak\u2019ta, PKK ve PYD saflar\u0131nda \u00f6rneklerini g\u00f6r\u00fcyoruz. 12 ya\u015f\u0131nda bir \u00e7ocuktan 60 ki\u015finin katili yapan zihniyette \u0130slam izi olmad\u0131\u011f\u0131 gibi modern zaman esintisi bile yoktur. G\u00fclen\u2019in hasta kafas\u0131nda ancak ha\u00e7l\u0131 ve ta\u015f kafa katil \u00e7\u0131kar. T\u00fcrkiye\u2019yi 100 y\u0131l geri itip, anavatan\u0131m\u0131z\u0131 satmak isteyenlerden ba\u015fka hi\u00e7 bir \u015fey beklenemez. Katillereve hainlere kar\u015f\u0131 amans\u0131z olmal\u0131y\u0131z.<\/p><div id=\"bghab-188200271\" class=\"bghab-icerik-icine-30-paragraf bghab-entity-placement\"><script async src=\"\/\/pagead2.googlesyndication.com\/pagead\/js\/adsbygoogle.js?client=ca-pub-6203283170189293\" crossorigin=\"anonymous\"><\/script><ins class=\"adsbygoogle\" style=\"display:block; text-align:center;\" data-ad-client=\"ca-pub-6203283170189293\" \ndata-ad-slot=\"7303146466\" \ndata-ad-layout=\"in-article\"\ndata-ad-format=\"fluid\" data-full-width-responsive=\"true\"><\/ins>\n<script> \n(adsbygoogle = window.adsbygoogle || []).push({}); \n<\/script>\n<\/div>\n<ul>\n<li>M\u00fcsl\u00fcmanlarda modern d\u00fcnya g\u00f6r\u00fc\u015f\u00fc yarat\u0131lmas\u0131na din e\u011fitimi temel olu\u015fturamaz.<\/li>\n<\/ul>\n<p><strong>Not:<\/strong> FET\u00d6 \u00f6teden beri dinle siyaseti, dinle k\u00fclt\u00fcr\u00fc vb s\u00fcrekli kar\u0131\u015ft\u0131rd\u0131. 20 ya\u015f\u0131nda devlet devirme plan\u0131 yapan G\u00fclen hep \u0130slam ard\u0131nda maskelendi ve gizlendi. 40 y\u0131l \u00f6nce \u0130slam\u2019\u0131n bir din oldu\u011funu unutarak, onu s\u00fcrekli iktidar silah\u0131 yapmaya \u00e7al\u0131\u015ft\u0131, ikiy\u00fczl\u00fc ya\u015fad\u0131. Atat\u00fcrk laikli\u011fini ayaklar alt\u0131na ald\u0131. Dini orduya, adalete ve e\u011fitime dayatt\u0131. Halk\u0131n kafas\u0131n\u0131 buland\u0131rd\u0131. Anayasal demokratik toplumumuzu ala\u015fa\u011f\u0131 etmeye \u00e7al\u0131\u015ft\u0131. Hesab\u0131n\u0131 vermelidir. halk taraf\u0131ndan yarg\u0131lanmal\u0131d\u0131r.<\/p>\n<ul>\n<li>D\u00fcnya dinleriyle i\u015fbirli\u011fi yaparak, bar\u0131\u015f\u00e7\u0131 yollardan ve dine e\u011fitimine a\u011f\u0131rl\u0131k<\/li>\n<\/ul>\n<p>kazand\u0131rarak, \u0130slam\u2019\u0131n yay\u0131lmas\u0131na ve okullara girmesine \u00e7al\u0131\u015ft\u0131.<\/p>\n<p><strong>NOT<\/strong>: T.C.\u2019de Atat\u00fcrk\u00e7\u00fc laikli\u011fin k\u00f6klerini kemiren, \u00f6z\u00fcn\u00fc oyan FET\u00d6 hainleridir. Ellindeki ana ara\u00e7 halk\u0131 cahil b\u0131rakmak olan bir zihniyet ne bar\u0131\u015f\u00e7\u0131 ve de yarat\u0131c\u0131 olabilir. FET\u00d6 halk\u0131m\u0131z\u0131 orta\u00e7a\u011f\u0131 karanl\u0131\u011f\u0131na g\u00f6t\u00fcrmek istemi\u015ftir. FET\u00d6 beyin y\u0131kama okullar\u0131ndan ne bir sanat\u00e7\u0131, ne bir yazar, ne de bir bilim adam\u0131 \u00e7\u0131km\u0131\u015ft\u0131r. Onlar\u0131n e\u011fitti\u011fi imamlar\u0131n beyin nuruna T\u00fcrkiye halk\u0131n\u0131 g\u00f6mmekten ba\u015fka hi\u00e7 bir \u015fey yoktu. Halk\u0131m\u0131za ge\u00e7mi\u015f olsun.<\/p>\n<ul>\n<li>T\u00fcm m\u00fcritlere ilham veren \u201c<strong>Hizmet<\/strong>\u201d \u00f6rg\u00fct\u00fc &#8211; T\u00fcrk devleti merkez ve yerel y\u00f6netim<\/li>\n<\/ul>\n<p>erk ve yap\u0131lar\u0131nda i\u015fleri y\u00f6neten organd\u0131r. Ordu, polis, g\u00fcvenlik birimleri, yarg\u0131, savc\u0131l\u0131k, e\u011fitim ve ileti\u015fim ara\u00e7lar\u0131na en fazla dikkat ayr\u0131l\u0131r.<\/p>\n<p>NOT: \u201c<strong>Hizmet<\/strong>\u201d \u00f6rg\u00fct\u00fc gizli i\u015fleri \u00f6rg\u00fctleyen ve y\u00f6neten bir ter\u00f6r \u00f6rg\u00fct\u00fcd\u00fcr, orduya, polise, adalete, savc\u0131l\u0131\u011fa, okullara, TV ve bas\u0131na s\u0131zm\u0131\u015ft\u0131r. Yasal devleti, se\u00e7imle i\u015f ba\u015f\u0131na gelen bir meclisi bombalamak i\u00e7in haz\u0131rlanm\u0131\u015ft\u0131r. % 62 oyla se\u00e7ilen cumhurba\u015fkan\u0131n\u0131 \u00f6ld\u00fcrmeye kalk\u0131\u015fm\u0131\u015ft\u0131r. Sokak ortas\u0131nda, i\u015f ba\u015f\u0131nda, g\u00f6revde insan \u00f6ld\u00fcrecek kadar katille\u015ftirilebilmi\u015ftir. T\u00fcrkiye\u2019de her g\u00fcn cenaze kalk\u0131yor. Ne oluyor kom\u015fu? Ba\u015f\u0131n sa\u011f olsun! Demiyor. \u201c<strong>Hizmet<\/strong>\u201d emirleri yerel \u201c<strong>imamlardan<\/strong>\u201d, onlarda Bat\u0131 Avrupa ve Amerika \u201c<strong>imamlar\u0131ndan<\/strong>\u201d, onlar da Pensilvanya\u2019daki hainden ve \u201c<strong>\u00fcst ak\u0131ldan<\/strong>\u201d al\u0131p, Yak\u0131n Do\u011fu\u2019da ter\u00f6r estiriyor, \u00e7ocuklar ka\u00e7\u0131r\u0131l\u0131p katil yeti\u015ftiriliyor, milyonlarca insan evinden bark\u0131ndan oldu, demiyor. Gizledi\u011fi ger\u00e7ekler de bir de\u011fil be\u015f de\u011fil. Irak ile Suriye aras\u0131nda, d\u00fcnyan\u0131n en b\u00fcy\u00fck Do\u011fal gaz yata\u011f\u0131 bulundu, emperyalizm bunu yerli halklara kapt\u0131rmamak i\u00e7in DEA\u015e\u2019\u0131 kurdu, PKK\u2019y\u0131 her g\u00fcn donat\u0131p k\u0131\u015fk\u0131rt\u0131yor, PYD\u2019yi kanl\u0131 harekat i\u00e7in harekete ge\u00e7irdi diye anlatm\u0131yor.<\/p><div id=\"bghab-3206566123\" class=\"bghab-icerik-icine-35-paragraf bghab-entity-placement\"><script async src=\"\/\/pagead2.googlesyndication.com\/pagead\/js\/adsbygoogle.js?client=ca-pub-6203283170189293\" crossorigin=\"anonymous\"><\/script><ins class=\"adsbygoogle\" style=\"display:block; text-align:center;\" data-ad-client=\"ca-pub-6203283170189293\" \ndata-ad-slot=\"7303146466\" \ndata-ad-layout=\"in-article\"\ndata-ad-format=\"fluid\" data-full-width-responsive=\"true\"><\/ins>\n<script> \n(adsbygoogle = window.adsbygoogle || []).push({}); \n<\/script>\n<\/div>\n<p>Durum budur, bu 8 madde Ahmet Do\u011fan ve savunucusu Bulgar polis \u015fefi D. \u0130vanov\u2019un F.G\u00fclen hareketinden ve FET\u00d6 ter\u00f6r \u00f6rg\u00fct\u00fcnden yana olduklar\u0131n\u0131, onlarla memleketimizde f\u0131k\u0131rda\u015fmaya devam etmek istediklerini a\u00e7\u0131k\u00e7a ortaya koyuyor.<\/p>\n<p>Onlar\u0131n kafas\u0131ndaki ana ilke \u015fudur: Ne olursa olsun ama T\u00fcrkler mutlaka k\u00f6t\u00fc olsun. Ba\u015fka bir de\u011fi\u015fe bunun \u00f6z\u00fcndeki, T\u00fcrklerin k\u00f6t\u00fcl\u00fc\u011f\u00fcn\u00fc isteyen bizim dostumuzdur, yok da nedir?<\/p>\n<p>FET\u00d6\u2019n\u00fcn hainli\u011fi T\u00fcrkiye devletine, halk\u0131na ve gelece\u011fine kar\u015f\u0131d\u0131r, diyemediler.<\/p>\n<p>5 milyon T\u00fcrk\u2019\u00fcn \u201c<strong>Yeni Kap\u0131<\/strong>\u201d mitingini g\u00f6renler dil yuttu.<\/p>\n<p>\u201c<strong>Yavuz Sultan Selim K\u00f6pr\u00fcs\u00fc<\/strong>\u201d bir\u00e7oklar\u0131nda fel\u00e7 yaratt\u0131\u2026<\/p><div id=\"bghab-2265646348\" class=\"bghab-icerik-icine-40-paragraf bghab-entity-placement\"><script async src=\"\/\/pagead2.googlesyndication.com\/pagead\/js\/adsbygoogle.js?client=ca-pub-6203283170189293\" crossorigin=\"anonymous\"><\/script><ins class=\"adsbygoogle\" style=\"display:block; text-align:center;\" data-ad-client=\"ca-pub-6203283170189293\" \ndata-ad-slot=\"7303146466\" \ndata-ad-layout=\"in-article\"\ndata-ad-format=\"fluid\" data-full-width-responsive=\"true\"><\/ins>\n<script> \n(adsbygoogle = window.adsbygoogle || []).push({}); \n<\/script>\n<\/div>\n<p>Ankara\u2019ya, Antep\u2019e, Diyarbak\u0131r\u2019a, Van\u2019a at\u0131lan bombalar\u0131n tek hedefi var. B\u00dcY\u00dcK T\u00dcRK\u0130YE\u2019Y\u0130 DURDURMAK!\u00a0 Ama yapamayacaklar\u2026<\/p>\n<p>Bulgaristan\u2019daki eski totaliter-kom\u00fcnist polisler ve onlar\u0131n maskeli ma\u015fas\u0131 A. Do\u011fan ve onun hainliklerini savunanlar FET\u00d6 ger\u00e7eklerini b\u00f6yle \u00e7arp\u0131t\u0131yorlar. Beklenen b\u00fcy\u00fck geli\u015fmeler uykular\u0131n\u0131 k\u00e2bus etti. Ahmet Do\u011fan T.C.\u2019den 5 defa para alm\u0131\u015f, hem de b\u00fcy\u00fck paralar. FET\u00d6 ile okul, bas\u0131n yay\u0131n, izin vs i\u015flerinden devaml\u0131 komisyon alm\u0131\u015f. \u015eimdi korkuyor. T\u00fcrkiye h\u00fck\u00fcmeti FET\u00d6\u2019n\u00fcn Bulgaristan\u2019daki kadrolar\u0131n\u0131 geri g\u00f6nderin, okullar\u0131n\u0131, gazete ve yay\u0131nlar\u0131n\u0131 kapat\u0131n, i\u015fyerlerini kapat\u0131n dedi ya! FET\u00d6\u2019den mayalanan H\u00d6H-DPS partisi ve Do\u011fan\u2019\u0131n T.C. den ald\u0131\u011f\u0131 paralarla ve Avrupa Birli\u011fi fonlar\u0131ndan \u00e7ald\u0131klar\u0131 ve FET\u00d6 \u00f6rg\u00fct\u00fcnden t\u0131rnaklayabildikleriyle\u2026\u2026.Karadeniz\u2019de ve da\u011flarda yapt\u0131\u011f\u0131 otel ve saraylar\u0131n, dinlenme tesislerinin, t\u00fcm ta\u015f\u0131nmazlar\u0131n, mal ve m\u00fclk\u00fcn partiye devredilmesi veya sat\u0131l\u0131p paralar\u0131n\u0131n M\u00fcsl\u00fcman T\u00fcrklere da\u011f\u0131t\u0131lmas\u0131 i\u00e7in \u0131srar edilecek ve mecbur b\u0131rak\u0131lacaklar\u0131ndan korkuyorlar. Korktu\u011fu insan\u0131n ba\u015f\u0131na gelirmi\u015f. Baksan\u0131za\u201d, Mustafa Karaday\u0131 kay\u0131plara kar\u0131\u015ft\u0131.<\/p>\n<p>Biz bu kavgay\u0131 mutlaka kazanaca\u011f\u0131z.<\/p>\n<p>Zeki ve sab\u0131rl\u0131, d\u00fcr\u00fcst ve ak\u0131ll\u0131 olmak zorunday\u0131z.<\/p>\n<p>Ate\u015f bacay\u0131 sard\u0131. Kurtulu\u015f yok.<\/p><div id=\"bghab-3978797401\" class=\"bghab-icerik-icine-45-paragraf bghab-entity-placement\"><script async src=\"\/\/pagead2.googlesyndication.com\/pagead\/js\/adsbygoogle.js?client=ca-pub-6203283170189293\" crossorigin=\"anonymous\"><\/script><ins class=\"adsbygoogle\" style=\"display:block; text-align:center;\" data-ad-client=\"ca-pub-6203283170189293\" \ndata-ad-slot=\"7303146466\" \ndata-ad-layout=\"in-article\"\ndata-ad-format=\"fluid\" data-full-width-responsive=\"true\"><\/ins>\n<script> \n(adsbygoogle = window.adsbygoogle || []).push({}); \n<\/script>\n<\/div>\n<p><strong>T\u00fcrkl\u00fckten FET\u00d6 s\u00f6k\u00fcl\u00fcp yok edilirse hi\u00e7 bir \u015fey olmaz.<\/strong><\/p>\n<p><strong>Fakat tarihten T\u00fcrk \u00e7\u0131kar\u0131l\u0131rsa tarih diye bir \u015fey kalmaz<\/strong>.<\/p>\n<p>Okudu\u011funuz i\u00e7in te\u015fekk\u00fcr ederim.<\/p>\n<div id=\"bghab-844569957\" class=\"bghab-yazi-altinda bghab-entity-placement\"><div class=\"bghab-adlabel\">Reklamlar<\/div><script async src=\"https:\/\/pagead2.googlesyndication.com\/pagead\/js\/adsbygoogle.js\"><\/script>\r\n<!-- bghaber-yaz\u0131-sonu -->\r\n<ins class=\"adsbygoogle\"\r\n     style=\"display:block\"\r\n     data-ad-client=\"ca-pub-6203283170189293\"\r\n     data-ad-slot=\"4222328180\"\r\n     data-ad-format=\"auto\"\r\n     data-full-width-responsive=\"true\"><\/ins>\r\n<script>\r\n     (adsbygoogle = window.adsbygoogle || []).push({});\r\n<\/script><\/div><br style=\"clear: both; display: block; float: none;\"\/>","protected":false},"excerpt":{"rendered":"<p>\u015eakir ARSLANTA\u015e Konu: Zeki ve bilgili olmak zorunday\u0131z.\u00a0 \u00a0 \u00a0 \u00a0 \u00a0 \u00a0 \u00a0 \u00a0 \u00a0 \u00a0 \u00a0 \u00a0 \u00a0 \u00a0 \u00a0 \u00a0\u00a0 \u00a0 Ge\u00e7en<\/p>\n","protected":false},"author":13,"featured_media":12415,"comment_status":"closed","ping_status":"closed","sticky":false,"template":"","format":"standard","meta":{"advanced_seo_description":"","jetpack_seo_html_title":"","jetpack_seo_noindex":false,"_jetpack_memberships_contains_paid_content":false,"footnotes":""},"categories":[6],"tags":[],"class_list":["post-20271","post","type-post","status-publish","format-standard","has-post-thumbnail","hentry","category-yorum"],"jetpack_featured_media_url":"https:\/\/i0.wp.com\/www.bghaber.org\/bghaber\/wp-content\/uploads\/2014\/12\/sakir-arslantas.jpg?fit=130%2C168&ssl=1","jetpack_sharing_enabled":true,"jetpack_likes_enabled":true,"jetpack-related-posts":[],"jetpack_shortlink":"https:\/\/wp.me\/pc2PfJ-5gX","_links":{"self":[{"href":"https:\/\/www.bghaber.org\/bghaber\/wp-json\/wp\/v2\/posts\/20271","targetHints":{"allow":["GET"]}}],"collection":[{"href":"https:\/\/www.bghaber.org\/bghaber\/wp-json\/wp\/v2\/posts"}],"about":[{"href":"https:\/\/www.bghaber.org\/bghaber\/wp-json\/wp\/v2\/types\/post"}],"author":[{"embeddable":true,"href":"https:\/\/www.bghaber.org\/bghaber\/wp-json\/wp\/v2\/users\/13"}],"replies":[{"embeddable":true,"href":"https:\/\/www.bghaber.org\/bghaber\/wp-json\/wp\/v2\/comments?post=20271"}],"version-history":[{"count":0,"href":"https:\/\/www.bghaber.org\/bghaber\/wp-json\/wp\/v2\/posts\/20271\/revisions"}],"wp:featuredmedia":[{"embeddable":true,"href":"https:\/\/www.bghaber.org\/bghaber\/wp-json\/wp\/v2\/media\/12415"}],"wp:attachment":[{"href":"https:\/\/www.bghaber.org\/bghaber\/wp-json\/wp\/v2\/media?parent=20271"}],"wp:term":[{"taxonomy":"category","embeddable":true,"href":"https:\/\/www.bghaber.org\/bghaber\/wp-json\/wp\/v2\/categories?post=20271"},{"taxonomy":"post_tag","embeddable":true,"href":"https:\/\/www.bghaber.org\/bghaber\/wp-json\/wp\/v2\/tags?post=20271"}],"curies":[{"name":"wp","href":"https:\/\/api.w.org\/{rel}","templated":true}]}}