{"id":20263,"date":"2016-08-27T00:41:16","date_gmt":"2016-08-26T21:41:16","guid":{"rendered":"http:\/\/www.bghaber.org\/bghaber\/?p=20263"},"modified":"2016-08-29T11:24:02","modified_gmt":"2016-08-29T08:24:02","slug":"duzeltmeyildirim-borisov-ortak-basin-toplantisi-baslikli-haberimizin-6-paragrafindaki","status":"publish","type":"post","link":"https:\/\/www.bghaber.org\/bghaber\/duzeltmeyildirim-borisov-ortak-basin-toplantisi-baslikli-haberimizin-6-paragrafindaki\/","title":{"rendered":"Bulgaristan\u2019la aram\u0131zda \u00e7al\u0131\u015fmalar\u0131 yo\u011funla\u015ft\u0131raca\u011f\u0131z"},"content":{"rendered":"<div class=\"solpartsol \">\n<h2 class=\"ustblkgenislet2 spot \">Ba\u015fbakan Binali Y\u0131ld\u0131r\u0131m, Alman Der Spigel dergisindeki F\u0131rat Kalkan\u0131 operasyonu analizine ili\u015fkin, &#8220;Bu dergi herhalde bir ba\u015fka gezegende ya\u015f\u0131yor, d\u00fcnyadan haberi yok veya haberi var, yalan hem de kuyruklu yalan haberler yapmay\u0131 kendine i\u015f edinmi\u015f.<\/h2>\n<div><img data-recalc-dims=\"1\" decoding=\"async\" class=\"meta imgekcl\" src=\"https:\/\/i0.wp.com\/img.haberler.com\/haber\/789\/yildirim-operasyonlarimiza-devam-edecegiz-8730325_x_1311_o.jpg?w=640\" alt=\"D\u00fczeltme'Y\u0131ld\u0131r\u0131m-Borisov Ortak Bas\u0131n Toplant\u0131s\u0131' Ba\u015fl\u0131kl\u0131 Haberimizin 6. Paragraf\u0131ndaki, 'Gerek...\" \/><\/div>\n<div>\n<p><strong>De\u011ferli dostum Boyko Borisov\u2019u T\u00fcrkiye\u2019de, \u0130stanbul\u2019da misafir ediyoruz, kendisine ve heyetine \u00fclkemize ho\u015f geldiniz diyorum.<\/strong><\/p>\n<p>S\u00f6zlerimin ba\u015f\u0131nda bu sabah erken saatlerde Cizre Polis Merkezine al\u00e7ak PKK ter\u00f6r \u00f6rg\u00fct\u00fcn\u00fcn kalle\u015f sald\u0131r\u0131s\u0131 sonucu hayat\u0131n\u0131 kaybeden 11 tane \u015fehidimiz, polis karde\u015fimiz var, \u015fehitlerimize Allah\u2019tan rahmet diliyorum. Yaral\u0131lar\u0131m\u0131z var \u00e7ok say\u0131da tedavi alt\u0131nda, onlara da acil \u015fifalar diliyorum.<\/p>\n<p>Ter\u00f6r \u00f6rg\u00fct\u00fc ne yaparsa yaps\u0131n, can\u0131m\u0131z\u0131 yakabilir, \u015fehitlerimiz olabilir, ac\u0131m\u0131z b\u00fcy\u00fck, ancak \u015fehitlerimizi ba\u011fr\u0131m\u0131za basaca\u011f\u0131m\u0131z, kalle\u015f ter\u00f6r \u00f6rg\u00fct\u00fcn\u00fc sevindirmeyece\u011fiz. Hi\u00e7bir ter\u00f6r \u00f6rg\u00fct\u00fc T\u00fcrkiye Cumhuriyeti\u2019ni esir alamaz, bildiklerini arkalar\u0131na koymas\u0131nlar.<\/p>\n<p>Milletimiz \u015funu anlas\u0131n ve bilsin ki; bu ter\u00f6r \u00f6rg\u00fctlerinin t\u00fcm\u00fcne topyekun sava\u015f a\u00e7t\u0131k, Kurtulu\u015f Sava\u015f\u0131\u2019nda Gazi\u2019nin dedi\u011fi gibi, ya istiklal, ya \u00f6l\u00fcm. Ve 79 milyonun karde\u015fli\u011fine, birli\u011fine, beraberli\u011fine kasteden bu al\u00e7aklara her t\u00fcrl\u00fc hak ettikleri cevab\u0131 verece\u011fiz.<\/p>\n<p>Bug\u00fcn d\u00fcnyan\u0131n g\u0131ptayla izledi\u011fi b\u00fcy\u00fck bir eseri tamamlay\u0131p milletimizin hizmetine sunarken, kalle\u015f ter\u00f6r \u00f6rg\u00fct\u00fc bildik icraatlar\u0131n\u0131 yapmaktan geri koymuyor. Milletimizin gelece\u011fi i\u00e7in, \u00fclkemizin refah\u0131 i\u00e7in, 2023hedeflerimiz i\u00e7in y\u0131lmadan bir yandan \u00e7al\u0131\u015faca\u011f\u0131z, eserler ortaya koyaca\u011f\u0131z, yeni projeleri hayata ge\u00e7irece\u011fiz, bir yandan da bu \u00fclkenin ba\u015f\u0131na bela olan bu ter\u00f6r \u00f6rg\u00fct\u00fcn\u00fc de \u00e7\u00f6kertece\u011fiz. Yapacaklar\u0131 hi\u00e7bir al\u00e7ak giri\u015fim bizim karde\u015fli\u011fimizi, birli\u011fimizi bozmayacakt\u0131r ve bu m\u00fccadelede asla bizi y\u0131ld\u0131rmayacakt\u0131r.<\/p><div id=\"bghab-3020998379\" class=\"bghab-icerik-icine bghab-entity-placement\"><script async src=\"\/\/pagead2.googlesyndication.com\/pagead\/js\/adsbygoogle.js?client=ca-pub-6203283170189293\" crossorigin=\"anonymous\"><\/script><ins class=\"adsbygoogle\" style=\"display:block; text-align:center;\" data-ad-client=\"ca-pub-6203283170189293\" \ndata-ad-slot=\"7303146466\" \ndata-ad-layout=\"in-article\"\ndata-ad-format=\"fluid\" data-full-width-responsive=\"true\"><\/ins>\n<script> \n(adsbygoogle = window.adsbygoogle || []).push({}); \n<\/script>\n<\/div>\n<p>De\u011ferli dostum Boyko ile T\u00fcrkiye-Bulgaristan aras\u0131ndaki konular\u0131 enine boyuna konu\u015ftuk. T\u00fcrkiye-Bulgaristan kom\u015fu de\u011fil, ayn\u0131 zamanda iyi birer m\u00fcttefiktir, iyi bir dosttur. \u00c7\u00fcnk\u00fc ikili ili\u015fkililerimiz gittik\u00e7e geli\u015fmektedir, NATO\u2019da ve bir\u00e7ok uluslararas\u0131 organizasyonda birlikte \u00e7al\u0131\u015f\u0131yoruz, b\u00f6lgesel i\u015fbirliklerinde uyumla birlikte hareket ediyoruz. Say\u0131n Borisov\u2019la s\u00fcrekli her konuyu zaman mefhumu olmaks\u0131z\u0131n telefonla g\u00f6r\u00fc\u015f\u00fcyoruz, sorunlara an\u0131nda m\u00fcdahale ediyoruz, her \u00fclke halk\u0131n\u0131n istedi\u011fi, arzulad\u0131\u011f\u0131 konular\u0131 geciktirmeden \u00e7\u00f6z\u00fcme kavu\u015fturuyoruz. Bulgaristan\u2019la geli\u015ftirdi\u011fimiz bu ikili ili\u015fkiler tabiat\u0131yla Avrupa Birli\u011fi ili\u015fkilerine de olumlu yans\u0131maktad\u0131r, olumlu katk\u0131 sa\u011flamaktad\u0131r.<\/p>\n<p>Bilindi\u011fi gibi T\u00fcrkiye, Ortado\u011fu\u2019da, \u00f6zellikle Suriye\u2019de, Irak\u2019ta uzun y\u0131llard\u0131r devam eden i\u00e7 sava\u015f nedeniyle \u00e7ok say\u0131da, 3 milyondan fazla m\u00fclteciye ev sahipli\u011fi yapmaktad\u0131r. M\u00fcltecilerin her t\u00fcrl\u00fc ihtiya\u00e7lar\u0131n\u0131 kar\u015f\u0131l\u0131yoruz, bunu da severek yap\u0131yoruz, \u00e7\u00fcnk\u00fc bizim gelene\u011fimizde zorda, darda kalan insanlara yard\u0131m etmek esast\u0131r. Bu sorunun b\u00f6lgesel ve k\u00fcresel bir sorun oldu\u011funu asla ak\u0131ldan \u00e7\u0131karmamam\u0131z laz\u0131m. Avrupal\u0131 dostlar\u0131m\u0131z\u0131n m\u00fclteci sorunu \u00e7\u00f6z\u00fcm\u00fc konusunda daha fazla sorumluluk almalar\u0131n\u0131n zaman\u0131 gelmi\u015f ve ge\u00e7mek \u00fczeredir.<\/p>\n<p>Ekim ay\u0131 sonunda y\u00fcr\u00fcrl\u00fc\u011fe girmesi beklenen vize serbestisi ve geri kabul anla\u015fmas\u0131n\u0131n mutlaka sonu\u00e7land\u0131r\u0131lmas\u0131 hayati bir \u00f6neme sahiptir. Bu anla\u015fmalar\u0131n bir \u015fekilde yap\u0131lamamas\u0131 halinde m\u00fclteci sorunu art\u0131k T\u00fcrkiye\u2019nin s\u0131n\u0131rlar\u0131 i\u00e7erisinde de\u011fil, b\u00fct\u00fcn Avrupa\u2019y\u0131 da ilgilendirecek b\u00fcy\u00fck bir b\u00f6lgesel soruna d\u00f6n\u00fc\u015fme riskini i\u00e7ermektedir. Bu meseleyi de\u011ferli dostum Boyko\u2019ya b\u00fct\u00fcn detaylar\u0131yla anlatt\u0131m, zannederim Avrupa Birli\u011fi \u00fcyeleriyle bug\u00fcn-yar\u0131n g\u00f6r\u00fc\u015fmeler olacak, \u00fcmit ederim ki onlara aktarma f\u0131rsat\u0131 olur.<\/p>\n<p>Bulgaristan\u2019\u0131n ya\u015fad\u0131\u011f\u0131 g\u00f6\u00e7men sorununu da biliyoruz ve yak\u0131ndan takip ediyoruz. Avrupa Birli\u011fi\u2019nde ya\u015fad\u0131\u011f\u0131m\u0131z s\u0131k\u0131nt\u0131lar\u0131n \u00f6tesinde ondan ba\u011f\u0131ms\u0131z olarak Bulgaristan\u2019\u0131n bu y\u00fck\u00fcn\u00fc, ya\u015fad\u0131\u011f\u0131 bu s\u0131k\u0131nt\u0131y\u0131 hafifletmek i\u00e7in elimizden gelen her t\u00fcrl\u00fc gayreti g\u00f6stermeye haz\u0131r\u0131z. Bu konuda ilgili makamlar\u0131m\u0131z zaten \u00e7al\u0131\u015fmalara ba\u015flad\u0131lar, \u00fcmit ederim ki k\u0131sa zamanda bu konuda m\u00fcspet bir sonu\u00e7 elde edilir, b\u00f6ylece y\u00fckleri, sorunlar\u0131 payla\u015farak a\u015fma imkan\u0131n\u0131 sa\u011flam\u0131\u015f oluruz.<\/p>\n<p><strong>Buyurun.\u00a0<\/strong><\/p><div id=\"bghab-2761760381\" class=\"bghab-icerik-icine-10-paragraf bghab-entity-placement\"><script async src=\"\/\/pagead2.googlesyndication.com\/pagead\/js\/adsbygoogle.js?client=ca-pub-6203283170189293\" crossorigin=\"anonymous\"><\/script><ins class=\"adsbygoogle\" style=\"display:block; text-align:center;\" data-ad-client=\"ca-pub-6203283170189293\" \ndata-ad-slot=\"7303146466\" \ndata-ad-layout=\"in-article\"\ndata-ad-format=\"fluid\" data-full-width-responsive=\"true\"><\/ins>\n<script> \n(adsbygoogle = window.adsbygoogle || []).push({}); \n<\/script>\n<\/div>\n<p><strong>BULGAR\u0130STAN BA\u015eBAKANI BOYKO BOR\u0130SOV:<\/strong> Say\u0131n Ba\u015fbakan, say\u0131n bakanlar, medya mensuplar\u0131; ilk olarak geli\u015fen en son olayla ilgili \u00f6zellikle Ba\u015fbakana ve T\u00fcrk halk\u0131na ba\u015fsa\u011fl\u0131\u011f\u0131 diliyorum. Maalesef art\u0131k haftalard\u0131r b\u00f6yle ter\u00f6rist olaylar oluyor ve b\u00f6yle ba\u015fsa\u011fl\u0131\u011f\u0131 mesajlar\u0131 g\u00f6nderiyoruz. \u00d6zellikle \u015fehitlerin ailelerine bu bizim duygular\u0131m\u0131z\u0131 iletmek istiyoruz.<\/p>\n<p>Tabii ki bug\u00fcnk\u00fc ziyaretimizin amac\u0131; bug\u00fcn a\u00e7\u0131lacak olan \u00fc\u00e7\u00fcnc\u00fc k\u00f6pr\u00fc, Avrupa ile Asya\u2019y\u0131 birle\u015ftiren bir k\u00f6pr\u00fcd\u00fcr. Ve b\u00f6ylece de bizim yollar\u0131m\u0131z, otobanlar\u0131m\u0131z bu projeye ba\u011flanm\u0131\u015f olur.<\/p>\n<p>\u00d6zellikle T\u00fcrk meslekta\u015f\u0131ma te\u015fekk\u00fcr etmek istiyorum bu bahsetti\u011fi konulara ve \u00f6nemli konular \u00fczerinde oturup konu\u015fma f\u0131rsat\u0131 buldu\u011fumuz i\u00e7in te\u015fekk\u00fcr ederiz.<\/p>\n<p>Ve iyi ili\u015fkilerimiz tabii ki vard\u0131r ve konu\u015ftu\u011fumuz konular net ve a\u00e7\u0131k tart\u0131\u015f\u0131ld\u0131, konu\u015fuldu. Ve Say\u0131n Ba\u015fbakana da te\u015fekk\u00fcr etmek istiyorum, \u00f6zellikle m\u00fclteci konusundaki vard\u0131\u011f\u0131m\u0131z tabii ki g\u00f6r\u00fc\u015f birli\u011fi ve T\u00fcrk taraf\u0131na yap\u0131laca\u011f\u0131 katk\u0131lardan ve \u00e7al\u0131\u015fmalardan dolay\u0131 \u00f6ncelikle te\u015fekk\u00fcr etmek istiyorum. Tabii ki \u015fu ana kadar da T\u00fcrkiye pek \u00e7ok ad\u0131m att\u0131 o y\u00f6nde bu engeli ge\u00e7i\u015fler, yani \u015fu ana kadar 26 bin civar\u0131nda zaten olaylar engellenmi\u015f oldu. \u00c7ok baz\u0131 notlar payla\u015ft\u0131k, \u00e7ok ayr\u0131nt\u0131l\u0131 bilgileri payla\u015ft\u0131k, haritalar \u00fczerinde konu\u015ftuk, b\u00f6lgeler \u00fczerinde \u00e7al\u0131\u015fmalarda bulunduk.<\/p>\n<p>Dikkatimi \u00e7eken olay \u015fudur ki; \u015fu anda T\u00fcrkiye bir harekat i\u00e7erisinde ve bu harekat dolay\u0131s\u0131yla yeni ula\u015fabilecek 2 milyonluk bir m\u00fclteci dalgas\u0131n\u0131 \u00f6nleme yap\u0131yor b\u00f6ylece. Art\u0131 mevcut olan 3 milyon m\u00fclteci, T\u00fcrkiye\u2019de bulunan 3 milyon m\u00fclteci varken \u00f6zellikle i\u015fte \u0130stanbul b\u00f6lgesinde. Hakikaten biz Avrupa\u2019da \u00e7ok net bir hesap, bir analiz yapmak zorunday\u0131z. Mart\u2019ta imzalanm\u0131\u015f olan anla\u015fma konusunda \u00e7ok iyi bir de\u011ferlendirme yapmak zorunday\u0131z ve bu yap\u0131lacak oylama \u00e7ok iyi bir analiz yapmak zorunday\u0131z. Ve esas soru, yani T\u00fcrkiye ne zamana kadar bu m\u00fclteci ak\u0131\u015f\u0131n\u0131 engelleyebilecek?<\/p><div id=\"bghab-2833428547\" class=\"bghab-icerik-icine-15-paragraf bghab-entity-placement\"><script async src=\"\/\/pagead2.googlesyndication.com\/pagead\/js\/adsbygoogle.js?client=ca-pub-6203283170189293\" crossorigin=\"anonymous\"><\/script><ins class=\"adsbygoogle\" style=\"display:block; text-align:center;\" data-ad-client=\"ca-pub-6203283170189293\" \ndata-ad-slot=\"7303146466\" \ndata-ad-layout=\"in-article\"\ndata-ad-format=\"fluid\" data-full-width-responsive=\"true\"><\/ins>\n<script> \n(adsbygoogle = window.adsbygoogle || []).push({}); \n<\/script>\n<\/div>\n<p>Pek \u00e7ok mesaj payla\u015fmak istiyorum, hatta baz\u0131lar\u0131n\u0131 not tuttum. \u00c7\u00fcnk\u00fc mesele Bulgaristan ile Yunanistan en b\u00fcy\u00fck tehlike alt\u0131nda bulunan \u00fclkelerdir bu s\u00fcre\u00e7ten dolay\u0131. Ve burada s\u00f6z konusu olan \u015fey; hakikaten ortak bir Avrupa uzla\u015fma ve bizim kom\u015fular\u0131m\u0131zla birlikte bir uzla\u015fma sa\u011flamak, esas ama\u00e7 odur. Dayan\u0131\u015fma \u00e7ok \u00f6nemlidir ve \u00e7ok a\u011f\u0131r ve \u00e7ok aktif aylar olacak \u00f6n\u00fcm\u00fczde. Ve umuyorum ki ortak bir \u00e7al\u0131\u015fma i\u00e7erisinde hem Avrupa Birli\u011fi, hem T\u00fcrkiye bir \u00e7\u00f6z\u00fcme ula\u015f\u0131r ve \u015fu anda bulundu\u011fumuz bir zor durumdan da \u00e7\u0131kabiliriz ortak \u00e7al\u0131\u015fmalarla. \u00c7\u00fcnk\u00fc bu anla\u015fma hakikaten \u00e7ok b\u00fcy\u00fck etki yaratt\u0131 ve m\u00fclteci bask\u0131n\u0131 azald\u0131 kesinlikle. Ve ben \u015fahsen bulundu\u011fum o zamanki toplant\u0131da ve t\u00fcm \u00fclkeler, t\u00fcm ba\u015fbakanlara zaten onaylad\u0131lar ve oylad\u0131lar, desteklediler bu anla\u015fmay\u0131. Art\u0131k diplomatlar \u00e7\u00f6z\u00fcm\u00fc bulmak zorundalar. \u0130yi bir sava\u015f yoktur, zaten herkes biliyor ve bu problemi \u00e7\u00f6zemezsek bir sava\u015f \u00e7\u0131kma ihtimali \u00e7ok b\u00fcy\u00fckt\u00fcr tabii ki. Tabii ki Avrupa da bu \u00e7ok uygun, \u00e7ok konforlu bir siyasi tav\u0131rd\u0131r i\u015fte m\u00fclteci kart\u0131 oynamakla birlikte.<\/p>\n<p>\u015e\u00f6yle bir izahta da bulunmak; zaten geldi\u011finiz b\u00f6lgelere geri \u00e7eviririz, iadesini yapar\u0131z. Fakat akl\u0131mda \u015funu hi\u00e7 d\u00fc\u015f\u00fcnm\u00fcyorum: Nas\u0131l olacak bu i\u015f, mesela bu binlerce ki\u015fi bizim topraklar\u0131m\u0131za ula\u015f\u0131p biz ondan sonra nereye da\u011f\u0131t\u0131r\u0131z? Ve asla Bulgaristan T\u00fcrkiye\u2019yle Avrupa aras\u0131nda bir \u2026 olaca\u011f\u0131n\u0131 asla bunu kabul etmem. Politik, tabi ki siyaset, \u00f6zellikle \u2026 siyaseti \u00e7ok tabi ki yayg\u0131n ve uygun olabilir baz\u0131lar\u0131na, fakat ger\u00e7ek ba\u015fkad\u0131r. Ve zaten buradaki Ba\u015fbakan nezdinde de s\u00f6yl\u00fcyorum, bu ki\u015filer her g\u00fcn \u00f6l\u00fcmle kar\u015f\u0131 kar\u015f\u0131ya geliyorlar. Biz bir angajman, zaten hepimiz bir angajman kabul ettik ve bu angajman\u0131 kabul ettikten sonra onaylad\u0131k ve destekledik. Ve hukuksal devletler olarak imzalanan angajmanlar ve anla\u015fmalar \u00fczerinde durup zaten onlar\u0131 uygulamaya mecburuz. Ne zaman ise zaten mesela T\u00fcrkiye\u2019ye baz\u0131 itirazlar\u0131m\u0131z olabilir ve olmu\u015ftur, hemen izah etmi\u015fiz ve s\u00f6ylemi\u015fiz her zaman a\u00e7\u0131k a\u00e7\u0131k.<\/p>\n<p>Ge\u00e7enlerde ABD Ba\u015fkan Yard\u0131mc\u0131s\u0131 zaten o da a\u00e7\u0131k s\u00f6yledi, bir tabi ki reaksiyon oldu, biraz gecikmi\u015f, hatta Bulgaristan\u2019\u0131n reaksiyonundan gecikmi\u015f reaksiyon olarak da de\u011ferlendirilebilir, ama yine de kabul edilebilir bir tav\u0131rd\u0131r.<\/p>\n<p>Bulgaristan ile T\u00fcrkiye yak\u0131n devletlerdir, hem co\u011frafik, hem b\u00f6lgede ortak pek \u00e7ok \u2026 Zaten kontak i\u00e7erisindeyiz, i\u00e7i\u015fleri bakanlar\u0131m\u0131z en yak\u0131n zamanda bu \u00e7al\u0131\u015fmaya kat\u0131l\u0131rlar, bir\u00e7ok merkezimiz.<\/p>\n<p>\u00dc\u00e7l\u00fc merkezimiz Bulgaristan, Yunanistan ile T\u00fcrkiye, o da \u00e7al\u0131\u015f\u0131r vaziyettedir. \u00d6zellikle \u015funu vurgulamak isterim ki; biz bir tek Bulgaristan\u2019\u0131n sorunlar\u0131n\u0131 \u00e7\u00f6zmek istemiyoruz, biz hem Yunanistan, hem Bulgaristan problemlerini \u00e7\u00f6zmek istiyoruz ve yapabiliriz.<\/p><div id=\"bghab-521461649\" class=\"bghab-icerik-icine-20-paragraf bghab-entity-placement\"><script async src=\"\/\/pagead2.googlesyndication.com\/pagead\/js\/adsbygoogle.js?client=ca-pub-6203283170189293\" crossorigin=\"anonymous\"><\/script><ins class=\"adsbygoogle\" style=\"display:block; text-align:center;\" data-ad-client=\"ca-pub-6203283170189293\" \ndata-ad-slot=\"7303146466\" \ndata-ad-layout=\"in-article\"\ndata-ad-format=\"fluid\" data-full-width-responsive=\"true\"><\/ins>\n<script> \n(adsbygoogle = window.adsbygoogle || []).push({}); \n<\/script>\n<\/div>\n<p>\u2026 imzalanm\u0131\u015f bir anla\u015fma var T\u00fcrkiye\u2019yle Bulgaristan aras\u0131nda ve bizim iradeyle o problemi iki tarafla \u00e7\u00f6zebiliriz. Ben istiyorum ki, Avrupa Birli\u011fi ortak tav\u0131r ve t\u00fcm devletlere sayg\u0131 g\u00f6stermek ve kurallar i\u00e7erisinde davranmak. Ve tabi ki T\u00fcrkiye\u2019ye kar\u015f\u0131 T\u00fcrkiye\u2019nin negatif a\u00e7\u0131s\u0131ndan hi\u00e7bir \u015fey yaratmak istemiyoruz. Ben enimi ki, Avrupa ve T\u00fcrkiye beraber, yani Avrupa\u2019da ve b\u00f6lgede b\u00fcy\u00fck g\u00fcven sa\u011flan\u0131r, bir istikrar sa\u011flan\u0131r b\u00f6ylece.<\/p>\n<p><strong>Te\u015fekk\u00fcr ederim.<\/strong><\/p>\n<p><strong>BA\u015eBAKAN B\u0130NAL\u0130 YILDIRIM: Evet, ben te\u015fekk\u00fcr ediyorum.\u00a0<\/strong><\/p>\n<p>Say\u0131n Ba\u015fbakan\u0131n \u00f6zellikle \u00fclkemizde 15 Temmuz\u2019da meydana gelen darbe giri\u015fiminde bize ilk andan itibaren Bulgaristan H\u00fck\u00fcmeti olarak, devleti olarak \u00e7ok yak\u0131n, a\u00e7\u0131k bir deste\u011fi oldu T\u00fcrk halk\u0131n\u0131n gelece\u011finden yana, T\u00fcrk demokrasisinden yana. Bu a\u00e7\u0131k deste\u011finden dolay\u0131 Say\u0131n Borisov\u2019a da \u00e7ok te\u015fekk\u00fcr ediyorum. Bulgar halk\u0131na T\u00fcrk halk\u0131yla dayan\u0131\u015fma i\u00e7erisinde oldu\u011fu i\u00e7in ayr\u0131ca te\u015fekk\u00fcr ediyorum.<\/p>\n<p><strong>De\u011ferli dostumun da ifade etti\u011fi gibi, biz Bulgaristan\u2019la aram\u0131zdaki sorunlar\u0131 \u00f6yle veya b\u00f6yle \u00e7\u00f6zeriz, bir problem yok, biz ge\u00e7mi\u015fte de \u00e7\u00f6zd\u00fck. Biz Bulgaristan\u2019la aram\u0131zdaki bu m\u00fclteci sorununu \u00e7\u00f6zmemiz, sorunun tamamen \u00e7\u00f6z\u00fcm\u00fc anlam\u0131na gelmiyor. Avrupa bu tehditten bu \u015fekilde kurtarma \u015fans\u0131 yok, \u00e7\u00fcnk\u00fc b\u00f6lgede, Suriye\u2019de, Irak\u2019ta i\u015fler gittik\u00e7e daha zora giriyor.<\/strong><\/p><div id=\"bghab-2877385643\" class=\"bghab-icerik-icine-25-paragraf bghab-entity-placement\"><script async src=\"\/\/pagead2.googlesyndication.com\/pagead\/js\/adsbygoogle.js?client=ca-pub-6203283170189293\" crossorigin=\"anonymous\"><\/script><ins class=\"adsbygoogle\" style=\"display:block; text-align:center;\" data-ad-client=\"ca-pub-6203283170189293\" \ndata-ad-slot=\"7303146466\" \ndata-ad-layout=\"in-article\"\ndata-ad-format=\"fluid\" data-full-width-responsive=\"true\"><\/ins>\n<script> \n(adsbygoogle = window.adsbygoogle || []).push({}); \n<\/script>\n<\/div>\n<p>Biz yeni dalgalar\u0131n olu\u015fmamas\u0131 i\u00e7in g\u00fcney s\u0131n\u0131r\u0131m\u0131zda baz\u0131 tedbirler ald\u0131k, buradaki DEA\u015e ve di\u011fer ter\u00f6r unsurlar\u0131n\u0131 b\u00f6lgeden temizliyoruz ki oradaki sivil insanlar evlerinden, barklar\u0131ndan tekrar g\u00f6\u00e7 etmek zorunda kalmas\u0131n. Ancak, sorunun b\u00fct\u00fcn Avrupa Birli\u011fi d\u00fczeyinde kapsaml\u0131 olarak ele al\u0131nma ve acilen \u00e7\u00f6z\u00fcm \u00fcretme ihtiyac\u0131 var. \u00a0Bu konuyu enine, boyuna Say\u0131n Ba\u015fbakanla konu\u015ftuk. \u00dcmit ederim ki, Birlik de bu vesileyle bir kez daha bu meselenin fark\u0131na varm\u0131\u015f olur ve gereken ad\u0131mlar\u0131 atm\u0131\u015f olurlar.<\/p>\n<p>Bir kez daha Say\u0131n Ba\u015fbakana dost ve kom\u015fu T\u00fcrkiye\u2019yle g\u00f6sterdi\u011fi dayan\u0131\u015fma i\u00e7in te\u015fekk\u00fcr ediyorum.<\/p>\n<p><strong>Tekrar ediyorum ki, gerek T\u00fcrkiye\u2019de, gerek Bulgaristan\u2019da ya\u015fayan soyda\u015flar\u0131m\u0131z, Bulgaristan k\u00f6kenli Soyda\u015flar\u0131m\u0131z Bulgaristan\u2019la bizim aram\u0131zdaki ili\u015fkilerin adeta \u00e7imentosudur, ili\u015fkilerimizi geli\u015ftiren, ili\u015fkilerimizi daha da ileriye g\u00f6t\u00fcren en \u00f6nemli varl\u0131klar\u0131m\u0131zdan biridir.\u00a0<\/strong><\/p>\n<p>Say\u0131n Ba\u015fbakanla enerji, ula\u015ft\u0131rma, k\u00fclt\u00fcr, turizm konular\u0131nda da ikili ili\u015fkilerimizi geli\u015ftirmek bak\u0131m\u0131ndan neler yap\u0131lacak, bunlar\u0131 konu\u015ftuk, ilgili bakanlar\u0131m\u0131z bu konuda yak\u0131n \u00e7al\u0131\u015fmaya devam edecekler.<\/p>\n<p><strong>\u0130stanbul\u2019u Uzak Do\u011fu\u2019ya ve Balkanlar\u2019a, Bulgaristan\u2019a ba\u011flayacak d\u00fcnyan\u0131n en geni\u015f asma k\u00f6pr\u00fcs\u00fcn\u00fcn, Yavuz Sultan Selim K\u00f6pr\u00fcs\u00fc\u2019n\u00fcn bug\u00fcn a\u00e7\u0131l\u0131\u015f\u0131nda bizlerle beraber oldu\u011fu i\u00e7in de\u011ferli dostum Boyko Borisov\u2019a tekrar te\u015fekk\u00fcr ediyorum, ho\u015f geldiniz diyorum.<\/strong><\/p><div id=\"bghab-3853535590\" class=\"bghab-icerik-icine-30-paragraf bghab-entity-placement\"><script async src=\"\/\/pagead2.googlesyndication.com\/pagead\/js\/adsbygoogle.js?client=ca-pub-6203283170189293\" crossorigin=\"anonymous\"><\/script><ins class=\"adsbygoogle\" style=\"display:block; text-align:center;\" data-ad-client=\"ca-pub-6203283170189293\" \ndata-ad-slot=\"7303146466\" \ndata-ad-layout=\"in-article\"\ndata-ad-format=\"fluid\" data-full-width-responsive=\"true\"><\/ins>\n<script> \n(adsbygoogle = window.adsbygoogle || []).push({}); \n<\/script>\n<\/div>\n<p><strong>Te\u015fekk\u00fcr ederim.\u00a0<\/strong><\/p>\n<p><strong>Soru mu var? Peki.<\/strong><\/p>\n<p>SORU: Say\u0131n Ba\u015fbakan, bug\u00fcnk\u00fc sald\u0131r\u0131yla ilgili biraz daha detay bilgi alabilir miyiz \u00f6zellikle y\u00f6ntemi ve zamanlamas\u0131yla ilgili? Y\u00f6ntem olarak bir intihar sald\u0131r\u0131s\u0131 oldu\u011fu belirtiliyor, buna ili\u015fkin detay verebilir misiniz?<\/p>\n<p><strong>BA\u015eBAKAN B\u0130NAL\u0130 YILDIRIM:<\/strong> Sabah 7 s\u0131ralar\u0131nda Cizre Polis Merkezine bir intihar sald\u0131r\u0131s\u0131, patlay\u0131c\u0131 y\u00fckl\u00fc bir kamyonla intihar sald\u0131r\u0131s\u0131 oldu ve \u015fehitlerimiz var, yaral\u0131lar\u0131m\u0131z var. Bu hi\u00e7 \u015f\u00fcphesiz al\u00e7ak PKK b\u00f6l\u00fcc\u00fc ter\u00f6r \u00f6rg\u00fct\u00fcn\u00fcn hain sald\u0131r\u0131lar\u0131ndan bir tanesi.<\/p>\n<p>SORU: Efendim, devam\u0131 vard\u0131 sorumun da, bu Cerablus operasyonuyla ilgili olarak Alman Der Spiegel Dergisi\u2019nin bir analizi var, hedef K\u00fcrtler, Ankara b\u00f6lgede uzun s\u00fcreli bir i\u015fgalin ilk ad\u0131m\u0131n\u0131 att\u0131 \u015feklinde bir analiz. Hem bu analize yorumunuz ne olacak, hem de T\u00fcrk Silahl\u0131 Kuvvetleri\u2019nin orada ne kadar s\u00fcreyle kalmas\u0131 planlan\u0131yor? Hedef I\u015e\u0130D\u2019i hangi noktaya kadar temizlemek ve PYD\u2019nin F\u0131rat\u2019\u0131n do\u011fusuna ge\u00e7tikten sonra T\u00fcrk Silahl\u0131 Kuvvetleri d\u00f6necek mi? Buna ili\u015fkin bir zamanlama \u00f6ng\u00f6r\u00fcn\u00fcz var m\u0131 ya da operasyon talimat\u0131 nedir?<\/p><div id=\"bghab-1886235491\" class=\"bghab-icerik-icine-35-paragraf bghab-entity-placement\"><script async src=\"\/\/pagead2.googlesyndication.com\/pagead\/js\/adsbygoogle.js?client=ca-pub-6203283170189293\" crossorigin=\"anonymous\"><\/script><ins class=\"adsbygoogle\" style=\"display:block; text-align:center;\" data-ad-client=\"ca-pub-6203283170189293\" \ndata-ad-slot=\"7303146466\" \ndata-ad-layout=\"in-article\"\ndata-ad-format=\"fluid\" data-full-width-responsive=\"true\"><\/ins>\n<script> \n(adsbygoogle = window.adsbygoogle || []).push({}); \n<\/script>\n<\/div>\n<p><strong>Te\u015fekk\u00fcrler<\/strong>.<\/p>\n<p><strong>BA\u015eBAKAN B\u0130NAL\u0130 YILDIRIM:<\/strong> Bu dergi herhalde bir ba\u015fka gezende ya\u015f\u0131yor, d\u00fcnyadan haberi yok veya haberi var, yalan, hem de kuyruklu yalan haberler yapmay\u0131 kendine i\u015f edinmi\u015f. Hi\u00e7bir \u015fey yapmay\u0131 bilmiyorsa, Amerikan Ba\u015fkan Yard\u0131mc\u0131s\u0131n\u0131n a\u00e7\u0131klamas\u0131n\u0131 dinlesin, Avrupa Birli\u011fi makamlar\u0131n\u0131n a\u00e7\u0131klamas\u0131n\u0131 dinlesin ve d\u00fcnyadaki b\u00fct\u00fcn \u00fclkelerin a\u00e7\u0131klamalar\u0131n\u0131 dinlesin, ona g\u00f6re haber yaps\u0131nlar.<\/p>\n<p>T\u00fcrkiye bir yandan I\u015e\u0130D\u2019le m\u00fccadele etmekte zay\u0131f kal\u0131yor diye yalan iddialarda bulunacaks\u0131n\u0131z, bir yandan da DEA\u015e veya I\u015e\u0130D\u2019in \u00fczerine amans\u0131zca gidip masum insanlar\u0131n hayat\u0131n\u0131 kurtar\u0131nca da K\u00fcrtler \u00f6ld\u00fcr\u00fcl\u00fcyor diyeceksiniz; yemezler. Bunlar tamamen yaland\u0131r, asl\u0131 astar\u0131 yoktur. \u00d6zg\u00fcr Suriye Ordusu orada DEA\u015e unsurlar\u0131n\u0131 temizlemekle me\u015fguld\u00fcr ve di\u011fer ter\u00f6r gruplar\u0131n\u0131 geldikleri yere g\u00f6ndermekle me\u015fguld\u00fcr, bizim askerimiz, bizim unsurlar\u0131m\u0131z da onlara lojistik destek vermektedir. Askerimizin g\u00f6revi, s\u0131n\u0131rlar\u0131m\u0131z\u0131n g\u00fcvenli\u011fini sa\u011flamak ve \u00fclkemizin topraklar\u0131nda ya\u015fayan vatanda\u015flar\u0131m\u0131z\u0131n can ve mal emniyetini teminat alt\u0131na almakt\u0131r. T\u00fcrkiye\u2019nin yapt\u0131\u011f\u0131 budur, bunun d\u0131\u015f\u0131ndaki b\u00fct\u00fcn haberler, yorumlar z\u0131rvad\u0131r.<\/p>\n<p>Ba\u015ftan beri biz T\u00fcrkiye\u2019nin toprak b\u00fct\u00fcnl\u00fc\u011f\u00fcn\u00fc savunuyoruz ve Suriye\u2019nin de toprak b\u00fct\u00fcnl\u00fc\u011f\u00fcn\u00fc savunuyoruz. Bu ter\u00f6r \u00f6rg\u00fctlerinin amac\u0131, hem T\u00fcrkiye\u2019de, hem Suriye\u2019de b\u00f6l\u00fcc\u00fcl\u00fck yapmak, s\u00f6zde ak\u0131llar\u0131 s\u0131ra buralarda devlet kurmak, \u00f6yle bir hayalin pe\u015findeler, asla bunu ba\u015faramayacaklar.<\/p>\n<p>Biz, s\u0131n\u0131rlar\u0131m\u0131z\u0131n g\u00fcvenli\u011fini, vatanda\u015flar\u0131m\u0131z\u0131n can ve mal emniyetini y\u00fczde 100 sa\u011flay\u0131ncaya kadar oradaki operasyonlar\u0131m\u0131za devam edece\u011fiz, DEA\u015e ve di\u011fer ter\u00f6r unsurlar\u0131n\u0131 b\u00f6lgeden \u00e7\u0131kar\u0131ncaya kadar bu operasyonlara devam edece\u011fiz.<\/p><div id=\"bghab-2638121981\" class=\"bghab-icerik-icine-40-paragraf bghab-entity-placement\"><script async src=\"\/\/pagead2.googlesyndication.com\/pagead\/js\/adsbygoogle.js?client=ca-pub-6203283170189293\" crossorigin=\"anonymous\"><\/script><ins class=\"adsbygoogle\" style=\"display:block; text-align:center;\" data-ad-client=\"ca-pub-6203283170189293\" \ndata-ad-slot=\"7303146466\" \ndata-ad-layout=\"in-article\"\ndata-ad-format=\"fluid\" data-full-width-responsive=\"true\"><\/ins>\n<script> \n(adsbygoogle = window.adsbygoogle || []).push({}); \n<\/script>\n<\/div>\n<p><strong>Te\u015fekk\u00fcr ederim.\u00a0<\/strong><\/p>\n<p><strong>SORU: 24 Saat Gazetesi\u2019nden.<\/strong><\/p>\n<p>T\u00fcrkiye Bulgaristan\u2019la ikili bir s\u00f6zle\u015fme imzalamay\u0131 d\u00fc\u015f\u00fcn\u00fcyor mu?<\/p>\n<p><strong>BA\u015eBAKAN B\u0130NAL\u0130 YILDIRIM: Hangi konuda?<\/strong><\/p>\n<p><strong>SORU: Suriye m\u00fcltecileri konusunda.\u00a0<\/strong><\/p><div id=\"bghab-3595072569\" class=\"bghab-icerik-icine-45-paragraf bghab-entity-placement\"><script async src=\"\/\/pagead2.googlesyndication.com\/pagead\/js\/adsbygoogle.js?client=ca-pub-6203283170189293\" crossorigin=\"anonymous\"><\/script><ins class=\"adsbygoogle\" style=\"display:block; text-align:center;\" data-ad-client=\"ca-pub-6203283170189293\" \ndata-ad-slot=\"7303146466\" \ndata-ad-layout=\"in-article\"\ndata-ad-format=\"fluid\" data-full-width-responsive=\"true\"><\/ins>\n<script> \n(adsbygoogle = window.adsbygoogle || []).push({}); \n<\/script>\n<\/div>\n<p>BA\u015eBAKAN B\u0130NAL\u0130 YILDIRIM: T\u00fcrkiye-Bulgaristan m\u00fclteci sorununu, Bulgaristan\u2019\u0131n ya\u015famakta oldu\u011fu bu s\u0131k\u0131nt\u0131y\u0131 azaltmak i\u00e7in ikili bir gayret, ikili birlikte \u00e7al\u0131\u015fma karar\u0131 ald\u0131, az \u00f6nce ben de a\u00e7\u0131klad\u0131m, Say\u0131n Ba\u015fbakan da a\u00e7\u0131klad\u0131. Her ne kadar Avrupa Birli\u011fi\u2019yle yap\u0131lacak anla\u015fma gecikmi\u015f olsa da, bu anla\u015fma oluncaya kadar, Ekim ay\u0131nda tamamlanmas\u0131n\u0131 bekliyoruz, \u00e7\u00fcnk\u00fc bu kanuni zorunluluk, bu s\u00fcreye kadar bile Bulgaristan\u2019la aram\u0131zda \u00e7al\u0131\u015fmalar\u0131 yo\u011funla\u015ft\u0131raca\u011f\u0131z ve burada ya\u015fanan sorunun \u00e7\u00f6z\u00fcm\u00fc i\u00e7in somut ad\u0131mlar atmaya gayret edece\u011fiz.<\/p>\n<p><strong>BULGAR\u0130STAN BA\u015eBAKANI BOYKO BOR\u0130SOV: Bulgaristan\u2019a hi\u00e7bir \u015fart koymad\u0131.<\/strong><\/p>\n<p>\u0130kincisi, ben umuyorum ki Avrupa Birli\u011fi i\u00e7esinde yeterince bir irade, yeterince bir g\u00fc\u00e7 toplan\u0131p b\u00fct\u00fcn devletlere bir koruma sa\u011flamak. Ondan sonra zaten ba\u015fka toplant\u0131lar\u0131m\u0131z da olacak, yeterince bir zaman\u0131m\u0131z ve ortam\u0131m\u0131z olur. Ben eminim ki, t\u00fcm Avrupa \u00fclkeleri i\u00e7in \u00e7ok net ve uygun bir \u00e7\u00f6z\u00fcm bulabiliriz, b\u00f6yle bir imkan\u0131m\u0131z var.<\/p>\n<p>Baz\u0131 detaylar\u0131 da a\u00e7\u0131klamak isterim, ben anla\u015fmay\u0131, zaten oradaki \u015fartlar uygulan\u0131p ve t\u00fcm d\u0131\u015f s\u0131n\u0131rlar\u0131m\u0131z\u0131 kapatabiliriz, ayn\u0131 zamanda T\u00fcrk makamlar\u0131yla \u00e7ok iyi ortak bir s\u0131n\u0131r koruma mekanizma olu\u015fturabiliriz. Peki, e\u011fer sadece T\u00fcrkiye s\u0131n\u0131r\u0131 bir istikrar, b\u00f6yle bir mekanizma olu\u015fturursa, Yunanistan s\u0131n\u0131r\u0131, Makedonya s\u0131n\u0131r\u0131 kiminle \u015fey yapar\u0131z, oradaki ortam nas\u0131l olacak? Yani ger\u00e7ek\u00e7ilik \u00f6n plana \u00e7\u0131karmak laz\u0131m ve b\u00f6ylece uygun kararlar verilir. Hatta tek tek anla\u015fmalar da \u00e7\u00f6z\u00fcm de\u011fil.<\/p>\n<p>Te\u015fekk\u00fcr ederim.<\/p><div id=\"bghab-1397457897\" class=\"bghab-icerik-icine-50-paragraf bghab-entity-placement\"><script async src=\"\/\/pagead2.googlesyndication.com\/pagead\/js\/adsbygoogle.js?client=ca-pub-6203283170189293\" crossorigin=\"anonymous\"><\/script><ins class=\"adsbygoogle\" style=\"display:block; text-align:center;\" data-ad-client=\"ca-pub-6203283170189293\" \ndata-ad-slot=\"7303146466\" \ndata-ad-layout=\"in-article\"\ndata-ad-format=\"fluid\" data-full-width-responsive=\"true\"><\/ins>\n<script> \n(adsbygoogle = window.adsbygoogle || []).push({}); \n<\/script>\n<\/div>\n<\/div>\n<\/div>\n<div id=\"BlokAltSol\" class=\"w640\"><\/div>\n<div id=\"bghab-2399996234\" class=\"bghab-yazi-altinda bghab-entity-placement\"><div class=\"bghab-adlabel\">Reklamlar<\/div><script async src=\"https:\/\/pagead2.googlesyndication.com\/pagead\/js\/adsbygoogle.js\"><\/script>\r\n<!-- bghaber-yaz\u0131-sonu -->\r\n<ins class=\"adsbygoogle\"\r\n     style=\"display:block\"\r\n     data-ad-client=\"ca-pub-6203283170189293\"\r\n     data-ad-slot=\"4222328180\"\r\n     data-ad-format=\"auto\"\r\n     data-full-width-responsive=\"true\"><\/ins>\r\n<script>\r\n     (adsbygoogle = window.adsbygoogle || []).push({});\r\n<\/script><\/div><br style=\"clear: both; display: block; float: none;\"\/>","protected":false},"excerpt":{"rendered":"<p>Ba\u015fbakan Binali Y\u0131ld\u0131r\u0131m, Alman Der Spigel dergisindeki F\u0131rat Kalkan\u0131 operasyonu analizine ili\u015fkin, &#8220;Bu dergi herhalde bir ba\u015fka gezegende ya\u015f\u0131yor, d\u00fcnyadan haberi yok veya haberi var,<\/p>\n","protected":false},"author":13,"featured_media":20264,"comment_status":"closed","ping_status":"closed","sticky":false,"template":"","format":"standard","meta":{"advanced_seo_description":"","jetpack_seo_html_title":"","jetpack_seo_noindex":false,"_jetpack_memberships_contains_paid_content":false,"footnotes":""},"categories":[4],"tags":[],"class_list":["post-20263","post","type-post","status-publish","format-standard","has-post-thumbnail","hentry","category-siyaset"],"jetpack_featured_media_url":"https:\/\/i0.wp.com\/www.bghaber.org\/bghaber\/wp-content\/uploads\/2016\/08\/bg-tr-bsbk.jpg?fit=768%2C435&ssl=1","jetpack_sharing_enabled":true,"jetpack_likes_enabled":true,"jetpack-related-posts":[],"jetpack_shortlink":"https:\/\/wp.me\/pc2PfJ-5gP","_links":{"self":[{"href":"https:\/\/www.bghaber.org\/bghaber\/wp-json\/wp\/v2\/posts\/20263","targetHints":{"allow":["GET"]}}],"collection":[{"href":"https:\/\/www.bghaber.org\/bghaber\/wp-json\/wp\/v2\/posts"}],"about":[{"href":"https:\/\/www.bghaber.org\/bghaber\/wp-json\/wp\/v2\/types\/post"}],"author":[{"embeddable":true,"href":"https:\/\/www.bghaber.org\/bghaber\/wp-json\/wp\/v2\/users\/13"}],"replies":[{"embeddable":true,"href":"https:\/\/www.bghaber.org\/bghaber\/wp-json\/wp\/v2\/comments?post=20263"}],"version-history":[{"count":0,"href":"https:\/\/www.bghaber.org\/bghaber\/wp-json\/wp\/v2\/posts\/20263\/revisions"}],"wp:featuredmedia":[{"embeddable":true,"href":"https:\/\/www.bghaber.org\/bghaber\/wp-json\/wp\/v2\/media\/20264"}],"wp:attachment":[{"href":"https:\/\/www.bghaber.org\/bghaber\/wp-json\/wp\/v2\/media?parent=20263"}],"wp:term":[{"taxonomy":"category","embeddable":true,"href":"https:\/\/www.bghaber.org\/bghaber\/wp-json\/wp\/v2\/categories?post=20263"},{"taxonomy":"post_tag","embeddable":true,"href":"https:\/\/www.bghaber.org\/bghaber\/wp-json\/wp\/v2\/tags?post=20263"}],"curies":[{"name":"wp","href":"https:\/\/api.w.org\/{rel}","templated":true}]}}