{"id":20255,"date":"2016-08-27T00:29:57","date_gmt":"2016-08-26T21:29:57","guid":{"rendered":"http:\/\/www.bghaber.org\/bghaber\/?p=20255"},"modified":"2016-08-27T00:29:57","modified_gmt":"2016-08-26T21:29:57","slug":"basbakan-yildirim-bulgar-mevkidasiyla-gorusuyor","status":"publish","type":"post","link":"https:\/\/www.bghaber.org\/bghaber\/basbakan-yildirim-bulgar-mevkidasiyla-gorusuyor\/","title":{"rendered":"Ba\u015fbakan Y\u0131ld\u0131r\u0131m Bulgar mevkida\u015f\u0131yla g\u00f6r\u00fc\u015f\u00fcyor"},"content":{"rendered":"<h2>Ba\u015fbakan Binali Y\u0131ld\u0131r\u0131m\u2019\u0131n Bulgaristan Ba\u015fbakan\u0131 Boyko Borisov ile g\u00f6r\u00fc\u015fmesi ba\u015flad\u0131. G\u00f6r\u00fc\u015fme bas\u0131na kapal\u0131 ger\u00e7ekle\u015fiyor. Ba\u015fbakan Binali Y\u0131ld\u0131r\u0131m\u2019\u0131n Bulgaristan Ba\u015fbakan\u0131 Boyko Borisov ile Dolmabah\u00e7e Ba\u015fbakanl\u0131k Ofisi\u2019nde&#8230;<\/h2>\n<p><img data-recalc-dims=\"1\" decoding=\"async\" src=\"https:\/\/i0.wp.com\/www.zihaber.com\/images\/haberler\/basbakan_yildirim_bulgar_mevkidasiyla_gorusuyor.jpg?w=640\" alt=\"Ba\u015fbakan Y\u0131ld\u0131r\u0131m Bulgar mevkida\u015f\u0131yla g\u00f6r\u00fc\u015f\u00fcyor\" \/><\/p>\n<p>Ba\u015fbakan Binali Y\u0131ld\u0131r\u0131m\u2019\u0131n Bulgaristan Ba\u015fbakan\u0131 Boyko Borisov ile g\u00f6r\u00fc\u015fmesi ba\u015flad\u0131. G\u00f6r\u00fc\u015fme bas\u0131na kapal\u0131 ger\u00e7ekle\u015fiyor.<br \/>\nBa\u015fbakan Binali Y\u0131ld\u0131r\u0131m\u2019\u0131n Bulgaristan Ba\u015fbakan\u0131 Boyko Borisov ile Dolmabah\u00e7e Ba\u015fbakanl\u0131k Ofisi\u2019nde g\u00f6r\u00fc\u015fmesi ba\u015flad\u0131. G\u00f6r\u00fc\u015fme \u00f6ncesinde Ba\u015fbakan Y\u0131ld\u0131r\u0131m, g\u00f6r\u00fc\u015fmenin yap\u0131laca\u011f\u0131 Ba\u015fbakanl\u0131k ofisine geldi. Ofis \u00e7evresinde K-9 k\u00f6pekli ve z\u0131rhl\u0131 ara\u00e7larla yo\u011fun g\u00fcvenlik \u00f6nlemi al\u0131nd\u0131\u011f\u0131 g\u00f6r\u00fcld\u00fc.<br \/>\nBu s\u0131rada g\u00f6r\u00fc\u015fme sonras\u0131 yap\u0131lacak bas\u0131n a\u00e7\u0131klamas\u0131n\u0131 takip etmek i\u00e7in gelen yabanc\u0131 bas\u0131n z\u0131rhl\u0131 polis ara\u00e7lar\u0131na ilgi g\u00f6sterdi. Baz\u0131 yabanc\u0131 bas\u0131n mensuplar\u0131 z\u0131rhl\u0131 polis arac\u0131yla \u00f6z \u00e7ekim yapt\u0131.<\/p>\n<div id=\"bghab-3473031019\" class=\"bghab-yazi-altinda bghab-entity-placement\"><div class=\"bghab-adlabel\">Reklamlar<\/div><script async src=\"https:\/\/pagead2.googlesyndication.com\/pagead\/js\/adsbygoogle.js\"><\/script>\r\n<!-- bghaber-yaz\u0131-sonu -->\r\n<ins class=\"adsbygoogle\"\r\n     style=\"display:block\"\r\n     data-ad-client=\"ca-pub-6203283170189293\"\r\n     data-ad-slot=\"4222328180\"\r\n     data-ad-format=\"auto\"\r\n     data-full-width-responsive=\"true\"><\/ins>\r\n<script>\r\n     (adsbygoogle = window.adsbygoogle || []).push({});\r\n<\/script><\/div><br style=\"clear: both; display: block; float: none;\"\/>","protected":false},"excerpt":{"rendered":"<p>Ba\u015fbakan Binali Y\u0131ld\u0131r\u0131m\u2019\u0131n Bulgaristan Ba\u015fbakan\u0131 Boyko Borisov ile g\u00f6r\u00fc\u015fmesi ba\u015flad\u0131. G\u00f6r\u00fc\u015fme bas\u0131na kapal\u0131 ger\u00e7ekle\u015fiyor. Ba\u015fbakan Binali Y\u0131ld\u0131r\u0131m\u2019\u0131n Bulgaristan Ba\u015fbakan\u0131 Boyko Borisov ile Dolmabah\u00e7e Ba\u015fbakanl\u0131k Ofisi\u2019nde&#8230;<\/p>\n","protected":false},"author":13,"featured_media":20256,"comment_status":"closed","ping_status":"closed","sticky":false,"template":"","format":"standard","meta":{"advanced_seo_description":"","jetpack_seo_html_title":"","jetpack_seo_noindex":false,"_jetpack_memberships_contains_paid_content":false,"footnotes":""},"categories":[5],"tags":[],"class_list":["post-20255","post","type-post","status-publish","format-standard","has-post-thumbnail","hentry","category-yasam"],"jetpack_featured_media_url":"https:\/\/i0.wp.com\/www.bghaber.org\/bghaber\/wp-content\/uploads\/2016\/08\/basbakan_yildirim_bulgar_mevkidasiyla_gorusuyor.jpg?fit=630%2C288&ssl=1","jetpack_sharing_enabled":true,"jetpack_likes_enabled":true,"jetpack-related-posts":[],"jetpack_shortlink":"https:\/\/wp.me\/pc2PfJ-5gH","_links":{"self":[{"href":"https:\/\/www.bghaber.org\/bghaber\/wp-json\/wp\/v2\/posts\/20255","targetHints":{"allow":["GET"]}}],"collection":[{"href":"https:\/\/www.bghaber.org\/bghaber\/wp-json\/wp\/v2\/posts"}],"about":[{"href":"https:\/\/www.bghaber.org\/bghaber\/wp-json\/wp\/v2\/types\/post"}],"author":[{"embeddable":true,"href":"https:\/\/www.bghaber.org\/bghaber\/wp-json\/wp\/v2\/users\/13"}],"replies":[{"embeddable":true,"href":"https:\/\/www.bghaber.org\/bghaber\/wp-json\/wp\/v2\/comments?post=20255"}],"version-history":[{"count":0,"href":"https:\/\/www.bghaber.org\/bghaber\/wp-json\/wp\/v2\/posts\/20255\/revisions"}],"wp:featuredmedia":[{"embeddable":true,"href":"https:\/\/www.bghaber.org\/bghaber\/wp-json\/wp\/v2\/media\/20256"}],"wp:attachment":[{"href":"https:\/\/www.bghaber.org\/bghaber\/wp-json\/wp\/v2\/media?parent=20255"}],"wp:term":[{"taxonomy":"category","embeddable":true,"href":"https:\/\/www.bghaber.org\/bghaber\/wp-json\/wp\/v2\/categories?post=20255"},{"taxonomy":"post_tag","embeddable":true,"href":"https:\/\/www.bghaber.org\/bghaber\/wp-json\/wp\/v2\/tags?post=20255"}],"curies":[{"name":"wp","href":"https:\/\/api.w.org\/{rel}","templated":true}]}}