{"id":20240,"date":"2016-08-26T23:19:56","date_gmt":"2016-08-26T20:19:56","guid":{"rendered":"http:\/\/www.bghaber.org\/bghaber\/?p=20240"},"modified":"2016-08-26T23:19:56","modified_gmt":"2016-08-26T20:19:56","slug":"baska-turkiye-yok","status":"publish","type":"post","link":"https:\/\/www.bghaber.org\/bghaber\/baska-turkiye-yok\/","title":{"rendered":"Ba\u015fka T\u00fcrkiye Yok"},"content":{"rendered":"<p>Musa VATANSEVER<\/p>\n<p>Konu: <strong>Zeki ve cesur olmam\u0131z gerekiyor.<\/strong><\/p>\n<p>1989\u2019dan sonra bizde g\u00f6sterilen amerikan filmlerinde patlama ya\u015fand\u0131. O y\u0131llarda \u00e7ocuklar\u0131n en sevdi\u011fi \u00e7izgi filmi \u201c<strong>Barby<\/strong>\u201d olmu\u015ftu. Akl\u0131mda kald\u0131\u011f\u0131nca, \u201c<strong>Barby<\/strong>\u201d bir s\u00fcr\u00fc kuklan\u0131n, devaml\u0131 fig\u00fcr de\u011fi\u015ftiren anas\u0131yd\u0131. \u015eekil olarak de\u011fi\u015fmesinde bir anlam vard\u0131 ve o y\u0131llarda sosyal ya\u015famda olup bitenle sanki uyumluydu.<\/p>\n<p>O y\u0131llarda bizde, kom\u00fcnistler \u201c<strong>sosyalist<\/strong>\u201d ya da \u201c<strong>sosyal demokrat<\/strong>\u201d, eski fa\u015fistlerin o\u011fullar\u0131 veya torunlar\u0131 \u201c<strong>demokrat<\/strong>\u201d, sonradan anla\u015f\u0131ld\u0131\u011f\u0131na g\u00f6re M\u00fcsl\u00fcman hak ve \u00f6zg\u00fcrl\u00fck\u00e7\u00fcler de kendileri fark\u0131na varmadan \u201c<strong>liberal<\/strong>\u201d olmu\u015flard\u0131. \u201cN<strong>eo-liberal<\/strong>\u201d (yeni-liberal) olduklar\u0131n\u0131 kurultaylarda okunan raporlardan \u00f6\u011freniyorlard\u0131.<\/p>\n<p>Bulgaristan kom\u00fcnistleri 1945\u2019te ba\u015flatt\u0131klar\u0131 ve yakla\u015f\u0131k 1964\u2019te bitirdikleri \u201c<strong>toplumu temizleme operasyonlar\u0131nda<\/strong>\u201d 200 bin civar\u0131nda \u201c<strong>naz\u0131 hayran\u0131 kal\u0131n kafal\u0131dan<\/strong>\u201d kurtulduktan sonra, sanki biraz huzur bulmu\u015flard\u0131. Fazla gecikmeden kendilerine yeni \u00f6devler belirlediler. Bu hedeflerin Bulgar toplumunu etnik ve dini az\u0131nl\u0131klardan temizleme olarak dallan\u0131p budaklanmazdan \u00f6nce, bir de kendilerine \u201c<strong>brannik<\/strong>\u201d diye hitap edilen, \u00c7arl\u0131k y\u0131llar\u0131nda kahverengi askeri \u00fcniforma ile gezen \u201c<strong>sava\u015f\u00e7\u0131<\/strong>\u201d, \u201c<strong>m\u00fccahit<\/strong>\u201d ve \u201c<strong>asker<\/strong>\u201d isimleriyle bilinen, Almanya\u2019da ise onlar\u0131n \u00f6zendi\u011fi \u201c<strong>Hitler Jugend<\/strong>\u201d (Hitler Gen\u00e7leri) \u201d ad\u0131 alan s\u00fcr\u00fcler vard\u0131.<\/p><div id=\"bghab-1140025977\" class=\"bghab-icerik-icine bghab-entity-placement\"><script async src=\"\/\/pagead2.googlesyndication.com\/pagead\/js\/adsbygoogle.js?client=ca-pub-6203283170189293\" crossorigin=\"anonymous\"><\/script><ins class=\"adsbygoogle\" style=\"display:block; text-align:center;\" data-ad-client=\"ca-pub-6203283170189293\" \ndata-ad-slot=\"7303146466\" \ndata-ad-layout=\"in-article\"\ndata-ad-format=\"fluid\" data-full-width-responsive=\"true\"><\/ins>\n<script> \n(adsbygoogle = window.adsbygoogle || []).push({}); \n<\/script>\n<\/div>\n<p>Bulgar toplumu fa\u015fistlerden ar\u0131n\u0131rken bu \u201c<strong>m\u00fccahitler<\/strong>\u201d kimi ya\u015flar\u0131 k\u00fc\u00e7\u00fck oldu\u011fundan, kimi bir fiil i\u015flenmi\u015f su\u00e7lar\u0131 olmad\u0131\u011f\u0131ndan vb gerek\u00e7elerle iki arada kalm\u0131\u015f ve toluma kar\u0131\u015fm\u0131\u015flard\u0131. Kafalar\u0131na Hitler\u2019in kamal\u0131 hac\u0131 d\u00f6v\u00fclm\u00fc\u015f olan ve g\u00f6zleri \u0131rk\u00e7\u0131l\u0131ktan kanl\u0131 bu gen\u00e7ler iyilerin aras\u0131ndan en iyiler olarak se\u00e7ildi\u011finden y\u0131llar ge\u00e7tik\u00e7e yeti\u015fmi\u015fler ve kom\u00fcnist partisine s\u0131zarak, Bulgar milliyet\u00e7ili\u011finin sert \u00e7ekirde\u011fini olabilmi\u015flerdi.<\/p>\n<p>Bunlar\u0131 yazarken d\u00fc\u015f\u00fcnd\u00fc\u011f\u00fcm \u00f6zellik \u015fudur. Sosyalizmde gen\u00e7lerin enternasyonal e\u011fitim almas\u0131na dikkat edilmeliydi. Enternasyonalizm, kitaba g\u00f6re, \u0131rk ayr\u0131m\u0131 reddeden, insan e\u015fitli\u011fine ve karde\u015fli\u011fine dayanan bir d\u00fcnya g\u00f6r\u00fc\u015f\u00fcd\u00fcr. Askere gitmezden \u00f6nce, ben de 1886\u2019dan 1944\u2019e kadar Bulgar milli mar\u015f\u0131 olan \u201c<strong>Meri\u00e7 H\u0131\u015f\u0131rd\u0131yor<\/strong>\u201d mar\u015f\u0131n\u0131 i\u015fitmemi\u015ftim. Evimizden 500 metre uzakta k\u0131\u015fla vard\u0131. Sabah talime \u00e7\u0131kan asker k\u0131talar\u0131 bu mar\u015f\u0131 s\u00f6ylemiyordu. Ders kitaplar\u0131nda 1908\u2019de III. Bulgar \u00c7arl\u0131\u011f\u0131n\u0131 kuran \u00c7ar Ferdinand\u2019\u0131n ucu s\u00fcng\u00fcl\u00fc t\u00fcfeklerle 1912 &#8211; Edirne ser\u00fcvenine bu mar\u015fla y\u00fcr\u00fcd\u00fc\u011f\u00fcn\u00fc yazm\u0131yordu. Askerde in\u015faat b\u00f6l\u00fc\u011f\u00fcndeydim. Yaz aylar\u0131nda s\u0131ra askeri birliklerinden in\u015faat erleri k\u0131tas\u0131na gelen Bulgar gen\u00e7lerin dudaklar\u0131n\u0131n aras\u0131ndan kula\u011fa gelen melodide hep Meri\u00e7 h\u0131\u015f\u0131rd\u0131yordu. Demek oluyor ki, Bulgar gen\u00e7ler ald\u0131klar\u0131 \u00f6zel askeri e\u011fitimde h\u0131\u015f\u0131rdayan Meri\u00e7 \u0131rma\u011f\u0131 g\u00fcrl\u00fcyordu. T\u00fcrklere kar\u015f\u0131 zaferler \u00e7a\u011fr\u0131\u015ft\u0131r\u0131l\u0131yordu.<\/p>\n<p>\u0130lk kez o y\u0131llarda her \u015feyin iki y\u00fcz\u00fc oldu\u011funu d\u00fc\u015f\u00fcnmeye ba\u015flam\u0131\u015ft\u0131m. \u201c<strong>Brannikler<\/strong>\u201din \u00e7ocuklar\u0131 ortam bulmu\u015f ve fa\u015fizm d\u00f6nemi ruhunu Bulgar Halk Ordusuna ta\u015f\u0131yabilmi\u015f ve orada ya\u015fatabiliyordu. 1990\u2019larda y\u00fczle\u015fti\u011fim \u201c<strong>Barby<\/strong>\u201d dedi\u011fimiz olay da buydu. Fakat \u201c<strong>Barby<\/strong>\u201d yaln\u0131zca \u015feklini de\u011fi\u015ftirirken, burada bir zihinsel ikilik de s\u00f6z konusuydu. Toplumda \u00e7atal ba\u015fl\u0131k belirmi\u015fti. G\u00fcn\u00fcm\u00fczde bu olay\u0131 FET\u00d6 hain ordusunda da g\u00f6rebildik. FET\u00d6 taraf\u0131ndan e\u011fitilen kadrolardan ar\u0131nmak g\u00fcn\u00fcm\u00fczde T\u00fcrkiye devletinin ve halk\u0131n\u0131n milli meselesi oldu. T\u00fcrkiye d\u00fc\u015fmanl\u0131yla zehirlenmi\u015f FET\u00d6 kadrolar\u0131 be\u015f vakit namazdayd\u0131. 15 Temmuz ba\u015fkald\u0131r\u0131s\u0131na haz\u0131rland\u0131klar\u0131 akl\u0131m\u0131zdan ge\u00e7miyordu.<\/p>\n<p>Bu, hedef izleyen sinsi uygulama yolu diyebilece\u011fim geli\u015fmenin \u00fc\u00e7 kanonik \u015fairinden biri olan Ovidius (M\u00d6 20 \u2013 MS 17) y\u0131llar\u0131 aras\u0131nda ya\u015fam\u0131\u015f ve i\u015fledi\u011fimiz konuyla ilgili \u015f\u00f6yle demi\u015ftir:<\/p>\n<p>\u201c<strong>Damla, ta\u015f\u0131 g\u00fc\u00e7le de\u011fil, s\u0131k\u00e7a d\u00fc\u015ferek deler,<\/strong><\/p><div id=\"bghab-1140059240\" class=\"bghab-icerik-icine-10-paragraf bghab-entity-placement\"><script async src=\"\/\/pagead2.googlesyndication.com\/pagead\/js\/adsbygoogle.js?client=ca-pub-6203283170189293\" crossorigin=\"anonymous\"><\/script><ins class=\"adsbygoogle\" style=\"display:block; text-align:center;\" data-ad-client=\"ca-pub-6203283170189293\" \ndata-ad-slot=\"7303146466\" \ndata-ad-layout=\"in-article\"\ndata-ad-format=\"fluid\" data-full-width-responsive=\"true\"><\/ins>\n<script> \n(adsbygoogle = window.adsbygoogle || []).push({}); \n<\/script>\n<\/div>\n<p><strong>\u0130nsan da g\u00fc\u00e7le de\u011fil, devaml\u0131 okuyarak, <\/strong><\/p>\n<p><strong>bilge olur<\/strong>.\u201d<\/p>\n<p>Bulgar milliyet\u00e7ili\u011fi fa\u015fizm d\u00f6neminden \u015fark\u0131larla kan kabartarak palazlanm\u0131\u015ft\u0131r. Art\u0131k s\u00fcz\u00fclm\u00fc\u015f ve birka\u00e7 partide bi\u00e7imlenmi\u015ftir. \u201c<strong>Ataka<\/strong>\u201d, <strong>VMRO \u2013Makedonya \u0130\u00e7 Devrim \u00d6rg\u00fct\u00fc<\/strong> ile s\u00f6z\u00fcm ona \u201c<strong>Yurtsever Cephe<\/strong>\u201d (PF) bu \u00f6rg\u00fctlerin partile\u015fmi\u015f \u015feklidir, art\u0131k Cumhurba\u015fkan\u0131 aday\u0131 g\u00f6sterecek kadar g\u00fc\u00e7 toplam\u0131\u015flard\u0131r.<\/p>\n<p>Bulgar milliyet\u00e7ileri g\u00fcn\u00fcm\u00fczde sanki pusuya yatm\u0131\u015flar. 6 Kas\u0131mda 2016\u2019da yap\u0131lacak Cumhurba\u015fkan\u0131 se\u00e7imleriyle ilgili sa\u011f ve sol kanat birbirine girerken, onlar milliyet\u00e7ilik zehriyle topluma damlamaya ve onun karde\u015flik \u00f6z\u00fcn\u00fc deldik\u00e7e delmeye devam ediyor. Bu deli\u015f asl\u0131nda Bulgar demokrasisinin alt\u0131n\u0131 oymakt\u0131r. Bu oyman\u0131n alt\u0131ndan ya fa\u015fizm ya da totalitarizm \u00e7\u0131kacakt\u0131r. Bu konuda pompalanan tehlike s\u0131\u011f\u0131nmac\u0131lardan geliyor gibi bir hava olsa da, as\u0131l korktuklar\u0131 <strong>Bulgaristan\u2019da M\u00fcsl\u00fcman-T\u00fcrk Kimli\u011finin<\/strong> olu\u015fup peki\u015fmesidir.<\/p>\n<p>Yeni kurulan DOST partisi Genel Ba\u015fkan\u0131 L\u00fctfi Mestan\u2019\u0131n 25 A\u011fustos g\u00fcn\u00fc Ankara\u2019da yapt\u0131\u011f\u0131 resmi g\u00f6r\u00fc\u015fmelerden Bulgar milliyet\u00e7ileri rahats\u0131z oldu. Bulgaristan ile T\u00fcrkiye ili\u015fkilerinde, dostluk ve i\u015fbirli\u011finde DOST partisinin ve BULT\u00dcRK gibi sivil toplum \u00f6rg\u00fctleri ba\u015fta olmak \u00fczere <strong>geni\u015f kapsaml\u0131 ve b\u00fcy\u00fck at\u0131l\u0131ml\u0131 bir s\u0131\u00e7rama d\u00f6nemine gerilmesinden korkuyorlar<\/strong>. Y\u00fczde y\u00fcz objektif olan ger\u00e7ekleri kabul etmek istemiyorlar.<\/p><div id=\"bghab-4163911957\" class=\"bghab-icerik-icine-15-paragraf bghab-entity-placement\"><script async src=\"\/\/pagead2.googlesyndication.com\/pagead\/js\/adsbygoogle.js?client=ca-pub-6203283170189293\" crossorigin=\"anonymous\"><\/script><ins class=\"adsbygoogle\" style=\"display:block; text-align:center;\" data-ad-client=\"ca-pub-6203283170189293\" \ndata-ad-slot=\"7303146466\" \ndata-ad-layout=\"in-article\"\ndata-ad-format=\"fluid\" data-full-width-responsive=\"true\"><\/ins>\n<script> \n(adsbygoogle = window.adsbygoogle || []).push({}); \n<\/script>\n<\/div>\n<p>&nbsp;<\/p>\n<p>Oysa biz, Bulgaristan bir co\u011frafya alan\u0131 olarak, hem B\u00fcy\u00fck T\u00fcrkiye\u2019nin, hem Rusya Federasyonu\u2019nun hem de Avrupa Birli\u011fi\u2019nin etki alan\u0131nda yani \u00fc\u00e7 g\u00f6lgenin kesi\u015fti\u011fi ve \u00f6rt\u00fc\u015ft\u00fc\u011f\u00fc yerde bulunur. Biz, Bulgaristan konumuna g\u00f6re, Do\u011fu\u2019da bulunan B\u00fcy\u00fck T\u00fcrkiye\u2019ye ceviz a\u011fac\u0131; kuzeyimizdeki Rusya Federasyonuna atkestanesi; Bat\u0131da bulunan Avrupa Birli\u011fi\u2019ne de Akasya desek, bu g\u00f6lgelerin birincisi koyu, ikincisi alaca ve \u00fc\u00e7\u00fcnc\u00fcs\u00fc de dantel\u00e2 gibidir. Bu a\u011fa\u00e7lar\u0131n meyvelerinin yarar\u0131 ve kullan\u0131m\u0131 da \u00e7ok farkl\u0131d\u0131r. \u00c7izilen tablodaki kesi\u015fen g\u00f6lgeler birbirinin \u00fczerinde \u00e7ekilemez, \u00e7\u00fcnk\u00fc Bulgaristan bu \u00fc\u00e7 devletin etki alan\u0131ndan \u00e7\u0131kamaz. \u00dc\u00e7\u00fcyle de i\u015fbirli\u011fi yapmak, \u00fc\u00e7\u00fcyle de dost olmak ve iyi kom\u015fu gibi ge\u00e7inmek zorundad\u0131r.<\/p>\n<p>Ba\u015fbakan Boyko Borisov\u2019un \u0130stanbul\u2019da Asya ve Avrupa\u2019y\u0131 ba\u011flayan \u201c<strong>Yavuz Sultan Selim<\/strong>\u201d k\u00f6pr\u00fcs\u00fcn\u00fcn a\u00e7\u0131l\u0131\u015f\u0131nda bulunmas\u0131 ve ard\u0131ndan Ba\u015fbakan Say\u0131n B. Y\u0131ld\u0131r\u0131m ve Cumhurba\u015fkan\u0131 Say\u0131n R. Tayyip Erdo\u011fan ile yapt\u0131\u011f\u0131 s\u0131cak g\u00f6r\u00fc\u015fmelerde taraflar bu ger\u00e7ekli\u011fin \u00f6nemini bir daha kan\u0131tlad\u0131. T\u00fcrkiye kom\u015fulu\u011fu ve dostlu\u011funun de\u011feri yeniden g\u00fcn gibi parlad\u0131.<\/p>\n<p>***<\/p>\n<p>Bunlar olaylar\u0131n ufka a\u00e7\u0131lan yan\u0131. Bir de unutamad\u0131\u011f\u0131m\u0131z yan\u0131 var. 3. k\u00f6pr\u00fcy\u00fc a\u00e7mam\u0131z bir mutluluktu, ama biz 15 Temmuz gecesinde k\u00f6pr\u00fcba\u015f\u0131 \u00e7at\u0131\u015fmalar\u0131n\u0131 asla unutamad\u0131k. Olanlardan sonra 40 y\u0131ldan beri T\u00fcrkiye\u2019nin yeni ufuklara t\u0131rmanmas\u0131n\u0131 engellemek isteyenleri unutmam m\u00fcmk\u00fcn m\u00fc?<\/p><div id=\"bghab-3094025445\" class=\"bghab-icerik-icine-20-paragraf bghab-entity-placement\"><script async src=\"\/\/pagead2.googlesyndication.com\/pagead\/js\/adsbygoogle.js?client=ca-pub-6203283170189293\" crossorigin=\"anonymous\"><\/script><ins class=\"adsbygoogle\" style=\"display:block; text-align:center;\" data-ad-client=\"ca-pub-6203283170189293\" \ndata-ad-slot=\"7303146466\" \ndata-ad-layout=\"in-article\"\ndata-ad-format=\"fluid\" data-full-width-responsive=\"true\"><\/ins>\n<script> \n(adsbygoogle = window.adsbygoogle || []).push({}); \n<\/script>\n<\/div>\n<p>Hi\u00e7 belli etmesek de toplumumuz FET\u00d6 zehriyle otalam\u0131\u015ft\u0131. Bu i\u00e7in \u201csivil imam\u201d, \u201casker imam\u201d, \u201chava kuvvetleri imam\u0131\u201d, \u201ckara kuvvetleri imam\u0131\u201d, \u201cokul imam\u0131\u201d, bakanl\u0131k imam\u0131\u201d, \u201cYarg\u0131tay imam\u0131\u201d, \u201cgenelkurmay imam\u0131\u201d, \u201cBulgaristan imam\u0131\u201d, \u201cErbil imam\u0131\u201d, \u201cMakedonya imam\u0131\u201d, \u201cKosova imam\u0131\u201d vb vb \u201cimamlar\u201d \u0131 yeti\u015ftirilmi\u015f ve \u201cimam\u201d r\u00fctbesine terfi edilerek vatan\u0131m\u0131z, anavatan\u0131m\u0131z ve T\u00fcrk d\u00fcnyas\u0131n\u0131n k\u0131lcal damarlar\u0131na da\u011f\u0131t\u0131lm\u0131\u015flard\u0131. Gerekli \u00f6nlemler almam\u0131\u015f olsa y\u00fczde y\u00fcz d\u00fcnyan\u0131n en b\u00fcy\u00fck k\u00f6pr\u00fcs\u00fcn\u00fcn de \u201cimam\u0131\u201d atanacakt\u0131 bug\u00fcn. Bu \u201cimamlar\u201d aram\u0131za birer zehir ta\u015f\u0131y\u0131c\u0131 olarak yay\u0131lm\u0131\u015flard\u0131. Fakat yarg\u0131ya d\u00fc\u015fm\u00fc\u015f adaletsizli\u011fin paketine sar\u0131lm\u0131\u015f baz\u0131 kabal\u0131klar d\u0131\u015f\u0131nda bu \u201cimamlar\u201d sanki kimseyi da\u011flamam\u0131\u015ft\u0131. Genel izlenim budur. Organizmaya giri\u015fleri tatl\u0131, zihni ve b\u00fcnyeyi \u00f6ld\u00fcr\u00fc\u015fleri \u00e7ok ac\u0131d\u0131r. 15 Temmuz gecesi her \u015feyi g\u00f6rd\u00fck. D\u00fcnyan\u0131n T.C. \u2018ye bak\u0131\u015f\u0131 de\u011fi\u015fiyor. Makedonya olay\u0131n ciddili\u011fini kavrad\u0131 ve FET\u00d6\u2019c\u00fclerin hepsini kovuyor. Bulgaristan \u201cimam\u201d ba\u015f\u0131 Aptullah B\u00fcy\u00fck\u2019\u00fc iade etti. Bir tek en b\u00fcy\u00fck hain olan Ba\u015f \u0130mam\u0131n iplerini \u00e7eken Birle\u015fik Amerika Feytullah G\u00fclen\u2019i bir uluslar aras\u0131 ter\u00f6rist olarak tan\u0131y\u0131p iade etmeme k\u0131l\u0131f\u0131 ararken \u201c<strong>hukuksal k\u0131l\u0131fta<\/strong>\u201d derman ar\u0131yor.D\u00fc\u015f\u00fcn\u00fcyorum: Hukuk 15 Temmuz 2016 gecesinde 260 karde\u015fimizin \u00f6ld\u00fcr\u00fclmesinden \u00f6nce icat edilmemi\u015f miydi? Katliamdan sonra katile yasa uydurmaya \u00e7al\u0131\u015fan ABD ad\u0131na \u00fczg\u00fcn\u00fcm.<\/p>\n<p>***<\/p>\n<p>\u015e\u00f6yle bir ger\u00e7ek ortaya \u00e7\u0131kt\u0131. H\u00fck\u00fcmetleri devirebilmek, toplumu k\u00f6reltip devletleri par\u00e7alayabilmek i\u00e7in \u00f6nce insanlar\u0131n beyinlerini zehirlemek duygular\u0131n\u0131 s\u00f6nd\u00fcrmek, alg\u0131lar\u0131n\u0131 duyumsuzla\u015ft\u0131rmak ve T\u00fcrk kimli\u011fini ruhsuzla\u015ft\u0131rmak gerekti. T\u00fcrk\u00fcn milli iradesine silah do\u011frultan hainlerin, dinamik d\u00fc\u015f\u00fcnceyi \u00f6ld\u00fcr\u00fcp k\u00f6rpe kafalara mekanik alg\u0131lama yerle\u015ftirmek i\u00e7in 40 y\u0131l oydu\u011funu hepimiz \u00f6\u011frendik.<\/p>\n<p>***<\/p>\n<p>Hain ba\u015f\u0131 F. G\u00fclen, par\u00e7alanm\u0131\u015f, b\u00f6l\u00fcnm\u00fc\u015f, kimli\u011fini kaybetmi\u015f bir T\u00fcrkiye plan\u0131n\u0131n \u00e7oktan haz\u0131rlad\u0131klar\u0131n\u0131 itiraf etti. O, son hedefte T\u00fcrkiye\u2019yi yok etmek oldu\u011funu ve \u00fclkemizi ha\u00e7l\u0131lar i\u015fgale haz\u0131rlad\u0131klar\u0131n\u0131 reddetmiyor. Net ve yeni olmayan bu planda, kendi arkada\u015flar\u0131na camilerde, okullarda, yerle\u015fkelerde ve \u00f6zel g\u00f6r\u00fc\u015fme ofislerinde arz ettiklerine g\u00f6re, FET\u00d6 anavatan\u0131m\u0131z\u0131 bitpazar\u0131nda satmay\u0131 d\u00fc\u015flemi\u015ftir. Bu hedefe do\u011fru haz\u0131rl\u0131k g\u00f6r\u00fclen y\u0131llar\u0131nda gerekli alt ve \u00fcst yap\u0131 yap\u0131lm\u0131\u015ft\u0131r. Orduda, e\u011fitimde, yarg\u0131da ba\u015far\u0131l\u0131 olmalar\u0131n\u0131 sa\u011flayan \u00e7ocuklar\u0131n, gen\u00e7lerin zihinlerine en k\u00fc\u00e7\u00fck ya\u015ftan ba\u015flayarak m\u00fcdahale edebilmelerini m\u00fcmk\u00fcn k\u0131lm\u0131\u015ft\u0131r. 170 \u00fclkeye yay\u0131lan bu zehirle, T\u00fcrkiye \u00f6rne\u011finden \u00e7\u0131karak g\u00f6rebildi\u011fimiz kadar\u0131yla, devlet kurumlar\u0131n\u0131n alt\u0131 oyulmu\u015f, Cumhurba\u015fkan\u0131, Ba\u015fbakan, Meclis Ba\u015fkan\u0131, Ba\u015f Komutan ve Genel Kurmay Ba\u015fkan\u0131 vb yaln\u0131zla\u015ft\u0131r\u0131lm\u0131\u015f ve yok edilmeleri i\u00e7in haz\u0131rl\u0131klar g\u00f6r\u00fclm\u00fc\u015ft\u00fcr.<\/p><div id=\"bghab-4002876039\" class=\"bghab-icerik-icine-25-paragraf bghab-entity-placement\"><script async src=\"\/\/pagead2.googlesyndication.com\/pagead\/js\/adsbygoogle.js?client=ca-pub-6203283170189293\" crossorigin=\"anonymous\"><\/script><ins class=\"adsbygoogle\" style=\"display:block; text-align:center;\" data-ad-client=\"ca-pub-6203283170189293\" \ndata-ad-slot=\"7303146466\" \ndata-ad-layout=\"in-article\"\ndata-ad-format=\"fluid\" data-full-width-responsive=\"true\"><\/ins>\n<script> \n(adsbygoogle = window.adsbygoogle || []).push({}); \n<\/script>\n<\/div>\n<p>***<\/p>\n<p>15 Temmuzda T\u00fcrkiye Cumhuriyet ve demokrasimizin, toprak b\u00fct\u00fcnl\u00fc\u011f\u00fcm\u00fcz\u00fcn ve milli irademizin yok edilmesi hainli\u011finin ba\u015f\u0131 olan ter\u00f6rist F. G\u00fclen daha 20 ya\u015f\u0131nda devleti devirmeyi planlad\u0131\u011f\u0131n\u0131 itiraf ediyor. Hainlik ilk \u015fekliyle 1961\u2019de g\u00fcndeme gelmi\u015ftir. Son hedefinde T\u00fcrkiye devletini yok edip, Yak\u0131n Do\u011fuyu da 20 e\u015fit b\u00fcy\u00fckl\u00fckte toprak par\u00e7as\u0131na b\u00f6lmek olan bu plan\u0131n ger\u00e7ekle\u015ftirilmesine do\u011fru ilerlerken FET\u00d6 lideri \u201c<strong>\u0131l\u0131ml\u0131 \u0130slam<\/strong>\u201d ve \u201c<strong>Dinler Aras\u0131 Diyalog<\/strong>\u201d gibi uydurmalar geli\u015ftirmi\u015f ve bunlar\u0131, toplam say\u0131lar\u0131 24 olan \u201c<strong>Sonsuz Nur<\/strong>\u201d, \u201c<strong>\u0130nanc\u0131n G\u00f6lgesinde<\/strong>\u201d, \u201c<strong>Ruhumuzun Heykelini Dikenler<\/strong>\u201d, \u201c<strong>Kuran\u2019dan \u0130drake Yans\u0131yanlar<\/strong>\u201d vb kitaplarla beslemi\u015ftir.\u00a0 Bulgaristan\u2019daki FET\u00d6 \u00e7etesi gizli polisle, Ahmet Do\u011fan etraf\u0131ndaki hainlerle ve milliyet\u00e7i Bulgar kesimiyle \u00e7eyrek as\u0131r i\u015fbirli\u011fi yapm\u0131\u015ft\u0131r. Bu eserler 19. y\u00fczy\u0131l ba\u015flar\u0131ndan T\u00fcrklerin kalesi olan Anadolu\u2019ya sa\u00e7\u0131lmaya ba\u015flayan \u0130slam dinini bozma, etnikleri birbirine d\u00fc\u015f\u00fcrme, bir b\u00fct\u00fcn olan T\u00fcrk mermerini mezhepler damar\u0131ndan vb par\u00e7alamay\u0131 hedeflemi\u015f ve uygulam\u0131\u015ft\u0131r. Bu hedeflerin \u00f6n\u00fcnde her zaman T.C. Cumhurba\u015fkan\u0131 Say\u0131n R. Tayyib Erdo\u011fan\u2019\u0131 \u00f6ld\u00fcrmek, devletin cumhuriyet bi\u00e7imini, laiklik ve demokrasi ilkelerini kald\u0131rmak yer alm\u0131\u015ft\u0131r.<\/p>\n<p>Ka\u015farl\u0131 hainlerin plan\u0131nda 3 nokta d\u00fcnyay\u0131 sarst\u0131:<\/p>\n<ul>\n<li><strong>Anadolu\u2019yu bir yeni ha\u00e7l\u0131 istilas\u0131na a\u00e7ma;<\/strong><\/li>\n<li><strong>T\u00fcrkiye\u2019yi par\u00e7alama;<\/strong><\/li>\n<li><strong>T\u00fcrkiye\u2019yi istilaya a\u00e7ma.<\/strong><\/li>\n<\/ul>\n<p>Bu defa \u201c<strong>Barby<\/strong>\u201d oyunu s\u00f6kmedi.<\/p>\n<p>Yeni oyun kurucu B\u00fcy\u00fck T\u00fcrkiye\u2019dir. Bu sefer durdurulamaz!<\/p><div id=\"bghab-1227256847\" class=\"bghab-icerik-icine-30-paragraf bghab-entity-placement\"><script async src=\"\/\/pagead2.googlesyndication.com\/pagead\/js\/adsbygoogle.js?client=ca-pub-6203283170189293\" crossorigin=\"anonymous\"><\/script><ins class=\"adsbygoogle\" style=\"display:block; text-align:center;\" data-ad-client=\"ca-pub-6203283170189293\" \ndata-ad-slot=\"7303146466\" \ndata-ad-layout=\"in-article\"\ndata-ad-format=\"fluid\" data-full-width-responsive=\"true\"><\/ins>\n<script> \n(adsbygoogle = window.adsbygoogle || []).push({}); \n<\/script>\n<\/div>\n<p>Devam edecek.<\/p>\n<div id=\"bghab-127934042\" class=\"bghab-yazi-altinda bghab-entity-placement\"><div class=\"bghab-adlabel\">Reklamlar<\/div><script async src=\"https:\/\/pagead2.googlesyndication.com\/pagead\/js\/adsbygoogle.js\"><\/script>\r\n<!-- bghaber-yaz\u0131-sonu -->\r\n<ins class=\"adsbygoogle\"\r\n     style=\"display:block\"\r\n     data-ad-client=\"ca-pub-6203283170189293\"\r\n     data-ad-slot=\"4222328180\"\r\n     data-ad-format=\"auto\"\r\n     data-full-width-responsive=\"true\"><\/ins>\r\n<script>\r\n     (adsbygoogle = window.adsbygoogle || []).push({});\r\n<\/script><\/div><br style=\"clear: both; display: block; float: none;\"\/>","protected":false},"excerpt":{"rendered":"<p>Musa VATANSEVER Konu: Zeki ve cesur olmam\u0131z gerekiyor. 1989\u2019dan sonra bizde g\u00f6sterilen amerikan filmlerinde patlama ya\u015fand\u0131. O y\u0131llarda \u00e7ocuklar\u0131n en sevdi\u011fi \u00e7izgi filmi \u201cBarby\u201d olmu\u015ftu.<\/p>\n","protected":false},"author":13,"featured_media":0,"comment_status":"closed","ping_status":"closed","sticky":false,"template":"","format":"standard","meta":{"advanced_seo_description":"","jetpack_seo_html_title":"","jetpack_seo_noindex":false,"_jetpack_memberships_contains_paid_content":false,"footnotes":""},"categories":[6],"tags":[],"class_list":["post-20240","post","type-post","status-publish","format-standard","hentry","category-yorum"],"jetpack_featured_media_url":"","jetpack_sharing_enabled":true,"jetpack_likes_enabled":true,"jetpack-related-posts":[],"jetpack_shortlink":"https:\/\/wp.me\/pc2PfJ-5gs","_links":{"self":[{"href":"https:\/\/www.bghaber.org\/bghaber\/wp-json\/wp\/v2\/posts\/20240","targetHints":{"allow":["GET"]}}],"collection":[{"href":"https:\/\/www.bghaber.org\/bghaber\/wp-json\/wp\/v2\/posts"}],"about":[{"href":"https:\/\/www.bghaber.org\/bghaber\/wp-json\/wp\/v2\/types\/post"}],"author":[{"embeddable":true,"href":"https:\/\/www.bghaber.org\/bghaber\/wp-json\/wp\/v2\/users\/13"}],"replies":[{"embeddable":true,"href":"https:\/\/www.bghaber.org\/bghaber\/wp-json\/wp\/v2\/comments?post=20240"}],"version-history":[{"count":0,"href":"https:\/\/www.bghaber.org\/bghaber\/wp-json\/wp\/v2\/posts\/20240\/revisions"}],"wp:attachment":[{"href":"https:\/\/www.bghaber.org\/bghaber\/wp-json\/wp\/v2\/media?parent=20240"}],"wp:term":[{"taxonomy":"category","embeddable":true,"href":"https:\/\/www.bghaber.org\/bghaber\/wp-json\/wp\/v2\/categories?post=20240"},{"taxonomy":"post_tag","embeddable":true,"href":"https:\/\/www.bghaber.org\/bghaber\/wp-json\/wp\/v2\/tags?post=20240"}],"curies":[{"name":"wp","href":"https:\/\/api.w.org\/{rel}","templated":true}]}}