{"id":20237,"date":"2016-08-26T23:17:44","date_gmt":"2016-08-26T20:17:44","guid":{"rendered":"http:\/\/www.bghaber.org\/bghaber\/?p=20237"},"modified":"2016-08-26T23:20:58","modified_gmt":"2016-08-26T20:20:58","slug":"anadolu-universitesinin-yeni-balkanlar-acilimi","status":"publish","type":"post","link":"https:\/\/www.bghaber.org\/bghaber\/anadolu-universitesinin-yeni-balkanlar-acilimi\/","title":{"rendered":"Anadolu \u00dcniversitesi\u2019nin Yeni Balkanlar A\u00e7\u0131l\u0131m\u0131"},"content":{"rendered":"<p>T\u00fcrkiye\u2019nin Filibe Ba\u015fkonsoloslu\u011funda d\u00fczenlenen \u00a0bir toplant\u0131da,\u00a0 Anadolu \u00dcniversitesi A\u00e7\u0131k \u00d6\u011fretim Fak\u00fcltesinin Balkan \u00fclkelerine y\u00f6nelik yeni a\u00e7\u0131l\u0131m program\u0131 tan\u0131t\u0131ld\u0131.<\/p>\n<p><img data-recalc-dims=\"1\" loading=\"lazy\" decoding=\"async\" class=\"\" src=\"https:\/\/i0.wp.com\/www.hurhaber.com\/haber_resim\/2\/acik-ogretim-aof.jpg?resize=530%2C371\" alt=\"anadolu universitesi a\u00e7\u0131k ile ilgili g\u00f6rsel sonucu\" width=\"530\" height=\"371\" \/><\/p>\n<p>Toplant\u0131ya, T\u00fcrkiye Milli E\u011fitim Bakanl\u0131\u011f\u0131 Hayat Boyu \u00d6\u011frenme Genel M\u00fcd\u00fcr\u00fc Ali R\u0131za Altunel, A\u00e7\u0131k \u00d6\u011fretim Daire Ba\u015fkan\u0131 Mehmet Zeki Ba\u015fyemenci, Anadolu \u00dcniversitesi A\u00e7\u0131k \u00d6\u011fretim Fak\u00fcltesi Yurtd\u0131\u015f\u0131 Sorumlusu Do\u00e7. Dr. K\u00f6ksal B\u00fcy\u00fck,\u00a0 Sofya B\u00fcy\u00fckel\u00e7ili\u011fi E\u011fitim M\u00fc\u015faviri \u015eenol Gen\u00e7, Filibe Ba\u015fkonsolos Vekili Birey Y\u0131lmazsoy, Bulgaristan\u2019daki T\u00fcrklerin a\u011f\u0131rl\u0131kta oldu\u011fu Sivil Toplum Kurulu\u015flar\u0131 temsilcileri, T\u00fcrk as\u0131ll\u0131 gazeteciler, yazarlar ve \u00e7ok say\u0131da T\u00fcrk\u00e7e \u00f6\u011fretmeni kat\u0131ld\u0131.<\/p>\n<p>T\u00fcrkiye\u2019den gelen misafirler, Anadolu \u00dcniversitesi A\u00e7\u0131k \u00d6\u011fretim Fak\u00fcltesinde t\u00fcm d\u00fcnyadan 3 700 000 \u00f6\u011frencinin \u00f6\u011frenim g\u00f6rd\u00fc\u011f\u00fcn\u00fc, \u00a0ayn\u0131 Fak\u00fcltenin diplomalar\u0131n\u0131n d\u00fcnyan\u0131n her yerinde ge\u00e7erli oldu\u011funu, \u00f6\u011frenmenin ya\u015f\u0131 olmad\u0131\u011f\u0131n\u0131, kaydolmak i\u00e7in ya\u015f \u015fart\u0131n\u0131n aranmad\u0131\u011f\u0131n\u0131, 50\u2019li ve 60\u2019l\u0131 ya\u015flarda \u00e7ok \u00f6\u011frencilerinin oldu\u011funu belirttiler.<\/p>\n<p>Genel M\u00fcd\u00fcr Ali R\u0131za Altunel, \u201cBulgaristan\u2019da \u00e7ok say\u0131da T\u00fcrk ve akraba topluluklar\u0131 var, Bulgaristan ile ikili ili\u015fkilere zarar vermeden Ortaokul, Lise ve \u00dcniversite d\u00fczeyinde verdi\u011fimiz A\u00e7\u0131k \u00d6\u011fretim sistemini, d\u00fcnyada oldu\u011fu gibi Bulgaristan\u2019da da yaymak istiyoruz. \u00a0Biz bunu, kar ama\u00e7l\u0131, de\u011fil, e\u011fitim ama\u00e7l\u0131 yap\u0131yoruz. Y\u0131ll\u0131k talep edilen e\u011fitim \u00fccret 50 Euro\u2019nun alt\u0131nda c\u00fczi bir rakam olacakt\u0131r. Bu da \u00fccretsiz verilecek olan ders kitaplar\u0131n\u0131n masraflar\u0131n\u0131 kar\u015f\u0131lamaz\u201d dedi.<\/p>\n<p>A\u00e7\u0131k \u00d6\u011fretim Fak\u00fcltesi Yurtd\u0131\u015f\u0131 Sorumlusu Do\u00e7. Dr. K\u00f6ksal B\u00fcy\u00fck ise, \u201cAnadolu \u00dcniversitesinin Filibe\u2019de \u00fc\u00e7 katl\u0131 b\u00fcrosu var. Fakat Bulgaristan\u2019dan sadece 70 \u00f6\u011frencimiz var. Bu rakam Bulgaristan i\u00e7in \u00e7ok d\u00fc\u015f\u00fck\u201d dedi ve \u201cBu sene bilinen sebepten dolay\u0131, yaz okulumuza \u00f6\u011frenci davet edememi\u015f olsak da, ge\u00e7en sene 15 g\u00fcnl\u00fck yaz okulu d\u00fczenlemi\u015ftik. Gelecek senelerde de yaz okulu uygulamas\u0131na devam ettirece\u011fiz\u201d diye ilave etti.<\/p><div id=\"bghab-4259738489\" class=\"bghab-icerik-icine bghab-entity-placement\"><script async src=\"\/\/pagead2.googlesyndication.com\/pagead\/js\/adsbygoogle.js?client=ca-pub-6203283170189293\" crossorigin=\"anonymous\"><\/script><ins class=\"adsbygoogle\" style=\"display:block; text-align:center;\" data-ad-client=\"ca-pub-6203283170189293\" \ndata-ad-slot=\"7303146466\" \ndata-ad-layout=\"in-article\"\ndata-ad-format=\"fluid\" data-full-width-responsive=\"true\"><\/ins>\n<script> \n(adsbygoogle = window.adsbygoogle || []).push({}); \n<\/script>\n<\/div>\n<p>&nbsp;<\/p>\n<div id=\"bghab-1379269070\" class=\"bghab-yazi-altinda bghab-entity-placement\"><div class=\"bghab-adlabel\">Reklamlar<\/div><script async src=\"https:\/\/pagead2.googlesyndication.com\/pagead\/js\/adsbygoogle.js\"><\/script>\r\n<!-- bghaber-yaz\u0131-sonu -->\r\n<ins class=\"adsbygoogle\"\r\n     style=\"display:block\"\r\n     data-ad-client=\"ca-pub-6203283170189293\"\r\n     data-ad-slot=\"4222328180\"\r\n     data-ad-format=\"auto\"\r\n     data-full-width-responsive=\"true\"><\/ins>\r\n<script>\r\n     (adsbygoogle = window.adsbygoogle || []).push({});\r\n<\/script><\/div><br style=\"clear: both; display: block; float: none;\"\/>","protected":false},"excerpt":{"rendered":"<p>T\u00fcrkiye\u2019nin Filibe Ba\u015fkonsoloslu\u011funda d\u00fczenlenen \u00a0bir toplant\u0131da,\u00a0 Anadolu \u00dcniversitesi A\u00e7\u0131k \u00d6\u011fretim Fak\u00fcltesinin Balkan \u00fclkelerine y\u00f6nelik yeni a\u00e7\u0131l\u0131m program\u0131 tan\u0131t\u0131ld\u0131. Toplant\u0131ya, T\u00fcrkiye Milli E\u011fitim Bakanl\u0131\u011f\u0131 Hayat Boyu<\/p>\n","protected":false},"author":13,"featured_media":20238,"comment_status":"closed","ping_status":"closed","sticky":false,"template":"","format":"standard","meta":{"advanced_seo_description":"","jetpack_seo_html_title":"","jetpack_seo_noindex":false,"_jetpack_memberships_contains_paid_content":false,"footnotes":""},"categories":[8],"tags":[],"class_list":["post-20237","post","type-post","status-publish","format-standard","has-post-thumbnail","hentry","category-egitim"],"jetpack_featured_media_url":"https:\/\/i0.wp.com\/www.bghaber.org\/bghaber\/wp-content\/uploads\/2016\/08\/anadolu-bg.jpg?fit=543%2C309&ssl=1","jetpack_sharing_enabled":true,"jetpack_likes_enabled":true,"jetpack-related-posts":[],"jetpack_shortlink":"https:\/\/wp.me\/pc2PfJ-5gp","_links":{"self":[{"href":"https:\/\/www.bghaber.org\/bghaber\/wp-json\/wp\/v2\/posts\/20237","targetHints":{"allow":["GET"]}}],"collection":[{"href":"https:\/\/www.bghaber.org\/bghaber\/wp-json\/wp\/v2\/posts"}],"about":[{"href":"https:\/\/www.bghaber.org\/bghaber\/wp-json\/wp\/v2\/types\/post"}],"author":[{"embeddable":true,"href":"https:\/\/www.bghaber.org\/bghaber\/wp-json\/wp\/v2\/users\/13"}],"replies":[{"embeddable":true,"href":"https:\/\/www.bghaber.org\/bghaber\/wp-json\/wp\/v2\/comments?post=20237"}],"version-history":[{"count":0,"href":"https:\/\/www.bghaber.org\/bghaber\/wp-json\/wp\/v2\/posts\/20237\/revisions"}],"wp:featuredmedia":[{"embeddable":true,"href":"https:\/\/www.bghaber.org\/bghaber\/wp-json\/wp\/v2\/media\/20238"}],"wp:attachment":[{"href":"https:\/\/www.bghaber.org\/bghaber\/wp-json\/wp\/v2\/media?parent=20237"}],"wp:term":[{"taxonomy":"category","embeddable":true,"href":"https:\/\/www.bghaber.org\/bghaber\/wp-json\/wp\/v2\/categories?post=20237"},{"taxonomy":"post_tag","embeddable":true,"href":"https:\/\/www.bghaber.org\/bghaber\/wp-json\/wp\/v2\/tags?post=20237"}],"curies":[{"name":"wp","href":"https:\/\/api.w.org\/{rel}","templated":true}]}}