{"id":20222,"date":"2016-08-26T00:47:33","date_gmt":"2016-08-25T21:47:33","guid":{"rendered":"http:\/\/www.bghaber.org\/bghaber\/?p=20222"},"modified":"2016-09-07T23:59:54","modified_gmt":"2016-09-07T20:59:54","slug":"etnospor-kultur-festivali-basliyor","status":"publish","type":"post","link":"https:\/\/www.bghaber.org\/bghaber\/etnospor-kultur-festivali-basliyor\/","title":{"rendered":"Etnospor K\u00fclt\u00fcr Festivali Ba\u015fl\u0131yor"},"content":{"rendered":"<p class=\"selectionShareable\"><img data-recalc-dims=\"1\" loading=\"lazy\" decoding=\"async\" class=\"\" src=\"https:\/\/i0.wp.com\/www.bghaber.org\/bghaber\/wp-content\/uploads\/2016\/08\/cadr_3.jpg?resize=562%2C547\" alt=\"cadr_3\" width=\"562\" height=\"547\" \/>\u00a0<img data-recalc-dims=\"1\" decoding=\"async\" src=\"https:\/\/i0.wp.com\/www.bghaber.org\/bghaber\/wp-content\/uploads\/2016\/08\/805794f6-dfdc-4b90-90a0-7f555aeaad9f.jpg?w=640\" alt=\"805794f6-dfdc-4b90-90a0-7f555aeaad9f\" \/><\/p>\n<p class=\"selectionShareable\">Geleneksel sporlar\u0131n yeniden canland\u0131r\u0131lmas\u0131 amac\u0131yla <strong>D\u00fcnya Etnospor Konfederasyonu <\/strong>taraf\u0131ndan organize edilen Etnospor K\u00fclt\u00fcr Festivali&#8217;ne \u0130stanbul ev sahipli\u011fi yapacak.<\/p>\n<p class=\"selectionShareable\">K\u00fc\u00e7\u00fck\u00e7emece&#8217;deki Bezirganbah\u00e7e Meydan\u0131&#8217;nda 26-28 A\u011fustos tarihlerinde ger\u00e7ekle\u015ftirilecek organizasyonun tan\u0131t\u0131m toplant\u0131s\u0131, Gen\u00e7lik ve Spor Bakan\u0131 Akif \u00c7a\u011fatay K\u0131l\u0131\u00e7, D\u00fcnya Etnospor Konfederasyonu Ba\u015fkan\u0131 Bilal Erdo\u011fan, Ak Parti \u0130stanbul Milletvekili ve Ok\u00e7ular Vakf\u0131 Ba\u015fkan\u0131 Haydar Ali Y\u0131ld\u0131z, \u0130stanbul B\u00fcy\u00fck\u015fehir Belediye Ba\u015fkan\u0131 Kadir Topba\u015f, K\u00fc\u00e7\u00fck\u00e7ekmece Belediye Ba\u015fkan\u0131 Temel Karadeniz, Ba\u015fak\u015fehir Belediye Ba\u015fkan\u0131 Mevl\u00fct Uysal ve \u00e7ok say\u0131da yetkilinin kat\u0131l\u0131m\u0131yla etkinlik alan\u0131nda d\u00fczenlendi.<\/p>\n<p class=\"selectionShareable\">Toplant\u0131n\u0131n a\u00e7\u0131l\u0131\u015f konu\u015fmas\u0131n\u0131 yapan<strong> Bilal Erdo\u011fan<\/strong>, K\u0131rg\u0131zistan&#8217;dan bir heyetin yakla\u015f\u0131k 2 y\u0131l \u00f6nce \u0130stanbul&#8217;u ziyaretinde g\u00fcndeme gelen \u00e7al\u0131\u015fmada, geleneksel sporlar\u0131n pop\u00fcler hale getirilmesi ve yayg\u0131nla\u015ft\u0131r\u0131lmas\u0131 amac\u0131yla D\u00fcnya Etnospor Konfederasyonu&#8217;nu olu\u015fturduklar\u0131n\u0131 aktararak, &#8220;<strong>Bu g\u00f6revi \u00fcstlenirken ger\u00e7ekten \u00f6nemli bir misyon oldu\u011funu d\u00fc\u015f\u00fcnmeme yol a\u00e7an \u015fey, T\u00fcrkiye olarak bizim yitik bir\u00e7ok de\u011ferimizi geri kazanarak, gelece\u011fe y\u00fcr\u00fcme azminde olmam\u0131z gerekti\u011fine olan inanc\u0131md\u0131.&#8221;<\/strong> dedi.<\/p>\n<p class=\"selectionShareable\"><img data-recalc-dims=\"1\" decoding=\"async\" src=\"https:\/\/i0.wp.com\/www.bghaber.org\/bghaber\/wp-content\/uploads\/2016\/08\/89bc39e1-0645-456a-b5d2-96236d21a7b7.jpg?w=640\" alt=\"89bc39e1-0645-456a-b5d2-96236d21a7b7\" \/><\/p>\n<h3>&#8220;Bizler, \u00e7ok eski bir birikimin bug\u00fcn miras\u00e7\u0131lar\u0131y\u0131z&#8221;<\/h3>\n<p class=\"selectionShareable\">T\u00fcrkiye&#8217;nin son 150-200 y\u0131lda maalesef baz\u0131 de\u011ferlerinden hem uzakla\u015ft\u0131\u011f\u0131n\u0131 hem de uzakla\u015ft\u0131r\u0131ld\u0131\u011f\u0131n\u0131 dile getiren B.Erdo\u011fan:<\/p>\n<p class=\"selectionShareable\"><em>&#8220;T\u00fcrkiye daha g\u00fc\u00e7l\u00fc bir konuma gelmi\u015f durumda gelece\u011fe y\u00fcr\u00fcyecekse, yitirilmi\u015f de\u011ferlerini tekrar kazanarak bunu yapabilir. Bizler, \u00e7ok eski bir birikimin bug\u00fcn miras\u00e7\u0131lar\u0131y\u0131z. Bu topraklarda 1000 y\u0131ll\u0131k ge\u00e7mi\u015fimiz var. Ondan \u00f6nce, binlerce y\u0131ll\u0131k Orta Asya ge\u00e7mi\u015fimiz, gelene\u011fimiz, inan\u00e7 sistemimiz var. Bunlar, bizim DNA&#8217;m\u0131zda olan, bize ait de\u011ferler. Bu de\u011ferlerle ger\u00e7ek anlamda bulu\u015fabildi\u011fimiz zaman, daha mutlu gelece\u011fimizi kurabilece\u011fiz. Ge\u00e7ti\u011fimiz s\u00fcre\u00e7te maalesef bize ait olmayan de\u011ferlerin dayat\u0131lmas\u0131yla, bir nebze topal b\u0131rak\u0131ld\u0131k, \u00f6z g\u00fcvenli hareket edemedik. Ne zaman \u00f6z g\u00fcvenli bir duru\u015f sergilemeye \u00e7al\u0131\u015fsak, yeni bask\u0131larla, vesayetlerle kar\u015f\u0131 kar\u015f\u0131ya b\u0131rak\u0131ld\u0131k. Ge\u00e7ti\u011fimiz 15 Temmuz tecr\u00fcbesi g\u00f6stermi\u015ftir ki milletimiz, kendi gelece\u011fini kendi kurma azmindedir. Bu festivalde halk\u0131m\u0131zla bulu\u015fturmak istedi\u011fimiz spor dallar\u0131ndan k\u00fclt\u00fcrel aktivitelere kadar b\u00fct\u00fcn unsurlar, ger\u00e7ekten bize ait olan ancak ihmal etti\u011fimiz \u015feyler.&#8221; dedi.<\/em><\/p><div id=\"bghab-2433032491\" class=\"bghab-icerik-icine bghab-entity-placement\"><script async src=\"\/\/pagead2.googlesyndication.com\/pagead\/js\/adsbygoogle.js?client=ca-pub-6203283170189293\" crossorigin=\"anonymous\"><\/script><ins class=\"adsbygoogle\" style=\"display:block; text-align:center;\" data-ad-client=\"ca-pub-6203283170189293\" \ndata-ad-slot=\"7303146466\" \ndata-ad-layout=\"in-article\"\ndata-ad-format=\"fluid\" data-full-width-responsive=\"true\"><\/ins>\n<script> \n(adsbygoogle = window.adsbygoogle || []).push({}); \n<\/script>\n<\/div>\n<p class=\"selectionShareable\"><img data-recalc-dims=\"1\" decoding=\"async\" src=\"https:\/\/i0.wp.com\/www.bghaber.org\/bghaber\/wp-content\/uploads\/2016\/08\/Etno1.jpg?w=640\" alt=\"etno1\" \/><\/p>\n<h3>&#8220;Miras\u0131m\u0131za sahip \u00e7\u0131kmal\u0131y\u0131z&#8221;<\/h3>\n<p class=\"selectionShareable\">Gen\u00e7lik ve Spor Bakan\u0131 <strong>Akif \u00c7a\u011fatay K\u0131l\u0131\u00e7 <\/strong>konu\u015fmas\u0131nda, Etnospor K\u00fclt\u00fcr Festivali&#8217;ne verdikleri \u00f6nemi anlatarak, &#8220;Burada, T\u00fcrkiye&#8217;deki bir\u00e7ok vatanda\u015f\u0131m\u0131zla ilk kez bulu\u015facak olan geleneksel ama unutulmaya y\u00fcz tutmu\u015f spor dallar\u0131 \u00f6n plana \u00e7\u0131kar\u0131lacak. Bu a\u00e7\u0131dan \u00e7ok \u00f6nemli.&#8221; \u015feklinde konu\u015ftu.<\/p>\n<p class=\"selectionShareable\">Etkinli\u011fi, ba\u015far\u0131l\u0131 \u015fekilde gelece\u011fe at\u0131lacak ad\u0131mlar\u0131n ilki olarak g\u00f6rd\u00fc\u011f\u00fcn\u00fc aktaran Bakan K\u0131l\u0131\u00e7, &#8220;Organizasyon i\u00e7inde yer alacak farkl\u0131 spor dallar\u0131m\u0131z, kendini g\u00f6sterme imkan\u0131 bulacak. Medeniyetimizden gelen mirasa sahip \u00e7\u0131kmam\u0131z gerekiyor. En \u00f6nemli yollar\u0131nda biri de spor \u00e7al\u0131\u015fmalar\u0131n\u0131n gelenek, g\u00f6renek ve medeniyetimizle i\u00e7i i\u00e7e olmas\u0131d\u0131r.&#8221; ifadelerini kulland\u0131.<\/p>\n<h3><img data-recalc-dims=\"1\" decoding=\"async\" src=\"https:\/\/i0.wp.com\/www.bghaber.org\/bghaber\/wp-content\/uploads\/2016\/08\/ef4b996e-f92b-431c-a4ff-1ab54d9075b3-1.jpg?w=640\" alt=\"ef4b996e-f92b-431c-a4ff-1ab54d9075b3 (1)\" \/><\/h3>\n<h3>Organizasyon 3 g\u00fcn s\u00fcrecek<\/h3>\n<p class=\"selectionShareable\">K\u00fc\u00e7\u00fck\u00e7ekmece&#8217;deki Bezirganbah\u00e7e Meydan\u0131&#8217;nda kurulan \u00f6zel alanda ger\u00e7ekle\u015ftirilecek Etnospor K\u00fclt\u00fcr Festivali, 26 A\u011fustos Cuma g\u00fcn\u00fc ba\u015flayacak ve 3 g\u00fcn s\u00fcrecek.<\/p>\n<p class=\"selectionShareable\"><img data-recalc-dims=\"1\" decoding=\"async\" src=\"https:\/\/i0.wp.com\/www.bghaber.org\/bghaber\/wp-content\/uploads\/2016\/08\/536d9868-7e2e-49cc-85a4-38727533fe50.jpg?w=640\" alt=\"536d9868-7e2e-49cc-85a4-38727533fe50\" \/><\/p>\n<p class=\"selectionShareable\">Vatanda\u015flar\u0131n, spor yar\u0131\u015fmalar\u0131n\u0131 izleyip, k\u00fclt\u00fcrel faaliyetlere dahil olabilecekleri etkinlikte, Serkan \u00c7a\u011fr\u0131 ve U\u011fur I\u015f\u0131lak ile &#8220;Domb\u0131ra&#8221; \u015fark\u0131s\u0131n\u0131n bestecisi K\u0131rg\u0131z halk ozan\u0131 Arslanbek Sultanbekov&#8217;un konserlerini de takip edebilecek. T\u00fcrk D\u00fcnyas\u0131 STK&#8217;lardan Avrasya Federasyonu \u0130smail CENG\u0130Z Ba\u015fkanl\u0131\u011f\u0131nda ve \u00f6nc\u00fcl\u00fc\u011f\u00fcnde t\u00fcm STK lar\u0131m\u0131z kat\u0131lmaktad\u0131r.<\/p>\n<p class=\"selectionShareable\">\u00dc\u00e7 g\u00fcn s\u00fcreyle etkinlik alan\u0131n\u0131 Cumhurba\u015fkan\u0131m\u0131z\u0131n, Ba\u015fbakan\u0131m\u0131z\u0131n, bakanlar\u0131m\u0131z\u0131n ziyaret etmeleri beklenmektedir.<\/p><div id=\"bghab-2932896492\" class=\"bghab-icerik-icine-10-paragraf bghab-entity-placement\"><script async src=\"\/\/pagead2.googlesyndication.com\/pagead\/js\/adsbygoogle.js?client=ca-pub-6203283170189293\" crossorigin=\"anonymous\"><\/script><ins class=\"adsbygoogle\" style=\"display:block; text-align:center;\" data-ad-client=\"ca-pub-6203283170189293\" \ndata-ad-slot=\"7303146466\" \ndata-ad-layout=\"in-article\"\ndata-ad-format=\"fluid\" data-full-width-responsive=\"true\"><\/ins>\n<script> \n(adsbygoogle = window.adsbygoogle || []).push({}); \n<\/script>\n<\/div>\n<p class=\"selectionShareable\">Organizasyonda, geleneksel T\u00fcrk sporlar\u0131ndan; mangala, k\u00f6kb\u00f6r\u00fc, ku\u015fak g\u00fcre\u015fi, aba g\u00fcre\u015fi, atl\u0131 cirit, atl\u0131 ok\u00e7uluk, a\u015f\u0131k oyunu, \u015falvar g\u00fcre\u015fi, mas g\u00fcre\u015fi, yaya ok\u00e7ulu\u011fu ve ya\u011fl\u0131 g\u00fcre\u015f m\u00fcsabakalar\u0131 ger\u00e7ekle\u015ftirilecek.<\/p>\n<p class=\"selectionShareable\"><img data-recalc-dims=\"1\" decoding=\"async\" src=\"https:\/\/i0.wp.com\/www.bghaber.org\/bghaber\/wp-content\/uploads\/2016\/08\/bbd1680f-b320-4863-9576-de67e4a7d020.jpg?w=640\" alt=\"bbd1680f-b320-4863-9576-de67e4a7d020\" \/><\/p>\n<p class=\"yiv0545677115MsoNormal\"><img decoding=\"async\" src=\"blob:https:\/\/web.whatsapp.com\/be1edc03-2c31-45bd-9f8d-c26cc3ffd42b\" \/><img data-recalc-dims=\"1\" decoding=\"async\" src=\"https:\/\/i0.wp.com\/www.bghaber.org\/bghaber\/wp-content\/uploads\/2016\/08\/etno.jpg?w=640\" alt=\"etno\" \/><\/p>\n<p id=\"yui_3_16_0_ym19_1_1472159977457_17706\" class=\"yiv0545677115MsoNormal\"><b id=\"yui_3_16_0_ym19_1_1472159977457_17705\"><span id=\"yui_3_16_0_ym19_1_1472159977457_17704\">ETNO SPOR ETK\u0130NL\u0130KLER\u0130 T\u00dcRK D\u00dcNYASI \u00c7ADIRLARI<\/span><\/b><\/p>\n<p id=\"yui_3_16_0_ym19_1_1472159977457_17703\" class=\"yiv0545677115MsoNormal\"><b>\u00a0<\/b><\/p>\n<p id=\"yui_3_16_0_ym19_1_1472159977457_17702\" class=\"yiv0545677115MsoNormal\"><b id=\"yui_3_16_0_ym19_1_1472159977457_17701\"><span id=\"yui_3_16_0_ym19_1_1472159977457_17700\">KIRGIZ\u0130STAN \u00c7ADIRI<\/span><\/b><b><\/b><\/p>\n<p id=\"yui_3_16_0_ym19_1_1472159977457_17717\" class=\"yiv0545677115MsoNormal\">1. Ulupamir K\u00f6y\u00fc Derne\u011fi ve K\u00f6kb\u00f6r\u00fc Kul\u00fcb\u00fc (Abd\u00fclmetin Keskin)<\/p>\n<p id=\"yui_3_16_0_ym19_1_1472159977457_17699\" class=\"yiv0545677115MsoNormal\"><span id=\"yui_3_16_0_ym19_1_1472159977457_17698\">2. K\u0131rg\u0131z T\u00fcrkleri K\u00fclt\u00fcr ve Yard\u0131mla\u015fma Derne\u011fi\u00a0 (Abd\u00fclmetin Keskin)<\/span><\/p><div id=\"bghab-1131574601\" class=\"bghab-icerik-icine-15-paragraf bghab-entity-placement\"><script async src=\"\/\/pagead2.googlesyndication.com\/pagead\/js\/adsbygoogle.js?client=ca-pub-6203283170189293\" crossorigin=\"anonymous\"><\/script><ins class=\"adsbygoogle\" style=\"display:block; text-align:center;\" data-ad-client=\"ca-pub-6203283170189293\" \ndata-ad-slot=\"7303146466\" \ndata-ad-layout=\"in-article\"\ndata-ad-format=\"fluid\" data-full-width-responsive=\"true\"><\/ins>\n<script> \n(adsbygoogle = window.adsbygoogle || []).push({}); \n<\/script>\n<\/div>\n<p id=\"yui_3_16_0_ym19_1_1472159977457_17718\" class=\"yiv0545677115MsoNormal\">2- Avrasya T\u00fcrk Dernekleri Federasyonu<\/p>\n<p id=\"yui_3_16_0_ym19_1_1472159977457_17658\" class=\"yiv0545677115MsoNormal\"><b>KAZAK\u0130STAN \u00c7ADIRI<\/b><b><\/b><\/p>\n<p class=\"yiv0545677115MsoNormal\">3. Kazak T\u00fcrkleri Vakf\u0131<\/p>\n<p id=\"yui_3_16_0_ym19_1_1472159977457_17724\" class=\"yiv0545677115MsoNormal\">4. Kazak T\u00fcrkleri E\u011fitim ve Ara\u015ft\u0131rma Derne\u011fi<\/p>\n<p class=\"yiv0545677115MsoNormal\"><b>\u00d6ZBEK\u0130STAN \u2013 T\u00dcRKMEN\u0130STAN \u2013 AFGAN\u0130STAN \u00c7ADIRI<\/b><b><\/b><\/p><div id=\"bghab-1230213471\" class=\"bghab-icerik-icine-20-paragraf bghab-entity-placement\"><script async src=\"\/\/pagead2.googlesyndication.com\/pagead\/js\/adsbygoogle.js?client=ca-pub-6203283170189293\" crossorigin=\"anonymous\"><\/script><ins class=\"adsbygoogle\" style=\"display:block; text-align:center;\" data-ad-client=\"ca-pub-6203283170189293\" \ndata-ad-slot=\"7303146466\" \ndata-ad-layout=\"in-article\"\ndata-ad-format=\"fluid\" data-full-width-responsive=\"true\"><\/ins>\n<script> \n(adsbygoogle = window.adsbygoogle || []).push({}); \n<\/script>\n<\/div>\n<p id=\"yui_3_16_0_ym19_1_1472159977457_17727\" class=\"yiv0545677115MsoNormal\"><span id=\"yui_3_16_0_ym19_1_1472159977457_17726\">5. T\u00fcrkistanl\u0131lar K\u00fclt\u00fcr ve Sosyal Yard\u0131m Derne\u011fi \u00a0 \u00a0 \u00a0 \u00a0 \u00a0 \u00a0 \u00a0 \u00a0 \u00a0 \u00a0 \u00a0 \u00a0 \u00a0 \u00a0 \u00a0 \u00a0 \u00a0 \u00a0 \u00a0 \u00a0 \u00a0<\/span><\/p>\n<p id=\"yui_3_16_0_ym19_1_1472159977457_17729\" class=\"yiv0545677115MsoNormal\"><span id=\"yui_3_16_0_ym19_1_1472159977457_17728\">6. Afganistan T\u00fcrkleri Uluslararas\u0131 K\u00fclt\u00fcr ve Sosyal Yard\u0131m Derne\u011fi \u00a0 \u00a0 \u00a0 \u00a0 \u00a0 \u00a0<\/span><\/p>\n<p id=\"yui_3_16_0_ym19_1_1472159977457_17731\" class=\"yiv0545677115MsoNormal\"><span id=\"yui_3_16_0_ym19_1_1472159977457_17730\">7. Afganistan T\u00fcrkmenleri Sosyal Yard\u0131m ve Dayan\u0131\u015fma Derne\u011fi<\/span><\/p>\n<p id=\"yui_3_16_0_ym19_1_1472159977457_17732\" class=\"yiv0545677115MsoNormal\"><span id=\"yui_3_16_0_ym19_1_1472159977457_17733\">8. \u015eanl\u0131Urfa Ceylanp\u0131nar \u00d6zbekler Sosyal Yrd. K\u00fclt\u00fcr ve Dayan\u0131\u015fma Derne\u011fi<\/span><\/p>\n<p class=\"yiv0545677115MsoNormal\"><b>DO\u011eU T\u00dcRK\u0130STAN (UYGUR T\u00dcRKLER\u0130) \u00c7ADIRI<\/b><b><\/b><\/p><div id=\"bghab-2556387470\" class=\"bghab-icerik-icine-25-paragraf bghab-entity-placement\"><script async src=\"\/\/pagead2.googlesyndication.com\/pagead\/js\/adsbygoogle.js?client=ca-pub-6203283170189293\" crossorigin=\"anonymous\"><\/script><ins class=\"adsbygoogle\" style=\"display:block; text-align:center;\" data-ad-client=\"ca-pub-6203283170189293\" \ndata-ad-slot=\"7303146466\" \ndata-ad-layout=\"in-article\"\ndata-ad-format=\"fluid\" data-full-width-responsive=\"true\"><\/ins>\n<script> \n(adsbygoogle = window.adsbygoogle || []).push({}); \n<\/script>\n<\/div>\n<p class=\"yiv0545677115MsoNormal\">9. Do\u011fu T\u00fcrkistan Maarif ve Dayan\u0131\u015fma Derne\u011fi<\/p>\n<p class=\"yiv0545677115MsoNormal\">10.Avrasya T\u00fcrk Dernekleri Federasyonu<\/p>\n<p class=\"yiv0545677115MsoNormal\">G\u00d6REVL\u0130 : G\u00fcnl\u00fck 2 ki\u015fi Toplam 6 ki\u015fi<\/p>\n<p id=\"yui_3_16_0_ym19_1_1472159977457_17736\" class=\"yiv0545677115MsoNormal\"><b id=\"yui_3_16_0_ym19_1_1472159977457_17735\"><span id=\"yui_3_16_0_ym19_1_1472159977457_17734\">IRAK VE SUR\u0130YE T\u00dcRKMENLER\u0130 \u2013 KARAPAPAK T\u00dcRKLER\u0130 \u00c7ADIRI<\/span><\/b><b><\/b><\/p>\n<p class=\"yiv0545677115MsoNormal\">11.Irak T\u00fcrkleri K\u00fclt\u00fcr ve Yard\u0131mla\u015fma Derne\u011fi<\/p><div id=\"bghab-1988373807\" class=\"bghab-icerik-icine-30-paragraf bghab-entity-placement\"><script async src=\"\/\/pagead2.googlesyndication.com\/pagead\/js\/adsbygoogle.js?client=ca-pub-6203283170189293\" crossorigin=\"anonymous\"><\/script><ins class=\"adsbygoogle\" style=\"display:block; text-align:center;\" data-ad-client=\"ca-pub-6203283170189293\" \ndata-ad-slot=\"7303146466\" \ndata-ad-layout=\"in-article\"\ndata-ad-format=\"fluid\" data-full-width-responsive=\"true\"><\/ins>\n<script> \n(adsbygoogle = window.adsbygoogle || []).push({}); \n<\/script>\n<\/div>\n<p class=\"yiv0545677115MsoNormal\">12.T\u00fcrkmeneli \u0130nsan Haklar\u0131 Derne\u011fi<\/p>\n<p class=\"yiv0545677115MsoNormal\">13.Terekeme-Karapapak T\u00fcrkleri K\u00fclt\u00fcr Derne\u011fi<\/p>\n<p class=\"yiv0545677115MsoNormal\">14.Suriye T\u00fcrkleri E\u011fitim ve Yard\u0131mla\u015fma Derne\u011fi<\/p>\n<p class=\"yiv0545677115MsoNormal\">15.Azerbaycan K\u00fclt\u00fcr Evi Derne\u011fi<\/p>\n<p class=\"yiv0545677115MsoNormal\"><b>BALKANLAR<\/b><\/p><div id=\"bghab-2315089947\" class=\"bghab-icerik-icine-35-paragraf bghab-entity-placement\"><script async src=\"\/\/pagead2.googlesyndication.com\/pagead\/js\/adsbygoogle.js?client=ca-pub-6203283170189293\" crossorigin=\"anonymous\"><\/script><ins class=\"adsbygoogle\" style=\"display:block; text-align:center;\" data-ad-client=\"ca-pub-6203283170189293\" \ndata-ad-slot=\"7303146466\" \ndata-ad-layout=\"in-article\"\ndata-ad-format=\"fluid\" data-full-width-responsive=\"true\"><\/ins>\n<script> \n(adsbygoogle = window.adsbygoogle || []).push({}); \n<\/script>\n<\/div>\n<p class=\"yiv0545677115MsoNormal\">16.Bulgaristan T\u00fcrkleri K\u00fclt\u00fcr ve Hizmet Derne\u011fi<\/p>\n<p class=\"yiv0545677115MsoNormal\">Balkan G\u00f6\u00e7menleri Federasyonu<\/p>\n<p class=\"yiv0545677115MsoNormal\"><b>\u0130D\u0130L URAL \u2013 AHISKA &#8211; GAGAUZ \u2013 KIRIM VE NOGAY T\u00dcRKLER\u0130 \u00c7ADIRI<\/b><b><\/b><\/p>\n<p class=\"yiv0545677115MsoNormal\">17.\u0130stanbul Nogay T\u00fcrkleri Derne\u011fi<\/p>\n<p id=\"yui_3_16_0_ym19_1_1472159977457_17738\" class=\"yiv0545677115MsoNormal\">18.\u0130dil\/Ural T\u00fcrkleri Derne\u011fi<\/p><div id=\"bghab-1253444579\" class=\"bghab-icerik-icine-40-paragraf bghab-entity-placement\"><script async src=\"\/\/pagead2.googlesyndication.com\/pagead\/js\/adsbygoogle.js?client=ca-pub-6203283170189293\" crossorigin=\"anonymous\"><\/script><ins class=\"adsbygoogle\" style=\"display:block; text-align:center;\" data-ad-client=\"ca-pub-6203283170189293\" \ndata-ad-slot=\"7303146466\" \ndata-ad-layout=\"in-article\"\ndata-ad-format=\"fluid\" data-full-width-responsive=\"true\"><\/ins>\n<script> \n(adsbygoogle = window.adsbygoogle || []).push({}); \n<\/script>\n<\/div>\n<p class=\"yiv0545677115MsoNormal\">19.Gagauz T\u00fcrkleri Dostluk Derne\u011fi<\/p>\n<p class=\"yiv0545677115MsoNormal\">20.K\u0131r\u0131m T\u00fcrkleri K\u00fclt\u00fcr ve Dayan\u0131\u015fma Derne\u011fi<\/p>\n<p class=\"yiv0545677115MsoNormal\">21.Ah\u0131ska T\u00fcrkleri Vakf\u0131<\/p>\n<p class=\"yiv0545677115MsoNormal\"><img data-recalc-dims=\"1\" decoding=\"async\" src=\"https:\/\/i0.wp.com\/www.bghaber.org\/bghaber\/wp-content\/uploads\/2016\/08\/Etno16.jpg?w=640\" alt=\"etno16\" \/><\/p>\n<p class=\"yiv0545677115MsoNormal\">\n<div id=\"bghab-1295534505\" class=\"bghab-yazi-altinda bghab-entity-placement\"><div class=\"bghab-adlabel\">Reklamlar<\/div><script async src=\"https:\/\/pagead2.googlesyndication.com\/pagead\/js\/adsbygoogle.js\"><\/script>\r\n<!-- bghaber-yaz\u0131-sonu -->\r\n<ins class=\"adsbygoogle\"\r\n     style=\"display:block\"\r\n     data-ad-client=\"ca-pub-6203283170189293\"\r\n     data-ad-slot=\"4222328180\"\r\n     data-ad-format=\"auto\"\r\n     data-full-width-responsive=\"true\"><\/ins>\r\n<script>\r\n     (adsbygoogle = window.adsbygoogle || []).push({});\r\n<\/script><\/div><br style=\"clear: both; display: block; float: none;\"\/>","protected":false},"excerpt":{"rendered":"<p>\u00a0 Geleneksel sporlar\u0131n yeniden canland\u0131r\u0131lmas\u0131 amac\u0131yla D\u00fcnya Etnospor Konfederasyonu taraf\u0131ndan organize edilen Etnospor K\u00fclt\u00fcr Festivali&#8217;ne \u0130stanbul ev sahipli\u011fi yapacak. K\u00fc\u00e7\u00fck\u00e7emece&#8217;deki Bezirganbah\u00e7e Meydan\u0131&#8217;nda 26-28 A\u011fustos tarihlerinde<\/p>\n","protected":false},"author":13,"featured_media":20421,"comment_status":"closed","ping_status":"closed","sticky":false,"template":"","format":"standard","meta":{"advanced_seo_description":"","jetpack_seo_html_title":"","jetpack_seo_noindex":false,"_jetpack_memberships_contains_paid_content":false,"footnotes":""},"categories":[10],"tags":[],"class_list":["post-20222","post","type-post","status-publish","format-standard","has-post-thumbnail","hentry","category-kultur-sanat"],"jetpack_featured_media_url":"https:\/\/i0.wp.com\/www.bghaber.org\/bghaber\/wp-content\/uploads\/2016\/09\/CADR2-scaled.jpg?fit=1920%2C2560&ssl=1","jetpack_sharing_enabled":true,"jetpack_likes_enabled":true,"jetpack-related-posts":[],"jetpack_shortlink":"https:\/\/wp.me\/pc2PfJ-5ga","_links":{"self":[{"href":"https:\/\/www.bghaber.org\/bghaber\/wp-json\/wp\/v2\/posts\/20222","targetHints":{"allow":["GET"]}}],"collection":[{"href":"https:\/\/www.bghaber.org\/bghaber\/wp-json\/wp\/v2\/posts"}],"about":[{"href":"https:\/\/www.bghaber.org\/bghaber\/wp-json\/wp\/v2\/types\/post"}],"author":[{"embeddable":true,"href":"https:\/\/www.bghaber.org\/bghaber\/wp-json\/wp\/v2\/users\/13"}],"replies":[{"embeddable":true,"href":"https:\/\/www.bghaber.org\/bghaber\/wp-json\/wp\/v2\/comments?post=20222"}],"version-history":[{"count":0,"href":"https:\/\/www.bghaber.org\/bghaber\/wp-json\/wp\/v2\/posts\/20222\/revisions"}],"wp:featuredmedia":[{"embeddable":true,"href":"https:\/\/www.bghaber.org\/bghaber\/wp-json\/wp\/v2\/media\/20421"}],"wp:attachment":[{"href":"https:\/\/www.bghaber.org\/bghaber\/wp-json\/wp\/v2\/media?parent=20222"}],"wp:term":[{"taxonomy":"category","embeddable":true,"href":"https:\/\/www.bghaber.org\/bghaber\/wp-json\/wp\/v2\/categories?post=20222"},{"taxonomy":"post_tag","embeddable":true,"href":"https:\/\/www.bghaber.org\/bghaber\/wp-json\/wp\/v2\/tags?post=20222"}],"curies":[{"name":"wp","href":"https:\/\/api.w.org\/{rel}","templated":true}]}}