{"id":20219,"date":"2016-08-26T00:29:46","date_gmt":"2016-08-25T21:29:46","guid":{"rendered":"http:\/\/www.bghaber.org\/bghaber\/?p=20219"},"modified":"2016-08-27T16:27:01","modified_gmt":"2016-08-27T13:27:01","slug":"b-cukov-borisovun-turkiye-ziyareti-bulgaristan-icin-olaganustu-onemlidir","status":"publish","type":"post","link":"https:\/\/www.bghaber.org\/bghaber\/b-cukov-borisovun-turkiye-ziyareti-bulgaristan-icin-olaganustu-onemlidir\/","title":{"rendered":"B. \u00c7ukov: Borisov\u2019un T\u00fcrkiye ziyareti Bulgaristan i\u00e7in ola\u011fan\u00fcst\u00fc \u00f6nemlidir."},"content":{"rendered":"<p><strong><em><img data-recalc-dims=\"1\" decoding=\"async\" src=\"https:\/\/i0.wp.com\/www.bghaber.org\/bghaber\/wp-content\/uploads\/2016\/08\/cukov.jpg?w=640\" alt=\"cukov\" \/><\/em><\/strong><\/p>\n<p><strong><em>Boyan \u00c7ukov<\/em><\/strong><\/p>\n<p><strong>Bulgaristan Avrupa Birli\u011fi ile T\u00fcrkiye Cumhuriyeti aras\u0131nda arac\u0131 olamaz.<\/strong><\/p>\n<p>Ba\u015fbakan <strong>Boyko Borisov\u2019<\/strong>un T\u00fcrkiye ziyareti \u00f6n\u00fcm\u00fczdeki aylar i\u00e7in Bulgaristan a\u00e7\u0131s\u0131ndan ola\u011fan\u00fcst\u00fc \u00f6nem ta\u015f\u0131yor diyen siyaset yorumcusu Boyan \u00c7ukov \u015f\u00f6yle devam ediyor:.<\/p>\n<p>\u201cT\u00fcrkiye ile iyi ili\u015fkilerimiz olmas\u0131 bizim i\u00e7in ola\u011fan\u00fcst\u00fc \u00f6nemlidir. T\u00fcrkiye <strong>topraklar\u0131nda 2-3 milyon s\u0131\u011f\u0131nmac\u0131<\/strong> oldu\u011fundan, zorlama da dahil, g\u00f6r\u00fc\u015fmeler s\u00fcren, <strong>Avrupa Birli\u011fi ve T\u00fcrkiye<\/strong>\u2019nin i\u00e7ine d\u00fc\u015ft\u00fckleri \u015fu \u00f6l\u00fc kilitlenme d\u00f6neminde, T\u00fcrkiye ile iyi ili\u015fkilerimiz olmas\u0131 \u00f6nemlidir, kom\u015fu olarak T\u00fcrkiye\u2019nin geli\u015fmesi ve istikrarl\u0131 olmas\u0131 Bulgaristan\u2019\u0131n lehinedir.\u201d<\/p>\n<p><strong>Yorumcu \u015f\u00f6yle diyor: \u201c<\/strong>Bulgaristan AB ile T\u00fcrkiye aras\u0131nda arac\u0131 olamaz<strong>. \u00dclkemizin AB ile Rusya ve AB ile T\u00fcrkiye vs aras\u0131nda arac\u0131 olaca\u011f\u0131, Bulgaristan\u2019da y\u0131llarca \u015fi\u015firilen balonlard\u0131<\/strong>. G\u00fc\u00e7l\u00fc jeopolitik, k\u00fcresel ve b\u00f6lgesel oyuncular\u0131n k\u00fc\u00e7\u00fck arac\u0131lara gerek duymazlar.<\/p><div id=\"bghab-4076857436\" class=\"bghab-icerik-icine bghab-entity-placement\"><script async src=\"\/\/pagead2.googlesyndication.com\/pagead\/js\/adsbygoogle.js?client=ca-pub-6203283170189293\" crossorigin=\"anonymous\"><\/script><ins class=\"adsbygoogle\" style=\"display:block; text-align:center;\" data-ad-client=\"ca-pub-6203283170189293\" \ndata-ad-slot=\"7303146466\" \ndata-ad-layout=\"in-article\"\ndata-ad-format=\"fluid\" data-full-width-responsive=\"true\"><\/ins>\n<script> \n(adsbygoogle = window.adsbygoogle || []).push({}); \n<\/script>\n<\/div>\n<p><strong>\u00c7ok g\u00fc\u00e7l\u00fc bir devlet olan T\u00fcrkiye\u2019nin kendi stratejisi vard\u0131r. Biz T\u00fcrkiye\u2019yi stratejisinde de\u011fi\u015fik yapmaya zorlayamay\u0131z<\/strong>. Fakat T\u00fcrkiye\u2019nin pragmatik siyaseti kolay uygulanabilirdir ve Bulgaristan yerini bu alanda aramal\u0131d\u0131r.\u201d<\/p>\n<div id=\"bghab-1400639197\" class=\"bghab-yazi-altinda bghab-entity-placement\"><div class=\"bghab-adlabel\">Reklamlar<\/div><script async src=\"https:\/\/pagead2.googlesyndication.com\/pagead\/js\/adsbygoogle.js\"><\/script>\r\n<!-- bghaber-yaz\u0131-sonu -->\r\n<ins class=\"adsbygoogle\"\r\n     style=\"display:block\"\r\n     data-ad-client=\"ca-pub-6203283170189293\"\r\n     data-ad-slot=\"4222328180\"\r\n     data-ad-format=\"auto\"\r\n     data-full-width-responsive=\"true\"><\/ins>\r\n<script>\r\n     (adsbygoogle = window.adsbygoogle || []).push({});\r\n<\/script><\/div><br style=\"clear: both; display: block; float: none;\"\/>","protected":false},"excerpt":{"rendered":"<p>Boyan \u00c7ukov Bulgaristan Avrupa Birli\u011fi ile T\u00fcrkiye Cumhuriyeti aras\u0131nda arac\u0131 olamaz. Ba\u015fbakan Boyko Borisov\u2019un T\u00fcrkiye ziyareti \u00f6n\u00fcm\u00fczdeki aylar i\u00e7in Bulgaristan a\u00e7\u0131s\u0131ndan ola\u011fan\u00fcst\u00fc \u00f6nem ta\u015f\u0131yor diyen<\/p>\n","protected":false},"author":13,"featured_media":20220,"comment_status":"closed","ping_status":"closed","sticky":false,"template":"","format":"standard","meta":{"advanced_seo_description":"","jetpack_seo_html_title":"","jetpack_seo_noindex":false,"_jetpack_memberships_contains_paid_content":false,"footnotes":""},"categories":[4],"tags":[],"class_list":["post-20219","post","type-post","status-publish","format-standard","has-post-thumbnail","hentry","category-siyaset"],"jetpack_featured_media_url":"https:\/\/i0.wp.com\/www.bghaber.org\/bghaber\/wp-content\/uploads\/2016\/08\/cukov.jpg?fit=604%2C388&ssl=1","jetpack_sharing_enabled":true,"jetpack_likes_enabled":true,"jetpack-related-posts":[],"jetpack_shortlink":"https:\/\/wp.me\/pc2PfJ-5g7","_links":{"self":[{"href":"https:\/\/www.bghaber.org\/bghaber\/wp-json\/wp\/v2\/posts\/20219","targetHints":{"allow":["GET"]}}],"collection":[{"href":"https:\/\/www.bghaber.org\/bghaber\/wp-json\/wp\/v2\/posts"}],"about":[{"href":"https:\/\/www.bghaber.org\/bghaber\/wp-json\/wp\/v2\/types\/post"}],"author":[{"embeddable":true,"href":"https:\/\/www.bghaber.org\/bghaber\/wp-json\/wp\/v2\/users\/13"}],"replies":[{"embeddable":true,"href":"https:\/\/www.bghaber.org\/bghaber\/wp-json\/wp\/v2\/comments?post=20219"}],"version-history":[{"count":0,"href":"https:\/\/www.bghaber.org\/bghaber\/wp-json\/wp\/v2\/posts\/20219\/revisions"}],"wp:featuredmedia":[{"embeddable":true,"href":"https:\/\/www.bghaber.org\/bghaber\/wp-json\/wp\/v2\/media\/20220"}],"wp:attachment":[{"href":"https:\/\/www.bghaber.org\/bghaber\/wp-json\/wp\/v2\/media?parent=20219"}],"wp:term":[{"taxonomy":"category","embeddable":true,"href":"https:\/\/www.bghaber.org\/bghaber\/wp-json\/wp\/v2\/categories?post=20219"},{"taxonomy":"post_tag","embeddable":true,"href":"https:\/\/www.bghaber.org\/bghaber\/wp-json\/wp\/v2\/tags?post=20219"}],"curies":[{"name":"wp","href":"https:\/\/api.w.org\/{rel}","templated":true}]}}