{"id":20217,"date":"2016-08-26T00:27:36","date_gmt":"2016-08-25T21:27:36","guid":{"rendered":"http:\/\/www.bghaber.org\/bghaber\/?p=20217"},"modified":"2016-08-26T00:27:36","modified_gmt":"2016-08-25T21:27:36","slug":"uskup-hukumeti-makedonyada-gulenin-kokunu-kazidi","status":"publish","type":"post","link":"https:\/\/www.bghaber.org\/bghaber\/uskup-hukumeti-makedonyada-gulenin-kokunu-kazidi\/","title":{"rendered":"\u00dcsk\u00fcp h\u00fck\u00fcmeti Makedonya\u2019da G\u00fclenin k\u00f6k\u00fcn\u00fc kaz\u0131d\u0131."},"content":{"rendered":"<p><strong>Kaynak: H\u00fcr Avrupa Radyosu<\/strong><\/p>\n<p><strong>\u00a0<\/strong><\/p>\n<p>T\u00fcrkiye Cumhuriyeti Ba\u015fkan\u0131 R.Tayyib Erdo\u011fan\u2019\u0131n 1 n.o.\u2019lu d\u00fc\u015fman\u0131 Feytullah G\u00fclen\u2019in \u00fclkedeki okullar\u0131n\u0131n hepsi \u00dcsk\u00fcp h\u00fck\u00fcmeti taraf\u0131ndan kapat\u0131ld\u0131.<strong> \u201cErdo\u011fan\u2019\u0131n iste\u011fi Makedonya\u2019da ger\u00e7ek oldu!\u201d \u2013 \u201cHaber 24\u201d (24 Vesti) <\/strong>gazetesi bu ba\u015fl\u0131kla \u00e7\u0131kt\u0131.<\/p>\n<p>Bir gazetecinin F. G\u00fclen\u2019e ba\u011fl\u0131 okullar\u0131 kapatacakm\u0131\u015fs\u0131n\u0131z sorusunu yan\u0131tlayan,<strong> Makedonya Di\u015f \u0130\u015fler Bakan\u0131 Nikola Popovski\u2019yi, <\/strong>Makedonya h\u00fck\u00fcmetinin T\u00fcrkiye\u2019de demokratik se\u00e7imle i\u015fba\u015f\u0131na gelen kurumlar\u0131 destekledi\u011fini ve Makedonya yasalar\u0131na uyarak Ankara h\u00fck\u00fcmetiyle s\u0131k\u0131 i\u015fbirli\u011finde bulundu\u011fu haberini<strong> \u201cH\u00fcr Avrupa Radyosu\u201d <\/strong>aynen verdi.<\/p>\n<p><strong>\u201cH\u00fcr Avrupa Radyosu\u201d <\/strong>T\u00fcrk makamlar\u0131nca a\u00e7\u0131klanan G\u00fclen\u2019e ba\u011fl\u0131 okul ve \u015firketlerin isimlerini verdi. Listede \u00dcsk\u00fcp, Tetevo, Gostivar, Struga ve Strumitza\u00a0 \u201cYahya Kemal\u201d okullar\u0131, nakliyat ve ticaret \u015firketleri ile sa\u011fl\u0131k merkezleri var.<\/p>\n<p><strong>\u201cVe\u00e7er\u201d (Ak\u015fam) <\/strong>gazetesi T\u00fcrk h\u00fck\u00fcmetinin<strong> \u201cYahya Kemal\u201d <\/strong>okullar\u0131n\u0131n hepsinin kapat\u0131lmas\u0131n\u0131 istedi\u011fini bildirdi.<\/p><div id=\"bghab-3256617044\" class=\"bghab-icerik-icine bghab-entity-placement\"><script async src=\"\/\/pagead2.googlesyndication.com\/pagead\/js\/adsbygoogle.js?client=ca-pub-6203283170189293\" crossorigin=\"anonymous\"><\/script><ins class=\"adsbygoogle\" style=\"display:block; text-align:center;\" data-ad-client=\"ca-pub-6203283170189293\" \ndata-ad-slot=\"7303146466\" \ndata-ad-layout=\"in-article\"\ndata-ad-format=\"fluid\" data-full-width-responsive=\"true\"><\/ins>\n<script> \n(adsbygoogle = window.adsbygoogle || []).push({}); \n<\/script>\n<\/div>\n<div id=\"bghab-3946687617\" class=\"bghab-yazi-altinda bghab-entity-placement\"><div class=\"bghab-adlabel\">Reklamlar<\/div><script async src=\"https:\/\/pagead2.googlesyndication.com\/pagead\/js\/adsbygoogle.js\"><\/script>\r\n<!-- bghaber-yaz\u0131-sonu -->\r\n<ins class=\"adsbygoogle\"\r\n     style=\"display:block\"\r\n     data-ad-client=\"ca-pub-6203283170189293\"\r\n     data-ad-slot=\"4222328180\"\r\n     data-ad-format=\"auto\"\r\n     data-full-width-responsive=\"true\"><\/ins>\r\n<script>\r\n     (adsbygoogle = window.adsbygoogle || []).push({});\r\n<\/script><\/div><br style=\"clear: both; display: block; float: none;\"\/>","protected":false},"excerpt":{"rendered":"<p>Kaynak: H\u00fcr Avrupa Radyosu \u00a0 T\u00fcrkiye Cumhuriyeti Ba\u015fkan\u0131 R.Tayyib Erdo\u011fan\u2019\u0131n 1 n.o.\u2019lu d\u00fc\u015fman\u0131 Feytullah G\u00fclen\u2019in \u00fclkedeki okullar\u0131n\u0131n hepsi \u00dcsk\u00fcp h\u00fck\u00fcmeti taraf\u0131ndan kapat\u0131ld\u0131. \u201cErdo\u011fan\u2019\u0131n iste\u011fi Makedonya\u2019da<\/p>\n","protected":false},"author":13,"featured_media":18883,"comment_status":"closed","ping_status":"closed","sticky":false,"template":"","format":"standard","meta":{"advanced_seo_description":"","jetpack_seo_html_title":"","jetpack_seo_noindex":false,"_jetpack_memberships_contains_paid_content":false,"footnotes":""},"categories":[5],"tags":[],"class_list":["post-20217","post","type-post","status-publish","format-standard","has-post-thumbnail","hentry","category-yasam"],"jetpack_featured_media_url":"https:\/\/i0.wp.com\/www.bghaber.org\/bghaber\/wp-content\/uploads\/2016\/05\/makedon.jpg?fit=524%2C350&ssl=1","jetpack_sharing_enabled":true,"jetpack_likes_enabled":true,"jetpack-related-posts":[],"jetpack_shortlink":"https:\/\/wp.me\/pc2PfJ-5g5","_links":{"self":[{"href":"https:\/\/www.bghaber.org\/bghaber\/wp-json\/wp\/v2\/posts\/20217","targetHints":{"allow":["GET"]}}],"collection":[{"href":"https:\/\/www.bghaber.org\/bghaber\/wp-json\/wp\/v2\/posts"}],"about":[{"href":"https:\/\/www.bghaber.org\/bghaber\/wp-json\/wp\/v2\/types\/post"}],"author":[{"embeddable":true,"href":"https:\/\/www.bghaber.org\/bghaber\/wp-json\/wp\/v2\/users\/13"}],"replies":[{"embeddable":true,"href":"https:\/\/www.bghaber.org\/bghaber\/wp-json\/wp\/v2\/comments?post=20217"}],"version-history":[{"count":0,"href":"https:\/\/www.bghaber.org\/bghaber\/wp-json\/wp\/v2\/posts\/20217\/revisions"}],"wp:featuredmedia":[{"embeddable":true,"href":"https:\/\/www.bghaber.org\/bghaber\/wp-json\/wp\/v2\/media\/18883"}],"wp:attachment":[{"href":"https:\/\/www.bghaber.org\/bghaber\/wp-json\/wp\/v2\/media?parent=20217"}],"wp:term":[{"taxonomy":"category","embeddable":true,"href":"https:\/\/www.bghaber.org\/bghaber\/wp-json\/wp\/v2\/categories?post=20217"},{"taxonomy":"post_tag","embeddable":true,"href":"https:\/\/www.bghaber.org\/bghaber\/wp-json\/wp\/v2\/tags?post=20217"}],"curies":[{"name":"wp","href":"https:\/\/api.w.org\/{rel}","templated":true}]}}