{"id":20214,"date":"2016-08-26T00:26:26","date_gmt":"2016-08-25T21:26:26","guid":{"rendered":"http:\/\/www.bghaber.org\/bghaber\/?p=20214"},"modified":"2016-08-26T00:26:26","modified_gmt":"2016-08-25T21:26:26","slug":"viraja-girersek-hendekteyiz","status":"publish","type":"post","link":"https:\/\/www.bghaber.org\/bghaber\/viraja-girersek-hendekteyiz\/","title":{"rendered":"Viraja Girersek Hendekteyiz"},"content":{"rendered":"<p>Konu: <strong>\u201cBar\u0131nak\u201d ve \u201cBalkan Bahar\u0131\u201d tuzaklar\u0131yla <\/strong><\/p>\n<p><strong>\u00a0\u00a0\u00a0\u00a0\u00a0\u00a0\u00a0\u00a0\u00a0\u00a0\u00a0\u00a0 Bulgaristan AB ve NATO\u2019dan kopar\u0131lmak isteniyor.<\/strong><\/p>\n<p><strong>\u00a0<img data-recalc-dims=\"1\" decoding=\"async\" src=\"https:\/\/i0.wp.com\/www.bghaber.org\/bghaber\/wp-content\/uploads\/2016\/08\/mandereev.jpg?w=640\" alt=\"mandereev\" \/><\/strong><\/p>\n<p><strong>(R E S \u0130 M \u2013 GERB milletvekili Metodi Andreev)<\/strong><\/p>\n<p><strong>\u00c7ok a\u011f\u0131r bir d\u00f6neme girdik. Memlekette 402 siyasi parti ve birka\u00e7 bin sivil toplum \u00f6rg\u00fct\u00fc var, fakat hi\u00e7 biri 6 Kas\u0131m\u2019da yap\u0131lacak Cumhurba\u015fkan\u0131 se\u00e7imlerinde se\u00e7ilebilir bir aday g\u00f6stermedi. Adaylarda k\u0131rm\u0131z\u0131\u00e7izgi, lider vasf\u0131, yeni ufuk yok.<\/strong><\/p>\n<p>* \u00a0\u00a0\u00a0\u00a0\u00a0\u00a0\u00a0\u00a0 Bulgaristan Sosyalist Partisi (BSP) ile Bulgaristan\u2019\u0131n Yeniden Do\u011fu\u015fu i\u00e7in Alternatif (ABV) partileri para ve komisyon i\u00e7in, enerji projelerini kim kontrol edecek gibi konularda anla\u015famad\u0131.<\/p><div id=\"bghab-2806351464\" class=\"bghab-icerik-icine bghab-entity-placement\"><script async src=\"\/\/pagead2.googlesyndication.com\/pagead\/js\/adsbygoogle.js?client=ca-pub-6203283170189293\" crossorigin=\"anonymous\"><\/script><ins class=\"adsbygoogle\" style=\"display:block; text-align:center;\" data-ad-client=\"ca-pub-6203283170189293\" \ndata-ad-slot=\"7303146466\" \ndata-ad-layout=\"in-article\"\ndata-ad-format=\"fluid\" data-full-width-responsive=\"true\"><\/ins>\n<script> \n(adsbygoogle = window.adsbygoogle || []).push({}); \n<\/script>\n<\/div>\n<p>* \u00a0\u00a0\u00a0\u00a0\u00a0\u00a0\u00a0\u00a0 Birle\u015fmi\u015f Milletler Genel Sekreterli\u011fi\u2019ne aday olan \u0130rina Bokova vatanda\u015flar\u0131m\u0131z\u0131n hepsini temsil etmedi\u011fi i\u00e7in, yar\u0131\u015fmadan \u00e7ekilmelidir.<\/p>\n<p>* \u00a0\u00a0\u00a0\u00a0\u00a0\u00a0\u00a0\u00a0 Sosyalistlerin Cumhurba\u015fkan\u0131 aday\u0131 General Rumen Radev\u2019in beyninde k\u0131rm\u0131z\u0131 y\u0131ld\u0131z, orak ve \u00e7eki\u015f d\u00f6vmesi oldu\u011fu anla\u015f\u0131ld\u0131.<\/p>\n<p><strong>S\u00f6yle\u015fi: Bulgarcadan \u00e7eviridir.<\/strong><\/p>\n<p><strong>Soru<\/strong>: BSP ile ABV partileri aras\u0131ndaki heyecan verici didi\u015fmenin perde arkas\u0131 var m\u0131? Ortak aday olarak tan\u0131t\u0131lan General Radev\u2019in iplerini kim \u00e7ekecek konusunda m\u0131 anla\u015famad\u0131lar?<\/p>\n<p><strong>Yan\u0131t<\/strong>: Nedenin Gen.Radev oldu\u011funu sanm\u0131yorum. Onun \u00fczerinde kontrol kurmak BSP ve ABV partilerinde geli\u015fen s\u00fcre\u00e7lerin havas\u0131n\u0131 almak i\u00e7in kullan\u0131l\u0131yor. ABV\u2019nin BSP\u2019den koptu\u011fu g\u00fcnlere d\u00f6nelim. O zaman da, aralar\u0131ndaki uzla\u015fmazl\u0131k siyasi de\u011fil, ekonomikti. \u00c7eli\u015fkilerin merkezinde eski Cumhurba\u015fkan\u0131 Georgi P\u0131rvanov\u2019un\u00a0 \u201c<strong>b\u00fcy\u00fck mi\u011fferi<\/strong>\u201dni kim kuracak ve komisyonlar\u0131 kim cepleyecek hesaplar\u0131 vard\u0131. Bu partiler yakla\u015fan se\u00e7imlerde ortak aday g\u00f6sterme hesaplar\u0131 yapm\u0131\u015flarsa, stratejik beraberli\u011fin nas\u0131l geli\u015fece\u011fini de konu\u015fmu\u015flard\u0131r. \u00d6zellikle enerji sekt\u00f6r\u00fcnde stratejik lobilerin paylar\u0131 ele al\u0131nm\u0131\u015ft\u0131r. Ba\u015fbakan Borisov\u2019un \u201c<strong>b\u00fcy\u00fck mi\u011ffer<\/strong>\u201d in\u015faatlar\u0131n\u0131 devam ettirme konusundaki g\u00f6r\u00fc\u015fleri onlar\u0131 rahats\u0131z ettt.<\/p><div id=\"bghab-2343916547\" class=\"bghab-icerik-icine-10-paragraf bghab-entity-placement\"><script async src=\"\/\/pagead2.googlesyndication.com\/pagead\/js\/adsbygoogle.js?client=ca-pub-6203283170189293\" crossorigin=\"anonymous\"><\/script><ins class=\"adsbygoogle\" style=\"display:block; text-align:center;\" data-ad-client=\"ca-pub-6203283170189293\" \ndata-ad-slot=\"7303146466\" \ndata-ad-layout=\"in-article\"\ndata-ad-format=\"fluid\" data-full-width-responsive=\"true\"><\/ins>\n<script> \n(adsbygoogle = window.adsbygoogle || []).push({}); \n<\/script>\n<\/div>\n<p>\u0130ki parti aras\u0131ndaki \u00e7at\u0131\u015fma, BSP\u2019nin uluslar aras\u0131 koalisyon ili\u015fkilerini y\u00fcr\u00fcten Georgi Georgiev\u2019in rezil etti. Bir Rus konsolosu olarak, bu g\u00f6r\u00fc\u015fmelerde Moskova ili\u015fkilerini korumas\u0131 gerekirken o iyice batt\u0131. BSP &#8211; ABV stratejik i\u015fbirli\u011fi kurulmas\u0131 olanaks\u0131zla\u015ft\u0131. \u0130pler koptu. \u0130pleri Moskova\u2019dan \u00e7ekenler kadar, Bulgar se\u00e7men de kendilerini \u00f6fkelidir.<\/p>\n<p>Olup biteni General Radev\u2019le aklamaya \u00e7al\u0131\u015fmak bir aptall\u0131kt\u0131r. Generalin tavr\u0131n\u0131 bekliyoruz. Se\u00e7menin i\u015fitmek istedi\u011fini s\u00f6ylemeye \u00e7al\u0131\u015f\u0131rken, o insanlara yalan s\u00f6ylemek zorunda kal\u0131yor. Adayl\u0131ktan vazge\u00e7se iyi olur. <strong>General iki k\u0131rm\u0131z\u0131 lobi aras\u0131nda bozuk para oldu<\/strong>. <strong>Ne pahas\u0131na olursa olsun Cumhurba\u015fkan\u0131 aday\u0131 olmak istiyor<\/strong>, gizlenemeyen budur.\u00a0 Sorun, onun BSP ve ABV partilerini birle\u015ftirecek bir \u015fahsiyet olmay\u0131\u015f\u0131d\u0131r ki, iki partiyi birle\u015ftiremeyen ki\u015fi ulusu nas\u0131l birle\u015ftirsin!?<\/p>\n<p><strong>Soru<\/strong>: Siz paradan, ekonomik lobilerden ve enerji projelerinden s\u00f6z ediyorsunuz fakat memlekette sanki telefon oyunu oynan\u0131yor. Rusya ile enerji projeleri ger\u00e7ekle\u015ftirece\u011fiz diye davul \u00e7al\u0131yoruz, oysa \u201c<strong>GAZPROM<\/strong>\u201d bu hafta, \u201c<strong>G\u00fcney Ak\u0131m<\/strong>\u201d bizim i\u00e7in kazan\u00e7l\u0131 de\u011fil gerek\u00e7esiyle Moskova\u2019daki ofisini kapatt\u0131.<\/p>\n<p><strong>Yan\u0131t: <\/strong>Rusya\u2019n\u0131n 6\u20137 sene \u00f6ncesinden kalan bu b\u00f6b\u00fcrlenme tasar\u0131m\u0131n\u0131 ger\u00e7ekle\u015ftirmek i\u00e7in ne paras\u0131 ne de boruyu dolduracak do\u011fal gaz\u0131 var. \u00a0P\u0131rvanov\u2019un \u201c<strong>b\u00fcy\u00fck mi\u011fferinden<\/strong>\u201d (Rusya ile ortakla\u015fa ger\u00e7ekle\u015ftirilecek b\u00fcy\u00fck in\u015faatlar\u0131n ad\u0131) \u00a0\u00fc\u00e7 projeyi neden bir daha canland\u0131rd\u0131\u011f\u0131m\u0131za ak\u0131l erdiremiyorum. \u015eunu asla unutmamam\u0131z gerekir. Putin Avrupa Birli\u011fi (AB) ile yeni bir s\u00f6zle\u015fmeden s\u00f6z edince, yerine getirilmesi hi\u00e7bir surette m\u00fcmk\u00fcn olmayan bir \u015fart \u00f6ne s\u00fcrd\u00fc. Nedeni ise, onun bu \u015fartlar\u0131 ba\u015fka hi\u00e7bir tarafa ko\u015famayaca\u011f\u0131ndan kaynaklan\u0131yor. \u00a0O, bu projeyle ilgili AB\u2019den beton garantiler istedi. Bunlar\u0131 al\u0131nca g\u00f6r\u00fc\u015fme masas\u0131na oturaca\u011f\u0131n\u0131 s\u00f6yledi. Ger\u00e7ek olan, neyin yap\u0131laca\u011f\u0131na ve neyin olmayaca\u011f\u0131na s\u00f6n s\u00f6z\u00fc s\u00f6yleyecek ki\u015finin Putin olmamas\u0131d\u0131r. Rusya enerji ta\u015f\u0131y\u0131c\u0131lar\u0131na yat\u0131r\u0131m yap\u0131p, onlar\u0131 sat\u0131n al\u0131p kullanacak olan taraf AB\u2019dir. \u00a0S\u00f6zle\u015fmeye uyaca\u011f\u0131na, do\u011fal gaz\u0131 sa\u011flayaca\u011f\u0131na vb. beton garantiler vermesi gereken taraf Putin olmal\u0131d\u0131r. Ruslar\u0131n sergiledi\u011fi tav\u0131r, adale g\u00f6stermekle b\u00f6b\u00fcrlenmektir.<\/p>\n<p><strong>Soru<\/strong>: Bu telefon oyununa \u201c<strong>Belene<\/strong>\u201d Atom Elektrik Santrali (AES) de tak\u0131lmad\u0131 m\u0131?<\/p><div id=\"bghab-1127345589\" class=\"bghab-icerik-icine-15-paragraf bghab-entity-placement\"><script async src=\"\/\/pagead2.googlesyndication.com\/pagead\/js\/adsbygoogle.js?client=ca-pub-6203283170189293\" crossorigin=\"anonymous\"><\/script><ins class=\"adsbygoogle\" style=\"display:block; text-align:center;\" data-ad-client=\"ca-pub-6203283170189293\" \ndata-ad-slot=\"7303146466\" \ndata-ad-layout=\"in-article\"\ndata-ad-format=\"fluid\" data-full-width-responsive=\"true\"><\/ins>\n<script> \n(adsbygoogle = window.adsbygoogle || []).push({}); \n<\/script>\n<\/div>\n<p><strong>Yan\u0131t<\/strong>: Evet, bu propaganda kal\u0131b\u0131nda \u201c<strong>Belene<\/strong>\u201d de var. Bulgaristan i\u00e7in herhangi bir yarar\u0131 olaca\u011f\u0131na inanmad\u0131\u011f\u0131m, bu anlams\u0131z, r\u00fc\u015fvet kayna\u011f\u0131 ve fazlas\u0131yla politikle\u015ftirilen projenin in\u015faat\u0131n\u0131 birinci g\u00f6rev s\u00fcresinde durduran Avrupal\u0131 Geli\u015fim \u0130\u00e7in Vatanda\u015flar\u0131n GERB partisi, bu konuda bir halk oylamas\u0131 d\u00fczenleyince, se\u00e7men partimizi daha iyi tan\u0131ma f\u0131rsat\u0131 buldu. Borisov bu proje i\u00e7in i\u00e7inde milyonlar kaybolan \u201c<strong>b\u00fcy\u00fck g\u00f6l<\/strong>\u201d dedi. Kan\u0131mca, de\u011fi\u015fik politik \u00e7evrelerin merak\u0131na ra\u011fmen, bu proje ger\u00e7ekle\u015ftirilemez.\u00a0 \u015eu iyi bilinmeli: Rus teknolojisiyle atom elektrik santrali kurmak, yak\u0131t\u0131 Rusya\u2019dan almak anlam\u0131na gelir. \u0130ki, Bulgaristan at\u0131klar i\u00e7in depo kurmad\u0131 yani n\u00fckleer at\u0131klar\u0131 Rusya\u2019ya g\u00f6ndermek zorunday\u0131z. \u00dc\u00e7, \u00f6n\u00fcm\u00fczdeki 30\u201340 y\u0131lda, \u00fclkemizin yeni elektrik \u00fcreten enerji kaynaklar\u0131na gere\u011fi olmayacak. Elimizdekiler yeterlidir. Bu proje ger\u00e7ekle\u015ftirilirse, santral di\u011fer \u00fclkelere enerji sa\u011flamak i\u00e7in Bulgaristan\u2019da \u00e7al\u0131\u015facak. \u00d6ne \u00e7\u0131kan yeni fikirle, devlet elinde bir alt\u0131n senet tutmak kayd\u0131yla \u00f6zelle\u015ftirme ve d\u0131\u015f yat\u0131r\u0131mc\u0131 bulmay\u0131 se\u00e7ti. Soruyorum: \u015eu a\u011f\u0131r ko\u015fullarda 10 milyar Euro verecek bir oyuncu bulunabilir mi? Yat\u0131r\u0131mc\u0131n\u0131n Rusya ile ba\u011fl\u0131 biri olaca\u011f\u0131 \u015fimdiden belli. Bir <strong>Rus-T\u00fcrk Konsorsiyumu<\/strong> g\u00fcndeme al\u0131n\u0131yor. Ahmet Do\u011fan\u2019dan yeni Vasil Levki yapan bizim b\u00fcy\u00fck yurtseverlere hitaben konu\u015fuyorum: &#8211; <strong>Bulgaristan\u2019da, Rus ve T\u00fcrk \u015firketlerinin m\u00fclk\u00fcnde olacak bir \u00f6zel atom elektrik santrali kurulmas\u0131n\u0131 kabul eder misiniz<\/strong>? Milli g\u00fcvenli\u011fimiz a\u00e7\u0131s\u0131ndan bunun ta\u015f\u0131d\u0131\u011f\u0131 anlam ne olur?<\/p>\n<p><strong>Soru<\/strong>: \u201c<strong>Belene<\/strong>\u201d atom reakt\u00f6rleriyle ilgili gizemli bir \u015feyler var. \u00d6demelerimizle ilgili \u00a0mahkeme karar\u0131 \u00e7\u0131kt\u0131. Fakat rekt\u00f6rleri g\u00f6ren yok. \u00dcretilmi\u015f midirler? Bize \u00f6nerilen nedir?<\/p>\n<p><strong>Yan\u0131t<\/strong>: Bu, \u00e7ok b\u00fcy\u00fck bir konudur. \u00dcretildiklerini bilen yok. \u00d6dememiz i\u00e7in bize bask\u0131 yap\u0131l\u0131yor. Bu reakt\u00f6rleri kim g\u00f6rm\u00fc\u015f? Hangi bilirki\u015fi denetlemi\u015f ve d\u00fcnya parametrelerine uygunlu\u011funu ve i\u015fe yarayacaklar\u0131n\u0131 belgelemi\u015ftir? Bize, a\u011f\u0131r hasarl\u0131 reakt\u00f6rler kakalamak istedikleri konu\u015fuluyor.<\/p>\n<p><strong>Soru<\/strong>: Beyaz Rusya atam santrali i\u00e7in \u00fcretilmi\u015f\u2026.<\/p>\n<p><strong>Yan\u0131t<\/strong>: Evet, uzmanlar Beyaz Rusya reakt\u00f6r\u00fc iddias\u0131n\u0131 yorumluyorlar. B\u00f6yle reakt\u00f6rler \u00fcretilirken, uluslar aras\u0131 kurallar uygulan\u0131yor ve yat\u0131r\u0131mc\u0131 montajda haz\u0131r bulunur ve ona monte edilen par\u00e7alar\u0131n kalitesi kan\u0131tlan\u0131r. \u0130lgilendim. <strong>Bulgar enerji ajans\u0131ndan (NEK) \u00a0montaja uzman davet edilmedi\u011fini \u00f6\u011frendim.<\/strong> B\u00f6yle bir reakt\u00f6r\u00fcn \u00fcretilip \u00fcretilmedi\u011fi de bilinmiyor. Ben, parlamentonun g\u00fc\u00e7 d\u00f6nem oturumunda bu konuda akt\u00fcel sorular\u0131m\u0131 soraca\u011f\u0131m. Yarg\u0131land\u0131\u011f\u0131m\u0131z ve davay\u0131 kaybetti\u011fimiz bu reakt\u00f6rlerle ilgili, hakikatken \u00fcretilip \u00fcretilmediklerini, t\u00fcm teknolojik s\u00fcre\u00e7lere uygun \u00fcretilmi\u015fse, y\u00fckleyip kald\u0131rmam\u0131z i\u00e7in depoda m\u0131 bekletildi\u011fini \u00f6\u011frenmek istiyorum. \u201c<strong>Belene<\/strong>\u201d AES konusuna \u015funu da ekleyelim: mutlaka kuruculu\u011fu tamamlay\u0131p \u00fcretime ge\u00e7irilmesinden ba\u015fka \u00e7\u0131k\u0131\u015f olmad\u0131\u011f\u0131 g\u00f6r\u00fc\u015f\u00fcne kat\u0131lm\u0131yorum. Hatta eski Maliye Bakan\u2019\u0131 Dyankov\u2019a kat\u0131larak, <strong>vazge\u00e7me bedeli olarak 1 milyar daha \u00f6deyerek bu r\u00fc\u015fvet bata\u011f\u0131ndan \u00e7\u0131kal\u0131m<\/strong>. \u00d6deyip bu i\u015fi \u00a0noktalamak \u2013 bu belki de son se\u00e7enek olur. \u00d6n\u00fcm\u00fczdeki 50\u201360 y\u0131lda Rusya\u2019n\u0131n boynumuza takaca\u011f\u0131 ipi d\u00fc\u015f\u00fcn\u00fcrsek, Bulgaristan\u2019\u0131n g\u00fcvenli\u011fi \u00e7ok daha \u00f6nemlidir.<\/p><div id=\"bghab-3509205289\" class=\"bghab-icerik-icine-20-paragraf bghab-entity-placement\"><script async src=\"\/\/pagead2.googlesyndication.com\/pagead\/js\/adsbygoogle.js?client=ca-pub-6203283170189293\" crossorigin=\"anonymous\"><\/script><ins class=\"adsbygoogle\" style=\"display:block; text-align:center;\" data-ad-client=\"ca-pub-6203283170189293\" \ndata-ad-slot=\"7303146466\" \ndata-ad-layout=\"in-article\"\ndata-ad-format=\"fluid\" data-full-width-responsive=\"true\"><\/ins>\n<script> \n(adsbygoogle = window.adsbygoogle || []).push({}); \n<\/script>\n<\/div>\n<p><strong>Soru<\/strong>: Bu s\u00f6ylediklerinizden, savrulan 3 milyar Euro i\u00e7in hesap sorulmayaca\u011f\u0131 anlam\u0131 \u00e7\u0131kar\u0131labilir mi?<\/p>\n<p><strong>Yan\u0131t<\/strong>: Bug\u00fcne kadar devletimizin bu kadar b\u00fcy\u00fck zarara sokulmas\u0131na ra\u011fmen, su\u00e7lu sandalyesine oturtulmu\u015f tek ki\u015finin olmamas\u0131 ve \u201c<strong>Belene<\/strong>\u201d b\u00fct\u00e7esinden harcanan milyarlarla ilgili savc\u0131l\u0131\u011f\u0131n neden bir tek ki\u015fiyi bile su\u00e7lu g\u00f6stermemesi, asl\u0131nda skandal bir durum. Su\u00e7lular\u0131n ve sorumlular\u0131n BSP y\u00f6netimine ve \u00dc\u00e7l\u00fc Koalisyona (H\u00d6H-BSP-II.Semyon partileri) ba\u011fl\u0131 olduklar\u0131 yorumlan\u0131yor. Ayn\u0131 zamanda, <strong>yanl\u0131\u015f kararlar\u0131 alan ve devleti b\u00fcy\u00fck mali kay\u0131plara iten ki\u015filer devlet makamlar\u0131nda \u00e7ok \u00f6nemli g\u00f6revlerde bulunmaya devam ediyorlar.<\/strong> \u00d6rne\u011fin, Rumen Ov\u00e7arov \u201cNeftohim-Lukoil\u201d \u015firketinde devlet hissesini temsil ediyor, Pet\u0131r Dimitrov ise, devlet radyo aktif at\u0131klar \u015firketinde \u00e7ok \u00f6nemli bir konumdad\u0131r. Bulgar halk\u0131n\u0131 birle\u015ftiren form\u00fcl bu ise &#8211; \u00e7al\u0131\u015fmaz sahteliktir. Bulgar halk\u0131n\u0131n birlik ve beraberli\u011fi ancak <strong>yasalar\u0131n \u00fcst\u00fcnl\u00fc\u011f\u00fc ve adalet temelinde sa\u011flanabilir<\/strong>. Bo\u015f yere yat\u0131r\u0131lan milyarlardan sonra hi\u00e7 kimsenin su\u00e7lu bulunmamas\u0131 ve her \u015feyin \u00fcst\u00fcn\u00fcn bir c\u0131la ile kaplanmas\u0131 asla af edilemez. Bu kabul edilemez. Ben savunmuyorum. <strong>Bulgaristan i\u00e7in s\u00f6m\u00fcrgele\u015ftiricidir<\/strong>.<\/p>\n<p><strong>Soru: <\/strong>\u201c<strong>Bokova<\/strong>\u201d konusu da \u201c<strong>Belene<\/strong>\u201d ye benzemiyor mu? \u0130pleri pazara \u00e7\u0131km\u0131\u015ft\u0131. Bizim baz\u0131 ayd\u0131nlar BMT\u2019na mektup g\u00f6ndererek Genel Sekreter adayl\u0131\u011f\u0131n\u0131 desteklediler. Onlar\u0131n g\u00fcvenli\u011fi nedir?<\/p>\n<p><strong>Yan\u0131t<\/strong>: Umut edilenin ne oldu\u011funu s\u00f6yleyemeyece\u011fim. Emredilmi\u015f ve onlar yerine getiriyorlar. Onlar\u0131n ki\u015fili\u011fini yorumlamak istemiyorum. Bulgaristan Kom\u00fcnist Partisi (BKP) taraf\u0131ndan yeti\u015ftirilmi\u015flerdir. Son 26 y\u0131lda kamuoyunu kar\u0131\u015ft\u0131ranlar ve devaml\u0131 n\u00f6bette olan s.o. \u201c<strong>entelekt\u00fcellerdir<\/strong>\u201d onlar. \u015e\u00f6yle diyebilirim, bizim devletimiz gibi yap\u0131s\u0131 s\u00f6k\u00fcl\u00fcp temizlenmemi\u015f devletlerde, yar\u0131 ayd\u0131nlar siyasi lider ve toplumun g\u00f6zdesi olabiliyor. Kulisleri oligar\u015fi y\u00f6netiyor. Kendilerini eri\u015filmez zanneden g\u00f6n suratlar da toplumun g\u00f6zdesi olmak istiyor. Bokova gibi \u015fah\u0131slar\u0131n, BMT Genel Sekreteri aday\u0131 olma y\u00fczs\u00fczl\u00fc\u011f\u00fc ortadad\u0131r. Bu Bayan\u0131n ipleri tamamen pazara \u00e7\u0131km\u0131\u015f \u00e7evrelerden destek almas\u0131n\u0131 normal kar\u015f\u0131lamak zorunday\u0131z. Bununla ilgili olarak, ben eski milletvekillerinden Evgeni Mihaylov\u2019un Bokova konusunda BMT, \u00dcNESKO ve diplomatik temsilciliklere g\u00f6nderdi\u011fi a\u00e7\u0131k mektubu tamamen destekledi\u011fimi beyan ediyorum. Bu, Bulgaristan\u2019da demokrasinin e\u015fit ko\u015fullarda ba\u015flama, adalet ve kom\u00fcnist kodamanlar\u0131n yasa d\u0131\u015f\u0131 yollardan ele ge\u00e7irdiklerinin geri al\u0131nmas\u0131 \u00e7a\u011fr\u0131s\u0131yla nas\u0131l ba\u015flad\u0131\u011f\u0131n\u0131 devaml\u0131 hat\u0131rlayan bir ki\u015finin g\u00f6r\u00fc\u015f\u00fcd\u00fcr. Ge\u00e7i\u015f D\u00f6nemi\u2019nde t\u00fcm bunlar yasakland\u0131, has\u0131ralt\u0131 edildi, k\u0131rm\u0131z\u0131 idarecilerin torunlar\u0131 bug\u00fcn bize yurtsever ve ulusal lider olarak \u00f6neriliyor. Mihaylov\u2019un mektubunu Andrey Ray\u00e7ev, Bojidar Dimitrov, ajan Gotse (Georgi P\u0131rvanov), Kristiyan Vigenin, Ognyan Gercikov, Valerya Veleva, D\u0131reva, Solomon Pasi vb. Onlar, bize Ahmet Do\u011fan\u2019\u0131n en b\u00fcy\u00fck yurtsever ve yeni Vasil Levski oldu\u011funu kak\u0131\u015ft\u0131rmak isteyen kamuoyu kal\u0131p\u00e7\u0131lar\u0131d\u0131r. Bu ki\u015filerin herhangi bir demokrasi mitingine, Demokratik G\u00fc\u00e7ler (CDC) mitingine gidip gitmediklerini kendilerine sorabilirsiniz? Onlardan her hangi birisi Ba\u015fbakan Ore\u015farski veya Rus oligar\u015fi temsilcisi Peevski\u2019ye kar\u015f\u0131 g\u00f6sterilere kat\u0131lm\u0131\u015f m\u0131d\u0131r? Hatta ilk bak\u0131\u015fta sevimli izlenimi b\u0131rakan, kapanan \u201c<strong>Tar\u0131m Bankas\u0131<\/strong>\u201dna kayyumu olan ve bununla ilgili olarak sorgulanan Ognyan Gercikov bile bu etkinliklerden hi\u00e7 birine kat\u0131lmam\u0131\u015ft\u0131r. NATO Kul\u00fcb\u00fc Ba\u015fkan\u0131 olan, eski d\u0131\u015f i\u015fleri bakanlar\u0131ndan Salomon Pasi\u2019nin de General Radev\u2019in adayl\u0131\u011f\u0131na ili\u015fkin susuyor. \u00c7\u00fcnk\u00fc General Radev NATO\u2019ya kar\u015f\u0131 konu\u015ftu\u011fu gibi, Rusya\u2019y\u0131 \u00f6vmekten de geri durmuyor.<\/p>\n<p><strong>Soru<\/strong>: Siz ba\u011f\u0131ml\u0131l\u0131klardan s\u00f6z ediyorsunuz.<\/p><div id=\"bghab-2294935788\" class=\"bghab-icerik-icine-25-paragraf bghab-entity-placement\"><script async src=\"\/\/pagead2.googlesyndication.com\/pagead\/js\/adsbygoogle.js?client=ca-pub-6203283170189293\" crossorigin=\"anonymous\"><\/script><ins class=\"adsbygoogle\" style=\"display:block; text-align:center;\" data-ad-client=\"ca-pub-6203283170189293\" \ndata-ad-slot=\"7303146466\" \ndata-ad-layout=\"in-article\"\ndata-ad-format=\"fluid\" data-full-width-responsive=\"true\"><\/ins>\n<script> \n(adsbygoogle = window.adsbygoogle || []).push({}); \n<\/script>\n<\/div>\n<p><strong>Yan\u0131t<\/strong>: Bir\u00e7ok \u015feye ayn\u0131 zamanda i\u015faret ediyorum. \u00d6ncelikle biraz uzakla\u015fan zamandan onlar\u0131n ba\u011flar\u0131n\u0131 koparmam\u0131\u015f oldu\u011funu vurguluyorum. \u015eu \u00f6nemlidir. Onlardan hi\u00e7 birisi kan\u0131tlanm\u0131\u015f demokrat olarak Bulgar vatanda\u015flar\u0131n\u0131n g\u00fcvenini kazanamad\u0131. Onlar g\u00fcya demokratt\u0131r. \u00c7\u0131kar ve ilkeleri savunmaya s\u00f6z konusu oldu\u011funda her defas\u0131nda yan ve arka yol arad\u0131lar. G\u00fcn\u00fcm\u00fczde \u201c<strong>Bokova<\/strong>\u201dy\u0131 destekleyen \u201cdemokratlar\u201d bunlard\u0131r.\u00a0 \u0130nsanl\u0131\u011f\u0131n reddetti\u011fi bir rejimle ba\u011flant\u0131l\u0131 olduklar\u0131ndan pi\u015fmanl\u0131k duyduklar\u0131n\u0131 hi\u00e7bir kimse i\u015fitmedi, \u00a0su\u00e7suz kurbanlar an\u0131t\u0131 \u00f6n\u00fcnde e\u011fildiklerini hi\u00e7 kimse g\u00f6rmedi. Ger\u00e7eklerin aksi olarak, Bokova\u2019n\u0131n BMT Genel Sekreterli\u011fi adayl\u0131\u011f\u0131 s\u00fcresinde bu ki\u015filerden yeni bir \u015fey i\u015fitmedi\u011fimiz gibi, eski olan hi\u00e7bir \u015feyi de unutmad\u0131klar\u0131n\u0131 g\u00f6rebildik. Bayan Bokova\u2019n\u0131n kurmay\u0131 gizli polis DS ajanlar\u0131 taraf\u0131ndan olu\u015fturuldu. Kontrolleri alt\u0131ndaki ileti\u015fim ortam\u0131nda, kom\u00fcnistler taraf\u0131ndan can\u0131na k\u0131y\u0131lan bir ayd\u0131n olan Rayko Aleksiev\u2019in o\u011flu olan Aleks Aleksiev\u2019in Bayan Bokova\u2019y\u0131 destekledi\u011fi ve Ev. Mihaylov\u2019un mektubuna kar\u015f\u0131 oldu\u011funu iddia edecek kadar y\u00fczs\u00fczl\u00fck yapt\u0131lar. \u00a0Bir demokrat bu kadar al\u00e7alamaz, onlar kendilerini tan\u0131tt\u0131klar\u0131 tipten insan olmaktan \u00e7ok uzakt\u0131r.<\/p>\n<p><strong>Soru<\/strong>: \u0130kinci \u00f6n oylamada Bokova be\u015finci oldu. New York\u2019ta 3. oylama yap\u0131lacak, durum nedir?<\/p>\n<p><strong>Yan\u0131t<\/strong>: \u00a0BMT\u2019daki birinci oylamada o \u00fc\u00e7\u00fcnc\u00fc oldu. \u00dc\u00e7\u00fcnc\u00fcl\u00fc\u011f\u00fc kimsenin tan\u0131mad\u0131\u011f\u0131 Makedon ve S\u0131rp adaylarla payla\u015ft\u0131. A\u00e7\u0131k Mektup g\u00f6nderen Evgeni Mihaylov iyi i\u015f yapt\u0131.\u00a0 \u015eimdi Bayan Bokova\u2019n\u0131n propaganda korusu Mihaylov\u2019u ulusal hain olarak tan\u0131tacak, ulusumuzu birle\u015ftirmeyen fakat b\u00f6len bu aday\u0131 savunanlar, binlerce Bulgar vatanda\u015f\u0131n\u0131 incitti.\u00a0 Mihaylov\u2019un son y\u0131llarda demokrasi i\u00e7in yapt\u0131klar\u0131 bir de\u011fil iki de\u011fildir.\u00a0 Cumhurba\u015fkan\u0131 Pet\u0131r Mladenov Sofya\u2019da meclis \u00f6n\u00fcnde protestoculara kar\u015f\u0131 tanklar\u0131 \u00e7a\u011f\u0131rd\u0131\u011f\u0131nda, kom\u00fcnist cumhurba\u015fkan\u0131n ya\u015fanlar\u0131n\u0131 a\u00e7\u0131\u011fa \u00e7\u0131karan oydu. Bayan Bokova hakk\u0131nda d\u00fcnya \u00e7ap\u0131nda yaz\u0131p \u00e7izilenlerle ilgili \u201c<strong>\u00c7ar \u00c7\u0131plak<\/strong>\u201d deyen de o oldu. Bu durumda Bayan Bokova\u2019n\u0131n adayl\u0131ktan geri \u00e7ekilmesi, bu imk\u00e2n\u0131 ba\u015fka bir Bulgar vatanda\u015f\u0131na tan\u0131mas\u0131 ve ulusun ar\u0131nmas\u0131na yard\u0131m etmesi gerekir.<\/p>\n<p><strong>Soru<\/strong>: Solcular\u0131n Cumhurba\u015fkan\u0131 aday\u0131n\u0131 ele\u015ftirirken, <strong>Rus may\u0131n\u0131<\/strong> diyorsunuz, onlar\u0131n temsilcileri ise kamuoyu \u00f6n\u00fcnde kendilerini devaml\u0131 hakl\u0131 g\u00f6stermeye \u00e7al\u0131\u015f\u0131rken, Moskova ile ba\u011flant\u0131l\u0131 olduklar\u0131n\u0131n a\u00e7\u0131klanmas\u0131ndan \u00e7ekiniyorlar, neden acaba?<\/p>\n<p><strong>Yan\u0131t<\/strong>: \u0130yi kavram\u0131\u015fs\u0131n\u0131z. Kendilerini hakl\u0131 g\u00f6stermeye \u00e7al\u0131\u015f\u0131yorlar. Bir TV program\u0131, \u0130vaylo Kalvin\u2019e uzun uzun tan\u0131tarak, General Radev\u2019in Moskova ile hi\u00e7bir ili\u015fkisi olmad\u0131\u011f\u0131n\u0131 anlatmas\u0131 istendi. Biz Kalfin\u2019in Bulgarlar\u0131n yurtseverli\u011finin Rusya\u2019ya olan ba\u011fl\u0131l\u0131klar\u0131yla \u00f6l\u00e7\u00fcld\u00fc\u011f\u00fcn\u00fc iddia edi\u015fini hat\u0131rl\u0131yoruz. \u0130nanmam\u0131z m\u00fcmk\u00fcn olabilir mi? BSP eski ba\u015fkan\u0131 Mihail Mihov, Gen. Radev\u2019in b\u00fct\u00fcn i\u00e7 kurallar ayakalt\u0131na al\u0131narak Cumhurba\u015fkan\u0131 aday\u0131 g\u00f6sterildi\u011fini s\u00f6ylemedi mi? Nas\u0131l oldu da, kimsenin tan\u0131mad\u0131\u011f\u0131 bir general Mihail Mikov\u2019tan, milletvekili, ombudsman Maya Manolova ve Profes\u00f6r Rumen Ge\u00e7ev\u2019ten daha \u00fcnl\u00fc biri oldu? Bu \u00f6rnekler, Rusya ve Putin\u2019le perde ard\u0131nda anla\u015fmaya var\u0131ld\u0131\u011f\u0131na i\u015far ediyor. Bu defa da i\u015fi beceremezlerse, Moskova Bulgaristan\u2019da ba\u015fka tasar\u0131mlar uygulayaca\u011f\u0131n\u0131, bundan \u00f6te \u015fimdiki kadroya bel ba\u011flamayaca\u011f\u0131n\u0131, y\u00fczlerine s\u00f6ylemi\u015f olabilir. G\u00f6r\u00fcld\u00fc\u011f\u00fc \u00fczere, General Radev, bizdeki Moskova partileri i\u00e7in, efendileri olan Kremlin\u2019in g\u00fcvenini kazanmalar\u0131 a\u00e7\u0131s\u0131ndan son \u015fanst\u0131r. General Radev projesinin Cumhurba\u015fkanl\u0131\u011f\u0131 Saray\u0131na ta\u015f\u0131nmas\u0131, Jeopolitik y\u00f6nelimin de\u011fi\u015fmesi anlam\u0131na gelecektir. Gen. Radev ve arkas\u0131ndaki nasihat\u00e7ilerinin kamuoyuna dayatmak istedikleri budur. Bizim NATO ve AB\u2019den ba\u015fka se\u00e7ene\u011fimiz yoktur. Bizim g\u00fcvenli\u011fimiz ve garantimiz bu ikisidir. <strong>General Radev\u2019in kafas\u0131nda kar\u0131\u015f\u0131kl\u0131k var<\/strong>. O, neden bir NATO \u00fclkesinde Askeri Hava Kuvvetleri komutan\u0131 oldu\u011funu kendine anlatamayan bir ki\u015fidir. O, \u00e7ok iyi bir askeri pilot, m\u00fckemmel bir insan olabilir fakat o yeni g\u00fcn\u00fcn y\u00fcksek de\u011ferlerini alg\u0131layamad\u0131. Bu, onun ya\u015fad\u0131\u011f\u0131m\u0131z modern d\u00fcnyay\u0131 idrak eden alg\u0131lama merkezlerinin y\u0131llardan beri kapal\u0131 olmas\u0131 nedeni y\u00fcz\u00fcndendir. \u00a0Onun <strong>beynine k\u0131rm\u0131z\u0131 y\u0131ld\u0131z, orak ve \u00e7eki\u00e7 d\u00f6v\u00fclm\u00fc\u015ft\u00fcr<\/strong>. Beynindeki bu d\u00f6vmeleri g\u00f6zle g\u00f6remesek de, verdi\u011fi deme\u00e7lerden hemen anla\u015f\u0131l\u0131yor. Bunlar anlatmaya \u00e7al\u0131\u015ft\u0131\u011f\u0131m\u0131z aday generalin kendi sorunlar\u0131d\u0131r. Ald\u0131\u011f\u0131 a\u00e7\u0131k konum budur. Yeri Bulgaristan\u2019\u0131n belirsiz bir Avro-Asla gelece\u011fine y\u00f6neltmeye \u00e7al\u0131\u015fanlar\u0131n aras\u0131ndad\u0131r.<\/p><div id=\"bghab-3641574101\" class=\"bghab-icerik-icine-30-paragraf bghab-entity-placement\"><script async src=\"\/\/pagead2.googlesyndication.com\/pagead\/js\/adsbygoogle.js?client=ca-pub-6203283170189293\" crossorigin=\"anonymous\"><\/script><ins class=\"adsbygoogle\" style=\"display:block; text-align:center;\" data-ad-client=\"ca-pub-6203283170189293\" \ndata-ad-slot=\"7303146466\" \ndata-ad-layout=\"in-article\"\ndata-ad-format=\"fluid\" data-full-width-responsive=\"true\"><\/ins>\n<script> \n(adsbygoogle = window.adsbygoogle || []).push({}); \n<\/script>\n<\/div>\n<p><strong>Soru<\/strong>: NATO ve AB\u2019den uzakla\u015f\u0131p Avro-Asya d\u00f6nemecine y\u00f6nelme tehlikesi bizim i\u00e7in ne kadar b\u00fcy\u00fckt\u00fcr? Yoksa Ruble propagandas\u0131 \u00e7ene mi \u00e7al\u0131yor.<\/p>\n<p><strong>Yan\u0131t<\/strong>: \u0130\u015fitilen bir propaganda g\u00fcr\u00fclt\u00fcs\u00fc de\u011fil, ger\u00e7ektir. Rusya\u2019n\u0131n son \u015fans\u0131d\u0131r. Elindeki tek g\u00fc\u00e7 \u2013 silaht\u0131r. Modernlik ve teknolojik olarak ne kadar \u00e7a\u011fda\u015f oldu\u011fu ba\u015fka bir konudur. Topuzla da \u00f6ld\u00fcr\u00fclebilir. Lezar silah\u0131 ile de. Rus silahlar\u0131 i\u00e7in bu parlak bir \u00f6rnektir. \u00d6nemli olan silah\u0131n \u00f6ld\u00fcrmesidir. Yap\u0131lan propaganda ile Bulgaristan\u2019da devletin herhangi iyi bir \u015fey yapabilir ger\u00e7e\u011fini yads\u0131yan (nihilist) bir d\u00fcnya g\u00f6r\u00fc\u015f\u00fcn\u00fc giderek yerle\u015ftirmek istiyorlar. Topluma her \u015feyden NATO, AB, ABD ve genelde Bat\u0131n\u0131n su\u00e7lu oldu\u011funu telkin ediyorlar. Son y\u0131llarda bu kirli propaganda i\u00e7in b\u00fcy\u00fck paralar harcand\u0131. G\u00fcn gelecek, <strong>Bulgaristan NATO ve AB \u00fcyesi kals\u0131n m\u0131? \u00a0<\/strong>Bu soru direk sorulacak<strong>.<\/strong> Ve bizim anlatt\u0131\u011f\u0131m\u0131z Radev gibi Cumhurba\u015fkan\u0131 olmas\u0131, beyni y\u0131kanm\u0131\u015f kamuoyumuz ve kafas\u0131z hain ayd\u0131nlar\u0131m\u0131z ve se\u00e7imlerde oy sat\u0131n almak i\u00e7in g\u00fcvenli bir a\u011f\u0131 olu\u015fturulunca ger\u00e7ekle\u015febilir. Ben \u015fu an burada bu i\u015fi General Radev yapacak, bu stratejik \u00f6dev tam da \u015fu an yerine getirilecek demek istemiyorum. Fakat b\u00f6yle bir e\u011filim var. Ad\u0131 \u201c<strong>Bar\u0131\u0131nak<\/strong>\u201d olan plan\u0131n \u00f6z\u00fcnde olan da budur. \u201c<strong>Balkan Bahar\u0131<\/strong>\u201d adl\u0131 ba\u015fka bir plan da bunu \u00f6ng\u00f6r\u00fcyor.<\/p>\n<p><strong>Soru<\/strong>: Bu iki plan\u0131 ilk kez i\u015fitiyoruz. Bunlar bir hayal \u00fcr\u00fcn\u00fcm\u00fcd\u00fcr yoksa ger\u00e7ek mi?<\/p>\n<p><strong>Yan\u0131t<\/strong>: Kurgu olmad\u0131\u011f\u0131 gibi, Rusya\u2019n\u0131n bize y\u00f6nelik planlar\u0131ndan bir par\u00e7ad\u0131r. \u00c7ok s\u0131k\u0131 kontrol alt\u0131nda haz\u0131rlansalar da, bu planlarla ilgili bilgi s\u0131zd\u0131. \u00d6rne\u011fin, \u201c<strong>Balkan Bahar\u0131<\/strong>\u201d Yak\u0131n Do\u011fu\u2019daki \u201c<strong>Arap Bahar\u0131<\/strong>\u201d plan\u0131n\u0131n bir taklididir. Doktora tezini Sofya \u00dcniversitesi\u2019nde savunan <strong>Rus General Ra\u015fetnikov<\/strong>\u2019un Bulgaristan\u2019a kar\u015f\u0131 geli\u015ftirilen \u015femalarda en \u00f6nemli uzman oldu\u011fu s\u0131r olmaktan \u00e7\u0131kt\u0131. Bulgaristan\u2019a kar\u015f\u0131 gizli \u00e7al\u0131\u015fan ciddi g\u00fc\u00e7ler var. Etkinlikleri gizli kalm\u0131yor. \u201c<strong>Bar\u0131nak<\/strong>\u201d ve \u201c<strong>Balkan Bahar\u0131<\/strong>\u201d Rusya Federasyonu\u2019nun gizli merkezlerinde geli\u015ftirilmi\u015ftir. Putin\u2019in Rus \u0130mparatoru gibi g\u00f6r\u00fcnmek ve Rus \u00c7arl\u0131\u011f\u0131 \u015fan ve \u015f\u00f6hretini yeniden ya\u015fatmak istedi\u011fini unutmayal\u0131m. Daha Deli Petro zaman\u0131nda, 1724\u2019te haz\u0131rlanm\u0131\u015f ve etkin olan plan ve \u015femalarda Bulgaristan olmamas\u0131 (haritadan silinmesi) \u00f6ng\u00f6r\u00fclm\u00fc\u015ft\u00fc.\u00a0 Bulgaristan, ad\u0131na Rum D\u00fcnyas\u0131 denen alemden bir par\u00e7a, Karadeniz de Rus g\u00f6l\u00fc olacakt\u0131. O zamandan sonra, Rus imparatorluk siyaseti, Bo\u011fazlar\u0131 ve Balkanlar\u0131 kontrol\u00fcne alabilmek i\u00e7in,\u00a0 Bulgaristan topraklar\u0131nda \u00fcst\u00fcnl\u00fck sa\u011flamay\u0131 hedeflemi\u015ftir. Ba\u015fka ara\u00e7 ve y\u00f6ntemlerle olmak \u00fczere, bu siyaset g\u00fcn\u00fcm\u00fczde de devam ediyor. Rusya Bulgaristan\u2019\u0131n geli\u015fmesini etki alt\u0131nda tutmaktan asla vazge\u00e7meyecektir. Bundan dolay\u0131 biz bug\u00fcn, son d\u00f6nemde sorunlar ya\u015fansa da, \u00a0en g\u00fc\u00e7l\u00fc askeri \u00f6rg\u00fct olan NATO ve en b\u00fcy\u00fck ekonomik topluluk olan AB\u2019den bir par\u00e7a oldu\u011fumuzu hi\u00e7bir an unutmayal\u0131m. S\u00fcrekli sald\u0131r\u0131 hedefi oluyoruz, istikrars\u0131zla\u015fmam\u0131z isteniyor.<\/p>\n<div id=\"bghab-3052448036\" class=\"bghab-yazi-altinda bghab-entity-placement\"><div class=\"bghab-adlabel\">Reklamlar<\/div><script async src=\"https:\/\/pagead2.googlesyndication.com\/pagead\/js\/adsbygoogle.js\"><\/script>\r\n<!-- bghaber-yaz\u0131-sonu -->\r\n<ins class=\"adsbygoogle\"\r\n     style=\"display:block\"\r\n     data-ad-client=\"ca-pub-6203283170189293\"\r\n     data-ad-slot=\"4222328180\"\r\n     data-ad-format=\"auto\"\r\n     data-full-width-responsive=\"true\"><\/ins>\r\n<script>\r\n     (adsbygoogle = window.adsbygoogle || []).push({});\r\n<\/script><\/div><br style=\"clear: both; display: block; float: none;\"\/>","protected":false},"excerpt":{"rendered":"<p>Konu: \u201cBar\u0131nak\u201d ve \u201cBalkan Bahar\u0131\u201d tuzaklar\u0131yla \u00a0\u00a0\u00a0\u00a0\u00a0\u00a0\u00a0\u00a0\u00a0\u00a0\u00a0\u00a0 Bulgaristan AB ve NATO\u2019dan kopar\u0131lmak isteniyor. \u00a0 (R E S \u0130 M \u2013 GERB milletvekili Metodi Andreev) \u00c7ok<\/p>\n","protected":false},"author":13,"featured_media":17954,"comment_status":"closed","ping_status":"closed","sticky":false,"template":"","format":"standard","meta":{"advanced_seo_description":"","jetpack_seo_html_title":"","jetpack_seo_noindex":false,"_jetpack_memberships_contains_paid_content":false,"footnotes":""},"categories":[6],"tags":[],"class_list":["post-20214","post","type-post","status-publish","format-standard","has-post-thumbnail","hentry","category-yorum"],"jetpack_featured_media_url":"https:\/\/i0.wp.com\/www.bghaber.org\/bghaber\/wp-content\/uploads\/2016\/02\/Levent-resm.jpg?fit=325%2C326&ssl=1","jetpack_sharing_enabled":true,"jetpack_likes_enabled":true,"jetpack-related-posts":[],"jetpack_shortlink":"https:\/\/wp.me\/pc2PfJ-5g2","_links":{"self":[{"href":"https:\/\/www.bghaber.org\/bghaber\/wp-json\/wp\/v2\/posts\/20214","targetHints":{"allow":["GET"]}}],"collection":[{"href":"https:\/\/www.bghaber.org\/bghaber\/wp-json\/wp\/v2\/posts"}],"about":[{"href":"https:\/\/www.bghaber.org\/bghaber\/wp-json\/wp\/v2\/types\/post"}],"author":[{"embeddable":true,"href":"https:\/\/www.bghaber.org\/bghaber\/wp-json\/wp\/v2\/users\/13"}],"replies":[{"embeddable":true,"href":"https:\/\/www.bghaber.org\/bghaber\/wp-json\/wp\/v2\/comments?post=20214"}],"version-history":[{"count":0,"href":"https:\/\/www.bghaber.org\/bghaber\/wp-json\/wp\/v2\/posts\/20214\/revisions"}],"wp:featuredmedia":[{"embeddable":true,"href":"https:\/\/www.bghaber.org\/bghaber\/wp-json\/wp\/v2\/media\/17954"}],"wp:attachment":[{"href":"https:\/\/www.bghaber.org\/bghaber\/wp-json\/wp\/v2\/media?parent=20214"}],"wp:term":[{"taxonomy":"category","embeddable":true,"href":"https:\/\/www.bghaber.org\/bghaber\/wp-json\/wp\/v2\/categories?post=20214"},{"taxonomy":"post_tag","embeddable":true,"href":"https:\/\/www.bghaber.org\/bghaber\/wp-json\/wp\/v2\/tags?post=20214"}],"curies":[{"name":"wp","href":"https:\/\/api.w.org\/{rel}","templated":true}]}}