{"id":20208,"date":"2016-08-25T00:13:01","date_gmt":"2016-08-24T21:13:01","guid":{"rendered":"http:\/\/www.bghaber.org\/bghaber\/?p=20208"},"modified":"2016-08-25T00:13:01","modified_gmt":"2016-08-24T21:13:01","slug":"bulgaristanda-totaliter-rejimin-kurbanlari-anildi","status":"publish","type":"post","link":"https:\/\/www.bghaber.org\/bghaber\/bulgaristanda-totaliter-rejimin-kurbanlari-anildi\/","title":{"rendered":"Bulgaristan&#8217;da Totaliter Rejimin Kurbanlar\u0131 An\u0131ld\u0131"},"content":{"rendered":"<h2 class=\"mt10\">Bulgaristan&#8217;\u0131n ba\u015fkenti Sofya&#8217;da, kom\u00fcnist rejimin binlerce kurban\u0131 t\u00f6renle an\u0131ld\u0131.<\/h2>\n<p>Bulgaristan&#8217;\u0131n ba\u015fkenti\u00a0<a class=\"keyword-sd\" title=\"Sofya\" href=\"http:\/\/www.sondakika.com\/sofya\/\">Sofya<\/a>&#8216;da, kom\u00fcnist rejimin binlerce kurban\u0131 t\u00f6renle an\u0131ld\u0131.<\/p>\n<p>T\u00f6ren, 7 bin ki\u015finin isimlerinin yaz\u0131l\u0131 oldu\u011fu Rejim Kurbanlar\u0131 An\u0131t\u0131 \u00f6n\u00fcnde yap\u0131ld\u0131. Bu sene 7. kez d\u00fczenlenen ve dualar\u0131n okundu\u011fu anma t\u00f6reninin ard\u0131ndan kurbanlar\u0131n yak\u0131nlar\u0131, an\u0131ta \u00e7i\u00e7ek b\u0131rakt\u0131.<\/p>\n<p>Koalisyon ortaklar\u0131ndan\u00a0<a class=\"keyword-sd\" title=\"Bulgaristan\" href=\"http:\/\/www.sondakika.com\/bulgaristan\/\">Bulgaristan<\/a>&#8216;\u0131n Avrupal\u0131 Geli\u015fimi \u0130\u00e7in Vatanda\u015flar (GERB) Partisinden\u00a0<a class=\"keyword-sd\" title=\"Avrupa\" href=\"http:\/\/www.sondakika.com\/avrupa\/\">Avrupa<\/a> Parlamentosu (AP)\u00a0<a class=\"keyword-sd\" title=\"Milletvekili\" href=\"http:\/\/www.sondakika.com\/milletvekili\/\">Milletvekili<\/a> Andrey Kova\u00e7ev t\u00f6rene bir mesaj yollarken, \u00fcyelerinin \u00e7o\u011funlu\u011funu T\u00fcrklerin olu\u015fturdu\u011fu Hak ve \u00d6zg\u00fcrl\u00fckler Hareketi (H\u00d6H) Partisini de AP milletvekili\u00a0<a class=\"keyword-sd\" title=\"\u0130lhan K\u00fc\u00e7\u00fck\" href=\"http:\/\/www.sondakika.com\/ilhan-kucuk\/\">\u0130lhan K\u00fc\u00e7\u00fck<\/a> temsil etti.<\/p>\n<p>On binlerce i\u015finin \u00f6l\u00fcm\u00fcnden sorumlu tutulan\u00a0<a class=\"keyword-sd\" title=\"Bulgaristan\" href=\"http:\/\/www.sondakika.com\/bulgaristan\/\">Bulgaristan<\/a> Kom\u00fcnist Partisi&#8217;nin (BKP) yerine kurulan ana muhalefetteki\u00a0<a class=\"keyword-sd\" title=\"Bulgaristan\" href=\"http:\/\/www.sondakika.com\/bulgaristan\/\">Bulgaristan<\/a> Sosyalist Partisi&#8217;nin ise t\u00f6rene temsilci g\u00f6ndermemesi dikkat \u00e7ekti.<\/p>\n<p>Kom\u00fcnist rejim<\/p><div id=\"bghab-2550677928\" class=\"bghab-icerik-icine bghab-entity-placement\"><script async src=\"\/\/pagead2.googlesyndication.com\/pagead\/js\/adsbygoogle.js?client=ca-pub-6203283170189293\" crossorigin=\"anonymous\"><\/script><ins class=\"adsbygoogle\" style=\"display:block; text-align:center;\" data-ad-client=\"ca-pub-6203283170189293\" \ndata-ad-slot=\"7303146466\" \ndata-ad-layout=\"in-article\"\ndata-ad-format=\"fluid\" data-full-width-responsive=\"true\"><\/ins>\n<script> \n(adsbygoogle = window.adsbygoogle || []).push({}); \n<\/script>\n<\/div>\n<p>Sovyetler Birli\u011fi&#8217;nin K\u0131z\u0131l Ordusunun deste\u011fi ile 9\u00a0<a class=\"keyword-sd\" title=\"Eyl\u00fcl\" href=\"http:\/\/www.sondakika.com\/eylul\/\">Eyl\u00fcl<\/a> 1944&#8217;te darbe ile iktidara gelen\u00a0<a class=\"keyword-sd\" title=\"Bulgaristan\" href=\"http:\/\/www.sondakika.com\/bulgaristan\/\">Bulgaristan<\/a> Kom\u00fcnist Partisi (BKP) y\u00f6netiminin ilk g\u00fcnlerinde, 20 bin muhalif idam edilmi\u015fti. \u00dclkede 45 y\u0131l iktidar s\u00fcren rejimin Love\u00e7, Skravena, Belene gibi toplama kamplar\u0131na s\u00fcrd\u00fc\u011f\u00fc binlerce insandan ise bir daha bilgi al\u0131namam\u0131\u015ft\u0131.<\/p>\n<p>BKP rejim, \u00fclkedeki T\u00fcrk ve M\u00fcsl\u00fcmanlara kar\u015f\u0131 asimilasyon kampanyas\u0131 ba\u015flatm\u0131\u015ft\u0131. Kampanya kapsam\u0131nda kom\u00fcnistler, T\u00fcrklerin ibadetlerini yasaklam\u0131\u015f, T\u00fcrk-Arap isimlerini Bulgar isimlerle de\u011fi\u015ftirmi\u015fti. Asimilasyon kampanyas\u0131yla yakla\u015f\u0131k 400 bin ki\u015fi de\u00a0<a class=\"keyword-sd\" title=\"T\u00fcrkiye\" href=\"http:\/\/www.sondakika.com\/turkiye\/\">T\u00fcrkiye<\/a>&#8216;ye g\u00f6\u00e7e zorlanm\u0131\u015ft\u0131. Kom\u00fcnist rejim, kans\u0131z bir darbe ile 1989 y\u0131l\u0131nda sona ermi\u015fti.<\/p>\n<p>Bulgaristan Parlamentosu, 2000 y\u0131l\u0131nda totaliter rejimini k\u0131nayan bir yasay\u0131 kabul etmi\u015f ancak ge\u00e7en s\u00fcre zarf\u0131ndan rejim su\u00e7lar\u0131n\u0131n cezaland\u0131r\u0131lmas\u0131na ili\u015fkin hi\u00e7bir giri\u015fim yap\u0131lmam\u0131\u015ft\u0131.<\/p>\n<p>23 A\u011fustos 1939&#8217;da\u00a0<a class=\"keyword-sd\" title=\"Stalin\" href=\"http:\/\/www.sondakika.com\/stalin\/\">Stalin<\/a> ile\u00a0<a class=\"keyword-sd\" title=\"Hitler\" href=\"http:\/\/www.sondakika.com\/hitler\/\">Hitler<\/a> aras\u0131nda &#8220;Molotov-Ribbentrop Pakt\u0131&#8221; olarak bilinen Alman-Sovyet Sald\u0131rmazl\u0131k Pakt\u0131 imzalanm\u0131\u015ft\u0131. 2008 y\u0131l\u0131nda 23 A\u011fustos,\u00a0<a class=\"keyword-sd\" title=\"Avrupa Birli\u011fi\" href=\"http:\/\/www.sondakika.com\/avrupa-birligi\/\">Avrupa Birli\u011fi<\/a> (AB) \u00fclkelerinde Totaliter Rejim Kurbanlar\u0131n\u0131 Anma G\u00fcn\u00fc olarak belirlenmi\u015fti.<\/p>\n<div id=\"bghab-2472947255\" class=\"bghab-yazi-altinda bghab-entity-placement\"><div class=\"bghab-adlabel\">Reklamlar<\/div><script async src=\"https:\/\/pagead2.googlesyndication.com\/pagead\/js\/adsbygoogle.js\"><\/script>\r\n<!-- bghaber-yaz\u0131-sonu -->\r\n<ins class=\"adsbygoogle\"\r\n     style=\"display:block\"\r\n     data-ad-client=\"ca-pub-6203283170189293\"\r\n     data-ad-slot=\"4222328180\"\r\n     data-ad-format=\"auto\"\r\n     data-full-width-responsive=\"true\"><\/ins>\r\n<script>\r\n     (adsbygoogle = window.adsbygoogle || []).push({});\r\n<\/script><\/div><br style=\"clear: both; display: block; float: none;\"\/>","protected":false},"excerpt":{"rendered":"<p>Bulgaristan&#8217;\u0131n ba\u015fkenti Sofya&#8217;da, kom\u00fcnist rejimin binlerce kurban\u0131 t\u00f6renle an\u0131ld\u0131. Bulgaristan&#8217;\u0131n ba\u015fkenti\u00a0Sofya&#8216;da, kom\u00fcnist rejimin binlerce kurban\u0131 t\u00f6renle an\u0131ld\u0131. T\u00f6ren, 7 bin ki\u015finin isimlerinin yaz\u0131l\u0131 oldu\u011fu Rejim<\/p>\n","protected":false},"author":13,"featured_media":19207,"comment_status":"closed","ping_status":"closed","sticky":false,"template":"","format":"standard","meta":{"advanced_seo_description":"","jetpack_seo_html_title":"","jetpack_seo_noindex":false,"_jetpack_memberships_contains_paid_content":false,"footnotes":""},"categories":[5],"tags":[],"class_list":["post-20208","post","type-post","status-publish","format-standard","has-post-thumbnail","hentry","category-yasam"],"jetpack_featured_media_url":"https:\/\/i0.wp.com\/www.bghaber.org\/bghaber\/wp-content\/uploads\/2016\/06\/bg-meslis.jpg?fit=610%2C343&ssl=1","jetpack_sharing_enabled":true,"jetpack_likes_enabled":true,"jetpack-related-posts":[],"jetpack_shortlink":"https:\/\/wp.me\/pc2PfJ-5fW","_links":{"self":[{"href":"https:\/\/www.bghaber.org\/bghaber\/wp-json\/wp\/v2\/posts\/20208","targetHints":{"allow":["GET"]}}],"collection":[{"href":"https:\/\/www.bghaber.org\/bghaber\/wp-json\/wp\/v2\/posts"}],"about":[{"href":"https:\/\/www.bghaber.org\/bghaber\/wp-json\/wp\/v2\/types\/post"}],"author":[{"embeddable":true,"href":"https:\/\/www.bghaber.org\/bghaber\/wp-json\/wp\/v2\/users\/13"}],"replies":[{"embeddable":true,"href":"https:\/\/www.bghaber.org\/bghaber\/wp-json\/wp\/v2\/comments?post=20208"}],"version-history":[{"count":0,"href":"https:\/\/www.bghaber.org\/bghaber\/wp-json\/wp\/v2\/posts\/20208\/revisions"}],"wp:featuredmedia":[{"embeddable":true,"href":"https:\/\/www.bghaber.org\/bghaber\/wp-json\/wp\/v2\/media\/19207"}],"wp:attachment":[{"href":"https:\/\/www.bghaber.org\/bghaber\/wp-json\/wp\/v2\/media?parent=20208"}],"wp:term":[{"taxonomy":"category","embeddable":true,"href":"https:\/\/www.bghaber.org\/bghaber\/wp-json\/wp\/v2\/categories?post=20208"},{"taxonomy":"post_tag","embeddable":true,"href":"https:\/\/www.bghaber.org\/bghaber\/wp-json\/wp\/v2\/tags?post=20208"}],"curies":[{"name":"wp","href":"https:\/\/api.w.org\/{rel}","templated":true}]}}