{"id":20205,"date":"2016-08-25T00:10:55","date_gmt":"2016-08-24T21:10:55","guid":{"rendered":"http:\/\/www.bghaber.org\/bghaber\/?p=20205"},"modified":"2016-08-25T00:10:55","modified_gmt":"2016-08-24T21:10:55","slug":"bulgar-hava-sahasini-abd-ucaklari-koruyacak","status":"publish","type":"post","link":"https:\/\/www.bghaber.org\/bghaber\/bulgar-hava-sahasini-abd-ucaklari-koruyacak\/","title":{"rendered":"Bulgar hava sahas\u0131n\u0131 ABD u\u00e7aklar\u0131 koruyacak"},"content":{"rendered":"<div class=\"news-detail-spot\">\n<h2 class=\"selectionShareable\">Rus sava\u015f u\u00e7aklar\u0131n\u0131n s\u0131kl\u0131kla \u00fclkesinin <a class=\"keywords\" href=\"http:\/\/www.hurriyet.com.tr\/index\/hava\" target=\"_blank\">hava<\/a> sahas\u0131na yakla\u015ft\u0131\u011f\u0131n\u0131 \u00f6ne s\u00fcren <a class=\"keywords\" href=\"http:\/\/www.hurriyet.com.tr\/index\/bulgaristan\" target=\"_blank\">Bulgaristan<\/a>Savunma Bakan\u0131 Nikolay Nen\u00e7ev, <a class=\"keywords\" href=\"http:\/\/www.hurriyet.com.tr\/index\/abd\" target=\"_blank\">ABD<\/a> Hava Kuvvetleri&#8217;ne ait iki sava\u015f u\u00e7a\u011f\u0131n\u0131n ge\u00e7ici olarak hava sahalar\u0131n\u0131n korunmas\u0131na destek verece\u011fini bildirdi.<\/h2>\n<\/div>\n<div class=\"news-box\">\n<p class=\"selectionShareable\">Nen\u00e7ev, iki \u00fclkenin NATO himayesindeki i\u015fbirli\u011fi kapsam\u0131nda 9-16 <a class=\"keywords\" href=\"http:\/\/www.hurriyet.com.tr\/index\/eylul\" target=\"_blank\">Eyl\u00fcl<\/a>&#8216;de iki <a class=\"keywords\" href=\"http:\/\/www.hurriyet.com.tr\/index\/abd\" target=\"_blank\">ABD<\/a>u\u00e7a\u011f\u0131n\u0131n Bulgar MiG29\u2019lar\u0131n g\u00f6revine destek verece\u011fini duyurdu. Ge\u00e7ici olacak g\u00f6revin, ABD jetlerin Bulgar <a class=\"keywords\" href=\"http:\/\/www.hurriyet.com.tr\/index\/hava\" target=\"_blank\">Hava<\/a> Kuvvetleri ile e\u015f g\u00fcd\u00fcml\u00fc olarak y\u00fcr\u00fct\u00fclece\u011fini anlatan Nen\u00e7ev, &#8220;H\u00fck\u00fcmetimizin onay\u0131 ile ger\u00e7ekle\u015fecek bu \u00e7al\u0131\u015fmalar\u0131n maliyeti tamamen ABD taraf\u0131ndan kar\u015f\u0131lanacak. <a class=\"keywords\" href=\"http:\/\/www.hurriyet.com.tr\/index\/bulgaristan\" target=\"_blank\">Bulgaristan<\/a>\u2019\u0131n hi\u00e7bir masraf\u0131 olmayacak.\u201d dedi.<\/p>\n<p class=\"selectionShareable\">\u00dclkenin tek ba\u015f\u0131na da <a class=\"keywords\" href=\"http:\/\/www.hurriyet.com.tr\/index\/kendi\" target=\"_blank\">kendi<\/a> hava sahas\u0131n\u0131n koruyabildi\u011fine i\u015faret eden Nen\u00e7ev,<a class=\"keywords\" href=\"http:\/\/www.hurriyet.com.tr\/index\/polonya\" target=\"_blank\">Polonya<\/a> ile yap\u0131lan askeri i\u015fbirli\u011fin kapsam\u0131nda Bulgar MiG29\u2019lar\u0131n bak\u0131m onar\u0131m\u0131 i\u00e7in 30 milyon avro harcand\u0131\u011f\u0131n\u0131 an\u0131msatt\u0131. Bakan Nen\u00e7ev, Rus sava\u015f u\u00e7aklar\u0131n\u0131n NATO \u00fcyesi olan <a class=\"keywords\" href=\"http:\/\/www.hurriyet.com.tr\/index\/bulgaristan\" target=\"_blank\">Bulgaristan<\/a>\u2019\u0131n hava sahas\u0131na s\u0131kl\u0131kla yakla\u015fmaya ba\u015flad\u0131klar\u0131n\u0131 \u00f6ne s\u00fcrm\u00fc\u015ft\u00fc. Bu arada g\u00f6revinden istifa ederek siyasete kat\u0131lmaya karar veren Hava Kuvvetleri Komutan\u0131 Rumen Radev\u2019in yerine Bulgaristan\u2019\u0131n ABD Askeri Ata\u015fesi general Tzanko Stoykov\u2019un atanaca\u011f\u0131 bildirildi.<\/p>\n<p>Askeri e\u011fitimini ABD\u2019de alan Radev, Bulgaristan\u2019\u0131n hava sahas\u0131n\u0131n m\u00fcttefik NATO \u00fcyelerin u\u00e7aklar\u0131nca korunmas\u0131na kar\u015f\u0131 \u00e7\u0131karak, g\u00f6revinden istifa etmi\u015fti. Radev, 6 Ekim&#8217;de yap\u0131lacak <a class=\"keywords\" href=\"http:\/\/www.hurriyet.com.tr\/index\/recep-tayyip-erdogan\" target=\"_blank\">cumhurba\u015fkan\u0131<\/a> se\u00e7imlerinde ana muhalefetteki Bulgaristan Sosyalist Partisi (BSP) ad\u0131na aday oldu.<\/p>\n<\/div>\n<div id=\"bghab-2244166846\" class=\"bghab-yazi-altinda bghab-entity-placement\"><div class=\"bghab-adlabel\">Reklamlar<\/div><script async src=\"https:\/\/pagead2.googlesyndication.com\/pagead\/js\/adsbygoogle.js\"><\/script>\r\n<!-- bghaber-yaz\u0131-sonu -->\r\n<ins class=\"adsbygoogle\"\r\n     style=\"display:block\"\r\n     data-ad-client=\"ca-pub-6203283170189293\"\r\n     data-ad-slot=\"4222328180\"\r\n     data-ad-format=\"auto\"\r\n     data-full-width-responsive=\"true\"><\/ins>\r\n<script>\r\n     (adsbygoogle = window.adsbygoogle || []).push({});\r\n<\/script><\/div><br style=\"clear: both; display: block; float: none;\"\/>","protected":false},"excerpt":{"rendered":"<p>Rus sava\u015f u\u00e7aklar\u0131n\u0131n s\u0131kl\u0131kla \u00fclkesinin hava sahas\u0131na yakla\u015ft\u0131\u011f\u0131n\u0131 \u00f6ne s\u00fcren BulgaristanSavunma Bakan\u0131 Nikolay Nen\u00e7ev, ABD Hava Kuvvetleri&#8217;ne ait iki sava\u015f u\u00e7a\u011f\u0131n\u0131n ge\u00e7ici olarak hava sahalar\u0131n\u0131n<\/p>\n","protected":false},"author":13,"featured_media":20206,"comment_status":"closed","ping_status":"closed","sticky":false,"template":"","format":"standard","meta":{"advanced_seo_description":"","jetpack_seo_html_title":"","jetpack_seo_noindex":false,"_jetpack_memberships_contains_paid_content":false,"footnotes":""},"categories":[5],"tags":[],"class_list":["post-20205","post","type-post","status-publish","format-standard","has-post-thumbnail","hentry","category-yasam"],"jetpack_featured_media_url":"https:\/\/i0.wp.com\/www.bghaber.org\/bghaber\/wp-content\/uploads\/2016\/08\/abd-ucak.jpg?fit=620%2C350&ssl=1","jetpack_sharing_enabled":true,"jetpack_likes_enabled":true,"jetpack-related-posts":[],"jetpack_shortlink":"https:\/\/wp.me\/pc2PfJ-5fT","_links":{"self":[{"href":"https:\/\/www.bghaber.org\/bghaber\/wp-json\/wp\/v2\/posts\/20205","targetHints":{"allow":["GET"]}}],"collection":[{"href":"https:\/\/www.bghaber.org\/bghaber\/wp-json\/wp\/v2\/posts"}],"about":[{"href":"https:\/\/www.bghaber.org\/bghaber\/wp-json\/wp\/v2\/types\/post"}],"author":[{"embeddable":true,"href":"https:\/\/www.bghaber.org\/bghaber\/wp-json\/wp\/v2\/users\/13"}],"replies":[{"embeddable":true,"href":"https:\/\/www.bghaber.org\/bghaber\/wp-json\/wp\/v2\/comments?post=20205"}],"version-history":[{"count":0,"href":"https:\/\/www.bghaber.org\/bghaber\/wp-json\/wp\/v2\/posts\/20205\/revisions"}],"wp:featuredmedia":[{"embeddable":true,"href":"https:\/\/www.bghaber.org\/bghaber\/wp-json\/wp\/v2\/media\/20206"}],"wp:attachment":[{"href":"https:\/\/www.bghaber.org\/bghaber\/wp-json\/wp\/v2\/media?parent=20205"}],"wp:term":[{"taxonomy":"category","embeddable":true,"href":"https:\/\/www.bghaber.org\/bghaber\/wp-json\/wp\/v2\/categories?post=20205"},{"taxonomy":"post_tag","embeddable":true,"href":"https:\/\/www.bghaber.org\/bghaber\/wp-json\/wp\/v2\/tags?post=20205"}],"curies":[{"name":"wp","href":"https:\/\/api.w.org\/{rel}","templated":true}]}}