{"id":20198,"date":"2016-08-24T23:57:46","date_gmt":"2016-08-24T20:57:46","guid":{"rendered":"http:\/\/www.bghaber.org\/bghaber\/?p=20198"},"modified":"2016-08-27T16:27:58","modified_gmt":"2016-08-27T13:27:58","slug":"pleven-yakinlarinda-yeni-arkeolojik-bulgu","status":"publish","type":"post","link":"https:\/\/www.bghaber.org\/bghaber\/pleven-yakinlarinda-yeni-arkeolojik-bulgu\/","title":{"rendered":"Pleven yak\u0131nlar\u0131nda yeni arkeolojik bulgu"},"content":{"rendered":"<p>Arkeologlar, Kuzey Bulgaristan\u2019\u0131n Pleven kentine yak\u0131n Riben k\u00f6y\u00fcnde\u00a0 5000 y\u0131l \u00f6ncesi\u00a0 bir yaz\u0131\u00a0 t\u00fcr\u00fcn\u00fcn varolmu\u015f oldu\u011funa\u00a0 deliller buldular.<\/p>\n<p>Yap\u0131lan kaz\u0131larda\u00a0 2000 y\u0131l sonraya tarihlenen\u00a0 S\u00fcmer ve M\u0131s\u0131r yaz\u0131lar\u0131ndan \u00f6nce mevcut \u00e7ivi yaz\u0131l\u0131\u00a0 kil tabletler\u00a0 bulunmu\u015ftur.<\/p>\n<p>Pleven B\u00f6lge Tarih M\u00fczesi\u2019nden arkeologlar, insanl\u0131\u011f\u0131n yaz\u0131l\u0131 ileti\u015fimini yans\u0131tan y\u00fczy\u0131l\u0131n buluntusunun s\u00f6z konusu oldu\u011funu kesinlikle belirtiyorlar.<\/p>\n<div id=\"bghab-1368407655\" class=\"bghab-yazi-altinda bghab-entity-placement\"><div class=\"bghab-adlabel\">Reklamlar<\/div><script async src=\"https:\/\/pagead2.googlesyndication.com\/pagead\/js\/adsbygoogle.js\"><\/script>\r\n<!-- bghaber-yaz\u0131-sonu -->\r\n<ins class=\"adsbygoogle\"\r\n     style=\"display:block\"\r\n     data-ad-client=\"ca-pub-6203283170189293\"\r\n     data-ad-slot=\"4222328180\"\r\n     data-ad-format=\"auto\"\r\n     data-full-width-responsive=\"true\"><\/ins>\r\n<script>\r\n     (adsbygoogle = window.adsbygoogle || []).push({});\r\n<\/script><\/div><br style=\"clear: both; display: block; float: none;\"\/>","protected":false},"excerpt":{"rendered":"<p>Arkeologlar, Kuzey Bulgaristan\u2019\u0131n Pleven kentine yak\u0131n Riben k\u00f6y\u00fcnde\u00a0 5000 y\u0131l \u00f6ncesi\u00a0 bir yaz\u0131\u00a0 t\u00fcr\u00fcn\u00fcn varolmu\u015f oldu\u011funa\u00a0 deliller buldular. Yap\u0131lan kaz\u0131larda\u00a0 2000 y\u0131l sonraya tarihlenen\u00a0 S\u00fcmer<\/p>\n","protected":false},"author":13,"featured_media":20199,"comment_status":"closed","ping_status":"closed","sticky":false,"template":"","format":"standard","meta":{"advanced_seo_description":"","jetpack_seo_html_title":"","jetpack_seo_noindex":false,"_jetpack_memberships_contains_paid_content":false,"footnotes":""},"categories":[10],"tags":[],"class_list":["post-20198","post","type-post","status-publish","format-standard","has-post-thumbnail","hentry","category-kultur-sanat"],"jetpack_featured_media_url":"https:\/\/i0.wp.com\/www.bghaber.org\/bghaber\/wp-content\/uploads\/2016\/08\/bg-pleven.jpg?fit=425%2C239&ssl=1","jetpack_sharing_enabled":true,"jetpack_likes_enabled":true,"jetpack-related-posts":[],"jetpack_shortlink":"https:\/\/wp.me\/pc2PfJ-5fM","_links":{"self":[{"href":"https:\/\/www.bghaber.org\/bghaber\/wp-json\/wp\/v2\/posts\/20198","targetHints":{"allow":["GET"]}}],"collection":[{"href":"https:\/\/www.bghaber.org\/bghaber\/wp-json\/wp\/v2\/posts"}],"about":[{"href":"https:\/\/www.bghaber.org\/bghaber\/wp-json\/wp\/v2\/types\/post"}],"author":[{"embeddable":true,"href":"https:\/\/www.bghaber.org\/bghaber\/wp-json\/wp\/v2\/users\/13"}],"replies":[{"embeddable":true,"href":"https:\/\/www.bghaber.org\/bghaber\/wp-json\/wp\/v2\/comments?post=20198"}],"version-history":[{"count":0,"href":"https:\/\/www.bghaber.org\/bghaber\/wp-json\/wp\/v2\/posts\/20198\/revisions"}],"wp:featuredmedia":[{"embeddable":true,"href":"https:\/\/www.bghaber.org\/bghaber\/wp-json\/wp\/v2\/media\/20199"}],"wp:attachment":[{"href":"https:\/\/www.bghaber.org\/bghaber\/wp-json\/wp\/v2\/media?parent=20198"}],"wp:term":[{"taxonomy":"category","embeddable":true,"href":"https:\/\/www.bghaber.org\/bghaber\/wp-json\/wp\/v2\/categories?post=20198"},{"taxonomy":"post_tag","embeddable":true,"href":"https:\/\/www.bghaber.org\/bghaber\/wp-json\/wp\/v2\/tags?post=20198"}],"curies":[{"name":"wp","href":"https:\/\/api.w.org\/{rel}","templated":true}]}}