{"id":20194,"date":"2016-08-24T23:55:41","date_gmt":"2016-08-24T20:55:41","guid":{"rendered":"http:\/\/www.bghaber.org\/bghaber\/?p=20194"},"modified":"2016-08-24T23:55:41","modified_gmt":"2016-08-24T20:55:41","slug":"kozmik-sesler-arezzodaki-uluslararasi-koro-yarismasinin-acilisini-yapacak","status":"publish","type":"post","link":"https:\/\/www.bghaber.org\/bghaber\/kozmik-sesler-arezzodaki-uluslararasi-koro-yarismasinin-acilisini-yapacak\/","title":{"rendered":"\u201cKozmik sesler\u201d Arezzo\u2019daki Uluslararas\u0131 Koro yar\u0131\u015fmas\u0131n\u0131n a\u00e7\u0131l\u0131\u015f\u0131n\u0131 yapacak"},"content":{"rendered":"<p><img data-recalc-dims=\"1\" decoding=\"async\" src=\"https:\/\/i0.wp.com\/static.bnr.bg\/gallery\/bb\/bb2524fb81b54723e23ee3e2971ab534.jpg?w=640\" \/><\/p>\n<p>\u201cKozmik sesler\u201d korosu hayranlar\u0131n m\u00fcthi\u015f bir s\u00fcrpriz yapt\u0131. 22 A\u011fustos\u2019ta t\u00fcm d\u00fcnya R\u00e7o olimpiyatlar\u0131n\u0131n kapan\u0131\u015f\u0131n\u0131 izlerken koronun sesi de yank\u0131land\u0131.Olimpiyatlar\u0131n evsahipli\u011fini teslim etme seremonisinde Japonya\u2019da ger\u00e7ekle\u015ftirilecek bir sonraki olimpiyatlar\u0131n mar\u015f\u0131n\u0131 ve daha iki \u015fark\u0131y\u0131 dinledik. Kozmik k\u0131zlar\u0131n kusursuz vokal tarz\u0131n\u0131 ve temiz sesini sesini tan\u0131mam\u0131z zor olmad\u0131.<\/p>\n<p>25 ile 26 A\u011fustos tarihlerinde d\u00fcnyaca \u00fcnl\u00fc \u201cKozmik sesler\u201d korosu, \u0130talya\u2019n\u0131n Arezzo \u015fehrinde yap\u0131lan Uluslararas\u0131 Koro Yar\u0131\u015fmas\u0131 \u00e7er\u00e7evesinde konserler verecek. Bu y\u0131l Concerto polifonico Guido d\u2019Arezzo m\u00fczik forumunun 64\u2019\u00fcnc\u00fcs\u00fc d\u00fczenleniyor. Uluslararas\u0131 Koro Yar\u0131\u015fmas\u0131\u2019n\u0131n yap\u0131ld\u0131\u011f\u0131 \u015fehir, Orta \u00c7a\u011f zaman\u0131nda Guido d\u2019Arezzo ad\u0131nda \u00fcnl\u00fc m\u00fczik teorisi uzman\u0131n\u0131n ad\u0131n\u0131 ta\u015f\u0131yor.<\/p>\n<p>\u201cKozmik sesler\u201d korosu, 22 y\u0131l \u00f6nce kuruldu. Koronun \u015fefli\u011fini \u00fcnl\u00fc koro \u015fefi Vanya Moneva yap\u0131yor. May\u0131s ay\u0131nda \u201cKozmik sesler\u201d korosu Prof. Arnaudov\u2019a adanan bir konser verdi. Bu olay ile koronun \u0130talya\u2019daki m\u00fczik forumuna kat\u0131l\u0131m\u0131 aras\u0131ndaki ba\u011flant\u0131 nedir? Bu soruya cevaben Vanya Moneva \u015funlar\u0131 s\u00f6yl\u00fcyor: \u201cArezzo \u015fehrinde yap\u0131lan Uluslararas\u0131 Koro Yar\u0131\u015fmas\u0131\u2019na kat\u0131l\u0131m i\u00e7in Prof. Slavka Paoletti\u2019nin May\u0131s ay\u0131ndaki konserimizde haz\u0131r bulunmas\u0131ndan sonra davet edildik. Tabii bu bizi onurland\u0131r\u0131yor. Bu d\u00fczeyde bir forumda ve b\u00f6yle seyirciler \u00f6n\u00fcnde \u015fark\u0131 s\u00f6yleme imkan\u0131n\u0131 almak b\u00fcy\u00fck bir takdirdir. Bunu sadece bizim \u00e7al\u0131\u015fmalar\u0131m\u0131z\u0131n de\u011ferlendirilmesi olarak g\u00f6rm\u00fcyoruz, Bulgar koro sanat\u0131n\u0131n de\u011ferlendirilmesi olarak da g\u00f6r\u00fcyoruz. Arezzo\u2019daki yar\u0131\u015fma, Avrupa\u2019daki prestijli koro yar\u0131\u015fmalar\u0131n\u0131n bir k\u0131sm\u0131d\u0131r. \u0130lk konserimiz, 25 A\u011fustos\u2019ta yar\u0131\u015fman\u0131n resmi a\u00e7\u0131l\u0131\u015f\u0131nda olacak. B\u00fcy\u00fck bir katedralde yap\u0131lacak konserde Prof. Paoletti\u2019nin \u0131srar\u0131 \u00fczerine birka\u00e7 kilise eseri seslendirece\u011fiz, program\u0131n en b\u00fcy\u00fck k\u0131sm\u0131 ise Bulgar bestecilerinin folklor melodileri \u00fczerindeki eserlerine adanm\u0131\u015ft\u0131r. \u0130kinci konserimiz, 26 A\u011fustos\u2019ta yine b\u00fcy\u00fck bir katedralin \u00f6n\u00fcnde a\u00e7\u0131k havada olacak. Gelenek \u00fczerine orada 5 ile 6 bin aras\u0131nda seyirci toplan\u0131yor. Orada daha hareketli, daha g\u00f6rkemli eserler seslendirece\u011fiz. \u0130ki program\u0131n haz\u0131rlanmas\u0131 zaman gerektiriyor, bu y\u00fczden yeni koro sezonu, eski sezonun bitiminden hemen sonra ba\u015flad\u0131.\u201d<\/p>\n<p>\u0130talya\u2019daki konserlerden sonra Vanya Moneva\u2019n\u0131n \u201cKozmik sesler\u201d korosu, \u201cSofya solistleri\u201d oda toplulu\u011fu ile birlikte Eyl\u00fcl ay\u0131n\u0131n sonunda temsil edece\u011fi bir program i\u00e7in haz\u0131rl\u0131\u011fa ba\u015fl\u0131yor. Ekim ay\u0131n\u0131n ba\u015f\u0131nda ise koroyu Plovdiv\u2019de \u201cDni Na Muzikata ve Balabanovata K\u0131\u015fta\u201d (Balabanov Evinde M\u00fczik G\u00fcnleri) uluslararas\u0131 festivali \u00e7er\u00e7evesinde dinleyebilirsiniz.<\/p>\n<div id=\"bghab-1154187297\" class=\"bghab-yazi-altinda bghab-entity-placement\"><div class=\"bghab-adlabel\">Reklamlar<\/div><script async src=\"https:\/\/pagead2.googlesyndication.com\/pagead\/js\/adsbygoogle.js\"><\/script>\r\n<!-- bghaber-yaz\u0131-sonu -->\r\n<ins class=\"adsbygoogle\"\r\n     style=\"display:block\"\r\n     data-ad-client=\"ca-pub-6203283170189293\"\r\n     data-ad-slot=\"4222328180\"\r\n     data-ad-format=\"auto\"\r\n     data-full-width-responsive=\"true\"><\/ins>\r\n<script>\r\n     (adsbygoogle = window.adsbygoogle || []).push({});\r\n<\/script><\/div><br style=\"clear: both; display: block; float: none;\"\/>","protected":false},"excerpt":{"rendered":"<p>\u201cKozmik sesler\u201d korosu hayranlar\u0131n m\u00fcthi\u015f bir s\u00fcrpriz yapt\u0131. 22 A\u011fustos\u2019ta t\u00fcm d\u00fcnya R\u00e7o olimpiyatlar\u0131n\u0131n kapan\u0131\u015f\u0131n\u0131 izlerken koronun sesi de yank\u0131land\u0131.Olimpiyatlar\u0131n evsahipli\u011fini teslim etme seremonisinde Japonya\u2019da<\/p>\n","protected":false},"author":13,"featured_media":20195,"comment_status":"closed","ping_status":"closed","sticky":false,"template":"","format":"standard","meta":{"advanced_seo_description":"","jetpack_seo_html_title":"","jetpack_seo_noindex":false,"_jetpack_memberships_contains_paid_content":false,"footnotes":""},"categories":[10],"tags":[],"class_list":["post-20194","post","type-post","status-publish","format-standard","has-post-thumbnail","hentry","category-kultur-sanat"],"jetpack_featured_media_url":"https:\/\/i0.wp.com\/www.bghaber.org\/bghaber\/wp-content\/uploads\/2016\/08\/bg-hor.jpg?fit=850%2C478&ssl=1","jetpack_sharing_enabled":true,"jetpack_likes_enabled":true,"jetpack-related-posts":[],"jetpack_shortlink":"https:\/\/wp.me\/pc2PfJ-5fI","_links":{"self":[{"href":"https:\/\/www.bghaber.org\/bghaber\/wp-json\/wp\/v2\/posts\/20194","targetHints":{"allow":["GET"]}}],"collection":[{"href":"https:\/\/www.bghaber.org\/bghaber\/wp-json\/wp\/v2\/posts"}],"about":[{"href":"https:\/\/www.bghaber.org\/bghaber\/wp-json\/wp\/v2\/types\/post"}],"author":[{"embeddable":true,"href":"https:\/\/www.bghaber.org\/bghaber\/wp-json\/wp\/v2\/users\/13"}],"replies":[{"embeddable":true,"href":"https:\/\/www.bghaber.org\/bghaber\/wp-json\/wp\/v2\/comments?post=20194"}],"version-history":[{"count":0,"href":"https:\/\/www.bghaber.org\/bghaber\/wp-json\/wp\/v2\/posts\/20194\/revisions"}],"wp:featuredmedia":[{"embeddable":true,"href":"https:\/\/www.bghaber.org\/bghaber\/wp-json\/wp\/v2\/media\/20195"}],"wp:attachment":[{"href":"https:\/\/www.bghaber.org\/bghaber\/wp-json\/wp\/v2\/media?parent=20194"}],"wp:term":[{"taxonomy":"category","embeddable":true,"href":"https:\/\/www.bghaber.org\/bghaber\/wp-json\/wp\/v2\/categories?post=20194"},{"taxonomy":"post_tag","embeddable":true,"href":"https:\/\/www.bghaber.org\/bghaber\/wp-json\/wp\/v2\/tags?post=20194"}],"curies":[{"name":"wp","href":"https:\/\/api.w.org\/{rel}","templated":true}]}}