{"id":20192,"date":"2016-08-24T23:52:06","date_gmt":"2016-08-24T20:52:06","guid":{"rendered":"http:\/\/www.bghaber.org\/bghaber\/?p=20192"},"modified":"2016-08-24T23:52:06","modified_gmt":"2016-08-24T20:52:06","slug":"abde-bizi-turkiyeye-itiyor","status":"publish","type":"post","link":"https:\/\/www.bghaber.org\/bghaber\/abde-bizi-turkiyeye-itiyor\/","title":{"rendered":"AB\u2019de bizi T\u00fcrkiye&#8217;ye itiyor"},"content":{"rendered":"<h1>Boyko Borisov: AB\u2019deki m\u00fclteci krizinin \u00e7\u00f6z\u00fcm\u00fc i\u00e7in perspektif eksikli\u011fi, bizi T\u00fcrkiye ile ortakl\u0131k aramaya itiyor.<\/h1>\n<p>AB\u2019deki m\u00fclteci krizinin \u00e7\u00f6z\u00fcm\u00fc i\u00e7in perspektif eksikli\u011fi, T\u00fcrkiye ile ortakl\u0131k aramaya itiyor\u201d. Bunu Ba\u015fbakan Boyko Borisov, bug\u00fcn bir h\u00fck\u00fcmet toplant\u0131s\u0131nda s\u00f6yledi. Kendisi, Bulgaristan\u2019\u0131n T\u00fcrkiye\u2019ye 26 binden fazla yasa d\u0131\u015f\u0131 m\u00fclteci geri g\u00f6nderdi\u011fini a\u00e7\u0131klad\u0131. Ba\u015fbakan Borisov \u015funlar\u0131 da a\u00e7\u0131klad\u0131: \u201cAvrupa\u2019da m\u00fclteci krizi sorununun \u00e7\u00f6z\u00fcm\u00fc i\u00e7in perspektif g\u00f6rm\u00fcyorum. Devletler, ard\u0131 ard\u0131na tek ba\u015f\u0131na kurtuluyor\u201d. Borisov, \u00fclkemizdeki m\u00fclteci merkezlerinin art\u0131k dolu oldu\u011funu, m\u00fclteci ak\u0131n\u0131n\u0131n olas\u0131 artmas\u0131 durumunda yenilerinin finansman\u0131 i\u00e7in d\u00fc\u015f\u00fcn\u00fclmesi gerekti\u011fini a\u00e7\u0131klad\u0131. Ba\u015fbakan Borisov, \u201cBu durumda Bulgaristan\u2019\u0131n kom\u015fular\u0131yla pragmatik ve iyi niyet ili\u015fkileri olmal\u0131d\u0131r\u201d s\u00f6zlerini kulland\u0131.<\/p>\n<p>&nbsp;<\/p>\n<div id=\"bghab-1146018966\" class=\"bghab-yazi-altinda bghab-entity-placement\"><div class=\"bghab-adlabel\">Reklamlar<\/div><script async src=\"https:\/\/pagead2.googlesyndication.com\/pagead\/js\/adsbygoogle.js\"><\/script>\r\n<!-- bghaber-yaz\u0131-sonu -->\r\n<ins class=\"adsbygoogle\"\r\n     style=\"display:block\"\r\n     data-ad-client=\"ca-pub-6203283170189293\"\r\n     data-ad-slot=\"4222328180\"\r\n     data-ad-format=\"auto\"\r\n     data-full-width-responsive=\"true\"><\/ins>\r\n<script>\r\n     (adsbygoogle = window.adsbygoogle || []).push({});\r\n<\/script><\/div><br style=\"clear: both; display: block; float: none;\"\/>","protected":false},"excerpt":{"rendered":"<p>Boyko Borisov: AB\u2019deki m\u00fclteci krizinin \u00e7\u00f6z\u00fcm\u00fc i\u00e7in perspektif eksikli\u011fi, bizi T\u00fcrkiye ile ortakl\u0131k aramaya itiyor. AB\u2019deki m\u00fclteci krizinin \u00e7\u00f6z\u00fcm\u00fc i\u00e7in perspektif eksikli\u011fi, T\u00fcrkiye ile ortakl\u0131k<\/p>\n","protected":false},"author":13,"featured_media":13881,"comment_status":"closed","ping_status":"closed","sticky":false,"template":"","format":"standard","meta":{"advanced_seo_description":"","jetpack_seo_html_title":"","jetpack_seo_noindex":false,"_jetpack_memberships_contains_paid_content":false,"footnotes":""},"categories":[5],"tags":[],"class_list":["post-20192","post","type-post","status-publish","format-standard","has-post-thumbnail","hentry","category-yasam"],"jetpack_featured_media_url":"https:\/\/i0.wp.com\/www.bghaber.org\/bghaber\/wp-content\/uploads\/2015\/02\/boyko-bg.jpg?fit=610%2C343&ssl=1","jetpack_sharing_enabled":true,"jetpack_likes_enabled":true,"jetpack-related-posts":[],"jetpack_shortlink":"https:\/\/wp.me\/pc2PfJ-5fG","_links":{"self":[{"href":"https:\/\/www.bghaber.org\/bghaber\/wp-json\/wp\/v2\/posts\/20192","targetHints":{"allow":["GET"]}}],"collection":[{"href":"https:\/\/www.bghaber.org\/bghaber\/wp-json\/wp\/v2\/posts"}],"about":[{"href":"https:\/\/www.bghaber.org\/bghaber\/wp-json\/wp\/v2\/types\/post"}],"author":[{"embeddable":true,"href":"https:\/\/www.bghaber.org\/bghaber\/wp-json\/wp\/v2\/users\/13"}],"replies":[{"embeddable":true,"href":"https:\/\/www.bghaber.org\/bghaber\/wp-json\/wp\/v2\/comments?post=20192"}],"version-history":[{"count":0,"href":"https:\/\/www.bghaber.org\/bghaber\/wp-json\/wp\/v2\/posts\/20192\/revisions"}],"wp:featuredmedia":[{"embeddable":true,"href":"https:\/\/www.bghaber.org\/bghaber\/wp-json\/wp\/v2\/media\/13881"}],"wp:attachment":[{"href":"https:\/\/www.bghaber.org\/bghaber\/wp-json\/wp\/v2\/media?parent=20192"}],"wp:term":[{"taxonomy":"category","embeddable":true,"href":"https:\/\/www.bghaber.org\/bghaber\/wp-json\/wp\/v2\/categories?post=20192"},{"taxonomy":"post_tag","embeddable":true,"href":"https:\/\/www.bghaber.org\/bghaber\/wp-json\/wp\/v2\/tags?post=20192"}],"curies":[{"name":"wp","href":"https:\/\/api.w.org\/{rel}","templated":true}]}}