{"id":20187,"date":"2016-08-24T19:07:44","date_gmt":"2016-08-24T16:07:44","guid":{"rendered":"http:\/\/www.bghaber.org\/bghaber\/?p=20187"},"modified":"2016-08-24T19:07:44","modified_gmt":"2016-08-24T16:07:44","slug":"ulkede-referandum-havasi-esiyor","status":"publish","type":"post","link":"https:\/\/www.bghaber.org\/bghaber\/ulkede-referandum-havasi-esiyor\/","title":{"rendered":"\u00dclkede referandum havas\u0131 esiyor"},"content":{"rendered":"<p><b>6 Kas\u0131m tarihinde yap\u0131lacak cumhurba\u015fkanl\u0131\u011f\u0131 se\u00e7imleri ile birlikte Se\u00e7im Kanunu de\u011fi\u015fikliklerine ili\u015fkin halk oylamas\u0131n\u0131n da yap\u0131laca\u011f\u0131 art\u0131k netle\u015fti. Son d\u00f6nemde referandum dendi mi halk\u0131m\u0131z hevese kap\u0131l\u0131yor. Bu arada bu sefer halk oylamas\u0131n\u0131n bir showmenin inisyatifinde d\u00fczenlenmesi dikkat \u00e7ekiyor. Showman taraf\u0131ndan oylamaya sunulan ilk 6 soru, \u00fclkedeki siyasetten memnun olmayan bir\u00e7ok vatanda\u015f\u0131n g\u00f6nl\u00fcne \u00e7ok iyi yatt\u0131. Olgunla\u015fmam\u0131\u015f demokrasi ve yayg\u0131n siyasi yolsuzluk ortam\u0131nda Meclis\u2019teki vekillerin say\u0131s\u0131n\u0131 d\u00fc\u015f\u00fcrmek, elektronik oylaman\u0131n getirilmesi yolu ile oy ticaretini azaltmak ve illerdeki polis amirlerinin do\u011frudan se\u00e7ilmesi yolu ile su\u00e7 olaylar\u0131n\u0131 yenmek kim istemez ki!<\/b><\/p>\n<p>\u0130yi de Anayasa Mahkemesi bu can al\u0131c\u0131 3 soruyu referandumdan \u00e7\u0131kar\u0131nca se\u00e7menlerin takdirine milletvekillerinin \u00e7o\u011funluk sistemi ile se\u00e7ilip se\u00e7ilmemeleri, oy verme zorunlulu\u011funun getirilip getirilmemesi ve partilere devlet\u00e7e \u00f6denen s\u00fcbvansyon tutar\u0131n\u0131n azalt\u0131l\u0131p azalt\u0131lmamas\u0131 konular\u0131 kald\u0131. \u00dclkemizde do\u011frudan demokrasi fikri ile ilgili ya\u015fanan curcuna, vatanda\u015flar\u0131n siyaset\u00e7i s\u0131n\u0131f\u0131na ve \u00f6zellikle de kendilerini Meclis\u2019te temsil eden vekillere olan g\u00fcveninin dipte oldu\u011funu a\u00e7\u0131k\u00e7a ortaya koyuyor. Her d\u00f6rt y\u0131lda bir sand\u0131k ba\u015f\u0131na giderek se\u00e7ti\u011fimiz 240 vekil, kural itibari ile bizleri temsil edip menfaatlerimizi savunuyorlar. Oysaki Parlamento, y\u0131llard\u0131r se\u00e7menlerden en az g\u00fcven alan kurulu\u015flar\u0131n ba\u015f\u0131n\u0131 \u00e7ekiyor. Son d\u00f6nemde adeta moda olan halk oylamas\u0131 yolu ile vatanda\u015flar tekrar y\u00f6netimdeki temsil edilmek isterken devlet politikas\u0131 konular\u0131nda karar vermeye mecbur ediliyorlar. \u00d6rne\u011fin 2013 y\u0131l\u0131n\u0131n ba\u015f\u0131nda \u00fclkedeki n\u00fckleer enerjinin gelece\u011fine ili\u015fkin g\u00f6r\u00fc\u015f\u00fcn\u00fc bildirmek \u00fczere sand\u0131k ba\u015f\u0131na gidenler \u201cYeni santralin kurulmas\u0131 yolu ile Bulgaristan Cumhuriyeti\u2019nde n\u00fckleer enerjinin geli\u015fmesine evet mi hay\u0131r m\u0131?\u201d \u015feklindeki soruyu cevaplad\u0131. Se\u00e7menlerin yakla\u015f\u0131k y\u00fczde 60\u2019l\u0131k b\u00f6l\u00fcm\u00fcn\u00fcn \u201cevet\u201d cevab\u0131n\u0131 vermi\u015f olmas\u0131, asl\u0131na bakarsak onlar\u0131n s\u00f6z konusu santralin kurulmas\u0131na destek vermekte olduklar\u0131 anlam\u0131na gelmiyor. Tersi de do\u011fru \u2013 \u201chay\u0131r\u201d oyu kullananlar asl\u0131nda n\u00fckleer enerjiye de\u011fil, somut projeye kar\u015f\u0131 \u00e7\u0131kt\u0131lar.<\/p>\n<p>B\u00f6ylesine \u00f6nemli siyasi konularda halka dan\u0131\u015f\u0131lmas\u0131, bu konudaki tart\u0131\u015fmay\u0131 genel se\u00e7im kampanyas\u0131n\u0131n g\u00fcndeminden \u00e7\u0131kar\u0131yor asl\u0131nda. Partiler, oy pusulas\u0131n\u0131 i\u015faretlemeden \u00f6nce \u00fclkenin geli\u015fmesine dair fikirlerinden haberdar olma \u015fans\u0131n\u0131 vatanda\u015flara pek tan\u0131m\u0131yorlar. \u0130zlenecek devlet politikas\u0131n\u0131 tart\u0131\u015fmak yerine se\u00e7im d\u00f6neminde partiler, genelde g\u00fcn\u00fc birlik konularla ve ki\u015fisel at\u0131\u015fmalarla me\u015fgul oluyorlar. Neticede uzun vadeli hedeflerin belirlenmesi imkans\u0131z oluyor, siyasette devaml\u0131l\u0131k kavram\u0131 ise siyaset\u00e7ilere yabanc\u0131 gelmeye devam ediyor.<\/p>\n<p>Hal b\u00f6yle olunca vatanda\u015flar\u0131n alternatif ve siyasette de\u011fi\u015fiklik aray\u0131\u015f\u0131 tamamen do\u011fald\u0131r. Ancak bunu sa\u011flaman\u0131n arac\u0131 referandum de\u011fil kesinlikle. Halk oylamas\u0131n\u0131n yap\u0131lmas\u0131 yolu ile vatanda\u015flar\u0131n yine s\u00f6z sahibi olacaklar\u0131 inanc\u0131 yan\u0131lt\u0131c\u0131d\u0131r, hele de ekranlara \u00e7\u0131kan showman\u2019ler insanlar\u0131n umutsuzlu\u011fundan istifade edip referandumlara giri\u015fiyorsa. Se\u00e7im haklar\u0131 ve n\u00fckleer politika gibi devlet politikas\u0131 kapsam\u0131nda olan b\u00f6ylesine geni\u015f konu yelpazesinde ehil olmak, se\u00e7menlerden pek tabii ki beklenemez. B\u00f6yle durumlarda vatanda\u015flar genellikle i\u00e7lerinden geldi\u011fi gibi oy kullan\u0131yorlar. Ayr\u0131ca insanlar\u0131n kulland\u0131klar\u0131 oy, erk b\u00f6l\u00fcm\u00fc g\u00f6z \u00f6n\u00fcne al\u0131nd\u0131\u011f\u0131nda ideal durumda siyaset\u00e7ilere olu\u015fturmas\u0131 gereken k\u00fclfeti de getirmiyor. Kas\u0131m ay\u0131n\u0131n ba\u015f\u0131nda yap\u0131lacak referandum sonucunun neye yol a\u00e7aca\u011f\u0131n\u0131 \u00f6n\u00fcm\u00fczdeki d\u00f6nemde g\u00f6rece\u011fiz. Bu arada halk oylamas\u0131n\u0131n devletin demokratik kurulu\u015flar\u0131na g\u00fcven kazand\u0131rmayaca\u011f\u0131 ortada. Olsa olsa referandum yapmaya kalkan zat\u0131n muhteremli\u011fi artar.<\/p>\n<div id=\"bghab-1283797956\" class=\"bghab-yazi-altinda bghab-entity-placement\"><div class=\"bghab-adlabel\">Reklamlar<\/div><script async src=\"https:\/\/pagead2.googlesyndication.com\/pagead\/js\/adsbygoogle.js\"><\/script>\r\n<!-- bghaber-yaz\u0131-sonu -->\r\n<ins class=\"adsbygoogle\"\r\n     style=\"display:block\"\r\n     data-ad-client=\"ca-pub-6203283170189293\"\r\n     data-ad-slot=\"4222328180\"\r\n     data-ad-format=\"auto\"\r\n     data-full-width-responsive=\"true\"><\/ins>\r\n<script>\r\n     (adsbygoogle = window.adsbygoogle || []).push({});\r\n<\/script><\/div><br style=\"clear: both; display: block; float: none;\"\/>","protected":false},"excerpt":{"rendered":"<p>6 Kas\u0131m tarihinde yap\u0131lacak cumhurba\u015fkanl\u0131\u011f\u0131 se\u00e7imleri ile birlikte Se\u00e7im Kanunu de\u011fi\u015fikliklerine ili\u015fkin halk oylamas\u0131n\u0131n da yap\u0131laca\u011f\u0131 art\u0131k netle\u015fti. Son d\u00f6nemde referandum dendi mi halk\u0131m\u0131z hevese<\/p>\n","protected":false},"author":13,"featured_media":11381,"comment_status":"closed","ping_status":"closed","sticky":false,"template":"","format":"standard","meta":{"advanced_seo_description":"","jetpack_seo_html_title":"","jetpack_seo_noindex":false,"_jetpack_memberships_contains_paid_content":false,"footnotes":""},"categories":[4],"tags":[],"class_list":["post-20187","post","type-post","status-publish","format-standard","has-post-thumbnail","hentry","category-siyaset"],"jetpack_featured_media_url":"https:\/\/i0.wp.com\/www.bghaber.org\/bghaber\/wp-content\/uploads\/2014\/09\/oy-sandik-bulgaristan.jpg?fit=595%2C427&ssl=1","jetpack_sharing_enabled":true,"jetpack_likes_enabled":true,"jetpack-related-posts":[],"jetpack_shortlink":"https:\/\/wp.me\/pc2PfJ-5fB","_links":{"self":[{"href":"https:\/\/www.bghaber.org\/bghaber\/wp-json\/wp\/v2\/posts\/20187","targetHints":{"allow":["GET"]}}],"collection":[{"href":"https:\/\/www.bghaber.org\/bghaber\/wp-json\/wp\/v2\/posts"}],"about":[{"href":"https:\/\/www.bghaber.org\/bghaber\/wp-json\/wp\/v2\/types\/post"}],"author":[{"embeddable":true,"href":"https:\/\/www.bghaber.org\/bghaber\/wp-json\/wp\/v2\/users\/13"}],"replies":[{"embeddable":true,"href":"https:\/\/www.bghaber.org\/bghaber\/wp-json\/wp\/v2\/comments?post=20187"}],"version-history":[{"count":0,"href":"https:\/\/www.bghaber.org\/bghaber\/wp-json\/wp\/v2\/posts\/20187\/revisions"}],"wp:featuredmedia":[{"embeddable":true,"href":"https:\/\/www.bghaber.org\/bghaber\/wp-json\/wp\/v2\/media\/11381"}],"wp:attachment":[{"href":"https:\/\/www.bghaber.org\/bghaber\/wp-json\/wp\/v2\/media?parent=20187"}],"wp:term":[{"taxonomy":"category","embeddable":true,"href":"https:\/\/www.bghaber.org\/bghaber\/wp-json\/wp\/v2\/categories?post=20187"},{"taxonomy":"post_tag","embeddable":true,"href":"https:\/\/www.bghaber.org\/bghaber\/wp-json\/wp\/v2\/tags?post=20187"}],"curies":[{"name":"wp","href":"https:\/\/api.w.org\/{rel}","templated":true}]}}