{"id":20184,"date":"2016-08-23T23:16:43","date_gmt":"2016-08-23T20:16:43","guid":{"rendered":"http:\/\/www.bghaber.org\/bghaber\/?p=20184"},"modified":"2016-08-23T23:16:43","modified_gmt":"2016-08-23T20:16:43","slug":"3-ulkeden-suriyede-ortak-hareket","status":"publish","type":"post","link":"https:\/\/www.bghaber.org\/bghaber\/3-ulkeden-suriyede-ortak-hareket\/","title":{"rendered":"3 \u00fclkeden Suriye&#8217;de ortak hareket"},"content":{"rendered":"<div>D\u00fcnya bu ortakl\u0131\u011f\u0131 konu\u015fuyor&#8230;<\/div>\n<p><img data-recalc-dims=\"1\" decoding=\"async\" src=\"https:\/\/i0.wp.com\/www.bghaber.org\/bghaber\/wp-content\/uploads\/2016\/08\/3-ulkeden-suriyede-ortak-hareketaefb149ab75ab2be8eb0.jpg?w=640\" alt=\"3-ulkeden-suriyede-ortak-hareketaefb149ab75ab2be8eb0\" \/><\/p>\n<div id=\"haberyazi\">\n<p>Rusya ile &#8216;normalle\u015fme&#8217; s\u00fcreci, etkisini Suriye konusunda g\u00f6stermeye ba\u015flad\u0131. T\u00fcrkiye&#8217;nin Suriye&#8217;nin Azez-Cerablus hatt\u0131nda kurulmas\u0131 i\u00e7in ABD ile anla\u015famad\u0131\u011f\u0131 tampon b\u00f6lge, Rusya, \u0130ran ve T\u00fcrkiye&#8217;nin diyalo\u011fuyla hayata ge\u00e7irilmek \u00fczere oldu\u011fu iddia edildi.<\/p>\n<p>Rusya taraf\u0131ndan haz\u0131rland\u0131\u011f\u0131 ileri s\u00fcr\u00fclen planda, m\u00fcltecilerin tampon b\u00f6lgeye yerle\u015ftirilmesine ve Kuzey Suriye&#8217;nin I\u015e\u0130D&#8217;den temizlenmesine ili\u015fkin maddelerin yer ald\u0131\u011f\u0131 belirtildi.<\/p>\n<p>Suriye Devlet Ba\u015fkan\u0131 Be\u015far Esad&#8217;a ba\u011fl\u0131 rejim g\u00fc\u00e7leri, ge\u00e7en hafta i\u00e7inde ABD deste\u011fiyle Menbi\u00e7&#8217;i I\u015e\u0130D&#8217;den kurtard\u0131ktan sonra Al- Bab&#8217;a harek\u00e2t d\u00fczenlemek \u00fczere askeri konsey kuran YPG liderli\u011findeki Suriye Demokratik G\u00fc\u00e7leri&#8217;ni u\u00e7ak bombard\u0131man\u0131na tutmu\u015ftu.<\/p>\n<h2>\u00a03 ADIMLI SUR\u0130YE PLANI<\/h2>\n<p>Ak\u015fam gazetesinden Mahmut G\u00fcrer&#8217;in haberine g\u00f6re, Rusya taraf\u0131ndan 3 ad\u0131ml\u0131 Suriye plan\u0131 haz\u0131rland\u0131.<\/p>\n<p>ABD&#8217;nin &#8220;Suriye krizinin \u00e7\u00f6z\u00fcm\u00fc&#8221; konusunda tak\u0131nd\u0131\u011f\u0131 ikircikli yakla\u015f\u0131m s\u00fcrerken, T\u00fcrkiye-Rusya yak\u0131nla\u015fmas\u0131 olgunla\u015f\u0131yor. Rusya taraf\u0131ndan haz\u0131rlanan 3 ad\u0131ml\u0131 plan\u0131n ana unsurlar\u0131 aras\u0131ndaysa \u015fu hususlar yer al\u0131yor.<\/p><div id=\"bghab-1970398311\" class=\"bghab-icerik-icine bghab-entity-placement\"><script async src=\"\/\/pagead2.googlesyndication.com\/pagead\/js\/adsbygoogle.js?client=ca-pub-6203283170189293\" crossorigin=\"anonymous\"><\/script><ins class=\"adsbygoogle\" style=\"display:block; text-align:center;\" data-ad-client=\"ca-pub-6203283170189293\" \ndata-ad-slot=\"7303146466\" \ndata-ad-layout=\"in-article\"\ndata-ad-format=\"fluid\" data-full-width-responsive=\"true\"><\/ins>\n<script> \n(adsbygoogle = window.adsbygoogle || []).push({}); \n<\/script>\n<\/div>\n<h2>I\u015e\u0130D, KUZEY SUR\u0130YE&#8217;DEN TEM\u0130ZLENECEK<\/h2>\n<p>&#8211; Kuzey Suriye&#8217;de Cerablus ile Azez aras\u0131ndaki b\u00f6lge, T\u00fcrkiye ve Rusya&#8217;n\u0131n i\u015f birli\u011fiyle I\u015e\u0130D unsurlar\u0131ndan tamamen temizlenecek.<\/p>\n<p>&#8211; T\u00fcrkiye&#8217;deki s\u0131\u011f\u0131nmac\u0131lar, bu hatta olu\u015fturulacak b\u00f6lgeye 2 y\u0131l i\u00e7inde yerle\u015ftirilecekler.<\/p>\n<p>&#8211; Suriye&#8217;nin toprak b\u00fct\u00fcnl\u00fc\u011f\u00fcn\u00fcn korunmas\u0131 \u015fart\u0131yla &#8220;merkezi idaresi g\u00fc\u00e7l\u00fc, federatif y\u00f6netim&#8221; form\u00fcl\u00fc \u00f6nerilecek ve Suriye&#8217;deki etnik ve mezhepsel kimlikleri d\u0131\u015flamayan ge\u00e7i\u015f s\u00fcrecine ili\u015fkin takvim haz\u0131rlanacak.<\/p>\n<h2>BIDEN Z\u0130YARET\u0130N\u0130N SONU\u00c7LARINA G\u00d6RE NETL\u0130K KAZANACAK<\/h2>\n<p>Kaynaklar, Rusya-T\u00fcrkiye-\u0130ran aras\u0131nda ger\u00e7ekle\u015fmesi beklenen temaslar\u0131n, ABD Ba\u015fkan Yard\u0131mc\u0131s\u0131 Joe Biden&#8217;in pazartesi g\u00fcn\u00fc ba\u015flayacak Ankara ziyaretinin sonu\u00e7lar\u0131na g\u00f6re netlik kazanaca\u011f\u0131n\u0131 dile getirdiler.<\/p>\n<h2>15 TEMMUZ SONRASI GER\u0130L\u0130M ARTTI<\/h2>\n<p>ABD&#8217;nin PKK&#8217;n\u0131n Suriye kolu PYD&#8217;ye a\u00e7\u0131k destek vermesi ve T\u00fcrkiye&#8217;nin bu konudaki rahats\u0131zl\u0131\u011f\u0131na ra\u011fmen bu deste\u011fini sonland\u0131rmamas\u0131na dikkat \u00e7eken kaynaklar, Ankara-Washington hatt\u0131ndaki gerilimin darbe giri\u015fiminin planlay\u0131c\u0131s\u0131 oldu\u011fu ileri s\u00fcr\u00fclen Fethullah G\u00fclen&#8217;in iadesi konusunda en \u00fcst seviyeye \u00e7\u0131kt\u0131\u011f\u0131n\u0131 vurgulad\u0131lar.<\/p><div id=\"bghab-893274848\" class=\"bghab-icerik-icine-10-paragraf bghab-entity-placement\"><script async src=\"\/\/pagead2.googlesyndication.com\/pagead\/js\/adsbygoogle.js?client=ca-pub-6203283170189293\" crossorigin=\"anonymous\"><\/script><ins class=\"adsbygoogle\" style=\"display:block; text-align:center;\" data-ad-client=\"ca-pub-6203283170189293\" \ndata-ad-slot=\"7303146466\" \ndata-ad-layout=\"in-article\"\ndata-ad-format=\"fluid\" data-full-width-responsive=\"true\"><\/ins>\n<script> \n(adsbygoogle = window.adsbygoogle || []).push({}); \n<\/script>\n<\/div>\n<h2>RUSYA-\u0130RAN-T\u00dcRK\u0130YE MEKAN\u0130ZMASI FORM\u00dcL\u00dc<\/h2>\n<p>Bu gerilimle e\u015fzamanl\u0131 geli\u015fen Ankara-Moskova yak\u0131nla\u015fmas\u0131n\u0131n, Erdo\u011fan ile Rus lider Vladimir Putin g\u00f6r\u00fc\u015fmesinde de g\u00fcndeme gelen &#8220;Suriye krizinin \u00e7\u00f6z\u00fcm\u00fc i\u00e7in Rusya-T\u00fcrkiye-\u0130ran mekanizmas\u0131&#8221; form\u00fcl\u00fcn\u00fc g\u00fc\u00e7lendirdi\u011fi belirtiliyor. Bu form\u00fcle Suudi Arabistan&#8217;\u0131n dahil edilmesinin, pozitif etki yapaca\u011f\u0131 da de\u011ferlendiriliyor.<\/p>\n<h2>B\u0130DEN&#8217;\u0130N \u00c7ANTASINDA NE VAR?<\/h2>\n<p>Ankara, ABD ile Cerablus-Mare hatt\u0131nda bir tampon b\u00f6lge olu\u015fturulmas\u0131 y\u00f6n\u00fcnde \u00e7al\u0131\u015f\u0131yordu. Joe Biden&#8217;in ziyaretinde de Washington&#8217;\u0131n Ankara&#8217;ya verdi\u011fi, &#8220;PYD&#8217;nin Menbi\u00e7&#8217;in temizlenmesinin ard\u0131ndan kentten \u00e7ekilerek y\u00f6netimi Suriye Ulusal Koalisyonu&#8217;na devredece\u011fi&#8221; taahh\u00fcd\u00fcn\u00fcn g\u00fcndeme gelece\u011fi vurgulan\u0131yor. ABD&#8217;nin bu konuda yapaca\u011f\u0131 de\u011ferlendirme de Ankara&#8217;n\u0131n Rusya-\u0130ran hatt\u0131 ile yak\u0131nla\u015fmas\u0131 konusunda \u00f6nemli bir de\u011ferlendirme unsuru olacak.<\/p>\n<h2>\u0130LK \u00d6NCE TAM ATE\u015eKES<\/h2>\n<p>Suriye&#8217;de \u00e7\u00f6z\u00fcm i\u00e7in yeni bir mekanizma olu\u015fturulmas\u0131 konusu; askeri, diplomatik ve istihbarat yetkililerinden olu\u015fan T\u00fcrk heyetinin ge\u00e7ti\u011fimiz hafta ger\u00e7ekle\u015ftirdi\u011fi Moskova ziyaretinde de ele al\u0131nd\u0131. Moskova heyeti bu toplant\u0131larda, Suriye&#8217;de ortak \u00e7\u00f6z\u00fcm i\u00e7in haz\u0131rl\u0131klar\u0131n\u0131 s\u00fcrd\u00fcrd\u00fc\u011f\u00fc plan\u0131n tasla\u011f\u0131n\u0131 T\u00fcrk taraf\u0131yla da payla\u015ft\u0131. Ankara ise Suriye&#8217;de ilk \u00f6nce &#8220;tam ate\u015fkes&#8221; sa\u011flanmas\u0131 konusundaki yakla\u015f\u0131m\u0131n\u0131 iletti. Mekanizmaya Suudi Arabistan da dahil edilebilir.<\/p>\n<\/div>\n<div id=\"bghab-1920323521\" class=\"bghab-yazi-altinda bghab-entity-placement\"><div class=\"bghab-adlabel\">Reklamlar<\/div><script async src=\"https:\/\/pagead2.googlesyndication.com\/pagead\/js\/adsbygoogle.js\"><\/script>\r\n<!-- bghaber-yaz\u0131-sonu -->\r\n<ins class=\"adsbygoogle\"\r\n     style=\"display:block\"\r\n     data-ad-client=\"ca-pub-6203283170189293\"\r\n     data-ad-slot=\"4222328180\"\r\n     data-ad-format=\"auto\"\r\n     data-full-width-responsive=\"true\"><\/ins>\r\n<script>\r\n     (adsbygoogle = window.adsbygoogle || []).push({});\r\n<\/script><\/div><br style=\"clear: both; display: block; float: none;\"\/>","protected":false},"excerpt":{"rendered":"<p>D\u00fcnya bu ortakl\u0131\u011f\u0131 konu\u015fuyor&#8230; Rusya ile &#8216;normalle\u015fme&#8217; s\u00fcreci, etkisini Suriye konusunda g\u00f6stermeye ba\u015flad\u0131. T\u00fcrkiye&#8217;nin Suriye&#8217;nin Azez-Cerablus hatt\u0131nda kurulmas\u0131 i\u00e7in ABD ile anla\u015famad\u0131\u011f\u0131 tampon b\u00f6lge, Rusya,<\/p>\n","protected":false},"author":13,"featured_media":20185,"comment_status":"closed","ping_status":"closed","sticky":false,"template":"","format":"standard","meta":{"advanced_seo_description":"","jetpack_seo_html_title":"","jetpack_seo_noindex":false,"_jetpack_memberships_contains_paid_content":false,"footnotes":""},"categories":[4],"tags":[],"class_list":["post-20184","post","type-post","status-publish","format-standard","has-post-thumbnail","hentry","category-siyaset"],"jetpack_featured_media_url":"https:\/\/i0.wp.com\/www.bghaber.org\/bghaber\/wp-content\/uploads\/2016\/08\/3-ulkeden-suriyede-ortak-hareketaefb149ab75ab2be8eb0.jpg?fit=720%2C365&ssl=1","jetpack_sharing_enabled":true,"jetpack_likes_enabled":true,"jetpack-related-posts":[],"jetpack_shortlink":"https:\/\/wp.me\/pc2PfJ-5fy","_links":{"self":[{"href":"https:\/\/www.bghaber.org\/bghaber\/wp-json\/wp\/v2\/posts\/20184","targetHints":{"allow":["GET"]}}],"collection":[{"href":"https:\/\/www.bghaber.org\/bghaber\/wp-json\/wp\/v2\/posts"}],"about":[{"href":"https:\/\/www.bghaber.org\/bghaber\/wp-json\/wp\/v2\/types\/post"}],"author":[{"embeddable":true,"href":"https:\/\/www.bghaber.org\/bghaber\/wp-json\/wp\/v2\/users\/13"}],"replies":[{"embeddable":true,"href":"https:\/\/www.bghaber.org\/bghaber\/wp-json\/wp\/v2\/comments?post=20184"}],"version-history":[{"count":0,"href":"https:\/\/www.bghaber.org\/bghaber\/wp-json\/wp\/v2\/posts\/20184\/revisions"}],"wp:featuredmedia":[{"embeddable":true,"href":"https:\/\/www.bghaber.org\/bghaber\/wp-json\/wp\/v2\/media\/20185"}],"wp:attachment":[{"href":"https:\/\/www.bghaber.org\/bghaber\/wp-json\/wp\/v2\/media?parent=20184"}],"wp:term":[{"taxonomy":"category","embeddable":true,"href":"https:\/\/www.bghaber.org\/bghaber\/wp-json\/wp\/v2\/categories?post=20184"},{"taxonomy":"post_tag","embeddable":true,"href":"https:\/\/www.bghaber.org\/bghaber\/wp-json\/wp\/v2\/tags?post=20184"}],"curies":[{"name":"wp","href":"https:\/\/api.w.org\/{rel}","templated":true}]}}