{"id":20182,"date":"2016-08-23T21:20:18","date_gmt":"2016-08-23T18:20:18","guid":{"rendered":"http:\/\/www.bghaber.org\/bghaber\/?p=20182"},"modified":"2016-08-23T21:20:18","modified_gmt":"2016-08-23T18:20:18","slug":"turkiyeyi-ele-gecirme-hayallerinin-hamallari","status":"publish","type":"post","link":"https:\/\/www.bghaber.org\/bghaber\/turkiyeyi-ele-gecirme-hayallerinin-hamallari\/","title":{"rendered":"T\u00fcrkiye\u2019yi Ele Ge\u00e7irme Hayallerinin Hamallar\u0131"},"content":{"rendered":"<p>&nbsp;<\/p>\n<p><strong><img data-recalc-dims=\"1\" loading=\"lazy\" decoding=\"async\" class=\"\" src=\"https:\/\/i0.wp.com\/www.bghaber.org\/bghaber\/wp-content\/uploads\/2014\/05\/rafet-00.jpg?resize=175%2C211\" alt=\"rafet-uluturk\" width=\"175\" height=\"211\" \/>\u00a0Rafet ULUT\u00dcRK<\/strong><\/p>\n<p>Konu:\u00a0 <strong>\u00c7ocuklar\u0131m\u0131z\u0131n FET\u00d6 imam\u0131 olmas\u0131n\u0131 istemiyoruz.<\/strong><\/p>\n<p>Nas\u0131l ki, mayalanm\u0131\u015f bir hamur tekneden ta\u015farsa, d\u00fc\u015fmanl\u0131k a\u015f\u0131lanan sosyal katmanlarda toplumsal d\u00fczene kalk\u0131\u015f\u0131r. Biz bunu, d\u0131\u015f \u00fclkelerde e\u011fitim alan PKK militanlar\u0131n\u0131n G\u00fcney Do\u011fu taban\u0131m\u0131za sa\u00e7t\u0131\u011f\u0131 \u201c<strong>\u00f6zerklik<\/strong>\u201d gibi tohumlarla bacan\u0131n ate\u015f ald\u0131\u011f\u0131nda g\u00f6rd\u00fck, ya\u015fad\u0131k, ya\u015f\u0131yoruz. B\u00f6l\u00fcc\u00fc hain g\u00fc\u00e7ler (ABD-\u0130ngiliz) taraflar\u0131ndan T\u00fcrk halk\u0131n\u0131n istikbalini \u00e7almak i\u00e7in e\u011fitilmi\u015fti, silahland\u0131r\u0131ld\u0131lar ve kas\u0131p kavuran, ate\u015fe verin, ac\u0131may\u0131n \u00f6ld\u00fcr\u00fcn d\u00fc\u011fmesine bas\u0131ld\u0131\u011f\u0131nda insafa gelmek yoktu.<\/p>\n<p><strong>\u00d6l\u00fcm tugaylar\u0131n\u0131n lideri, kurmay\u0131, ma\u011fara kamplar\u0131, silah depolar\u0131 vard\u0131. <\/strong><\/p><div id=\"bghab-2365856990\" class=\"bghab-icerik-icine bghab-entity-placement\"><script async src=\"\/\/pagead2.googlesyndication.com\/pagead\/js\/adsbygoogle.js?client=ca-pub-6203283170189293\" crossorigin=\"anonymous\"><\/script><ins class=\"adsbygoogle\" style=\"display:block; text-align:center;\" data-ad-client=\"ca-pub-6203283170189293\" \ndata-ad-slot=\"7303146466\" \ndata-ad-layout=\"in-article\"\ndata-ad-format=\"fluid\" data-full-width-responsive=\"true\"><\/ins>\n<script> \n(adsbygoogle = window.adsbygoogle || []).push({}); \n<\/script>\n<\/div>\n<p>Canl\u0131 bombalar e\u011fittiler. Onlar i\u00e7in ter\u00f6r bir oyundu. Hainler \u00f6l\u00fcm oyununu pi\u015fti oynar gibi oymay\u0131 planlam\u0131\u015ft\u0131. PKK \u00f6nc\u00fcl\u00fc\u011f\u00fcnde bu oyunu 40 y\u0131ldan beri oynat\u0131yorlar. Oyun kartlar\u0131n\u0131 elinde tutan ba\u015f hainlerin parmaklar\u0131 yanm\u0131yor, fakat T\u00fcrkiye\u2019ye \u00f6l\u00fcm ta\u015f\u0131yan ta\u015feronlardan hi\u00e7 biri hayatta kalm\u0131yor. \u201cK\u00fcrdistan\u201d diye adland\u0131rd\u0131klar\u0131 b\u00f6lgenin \u015fehirlerinde \u201c<strong>Karde\u015fli\u011fe Davet<\/strong>!\u201d Mitingleri yap\u0131l\u0131yor.<\/p>\n<p><strong>Halk taban\u0131 ter\u00f6r\u00fc ve b\u00f6l\u00fcc\u00fcleri lanetliyor.<\/strong><\/p>\n<p>T\u00fcrkiye Cumhuriyetini ele ge\u00e7irmeyi hayal edenler, hainli\u011fin en eski ara\u00e7lar\u0131ndan olan b\u00f6l\u00fcc\u00fcl\u00fckle yan yana, devletin \u00f6z\u00fcne, makamlar\u0131na, adliye ve silahl\u0131 kuvvetlere s\u0131zma, iletilimde, bas\u0131n-yay\u0131nda ve e\u011fitimde hakim olma, son s\u00f6z\u00fc s\u00f6yleme \u00e7abalar\u0131na hi\u00e7bir an ara vermediler.<\/p>\n<p><strong>D\u00fc\u015f\u00fcne biliyor musunuz<\/strong>?<\/p>\n<p>T\u00fcrkiye Sa\u011fl\u0131k Bakanl\u0131\u011f\u0131 hastanelerinde do\u011fan \u00e7ocuklar\u0131n isimlerinin kendini \u201c<strong>d\u00fcnya imam\u0131<\/strong>\u201d ilan eden, Pensilvanya sap\u0131\u011f\u0131 taraf\u0131ndan verildi\u011fini! Evlatlar\u0131m\u0131z\u0131n kaderi asla geri alamamak ko\u015fuluyla o haine kapt\u0131rd\u0131\u011f\u0131n\u0131!!<\/p><div id=\"bghab-3221653182\" class=\"bghab-icerik-icine-10-paragraf bghab-entity-placement\"><script async src=\"\/\/pagead2.googlesyndication.com\/pagead\/js\/adsbygoogle.js?client=ca-pub-6203283170189293\" crossorigin=\"anonymous\"><\/script><ins class=\"adsbygoogle\" style=\"display:block; text-align:center;\" data-ad-client=\"ca-pub-6203283170189293\" \ndata-ad-slot=\"7303146466\" \ndata-ad-layout=\"in-article\"\ndata-ad-format=\"fluid\" data-full-width-responsive=\"true\"><\/ins>\n<script> \n(adsbygoogle = window.adsbygoogle || []).push({}); \n<\/script>\n<\/div>\n<p>Ne kadar ac\u0131, ne kadar korkulu ve ne kadar tehlikeli!<\/p>\n<p><strong>D\u00fc\u015f\u00fcne biliyor musunuz<\/strong>?<\/p>\n<p>Milyonlarca \u00e7ocuk daha do\u011fdu\u011fu an FET\u00d6 a\u011f\u0131na nas\u0131l d\u00fc\u015f\u00fcrt\u00fcld\u00fc? Bu zavall\u0131lar\u0131n beyinlerinin nas\u0131l bo\u015f b\u0131rak\u0131ld\u0131\u011f\u0131n\u0131, zihinlere Atat\u00fcrk d\u00fc\u015fmanl\u0131\u011f\u0131n\u0131n, vatan hainli\u011finin, cumhuriyet ve demokrasiye ihanetin nas\u0131l i\u015flendi\u011fini, \u00f6zg\u00fcrl\u00fck ve karde\u015flik d\u00fc\u015fmanl\u0131klar\u0131n\u0131n nas\u0131l a\u015f\u0131land\u0131\u011f\u0131n\u0131\u2026!? Evet bunlar profesyonel bir \u00e7al\u0131\u015fma sonucu a\u015f\u0131land\u0131\u011f\u0131n\u0131?<\/p>\n<p>\u00c7ocuklar\u0131m\u0131z\u0131n canl\u0131 bomba haline getirildi\u011fini?! Ne kadar ac\u0131, ne kadar korkulu ve ne kadar tehlikeli!<\/p>\n<p><strong>D\u00fc\u015f\u00fcne biliyor musunuz<\/strong>?<\/p><div id=\"bghab-674754424\" class=\"bghab-icerik-icine-15-paragraf bghab-entity-placement\"><script async src=\"\/\/pagead2.googlesyndication.com\/pagead\/js\/adsbygoogle.js?client=ca-pub-6203283170189293\" crossorigin=\"anonymous\"><\/script><ins class=\"adsbygoogle\" style=\"display:block; text-align:center;\" data-ad-client=\"ca-pub-6203283170189293\" \ndata-ad-slot=\"7303146466\" \ndata-ad-layout=\"in-article\"\ndata-ad-format=\"fluid\" data-full-width-responsive=\"true\"><\/ins>\n<script> \n(adsbygoogle = window.adsbygoogle || []).push({}); \n<\/script>\n<\/div>\n<p>Asker, polis, jandarma ve adaletten \u00f6nce, Halk\u0131m\u0131z\u0131n hikmetini, halk\u0131m\u0131z\u0131n akl\u0131n\u0131, halk\u0131m\u0131z\u0131n uyan\u0131kl\u0131\u011f\u0131n\u0131 yok etmek istemi\u015fler. Halk\u0131m\u0131z\u0131 fiziksel ve zihinsel olarak fel\u00e7 etmek istemi\u015fler. Bizi uyurgezerler toplumu haline getirmeyi ama\u00e7lam\u0131\u015flar. Bizi toplu \u00f6l\u00fcme haz\u0131rl\u0131yorlarm\u0131\u015f\u2026 Ne kadar ac\u0131, ne kadar korkulu ve ne kadar tehlikeli!<\/p>\n<p><strong>D\u00fc\u015f\u00fcne biliyor musunuz<\/strong>?<\/p>\n<p>Karde\u015fi karde\u015ften ay\u0131r\u0131p, ayr\u0131 ayr\u0131 ama karde\u015flerin, Atat\u00fcrk\u00e7\u00fclerin, vatanseverlerin, mazlumlar\u0131m\u0131z\u0131n hepsini \u00f6ld\u00fcrmek istemi\u015fler? Listelerimizi haz\u0131rlam\u0131\u015flar. Cesetlerimizi atacaklar\u0131 hendekleri belirlemi\u015fler\u2026<\/p>\n<p>Ne kadar ac\u0131, ne kadar korkulu ve ne kadar tehlikeli!<\/p>\n<p><strong>D\u00fc\u015f\u00fcne biliyor musunuz<\/strong>?<\/p><div id=\"bghab-2397272117\" class=\"bghab-icerik-icine-20-paragraf bghab-entity-placement\"><script async src=\"\/\/pagead2.googlesyndication.com\/pagead\/js\/adsbygoogle.js?client=ca-pub-6203283170189293\" crossorigin=\"anonymous\"><\/script><ins class=\"adsbygoogle\" style=\"display:block; text-align:center;\" data-ad-client=\"ca-pub-6203283170189293\" \ndata-ad-slot=\"7303146466\" \ndata-ad-layout=\"in-article\"\ndata-ad-format=\"fluid\" data-full-width-responsive=\"true\"><\/ins>\n<script> \n(adsbygoogle = window.adsbygoogle || []).push({}); \n<\/script>\n<\/div>\n<p>Olanlar \u00f6yle bir \u015fey ki, \u015fiir destan yazmak gerekmez. Romanlarla \u00f6yk\u00fclesen de olacak ki!<\/p>\n<p>Hi\u00e7 birimizin mezar\u0131, mezar ta\u015f\u0131 olmayacakt\u0131. Hepimiz it \u00e7\u00f6pl\u00fc\u011f\u00fcne at\u0131lacakt\u0131k?<\/p>\n<p>Vatan topra\u011f\u0131nda Galata Kulesi kadar izimiz kalmayacakt\u0131. Ne kadar ac\u0131, ne kadar korkulu ve ne kadar tehlikeli!<\/p>\n<p><strong>D\u00fc\u015f\u00fcne biliyor musunuz<\/strong>?<\/p>\n<p>T\u00fcrkiye Cumhuriyetini ele ge\u00e7irmek isteyenlerin hainli\u011fini, T\u00fcrk ve T\u00fcrkiye d\u00fc\u015fmanl\u0131\u011f\u0131n\u0131, \u00e7ocuklar\u0131m\u0131z\u0131n hepsinin yok edilme planlar\u0131n\u0131n g\u00fcndemde oldu\u011funu ve belki de bir daha asla kurtulu\u015fumuz, bayramlar\u0131m\u0131z, do\u011fum g\u00fcn\u00fcm\u00fcz olmayaca\u011f\u0131n\u0131?<\/p><div id=\"bghab-936777769\" class=\"bghab-icerik-icine-25-paragraf bghab-entity-placement\"><script async src=\"\/\/pagead2.googlesyndication.com\/pagead\/js\/adsbygoogle.js?client=ca-pub-6203283170189293\" crossorigin=\"anonymous\"><\/script><ins class=\"adsbygoogle\" style=\"display:block; text-align:center;\" data-ad-client=\"ca-pub-6203283170189293\" \ndata-ad-slot=\"7303146466\" \ndata-ad-layout=\"in-article\"\ndata-ad-format=\"fluid\" data-full-width-responsive=\"true\"><\/ins>\n<script> \n(adsbygoogle = window.adsbygoogle || []).push({}); \n<\/script>\n<\/div>\n<p>Ne kadar ac\u0131, ne kadar korkulu ve ne kadar tehlikeli!<\/p>\n<p><strong>D\u00fc\u015f\u00fcne biliyor musunuz<\/strong>?<\/p>\n<p>B\u00fct\u00fcn bir halk\u0131n bakan k\u00f6r ve k\u00f6le haline getirilebilece\u011fini! \u00d6l\u00fcm\u00fc, yok olmay\u0131, tarihten silinmeyi elzem bilen duruma getirilebilece\u011fini! O biz T\u00fcrkler olamay\u0131z karde\u015fler!<\/p>\n<p>Bu tuzak bize kurulmu\u015ftu. B\u00fcy\u00fck oyun bozuldu. Art\u0131k b\u00fcy\u00fck olan, oyun kuran biziz. Ava giderken ABD-\u0130ngiltere\u2019yi avlayanda Biziz. Hezimete u\u011frasalar bile, yine de, d\u00fc\u015f\u00fcncesi bile, ne kadar ac\u0131, ne kadar korkulu ve ne kadar tehlikeli!<\/p>\n<p><strong>D\u00fc\u015f\u00fcne biliyor musunuz<\/strong>: ?<\/p><div id=\"bghab-2260146939\" class=\"bghab-icerik-icine-30-paragraf bghab-entity-placement\"><script async src=\"\/\/pagead2.googlesyndication.com\/pagead\/js\/adsbygoogle.js?client=ca-pub-6203283170189293\" crossorigin=\"anonymous\"><\/script><ins class=\"adsbygoogle\" style=\"display:block; text-align:center;\" data-ad-client=\"ca-pub-6203283170189293\" \ndata-ad-slot=\"7303146466\" \ndata-ad-layout=\"in-article\"\ndata-ad-format=\"fluid\" data-full-width-responsive=\"true\"><\/ins>\n<script> \n(adsbygoogle = window.adsbygoogle || []).push({}); \n<\/script>\n<\/div>\n<p>FET\u00d6 (Koalisyonu) hain darbe plan\u0131 ger\u00e7ekle\u015fti\u011finde halimiz ne olurdu sevgili soyda\u015f karde\u015flerim? Hepimize yeniden g\u00f6\u00e7 yolu g\u00f6r\u00fcnecekti. Evimizi, anavatan\u0131m\u0131z\u0131 b\u0131rak\u0131p g\u00f6\u00e7 yollar\u0131na d\u00fc\u015fecektik. Al\u0131n yaz\u0131s\u0131 deyip gidecektik. \u00d6len karde\u015flerimizin ac\u0131s\u0131yla, par\u00e7alanan anavatan\u0131m\u0131z\u0131n feryad\u0131yla, i\u00e7 sava\u015f ate\u015finde ka\u00e7arak yollara d\u00f6k\u00fcl\u00fcp yine sel olacakt\u0131k. D\u00fc\u015f\u00fcnmek bile ne kadar ac\u0131, ne kadar korkulu ve ne kadar tehlikeli!<\/p>\n<p><strong>Verilmi\u015f sadakam\u0131z varm\u0131\u015f. B\u00fcy\u00fck bir facia atlatt\u0131k. <\/strong><\/p>\n<p>Yirmi birinci y\u00fczy\u0131l\u0131n b\u00fcy\u00fck \u00f6nderi Say\u0131n Recep Tayyip Erdo\u011fan T\u00fcrk silahl\u0131 kuvvetleri Ba\u015fkomutan\u0131 s\u0131fat\u0131yla halk\u0131 meydanlara \u00e7a\u011f\u0131rarak hayat\u0131 ve d\u00fc\u015fmanlar\u0131n hesaplar\u0131n\u0131 kilitledi ve kurdu\u011fu oyunla Koalisyonlar\u0131n darbe kalk\u0131\u015fmas\u0131n\u0131 hezimete u\u011fratt\u0131.<\/p>\n<p>B\u00fcy\u00fck bir halk oldu\u011fumuzu yedi biny\u0131ll\u0131k tarihimiz oldu\u011funu bile\u011fimizin asla b\u00fck\u00fclemeyece\u011fini tekrar d\u00fcnyaya g\u00f6sterdik.<\/p>\n<p>Emperyalizm, k\u00f6leli\u011fi, orta \u00e7a\u011f ili\u015fkilerini, u\u015fakl\u0131\u011f\u0131 bize dayatamayaca\u011f\u0131n\u0131 bir daha g\u00f6rd\u00fc. Atat\u00fcrk zaferlerinden sonra ilk defa durumu lehine d\u00f6n\u00fc\u015ft\u00fcrme denemesi 15 Temmuz\u2019da son kez kesin duvara toslad\u0131. D\u00fcnyaya tekrar rezil oldu. Fakat bu a\u011f\u0131r geli\u015fmelerden mutlaka \u00e7\u0131kar\u0131lmas\u0131 gereken dersler var.<\/p><div id=\"bghab-2015797048\" class=\"bghab-icerik-icine-35-paragraf bghab-entity-placement\"><script async src=\"\/\/pagead2.googlesyndication.com\/pagead\/js\/adsbygoogle.js?client=ca-pub-6203283170189293\" crossorigin=\"anonymous\"><\/script><ins class=\"adsbygoogle\" style=\"display:block; text-align:center;\" data-ad-client=\"ca-pub-6203283170189293\" \ndata-ad-slot=\"7303146466\" \ndata-ad-layout=\"in-article\"\ndata-ad-format=\"fluid\" data-full-width-responsive=\"true\"><\/ins>\n<script> \n(adsbygoogle = window.adsbygoogle || []).push({}); \n<\/script>\n<\/div>\n<p><strong>Bir defa emperyalizmin \u0130slam D\u00fcnyas\u0131nda d\u00fcnya imaml\u0131\u011f\u0131 plan\u0131 hala canl\u0131d\u0131r<\/strong>.<\/p>\n<p>Bu hayalin sert \u00e7ekirde\u011fi Fetocular\u0131n hen\u00fcz ellerinde bir kozdur. Ba\u015f haini ABD vermek istemiyor. K\u0131vran\u0131yorlar. Tarihlerinde ilk kez bu konuda masaya oturmak zorunda kald\u0131lar. \u00a0Yani geriliyorlar. Amerika Ba\u015fkan Yard\u0131mc\u0131s\u0131 Joe Biden son de PKK\u2019y\u0131 kurtarmak ve PYD\u2019y\u0131 F\u0131rat nehrinin Bat\u0131 k\u0131y\u0131s\u0131na ge\u00e7irmek i\u00e7in gelmi\u015fti, \u015fimdide FET\u00d6\u2019yu iade etmeme veya generallerine kar\u015f\u0131l\u0131k verme derdinde. Anla\u015f\u0131lan T\u00fcrkiye\u2019nin g\u00fc\u00e7lenmesinden en fazla rahats\u0131z olan \u0130ngiltere ve Beyaz Saray!<\/p>\n<p><strong>T\u00fcrkiye olmadan Yeni D\u00fcnya kurulamaz;<\/strong><\/p>\n<p><strong>\u0130kinci olarak yenid\u00fcnya T\u00fcrkiye olmadan kurulamayacak<\/strong>, Bat\u0131l\u0131lar\u0131n \u00fcstesinden gelemedi\u011fi sorunlar var. Bunlar\u0131n en \u00f6nemlisi s\u0131\u011f\u0131nmac\u0131lar problemidir. Avrupa liderleri \u0130talya\u2019da yapt\u0131klar\u0131 son d\u00f6rtl\u00fc <strong>zirvede g\u00f6\u00e7men-s\u0131\u011f\u0131nmac\u0131 sorunlar\u0131n\u0131 T\u00fcrkiye\u2019siz \u00e7\u00f6zmenin m\u00fcmk\u00fcn olamayaca\u011f\u0131n\u0131 itiraf etti.<\/strong> T\u00fcrkiye\u2019de darbe planlar\u0131n\u0131n suya d\u00fc\u015fmesi hepsini d\u00fc\u015f\u00fcnd\u00fcrmekle kalmad\u0131, fel\u00e7 etti. Onlar\u0131n sistemli hainli\u011fi 100 y\u0131ldan beri Mustafa Kemal Atat\u00fcrk d\u0131\u015f siyasetindeki devaml\u0131l\u0131kla y\u00fczle\u015ftik\u00e7e hayal k\u0131r\u0131kl\u0131\u011f\u0131 ya\u015f\u0131yorlar. T\u00fcrkiye Ba\u015fkan\u0131 Say\u0131n R.T. Erdo\u011fan\u2019\u0131n esnek ama \u00f6d\u00fcns\u00fcz d\u0131\u015f siyasetini a\u015fam\u0131yorlar, endi\u015feleri artt\u0131k\u00e7a art\u0131yor.<\/p>\n<p><strong>\u00dc\u00e7 olarak<\/strong>, emperyalizm ve i\u015fbirlik\u00e7ilerine ba\u011flanm\u0131\u015f oldu\u011fu oranda iktidar de\u011fi\u015fikli\u011fine zorlanan T\u00fcrkiye\u2019de 2003\u2019ten beri bu form\u00fcl bu h\u00fck\u00fcmete s\u00f6km\u00fcyor. Bu da Bat\u0131y\u0131 rahats\u0131z ediyor. 7 Haziran 2015 se\u00e7im oyunuyla parlamenter sistemimizin t\u0131kayabildiler ama beklenen sonucu vermedi. Bu sefer Devlet Bah\u00e7eli oyunlar\u0131n\u0131 bozdu. Son 6 y\u0131lda denenen 15 darbe denemesi s\u00f6kmedi. 15 Temmuz da ba\u015flar\u0131na patlad\u0131. Durumu de\u011fi\u015ftiren, yeni oyun kurucu B\u00fcy\u00fck T\u00fcrkiye\u2019dir. \u0130\u015fler, ipler T\u00fcrkiye Ba\u015fkan\u0131 R.T. Erdo\u011fan\u2019\u0131n eline ge\u00e7ti. R\u00fcyalar\u0131 k\u00e2bus oldu.<\/p><div id=\"bghab-2763814725\" class=\"bghab-icerik-icine-40-paragraf bghab-entity-placement\"><script async src=\"\/\/pagead2.googlesyndication.com\/pagead\/js\/adsbygoogle.js?client=ca-pub-6203283170189293\" crossorigin=\"anonymous\"><\/script><ins class=\"adsbygoogle\" style=\"display:block; text-align:center;\" data-ad-client=\"ca-pub-6203283170189293\" \ndata-ad-slot=\"7303146466\" \ndata-ad-layout=\"in-article\"\ndata-ad-format=\"fluid\" data-full-width-responsive=\"true\"><\/ins>\n<script> \n(adsbygoogle = window.adsbygoogle || []).push({}); \n<\/script>\n<\/div>\n<p><strong>D\u00f6rd\u00fcnc\u00fc,<\/strong> T\u00fcrkiye halk\u0131n\u0131n FET\u00d6 ile PDY\u2019n\u0131n i\u00e7 hortlamas\u0131na 15 Temmuz cevab\u0131 tekrar yedi d\u00fcvele \u00f6rnek oldu. D\u00fcnya halklar\u0131 15 Temmuz\u2019da 1919 T\u00fcrkiye\u2019si ruhunu g\u00f6rd\u00fc. Yeni do\u011fan karde\u015flik g\u00fcc\u00fcn\u00fc 80 milyondan al\u0131yor.<\/p>\n<p><strong>Be\u015finci,<\/strong> T\u00fcrkiye\u2019de halk 2016\u2019da cepheyi geni\u015f a\u015ft\u0131. Bir defa Amerikanc\u0131 PKK kendi hendeklerine g\u00f6m\u00fcld\u00fc. \u0130ninde vuruldu. 15 Temmuz 2016 tarihinde yine Amerikanc\u0131-\u0130ngilizci b\u00f6l\u00fcc\u00fc FET\u00d6 \u00f6rg\u00fct\u00fcn\u00fcn gece darbesi giri\u015fimi halk \u2013 ordu birlikteliyle \u00f6nlendi ve ezildi. T\u00fcrk halk\u0131 hi\u00e7bir d\u00fc\u015fmandan korkmad\u0131\u011f\u0131n\u0131 kan\u0131tlad\u0131. Cesaretine cesaret katt\u0131. K\u0131sacas\u0131 etnik PKK ve dini FET\u00d6 kanl\u0131 kalk\u0131\u015fmalar\u0131na kar\u015f\u0131 halk- ordu direni\u015fleri eylemlerde zafer elde etti.<\/p>\n<p><strong>T\u00fcrk halk\u0131 b\u00fcy\u00fck bir olay ya\u015fad\u0131<\/strong>.<\/p>\n<p>Sava\u015farak cumhuriyet, demokrasi ve \u00f6zg\u00fcrl\u00fcklerini daha da peki\u015ftirdi. Birlik ve beraberlik yolunda yeni ad\u0131mlar att\u0131. Bu arada 21. y\u00fczy\u0131l hainli\u011finin ilk \u00e7izgilerini ortaya \u00e7\u0131kar\u0131rken, kar\u015f\u0131-devrim ve darbe yolunun da halklar\u0131n g\u00fc\u00e7 birli\u011fi ile kapanabilece\u011fini g\u00f6sterdi. \u015eimdi hainlerden ar\u0131n\u0131yor. Yeni at\u0131l\u0131mlara bileniyor.<\/p>\n<p><strong>G\u00f6r\u00fcld\u00fc\u011f\u00fc \u00fczere emperyalizm ma\u015fas\u0131 PKK\/FET\u00d6 hainli\u011fine kar\u015f\u0131 m\u00fccadele tarihi \u00f6nemlidir. T\u00fcrkiye\u2019nin art\u0131k milli meselesi olmu\u015ftur. <\/strong><\/p><div id=\"bghab-2454686406\" class=\"bghab-icerik-icine-45-paragraf bghab-entity-placement\"><script async src=\"\/\/pagead2.googlesyndication.com\/pagead\/js\/adsbygoogle.js?client=ca-pub-6203283170189293\" crossorigin=\"anonymous\"><\/script><ins class=\"adsbygoogle\" style=\"display:block; text-align:center;\" data-ad-client=\"ca-pub-6203283170189293\" \ndata-ad-slot=\"7303146466\" \ndata-ad-layout=\"in-article\"\ndata-ad-format=\"fluid\" data-full-width-responsive=\"true\"><\/ins>\n<script> \n(adsbygoogle = window.adsbygoogle || []).push({}); \n<\/script>\n<\/div>\n<p>Bu arada FET\u00d6 kuyru\u011funu koklayarak feodalizmin \u00fclkemizdeki kal\u0131nt\u0131lar\u0131 olarak s\u00fcr\u00fcnen Nurcular, Nak\u015fibend\u00eeler ve bilinen toplam bir\u00e7ok tarikat emperyalizm memesinden s\u00fct bekledi\u011fi i\u00e7in, hepsine kar\u015f\u0131 uyan\u0131k ve dimdik olmal\u0131y\u0131z.<\/p>\n<p>Bulgaristan\u2019da bile, isimlerimizi de\u011fi\u015ftirenlerin, bize anadilimizi ve dinimizi yasaklayanlar\u0131n FET\u00d6 elemanlar\u0131na sahip \u00e7\u0131kt\u0131\u011f\u0131n\u0131 g\u00f6r\u00fcyoruz.<\/p>\n<p><strong>FET\u00d6 konusunda al\u0131nan tav\u0131r, dostu d\u00fc\u015fmandan ay\u0131ran \u00e7izgi olmu\u015ftur.<\/strong><\/p>\n<p>Emperyalizmin bizdeki dayanaklar\u0131ndan biri de yerel a\u011fal\u0131k d\u00fczenidir.<\/p>\n<p>Onun da demokratik reformlarla y\u00fczle\u015fmesi zaman\u0131 \u00e7oktan ge\u00e7mi\u015ftir.<\/p><div id=\"bghab-3797265034\" class=\"bghab-icerik-icine-50-paragraf bghab-entity-placement\"><script async src=\"\/\/pagead2.googlesyndication.com\/pagead\/js\/adsbygoogle.js?client=ca-pub-6203283170189293\" crossorigin=\"anonymous\"><\/script><ins class=\"adsbygoogle\" style=\"display:block; text-align:center;\" data-ad-client=\"ca-pub-6203283170189293\" \ndata-ad-slot=\"7303146466\" \ndata-ad-layout=\"in-article\"\ndata-ad-format=\"fluid\" data-full-width-responsive=\"true\"><\/ins>\n<script> \n(adsbygoogle = window.adsbygoogle || []).push({}); \n<\/script>\n<\/div>\n<p>K\u0131sacas\u0131, Orta \u00c7a\u011fdan kalan t\u00fcm k\u00fcfl\u00fc zihniyet s\u00f6k\u00fcl\u00fcp at\u0131lmadan, FET\u00d6, PDY ve PKK-PYD hi\u00e7bir izi kalmamak ko\u015fuluyla yok edilmeden <strong>YEN\u0130 B\u00dcY\u00dcK T\u00dcRK\u0130YE<\/strong> kurmak zor olur.<\/p>\n<p><strong>Biz D\u00fcnya \u0130maml\u0131\u011f\u0131 i\u00e7inde T\u00fcrkiye \u015fubesi olmay\u0131 asla ve hi\u00e7bir zaman kabul edemeyiz<\/strong>.<\/p>\n<p>Son olarak da art\u0131k d\u00fcnyay\u0131 okuyal\u0131m d\u00fcnyay\u0131 okumak i\u00e7in de AKILLI OLMAK ZORUNDAYIZ, D\u00fcnyay\u0131 y\u00f6netmek i\u00e7in ise akl\u0131 \u00f6ne koymal\u0131y\u0131z.<\/p>\n<p>Zaman geldi tekrar aya\u011f\u0131 kalkma zaman\u0131 geldi, isteselerde istemeselerde<\/p>\n<p><strong>T\u00fcrkler tekrar<\/strong> <strong>D\u00fcnya y\u00f6netiminde s\u00f6z sahibi olacakt\u0131r. <\/strong><\/p><div id=\"bghab-4161911247\" class=\"bghab-icerik-icine-55-paragraf bghab-entity-placement\"><script async src=\"\/\/pagead2.googlesyndication.com\/pagead\/js\/adsbygoogle.js?client=ca-pub-6203283170189293\" crossorigin=\"anonymous\"><\/script><ins class=\"adsbygoogle\" style=\"display:block; text-align:center;\" data-ad-client=\"ca-pub-6203283170189293\" \ndata-ad-slot=\"7303146466\" \ndata-ad-layout=\"in-article\"\ndata-ad-format=\"fluid\" data-full-width-responsive=\"true\"><\/ins>\n<script> \n(adsbygoogle = window.adsbygoogle || []).push({}); \n<\/script>\n<\/div>\n<p>Sayg\u0131 ve sevgilerimizle,<\/p>\n<div id=\"bghab-2652333370\" class=\"bghab-yazi-altinda bghab-entity-placement\"><div class=\"bghab-adlabel\">Reklamlar<\/div><script async src=\"https:\/\/pagead2.googlesyndication.com\/pagead\/js\/adsbygoogle.js\"><\/script>\r\n<!-- bghaber-yaz\u0131-sonu -->\r\n<ins class=\"adsbygoogle\"\r\n     style=\"display:block\"\r\n     data-ad-client=\"ca-pub-6203283170189293\"\r\n     data-ad-slot=\"4222328180\"\r\n     data-ad-format=\"auto\"\r\n     data-full-width-responsive=\"true\"><\/ins>\r\n<script>\r\n     (adsbygoogle = window.adsbygoogle || []).push({});\r\n<\/script><\/div><br style=\"clear: both; display: block; float: none;\"\/>","protected":false},"excerpt":{"rendered":"<p>&nbsp; \u00a0Rafet ULUT\u00dcRK Konu:\u00a0 \u00c7ocuklar\u0131m\u0131z\u0131n FET\u00d6 imam\u0131 olmas\u0131n\u0131 istemiyoruz. Nas\u0131l ki, mayalanm\u0131\u015f bir hamur tekneden ta\u015farsa, d\u00fc\u015fmanl\u0131k a\u015f\u0131lanan sosyal katmanlarda toplumsal d\u00fczene kalk\u0131\u015f\u0131r. Biz bunu,<\/p>\n","protected":false},"author":13,"featured_media":10078,"comment_status":"closed","ping_status":"closed","sticky":false,"template":"","format":"standard","meta":{"advanced_seo_description":"","jetpack_seo_html_title":"","jetpack_seo_noindex":false,"_jetpack_memberships_contains_paid_content":false,"footnotes":""},"categories":[6],"tags":[],"class_list":["post-20182","post","type-post","status-publish","format-standard","has-post-thumbnail","hentry","category-yorum"],"jetpack_featured_media_url":"https:\/\/i0.wp.com\/www.bghaber.org\/bghaber\/wp-content\/uploads\/2014\/05\/rafet-00.jpg?fit=336%2C406&ssl=1","jetpack_sharing_enabled":true,"jetpack_likes_enabled":true,"jetpack-related-posts":[],"jetpack_shortlink":"https:\/\/wp.me\/pc2PfJ-5fw","_links":{"self":[{"href":"https:\/\/www.bghaber.org\/bghaber\/wp-json\/wp\/v2\/posts\/20182","targetHints":{"allow":["GET"]}}],"collection":[{"href":"https:\/\/www.bghaber.org\/bghaber\/wp-json\/wp\/v2\/posts"}],"about":[{"href":"https:\/\/www.bghaber.org\/bghaber\/wp-json\/wp\/v2\/types\/post"}],"author":[{"embeddable":true,"href":"https:\/\/www.bghaber.org\/bghaber\/wp-json\/wp\/v2\/users\/13"}],"replies":[{"embeddable":true,"href":"https:\/\/www.bghaber.org\/bghaber\/wp-json\/wp\/v2\/comments?post=20182"}],"version-history":[{"count":0,"href":"https:\/\/www.bghaber.org\/bghaber\/wp-json\/wp\/v2\/posts\/20182\/revisions"}],"wp:featuredmedia":[{"embeddable":true,"href":"https:\/\/www.bghaber.org\/bghaber\/wp-json\/wp\/v2\/media\/10078"}],"wp:attachment":[{"href":"https:\/\/www.bghaber.org\/bghaber\/wp-json\/wp\/v2\/media?parent=20182"}],"wp:term":[{"taxonomy":"category","embeddable":true,"href":"https:\/\/www.bghaber.org\/bghaber\/wp-json\/wp\/v2\/categories?post=20182"},{"taxonomy":"post_tag","embeddable":true,"href":"https:\/\/www.bghaber.org\/bghaber\/wp-json\/wp\/v2\/tags?post=20182"}],"curies":[{"name":"wp","href":"https:\/\/api.w.org\/{rel}","templated":true}]}}