{"id":20180,"date":"2016-08-23T01:06:36","date_gmt":"2016-08-22T22:06:36","guid":{"rendered":"http:\/\/www.bghaber.org\/bghaber\/?p=20180"},"modified":"2016-08-23T01:06:36","modified_gmt":"2016-08-22T22:06:36","slug":"yeni-bir-ruh-dogdu","status":"publish","type":"post","link":"https:\/\/www.bghaber.org\/bghaber\/yeni-bir-ruh-dogdu\/","title":{"rendered":"Yeni Bir Ruh Do\u011fdu"},"content":{"rendered":"<p><img data-recalc-dims=\"1\" decoding=\"async\" src=\"https:\/\/i0.wp.com\/www.bghaber.org\/bghaber\/wp-content\/uploads\/2015\/06\/Rafet0010.jpg?w=640\" alt=\"Rafet0010\" \/>\u00a0Rafet ULUT\u00dcRK<\/p>\n<p>Konu: <strong>Yenilemez bu halk!<\/strong><\/p>\n<p>Fikir olmadan hedef olu\u015fmaz. Hedef belirlenmeden zafer elde edilemez. Zafer ya bir y\u0131k\u0131m ya da bir do\u011fu\u015ftur. 15 Temmuz 2016 askeri darbe giri\u015fimi yerli ve yabanc\u0131 d\u00fc\u015fmanlar\u0131m\u0131z\u0131n (ABD-\u0130ngiltere-Avrupa) T\u00fcrkiye Cumhuriyetini y\u0131kma hedefine kilitlenmi\u015fti. Hain darbe denemesinin \u00f6z\u00fcnde ve ba\u015f\u0131nda Feytullah G\u00fclen Ter\u00f6r \u00d6rg\u00fct\u00fc FET\u00d6, Paralel Devlet Yap\u0131lanmas\u0131 PYD ile PKK ve DEA\u015e gibi uluslararas\u0131 ter\u00f6r\u00fcn ta\u015feronlar\u0131 da buna kat\u0131lanlar aras\u0131ndayd\u0131. Hepsi yenildi ama pes etmediler. T\u00fcrk halk\u0131n\u0131n Osmanl\u0131 tokad\u0131 onlar\u0131 bir gecede yere y\u0131kt\u0131. Ne var ki, devirmek istedi\u011fimiz iktidar \u00fclkeyi y\u00f6netemiyor, kaosla ba\u015f edemiyor, bizse daha da ac\u0131mas\u0131z olabiliriz gibi ortak sinyaller veriyorlar.<\/p>\n<p>Gaziantep\u2019te 12 ya\u015f\u0131nda bir canl\u0131 bomba 51 \u00f6l\u00fcm getirdi. Hainlikte s\u0131n\u0131r yok. B\u00fcy\u00fck hedeflerinde hepimizi yok etmek ya da bu topraklardan Tanr\u0131 da\u011flar\u0131na kovmak vard\u0131. \u0130stanbul, Ankara, Bursa ve daha bir\u00e7ok canl\u0131 bomba ter\u00f6r olay\u0131, vah\u015feti 15 Temmuz karanl\u0131\u011f\u0131na ta\u015f\u0131yanlar\u0131n planl\u0131 hareket etti\u011fini do\u011frulad\u0131.<\/p>\n<p>Bu hain plan\u0131n maddelerinde, Anadolu T\u00fcrk\u00fc, Trakyal\u0131, Balkanl\u0131, Kavkasl\u0131, Orta Asyal\u0131, K\u0131br\u0131sl\u0131 karde\u015flerinden, d\u00fcnya T\u00fcrkl\u00fc\u011f\u00fcnden koparmak, K\u00fcrd\u00fc-Arap\u2019\u0131 T\u00fcrk\u2019e d\u00fc\u015fman etmek, hepimizle ama ayr\u0131 ayr\u0131 hesapla\u015fma vard\u0131r.<\/p><div id=\"bghab-870726219\" class=\"bghab-icerik-icine bghab-entity-placement\"><script async src=\"\/\/pagead2.googlesyndication.com\/pagead\/js\/adsbygoogle.js?client=ca-pub-6203283170189293\" crossorigin=\"anonymous\"><\/script><ins class=\"adsbygoogle\" style=\"display:block; text-align:center;\" data-ad-client=\"ca-pub-6203283170189293\" \ndata-ad-slot=\"7303146466\" \ndata-ad-layout=\"in-article\"\ndata-ad-format=\"fluid\" data-full-width-responsive=\"true\"><\/ins>\n<script> \n(adsbygoogle = window.adsbygoogle || []).push({}); \n<\/script>\n<\/div>\n<p>Ka\u00e7 ki\u015fi \u00f6lece\u011fi, ne kadar kan d\u00f6k\u00fclece\u011fi umurlar\u0131nda de\u011fil.<\/p>\n<p><strong>T\u0131rmanan hainlik bir toprak ve iktidar kavgas\u0131d\u0131r. Bu, eski bir kavgad\u0131r.<\/strong><\/p>\n<p>\u0130ngiliz ba\u015fbakan\u0131 Churchill\u2019in \u00c7anakkale\u2019den \u00e7ekilirken \u201c<strong>Biz Anadolu\u2019yu T\u00fcrklere b\u0131rakmayaca\u011f\u0131z<\/strong>\u201d demi\u015fti. Bu, ge\u00e7en as\u0131rda strateji olarak geli\u015ftirildi. \u0130kinci D\u00fcnya Sava\u015f\u0131\u2019ndan sonra, 1952\u2019de NATO\u2019nun T\u00fcrkiye\u2019ye yerle\u015fmesiyle m\u00fcttefik maskesi takan Birle\u015fik Amerika, 3 askeri darbe k\u0131\u015fk\u0131rtt\u0131, fakat bu stratejiyi son hedefe ta\u015f\u0131yamad\u0131.<\/p>\n<p>Askeri darbeler, halk\u0131m\u0131z\u0131n e\u011fitti en ayd\u0131n evlatlar\u0131n\u0131 katletti. Vatandan kovuldular. Bunlar yap\u0131l\u0131rken emperyalist \u201c<strong>\u00fcst akl\u0131n<\/strong>\u201d dikkatini bir ayr\u0131nt\u0131 \u00e7ekti. T\u00fcrkiye\u2019nin yeni nesilleri do\u011fu\u015ftan zeki, do\u011fu\u015ftan vatansever, do\u011fu\u015ftan Atat\u00fcrk\u00e7\u00fcyd\u00fc. Hain stratejinin ba\u015far\u0131ya ula\u015fmas\u0131 i\u00e7in bu durumun de\u011fi\u015ftirilmesi gerekiyordu. Bu, 19.ve 20.yy kendilerince denenmi\u015f, fakat ba\u015far\u0131l\u0131 olamam\u0131\u015flard\u0131. Bu i\u015fin hik\u00e2yesi uzun oldu\u011fu kadar, yap\u0131lan masraf da b\u00fcy\u00fckt\u00fc.<\/p>\n<p>Osmanl\u0131\u2019n\u0131n mezar\u0131n\u0131 kazacak kadrolar\u0131 e\u011fitmek amac\u0131yla daha 1819\u2019da Anadolu\u2019ya ilk Amerikal\u0131 misyonerler gelmi\u015fti. Okullar\u0131, hastaneler, hay\u0131r dernekleri ve konsolosluklar a\u00e7arak Osmanl\u0131n\u0131n k\u0131r\u0131lmazl\u0131\u011f\u0131yla \u00fcnl\u00fc halk mermerini din ve etnik damardan \u00e7atlatmak i\u00e7in mil \u00e7akmaya ba\u015flad\u0131lar. D\u00fcnyay\u0131 Protestanla\u015ft\u0131rmaya, Ermenileri Katolikle\u015ftirmeye, Bulgarlar\u0131 milli ba\u011f\u0131ms\u0131zl\u0131k i\u00e7in ayakland\u0131rmaya vb k\u0131\u015fk\u0131rtt\u0131lar.<\/p><div id=\"bghab-395550279\" class=\"bghab-icerik-icine-10-paragraf bghab-entity-placement\"><script async src=\"\/\/pagead2.googlesyndication.com\/pagead\/js\/adsbygoogle.js?client=ca-pub-6203283170189293\" crossorigin=\"anonymous\"><\/script><ins class=\"adsbygoogle\" style=\"display:block; text-align:center;\" data-ad-client=\"ca-pub-6203283170189293\" \ndata-ad-slot=\"7303146466\" \ndata-ad-layout=\"in-article\"\ndata-ad-format=\"fluid\" data-full-width-responsive=\"true\"><\/ins>\n<script> \n(adsbygoogle = window.adsbygoogle || []).push({}); \n<\/script>\n<\/div>\n<p>Bulgarlar\u0131n anayasa ve dini ba\u011f\u0131ms\u0131zl\u0131k isteklerinin eksiksiz yerine getirilmi\u015f olmas\u0131na ra\u011fmen 1876 ba\u015fkald\u0131r\u0131s\u0131 d\u0131\u015ftan gelen k\u0131\u015fk\u0131rt\u0131lar sonucu oldu. 1890\u2019da Harput, Antep isyan\u0131 da onlar\u0131n i\u015fiydi.<\/p>\n<p>Aras\u0131z \u00e7abalara kar\u015f\u0131n, 1923\u2019te kurulan Cumhuriyet tamamen milli, anti-emperyalist ve demokratik ruhluydu. Olu\u015fan yeni T\u00fcrk milli kimli\u011finde onlar\u0131n 100 y\u0131l ektikleri tohumlardan esinti bile yoktu. Osmanl\u0131\u2019daki 23 ABD konsoloslu\u011fu ve 384 Amerikan kolejinin etkinlikleri sanki bo\u015fa gitmi\u015fti.<\/p>\n<p>Bir H\u0131ristiyan\u2019\u0131n, bir M\u00fcsl\u00fcman T\u00fcrk\u00fcn zihnini, dilini, dinini, geleneksel \u015fuurunu de\u011fi\u015ftirebilmesi imk\u00e2ns\u0131zd\u0131. Ge\u00e7en y\u00fczy\u0131l\u0131n ortalar\u0131nda k\u00f6relterek zihin y\u00f6nlendirme \u00f6devini yerli ta\u015feronlara y\u00fckleme karar\u0131 al\u0131nd\u0131.<\/p>\n<p>Ge\u00e7en asr\u0131n ikinci yar\u0131s\u0131nda kurulan, 2016\u2019da T\u00fcrkiye\u2019deki toplam say\u0131s\u0131 1700 okul, dershane ve yerle\u015fke olan <strong>\u201cT\u00fcrk\u00fcn akl\u0131n\u0131 kurutma\u201d<\/strong> tesisleri bu stratejiye g\u00f6re \u00e7al\u0131\u015ft\u0131. Pensilvanya\u2019daki FET\u00d6 merkez yerle\u015fkesinden y\u00f6netilen T\u00fcrk gen\u00e7li\u011fini k\u00f6rle\u015ftirme e\u011fitiminin mevzuat\u0131nda T\u00fcrkl\u00fc\u011f\u00fc uyand\u0131rmadan \u0130ngiliz s\u00f6m\u00fcrgelerinde ba\u015far\u0131l\u0131 olan k\u00f6le olmaktan gurur duyma psikolojisi a\u015f\u0131lan\u0131p h\u00e2kim k\u0131l\u0131nmak istendi.<\/p>\n<p>Hedeflenen, d\u00fc\u015f\u00fcnemeyen T\u00fcrk tipinin bi\u00e7imlenmesinde mekanik uygulay\u0131c\u0131 model yer ald\u0131. Bilgisayar oyunlar\u0131nda binleri \u00f6ld\u00fcrenlerin sokakta 10 ki\u015fi \u00f6ld\u00fcrmesini normal kar\u015f\u0131layan alg\u0131 beslendi. Sanal ortama kolektif katliam dayat\u0131ld\u0131.<\/p><div id=\"bghab-2782462293\" class=\"bghab-icerik-icine-15-paragraf bghab-entity-placement\"><script async src=\"\/\/pagead2.googlesyndication.com\/pagead\/js\/adsbygoogle.js?client=ca-pub-6203283170189293\" crossorigin=\"anonymous\"><\/script><ins class=\"adsbygoogle\" style=\"display:block; text-align:center;\" data-ad-client=\"ca-pub-6203283170189293\" \ndata-ad-slot=\"7303146466\" \ndata-ad-layout=\"in-article\"\ndata-ad-format=\"fluid\" data-full-width-responsive=\"true\"><\/ins>\n<script> \n(adsbygoogle = window.adsbygoogle || []).push({}); \n<\/script>\n<\/div>\n<p>Biz, BULT\u00dcRK\u2013BGSAM yay\u0131mc\u0131s\u0131 olarak 15 Temmuz 2016 kalk\u0131\u015fmas\u0131n\u0131 a\u00e7\u0131klarken darbe, kalk\u0131\u015fma, <strong>kar\u015f\u0131-devrim<\/strong> kavramlar\u0131n\u0131 kulland\u0131k. \u00c7\u00fcnk\u00fc bu kar\u015f\u0131-devrim \u00f6z\u00fc itibariyle Atat\u00fcrk devrimlerimizi, Cumhuriyetimizi ala\u015fa\u011f\u0131 etmeyi ama\u00e7layan bir silahl\u0131 kalk\u0131\u015fmayd\u0131.<\/p>\n<p>Halk\u0131m\u0131z\u0131n se\u00e7ti\u011fi Cumhurba\u015fkan\u0131m\u0131z R.T.Erdo\u011fan \u00f6ld\u00fcr\u00fclecek, h\u00fck\u00fcmet ve meclis da\u011f\u0131t\u0131lacak, hukukun \u00fcst\u00fcnl\u00fc\u011f\u00fc ilkesi ayakalt\u0131na al\u0131nacakt\u0131. Devlet idare y\u00f6ntemi olarak parlamenter demokrasimiz fa\u015fizm diktat\u00f6rl\u00fc\u011f\u00fc ile de\u011fi\u015ftirilecekti.<\/p>\n<p>\u0130stiklal ve ba\u011f\u0131ms\u0131zl\u0131\u011f\u0131m\u0131z yok say\u0131lacak, k\u00f6lele\u015ftirilmi\u015f bir devlet gibi yabanc\u0131 g\u00fc\u00e7ler taraf\u0131ndan idare edilecektik. Uygarl\u0131\u011f\u0131m\u0131z\u0131n ana temeli olan laiklik ilkemiz has\u0131ralt\u0131 edilip yerine \u0131l\u0131ml\u0131 \u0130slam\u2019\u0131n di\u011fer dinlerle diyalog yoluyla kayna\u015fma prensipleri yasalla\u015ft\u0131r\u0131lacakt\u0131. Kar\u015f\u0131-devrim Cumhuriyetle yanan \u00f6zg\u00fcrl\u00fck me\u015falemizi s\u00f6nd\u00fcr\u00fcp istikbalimizi zindan edecekti. Kar\u015f\u0131-devrim durdurma \u00f6rne\u011fi veren halk\u0131m\u0131z d\u00fcnya kahraman\u0131d\u0131r. 1973\u2019te Salvador Allende devrilirken \u015eili halk\u0131 yapamam\u0131\u015ft\u0131.<\/p>\n<p>Meclisi bombalatan pilotta, Cumhurba\u015fkan\u0131 Say\u0131n Recep Tayip Erdo\u011fan ve ailesini, Ba\u015fbakan Say\u0131n Binali Y\u0131ld\u0131r\u0131m\u2019\u0131 ve ailesini yok etmeye yeltenenlere, vatanda\u015flar\u0131 sokaklarda \u00e7i\u011fneyen tanklar\u0131 s\u00fcrenlere, halka ate\u015f a\u00e7an askere, 260 karde\u015fimizi kur\u015funlayan ve 2.500 karde\u015fimizi de yaralayan insan kopyas\u0131 \u201c<strong>ta\u015f kafa<\/strong>\u201d tipler g\u00f6rd\u00fck.<\/p>\n<p><strong>Bunlar aram\u0131zda dola\u015fan, camide namaza duran ama amerikan k\u00f6lesi olma sevdas\u0131yla ya\u015fayan hainler oldu\u011funu d\u00fc\u015f\u00fcnd\u00fck\u00e7e kahroluyorum. <\/strong><\/p><div id=\"bghab-493209825\" class=\"bghab-icerik-icine-20-paragraf bghab-entity-placement\"><script async src=\"\/\/pagead2.googlesyndication.com\/pagead\/js\/adsbygoogle.js?client=ca-pub-6203283170189293\" crossorigin=\"anonymous\"><\/script><ins class=\"adsbygoogle\" style=\"display:block; text-align:center;\" data-ad-client=\"ca-pub-6203283170189293\" \ndata-ad-slot=\"7303146466\" \ndata-ad-layout=\"in-article\"\ndata-ad-format=\"fluid\" data-full-width-responsive=\"true\"><\/ins>\n<script> \n(adsbygoogle = window.adsbygoogle || []).push({}); \n<\/script>\n<\/div>\n<p>Y\u00fcksek lisansl\u0131, diplomal\u0131, r\u00fctbeli, tak\u0131m elbiseli ve hatta kravatl\u0131 olmalar\u0131 hi\u00e7bir \u015fey ifade etmez, onlar T\u00fcrk ruhu s\u00f6nd\u00fcr\u00fclm\u00fc\u015f, yerine T\u00fcrk d\u00fc\u015fmanl\u0131\u011f\u0131 a\u015f\u0131lanm\u0131\u015f kendini be\u011fenmi\u015f tiplerdir.<\/p>\n<p><strong>D\u00fc\u015fman\u0131m\u0131z aram\u0131zda ve kar\u015f\u0131m\u0131zdad\u0131r. <\/strong><\/p>\n<p>Kendilerini emperyalizme satm\u0131\u015f, T\u00fcrkiye Cumhuriyeti\u2019ni b\u00f6l\u00fcp par\u00e7alayarak b\u00f6l\u00fcnecek devletimize diz \u00e7\u00f6kt\u00fcrme stratejisini kabul etmi\u015f g\u00f6z\u00fc d\u00f6nm\u00fc\u015f halk d\u00fc\u015fmanlar\u0131d\u0131r onlar. G\u00f6r\u00fcld\u00fc\u011f\u00fc \u00fczere, hainler NATO \u00fcyeli\u011fimiz y\u0131llar\u0131nda paralel yap\u0131lanma bi\u00e7iminde TSK\u2019ne, askeri okul ve akademilere, e\u011fitim ve yarg\u0131 sistemine, polis ve jandarmaya, kad\u0131n ve gen\u00e7lik \u00f6rg\u00fctlerine, b\u00fcy\u00fck say\u0131da aileye s\u0131zm\u0131\u015ft\u0131r. Devlet b\u00fcnyesine doland\u0131r\u0131c\u0131l\u0131k, vurgunculuk, yalanlama gibi y\u00f6ntemler ta\u015f\u0131m\u0131\u015ft\u0131r. T\u00fcrk halk\u0131n\u0131n adalette, hukukun \u00fcst\u00fcnl\u00fc\u011f\u00fcne ve demokratik ilkelere olan inanc\u0131 yaralanm\u0131\u015ft\u0131r.<\/p>\n<p>Vaktiyle Osmanl\u0131ya stratejik tuzak kuranlar\u0131n, T\u00fcrkiye Cumhuriyeti\u2019ne de FET\u00d6 arac\u0131l\u0131yla uzun s\u00fcreli komplo d\u00fczenlemelerinde \u015fa\u015f\u0131lacak bir \u015fey yoktur. Olay\u0131n sert \u00f6z\u00fcnde (\u00e7ekirde\u011finde) \u015fu var. Bir ger\u00e7ektir:<\/p>\n<p><strong>T\u00fcrk-\u0130slam d\u00fcnyas\u0131na h\u00e2kim olamayan d\u00fcnya egemenli\u011fi kuramaz!<\/strong><\/p><div id=\"bghab-362552870\" class=\"bghab-icerik-icine-25-paragraf bghab-entity-placement\"><script async src=\"\/\/pagead2.googlesyndication.com\/pagead\/js\/adsbygoogle.js?client=ca-pub-6203283170189293\" crossorigin=\"anonymous\"><\/script><ins class=\"adsbygoogle\" style=\"display:block; text-align:center;\" data-ad-client=\"ca-pub-6203283170189293\" \ndata-ad-slot=\"7303146466\" \ndata-ad-layout=\"in-article\"\ndata-ad-format=\"fluid\" data-full-width-responsive=\"true\"><\/ins>\n<script> \n(adsbygoogle = window.adsbygoogle || []).push({}); \n<\/script>\n<\/div>\n<p>Bu sonsuz zenginlikler \u00e2lemine hakim olma anahtar\u0131 ise T\u00fcrkiye\u2019nin elindedir. Halifeli\u011fi \u0130stanbul\u2019a ta\u015f\u0131yan Osmanl\u0131d\u0131r. Yeni uygarl\u0131\u011f\u0131 hayata \u00e7a\u011f\u0131r\u0131rken ise onu kald\u0131ran bir kenara b\u0131rakan yine T\u00fcrkiye meclisidir.<\/p>\n<p><strong>G\u00fcn\u00fcm\u00fczdeyse \u0130slam \u00dclkeleri Konsey Ba\u015fkan\u0131 T\u00fcrkiye Cumhuriyeti Ba\u015fkan\u0131 Say\u0131n R.T. Erdo\u011fan\u2019d\u0131r.<\/strong><\/p>\n<p>En g\u00fc\u00e7l\u00fc b\u00f6lge T\u00fcrk-\u0130slam \u00e7o\u011frafyas\u0131nda lider devleti de T\u00fcrkiye\u2019dir. Cumhuriyet ilan\u0131n\u0131n 100.y\u0131ld\u00f6n\u00fcm\u00fcne B\u00fcy\u00fck T\u00fcrk\u00fcye at\u0131l\u0131mlar\u0131 bir\u00e7oklar\u0131n\u0131 \u00fcrk\u00fctt\u00fc. D\u00fcnya \u015fa\u015fk\u0131nl\u0131kla izlemeye ba\u015flad\u0131, hepsi bir anda \u00fcrkt\u00fc.<\/p>\n<p><strong>T\u00fcrk-\u0130slam D\u00fcnyas\u0131nda beklentiler T\u00fcrkiye Cumhuriyeti\u2019ne d\u00f6nd\u00fc. <\/strong><\/p>\n<p>\u00d6zellikle son y\u0131llarda ate\u015fi s\u00f6nmeyen Yak\u0131n Do\u011fu \u00fcst\u00fcne strateji geli\u015ftirip savunan, oyun kuran T\u00fcrkiye\u2019nin Yeni T\u00fcrkiye Ba\u015fkan\u0131 oldu. Irak, Suriye ve Yemen\u2019de kan d\u00f6ken, bu \u00fclkeleri par\u00e7alamak isteyen, \u201c<strong>Arap Bahar\u0131<\/strong>\u201d ile T\u00fcrk-\u0130slam medeniyetine \u00f6l\u00fcmc\u00fcl darbe indirmek isteyen emperyalizm oldu\u011funu defalarca yazd\u0131k, \u00e7izdik. Ejderha ta\u015feronlu\u011funa soyunmu\u015f PKK-DAE\u015e, PDY, \u00a0PYD ve di\u011fer \u00e7akal s\u00fcr\u00fcs\u00fcn\u00fcn hain \u201c<strong>\u00fcst akl\u0131n<\/strong>\u201d emrinde oldu\u011funu, emperyalizme hizmet ettiklerini, \u00fclkeleri par\u00e7alaman\u0131n bar\u0131\u015fa g\u00f6t\u00fcren bir yol olmad\u0131\u011f\u0131n\u0131 defalarca vurgulayan T\u00fcrkiye Cumhuriyeti Cumhurba\u015fkan\u0131 Erdo\u011fan oldu. D\u00fcnya halklar\u0131 Yak\u0131n Do\u011fu\u2019da en g\u00fcvenilir, en bar\u0131\u015f\u00e7\u0131, en huzurlu devletin T\u00fcrkiye Cumhuriyeti oldu\u011funu g\u00f6rd\u00fc\u011f\u00fc i\u00e7in, 4 milyon s\u0131\u011f\u0131nmac\u0131ya kucak a\u00e7t\u0131k. K\u0131skan\u0131yorlar.<\/p><div id=\"bghab-2156834446\" class=\"bghab-icerik-icine-30-paragraf bghab-entity-placement\"><script async src=\"\/\/pagead2.googlesyndication.com\/pagead\/js\/adsbygoogle.js?client=ca-pub-6203283170189293\" crossorigin=\"anonymous\"><\/script><ins class=\"adsbygoogle\" style=\"display:block; text-align:center;\" data-ad-client=\"ca-pub-6203283170189293\" \ndata-ad-slot=\"7303146466\" \ndata-ad-layout=\"in-article\"\ndata-ad-format=\"fluid\" data-full-width-responsive=\"true\"><\/ins>\n<script> \n(adsbygoogle = window.adsbygoogle || []).push({}); \n<\/script>\n<\/div>\n<p><strong>Ter\u00f6r bombalar\u0131 nu nedenle kamplarda, d\u00fc\u011f\u00fcnde, ni\u015fanda, pazarda patl\u0131yor.<\/strong><\/p>\n<p>T\u00fcrkiye\u2019de kaos yarat\u0131lmak isteniyor. \u00c7ok can alan Gaziantep katliam\u0131n\u0131n \u00f6z\u00fcne bakt\u0131\u011f\u0131m\u0131zda, art\u0131k ter\u00f6r bombalar\u0131n\u0131 s\u0131\u011f\u0131nmac\u0131 b\u00f6lgelerinde, kamplarda patlat\u0131p, sava\u015f ka\u00e7aklar\u0131n\u0131n rahat\u0131n\u0131 bozmak, onlar\u0131 yollara d\u00f6kmek istedi\u011fini g\u00f6r\u00fcyoruz. Dolay\u0131s\u0131yla \u201c<strong>bak\u0131n T\u00fcrkiye Cumhuriyeti uluslararas\u0131 angajmanlar\u0131n\u0131 yerine getiremiyor, orada kaos var, duruma hakim olam\u0131yorlar<\/strong>.\u201d Gibi sa\u00e7mal\u0131klar savurduklar\u0131n\u0131 i\u015fitmeyen kalmad\u0131. Ter\u00f6rc\u00fc propaganda halk\u0131 k\u0131\u015fk\u0131rt\u0131yor. Onlar bizi kom\u015fumuz Irak sald\u0131r\u0131s\u0131na s\u00fcr\u00fckleyemediler. Suriye ate\u015fine itemediler.<\/p>\n<p><strong>15 Temmuz darbe giri\u015fimi kafalar\u0131nda patlad\u0131. <\/strong><\/p>\n<p>Halen gerginli\u011fi daha da t\u0131rmand\u0131rmak i\u00e7in \u00e7ocuklara, kad\u0131nlara sald\u0131r\u0131yor, d\u00fc\u011f\u00fcnleri bombal\u0131yorlar. Ve d\u00fcnya \u0130nsan Haklar\u0131 \u00d6rg\u00fctleri, demokrasi kalelerinden borazan sesler y\u00fckselmiyor. Kimin hangi tarafta oldu\u011funu g\u00f6rmeyen kalmad\u0131.<\/p>\n<p><strong>Stratejik tuzaklar konusunda tarih ne diyor?<\/strong><\/p><div id=\"bghab-1303729720\" class=\"bghab-icerik-icine-35-paragraf bghab-entity-placement\"><script async src=\"\/\/pagead2.googlesyndication.com\/pagead\/js\/adsbygoogle.js?client=ca-pub-6203283170189293\" crossorigin=\"anonymous\"><\/script><ins class=\"adsbygoogle\" style=\"display:block; text-align:center;\" data-ad-client=\"ca-pub-6203283170189293\" \ndata-ad-slot=\"7303146466\" \ndata-ad-layout=\"in-article\"\ndata-ad-format=\"fluid\" data-full-width-responsive=\"true\"><\/ins>\n<script> \n(adsbygoogle = window.adsbygoogle || []).push({}); \n<\/script>\n<\/div>\n<p>Jean-Jacques Rousseou (1712 -1778) \u201c<strong>Toplum S\u00f6zle\u015fmesi<\/strong>\u201dni yazd\u0131 ama Frans\u0131z Devrimini g\u00f6remedi. Sosyal devrimler darbelerden farkl\u0131 olarak yasald\u0131r.<\/p>\n<p><strong>De\u011fi\u015fiklik isteyen taban\u0131n kaynamas\u0131ndan g\u00fc\u00e7 al\u0131r. <\/strong><\/p>\n<p><strong>\u201cDevrim r\u00fczg\u00e2r\u0131 geliyor\u201d<\/strong> fikrinin babas\u0131 Paris sokaklar\u0131nda akan kan\u0131 g\u00f6rseydi, belki de sosyal devrimlerle ilgili fikrini de\u011fi\u015ftirirdi. \u201c<strong>Akan kan\u0131n \u00f6nemi yok<\/strong>\u201d onun sat\u0131r aralar\u0131ndan al\u0131nm\u0131\u015ft\u0131r.<\/p>\n<p><strong>Devrim ac\u0131s\u0131 tatl\u0131d\u0131r. Ac\u0131 olan darbe ac\u0131s\u0131d\u0131r. <\/strong><\/p>\n<p>B\u00fct\u00fcn millet aya kalkt\u0131. \u015eehitlerimiz var. Bunu nas\u0131l unuturuz! Demokrasi destan\u0131 yazd\u0131k. Aziz vatan i\u00e7in ayakland\u0131k. Birlik ve beraberlik cephesinde bulu\u015ftuk. Yeni ortak bir ruhla do\u011fduk. Birlik ve beraberlik cephesinde bulu\u015ftuk. Darbeleri lanetleyen, demokrasi ve \u00f6zg\u00fcrl\u00fckleri ya\u015fatan yeni ruhla kucakla\u015ft\u0131k.\u00a0 B\u00fcy\u00fck dirili\u015fin <strong>\u201cYeni Kap\u0131\u201d<\/strong> halk \u015f\u00f6lenini ya\u015fad\u0131k.<\/p><div id=\"bghab-3165048321\" class=\"bghab-icerik-icine-40-paragraf bghab-entity-placement\"><script async src=\"\/\/pagead2.googlesyndication.com\/pagead\/js\/adsbygoogle.js?client=ca-pub-6203283170189293\" crossorigin=\"anonymous\"><\/script><ins class=\"adsbygoogle\" style=\"display:block; text-align:center;\" data-ad-client=\"ca-pub-6203283170189293\" \ndata-ad-slot=\"7303146466\" \ndata-ad-layout=\"in-article\"\ndata-ad-format=\"fluid\" data-full-width-responsive=\"true\"><\/ins>\n<script> \n(adsbygoogle = window.adsbygoogle || []).push({}); \n<\/script>\n<\/div>\n<p><strong>\u0130nsano\u011flu ac\u0131s\u0131n\u0131 ya\u015famadan felaketin b\u00fcy\u00fckl\u00fc\u011f\u00fcn\u00fc g\u00f6remiyor. Biz g\u00f6rebildik.<\/strong><\/p>\n<p>Maximilien Robespierre (1758 \u2013 1794)\u00a0 B\u00fcy\u00fck Frans\u0131z Devrimini ya\u015fad\u0131. D\u00fc\u015fmanlar\u0131n\u0131n hepsinin kelesini kayd\u0131rma hevesi onun kellesini giyotine g\u00f6t\u00fcrd\u00fc. FET\u00d6 kadar hevesliydi. Toplumu kaosa s\u00fcr\u00fcklemi\u015f, akan kan\u0131n hesab\u0131n\u0131 tutmuyordu. Bir g\u00fcn her \u015fey tersine d\u00f6nd\u00fc. Temelsiz e\u015fitlik, \u00f6zg\u00fcrl\u00fck ve karde\u015flikten diktat\u00f6rl\u00fck do\u011fdu.<\/p>\n<p>Fransa\u2019da Krall\u0131\u011f\u0131n Cumhuriyetle de\u011fi\u015ftirilmesi ve topluma demokrasi fikirlerinin serpilmesi 100 y\u0131l ald\u0131. 1934\u2019te do\u011fan Alman fa\u015fizmi 1945\u2019te yok oldu. 1939\u2019da Amerikan Haber Alman Ajans\u0131 C\u0130A ajanlar\u0131 Sovyet Sosyalist Cumhuriyetler Birli\u011fi\u2019ni (SSCB) da\u011f\u0131tma stratejisi mayalad\u0131.<\/p>\n<p>Sovyet toplumuna yutturulan zehirli hap etnik ve milletlerin \u00f6zg\u00fcn ba\u011f\u0131ms\u0131z devletler kurma hayalini ate\u015fledi.<\/p>\n<p><strong>1992\u2019de 15 devletin birli\u011fi da\u011f\u0131ld\u0131. 15 yeni ba\u011f\u0131ms\u0131z devlet kuruldu. <\/strong><\/p><div id=\"bghab-823584910\" class=\"bghab-icerik-icine-45-paragraf bghab-entity-placement\"><script async src=\"\/\/pagead2.googlesyndication.com\/pagead\/js\/adsbygoogle.js?client=ca-pub-6203283170189293\" crossorigin=\"anonymous\"><\/script><ins class=\"adsbygoogle\" style=\"display:block; text-align:center;\" data-ad-client=\"ca-pub-6203283170189293\" \ndata-ad-slot=\"7303146466\" \ndata-ad-layout=\"in-article\"\ndata-ad-format=\"fluid\" data-full-width-responsive=\"true\"><\/ins>\n<script> \n(adsbygoogle = window.adsbygoogle || []).push({}); \n<\/script>\n<\/div>\n<p>\u00dc\u00e7\u00fc &#8211; Lituanya, Letonya ve Estonya ise Sovyet sisteminin yeni devletler toplulu\u011fundan da tamamen koptu. Bu plan 53 senede ger\u00e7ekle\u015fti.<\/p>\n<p><strong>T\u00fcrkiye Cumhuriyetini yok etme plan\u0131n\u0131n stratejik bir zorlama oldu\u011funa inan\u0131yoruz.<\/strong><\/p>\n<p>Osmanl\u0131y\u0131, \u0130slam d\u00fcnyas\u0131n\u0131 esir etmek amac\u0131yla haz\u0131rlanan \u0130ngiliz-Amerikan mason planlar\u0131n\u0131n 2 as\u0131r k\u00f6kleri oldu\u011funu g\u00f6rd\u00fck. \u0130slam d\u00fc\u015fman\u0131 \u0130ngiliz casusu Lawrence\u2019\u0131n Mekke\u2019de M\u00fczesi oldu\u011funu biliyoruz.<\/p>\n<p>Bize olan t\u00fcm d\u00fc\u015fmanl\u0131klar\u0131n sentezi olan FET\u00d6- PDY \u2013PKK- PYD ve DEA\u015e ter\u00f6r yap\u0131lanmas\u0131n k\u00f6kleri 50 y\u0131l gerilere uzan\u0131r.<\/p>\n<p>Tek ba\u015fl\u0131 10 kollu bir ahtapot gibidir. D\u00fcnya d\u00fcnya olal\u0131 g\u00f6rm\u00fc\u015f g\u00f6rm\u00fc\u015f de b\u00f6yle bir \u015fey g\u00f6rmemi\u015ftir.<\/p><div id=\"bghab-743921571\" class=\"bghab-icerik-icine-50-paragraf bghab-entity-placement\"><script async src=\"\/\/pagead2.googlesyndication.com\/pagead\/js\/adsbygoogle.js?client=ca-pub-6203283170189293\" crossorigin=\"anonymous\"><\/script><ins class=\"adsbygoogle\" style=\"display:block; text-align:center;\" data-ad-client=\"ca-pub-6203283170189293\" \ndata-ad-slot=\"7303146466\" \ndata-ad-layout=\"in-article\"\ndata-ad-format=\"fluid\" data-full-width-responsive=\"true\"><\/ins>\n<script> \n(adsbygoogle = window.adsbygoogle || []).push({}); \n<\/script>\n<\/div>\n<p><strong>Bulgaristan\u2019dan bir \u00f6rnek verelim. <\/strong><\/p>\n<p>Bizde de FET\u00d6 kadrolar\u0131 ayr\u0131k otu gibi. \u00d6nce \u201c<strong>Bulgaristan Zaman<\/strong>\u201d gazetesinde \u00e7al\u0131\u015fan FET\u00d6 eleman\u0131 Ahmet Ahmet, ilgililerin bast\u0131rmas\u0131yla atand\u0131\u011f\u0131 Bulgaristan T\u00fcrkleri Ba\u015f M\u00fcft\u00fcl\u00fc\u011f\u00fc Genel Sekreterli\u011fi\u2019nden 15 Temmuz\u2019dan sonra serbest b\u0131rak\u0131ld\u0131, hemen \u201c<strong>M\u00fcsl\u00fcmanla<\/strong>r\u201d dergisi Ba\u015f Redakt\u00f6rl\u00fc\u011f\u00fcne getirildi. Bizdeki atas\u00f6z\u00fc \u015f\u00f6yledir: \u201c<strong>Ayr\u0131k otu 40 y\u0131l duvarda dursa, topra\u011fa d\u00fc\u015ft\u00fc\u011f\u00fc an ye\u015ferir<\/strong>.\u201d Ne g\u00fczel s\u00f6ylenmi\u015f de\u011fil mi!<\/p>\n<p>&nbsp;<\/p>\n<p>15 Temmuz 2016\u2019da ve \u201c<strong>Yeni Kap\u0131<\/strong>\u201d mitingine b\u00fcy\u00fcyen halk kararl\u0131l\u0131\u011f\u0131ndan <strong>YEN\u0130 B\u0130R T\u00dcRK RUHU DO\u011eDU. <\/strong><\/p>\n<p><strong>Bu bir B\u0130RL\u0130K VE BERABERL\u0130K VE YEN\u0130LMEZL\u0130K ruhudur.<\/strong> Birlikteli\u011fimizin en b\u00fcy\u00fck erdemidir.<\/p><div id=\"bghab-4265561333\" class=\"bghab-icerik-icine-55-paragraf bghab-entity-placement\"><script async src=\"\/\/pagead2.googlesyndication.com\/pagead\/js\/adsbygoogle.js?client=ca-pub-6203283170189293\" crossorigin=\"anonymous\"><\/script><ins class=\"adsbygoogle\" style=\"display:block; text-align:center;\" data-ad-client=\"ca-pub-6203283170189293\" \ndata-ad-slot=\"7303146466\" \ndata-ad-layout=\"in-article\"\ndata-ad-format=\"fluid\" data-full-width-responsive=\"true\"><\/ins>\n<script> \n(adsbygoogle = window.adsbygoogle || []).push({}); \n<\/script>\n<\/div>\n<p>\u00c7anakkale dirili\u015finden y\u00fckselen <strong>NE MUTLU T\u00dcRK\u00dcM D\u0130YENE!<\/strong><\/p>\n<p>Gururuyla bir daha kanatland\u0131k.<\/p>\n<p><strong>Yeni \u00f6devlerimiz var. Zaman silkinme ve dirilip diklenme zaman\u0131d\u0131r. <\/strong><\/p>\n<p>\u00dcst\u00fcn gelenden hesap sorulmaz. Al\u00e7aklar\u0131n hesab\u0131n\u0131 g\u00f6rmemiz boyun borcumuzdur. Demir d\u00f6v\u00fcl\u00fcrken sertle\u015fir, halklar ezildik\u00e7e y\u00fccelir. Biz \u00e7ok \u00e7ektik. Zaman, ortak ruhla u\u00e7ma zaman\u0131d\u0131r.<\/p>\n<p>Devam edecek.<\/p><div id=\"bghab-2806440386\" class=\"bghab-icerik-icine-60-paragraf bghab-entity-placement\"><script async src=\"\/\/pagead2.googlesyndication.com\/pagead\/js\/adsbygoogle.js?client=ca-pub-6203283170189293\" crossorigin=\"anonymous\"><\/script><ins class=\"adsbygoogle\" style=\"display:block; text-align:center;\" data-ad-client=\"ca-pub-6203283170189293\" \ndata-ad-slot=\"7303146466\" \ndata-ad-layout=\"in-article\"\ndata-ad-format=\"fluid\" data-full-width-responsive=\"true\"><\/ins>\n<script> \n(adsbygoogle = window.adsbygoogle || []).push({}); \n<\/script>\n<\/div>\n<p>&nbsp;<\/p>\n<p>&nbsp;<\/p>\n<p>&nbsp;<\/p>\n<p>&nbsp;<\/p>\n<p>&nbsp;<\/p><div id=\"bghab-2634656726\" class=\"bghab-icerik-icine-65-paragraf bghab-entity-placement\"><script async src=\"\/\/pagead2.googlesyndication.com\/pagead\/js\/adsbygoogle.js?client=ca-pub-6203283170189293\" crossorigin=\"anonymous\"><\/script><ins class=\"adsbygoogle\" style=\"display:block; text-align:center;\" data-ad-client=\"ca-pub-6203283170189293\" \ndata-ad-slot=\"7303146466\" \ndata-ad-layout=\"in-article\"\ndata-ad-format=\"fluid\" data-full-width-responsive=\"true\"><\/ins>\n<script> \n(adsbygoogle = window.adsbygoogle || []).push({}); \n<\/script>\n<\/div>\n<p>&nbsp;<\/p>\n<p>&nbsp;<\/p>\n<p>&nbsp;<\/p>\n<p>&nbsp;<\/p>\n<p>&nbsp;<\/p>\n<div id=\"bghab-3441052023\" class=\"bghab-yazi-altinda bghab-entity-placement\"><div class=\"bghab-adlabel\">Reklamlar<\/div><script async src=\"https:\/\/pagead2.googlesyndication.com\/pagead\/js\/adsbygoogle.js\"><\/script>\r\n<!-- bghaber-yaz\u0131-sonu -->\r\n<ins class=\"adsbygoogle\"\r\n     style=\"display:block\"\r\n     data-ad-client=\"ca-pub-6203283170189293\"\r\n     data-ad-slot=\"4222328180\"\r\n     data-ad-format=\"auto\"\r\n     data-full-width-responsive=\"true\"><\/ins>\r\n<script>\r\n     (adsbygoogle = window.adsbygoogle || []).push({});\r\n<\/script><\/div><br style=\"clear: both; display: block; float: none;\"\/>","protected":false},"excerpt":{"rendered":"<p>\u00a0Rafet ULUT\u00dcRK Konu: Yenilemez bu halk! Fikir olmadan hedef olu\u015fmaz. Hedef belirlenmeden zafer elde edilemez. Zafer ya bir y\u0131k\u0131m ya da bir do\u011fu\u015ftur. 15 Temmuz<\/p>\n","protected":false},"author":13,"featured_media":15193,"comment_status":"closed","ping_status":"closed","sticky":false,"template":"","format":"standard","meta":{"advanced_seo_description":"","jetpack_seo_html_title":"","jetpack_seo_noindex":false,"_jetpack_memberships_contains_paid_content":false,"footnotes":""},"categories":[6],"tags":[],"class_list":["post-20180","post","type-post","status-publish","format-standard","has-post-thumbnail","hentry","category-yorum"],"jetpack_featured_media_url":"https:\/\/i0.wp.com\/www.bghaber.org\/bghaber\/wp-content\/uploads\/2015\/06\/Rafet0010.jpg?fit=777%2C813&ssl=1","jetpack_sharing_enabled":true,"jetpack_likes_enabled":true,"jetpack-related-posts":[],"jetpack_shortlink":"https:\/\/wp.me\/pc2PfJ-5fu","_links":{"self":[{"href":"https:\/\/www.bghaber.org\/bghaber\/wp-json\/wp\/v2\/posts\/20180","targetHints":{"allow":["GET"]}}],"collection":[{"href":"https:\/\/www.bghaber.org\/bghaber\/wp-json\/wp\/v2\/posts"}],"about":[{"href":"https:\/\/www.bghaber.org\/bghaber\/wp-json\/wp\/v2\/types\/post"}],"author":[{"embeddable":true,"href":"https:\/\/www.bghaber.org\/bghaber\/wp-json\/wp\/v2\/users\/13"}],"replies":[{"embeddable":true,"href":"https:\/\/www.bghaber.org\/bghaber\/wp-json\/wp\/v2\/comments?post=20180"}],"version-history":[{"count":0,"href":"https:\/\/www.bghaber.org\/bghaber\/wp-json\/wp\/v2\/posts\/20180\/revisions"}],"wp:featuredmedia":[{"embeddable":true,"href":"https:\/\/www.bghaber.org\/bghaber\/wp-json\/wp\/v2\/media\/15193"}],"wp:attachment":[{"href":"https:\/\/www.bghaber.org\/bghaber\/wp-json\/wp\/v2\/media?parent=20180"}],"wp:term":[{"taxonomy":"category","embeddable":true,"href":"https:\/\/www.bghaber.org\/bghaber\/wp-json\/wp\/v2\/categories?post=20180"},{"taxonomy":"post_tag","embeddable":true,"href":"https:\/\/www.bghaber.org\/bghaber\/wp-json\/wp\/v2\/tags?post=20180"}],"curies":[{"name":"wp","href":"https:\/\/api.w.org\/{rel}","templated":true}]}}