{"id":20178,"date":"2016-08-22T23:52:25","date_gmt":"2016-08-22T20:52:25","guid":{"rendered":"http:\/\/www.bghaber.org\/bghaber\/?p=20178"},"modified":"2016-08-22T23:52:25","modified_gmt":"2016-08-22T20:52:25","slug":"torba-kanun-tasarisi-ile-turkiye-varlik-fonu-kurulmasi-hakkinda-kanun-teklif","status":"publish","type":"post","link":"https:\/\/www.bghaber.org\/bghaber\/torba-kanun-tasarisi-ile-turkiye-varlik-fonu-kurulmasi-hakkinda-kanun-teklif\/","title":{"rendered":"Torba Kanun tasar\u0131s\u0131 ile T\u00fcrkiye Varl\u0131k Fonu Kurulmas\u0131 Hakk\u0131nda Kanun teklif"},"content":{"rendered":"<p id=\"yui_3_16_0_ym19_1_1471899001597_10630\">Farkl\u0131 alanlarda bir\u00e7ok konuyu d\u00fczenleyen Torba Kanun tasar\u0131s\u0131 ile T\u00fcrkiye Varl\u0131k Fonu Kurulmas\u0131 Hakk\u0131nda Kanun teklifi, 19 A\u011fustos sabah\u0131 saat 04.35\u2019e kadar\u00a0 TBMM Genel Kurulu\u2019nda s\u00fcren g\u00f6r\u00fc\u015fmeler neticesinde kabul edilerek kanunla\u015ft\u0131lar.<\/p>\n<p id=\"yui_3_16_0_ym19_1_1471899001597_10629\">Normal \u015fartlar alt\u0131nda 1 Temmuz\u2019da \u00e7al\u0131\u015fmalar\u0131na ara vermesi gereken T\u00fcrkiye B\u00fcy\u00fck Millet Meclisi ge\u00e7ti\u011fimiz hafta sonuna kadar \u00e7al\u0131\u015ft\u0131ktan sonra tatile girdi.<\/p>\n<p id=\"yui_3_16_0_ym19_1_1471899001597_10605\">Yeni yasama y\u0131l\u0131, 1 Ekim 2016\u2019da ba\u015flayacak.<\/p>\n<p><strong id=\"yui_3_16_0_ym19_1_1471899001597_10609\">Torba Kanun\u2019da yer alan d\u00fczenlemelerle;<\/strong><\/p>\n<p id=\"yui_3_16_0_ym19_1_1471899001597_10613\">\n<p id=\"yui_3_16_0_ym19_1_1471899001597_10614\">1-) \u015eehit e\u015f veya \u00e7ocuklar\u0131, \u015fehidin e\u015f ve \u00e7ocu\u011funun bulunmamas\u0131 halinde ise anne veya babas\u0131, bir defaya mahsus olmak \u00fczere \u00d6TV \u00f6demeksizin ara\u00e7 alabilecek.<\/p>\n<p>&nbsp;<\/p>\n<p>2-) \u00d6zel kre\u015f ve g\u00fcnd\u00fcz bak\u0131mevleri, 5 vergilendirme d\u00f6nemi s\u00fcresince Kurumlar Vergisinden istisna tutulacak.<\/p>\n<p>&nbsp;<\/p>\n<p>3-) Faaliyet izninin kald\u0131r\u0131lmas\u0131n\u0131 gerektiren durumlar tespit edilen vak\u0131f y\u00fcksek\u00f6\u011fretim kurumlar\u0131 ile kurucu vak\u0131flar\u0131na kayyum atanan vak\u0131f y\u00fcksek\u00f6\u011fretim kurumlar\u0131n\u0131n faaliyet izni, Y\u00d6K&#8217;\u00fcn teklifi ve Bakanlar Kurulunun karar\u0131 ile kald\u0131r\u0131lacak.<\/p>\n<p>&nbsp;<\/p>\n<p>4-) \u0130zni kald\u0131r\u0131lan vak\u0131f y\u00fcksek\u00f6\u011fretim kurumlar\u0131nda kay\u0131tl\u0131 \u00f6\u011frenciler, Y\u00d6K taraf\u0131ndan garant\u00f6r \u00fcniversiteye veya belirlenecek bir devlet \u00fcniversitesine intikal ettirilecek.<\/p>\n<p id=\"yui_3_16_0_ym19_1_1471899001597_10640\">\n<p id=\"yui_3_16_0_ym19_1_1471899001597_10641\">5-) Kamudaki tefti\u015f veya denetim elemanlar\u0131n\u0131n i\u015flemlerindeki ki\u015fisel kusur, haks\u0131z fiil veya sorumluluklar\u0131na dair idare aleyhine tazminat davas\u0131 a\u00e7\u0131labilecek. Ancak bu g\u00f6revlilerin eylemlerini kin, garez, hat\u0131r, bask\u0131 veya telkinle yapt\u0131\u011f\u0131 kanaati olu\u015fursa idarenin \u00f6dedi\u011fi tazminat g\u00f6revliye r\u00fccu edilebilecek.<\/p>\n<p>&nbsp;<\/p>\n<p>6-) Turizm tesisleri yapmak \u00fczere kamu arazisi tahsis edilen i\u015fletmecilerden 2016&#8217;da al\u0131nmas\u0131 gereken kira, kullanma izni bedelleri ve has\u0131lat paylar\u0131 ile izinsiz kulland\u0131klar\u0131 Hazine ta\u015f\u0131nmazlar\u0131n\u0131n ecrimisillerin \u00f6deme s\u00fcreleri bir y\u0131l ertelenecek.<\/p>\n<p>&nbsp;<\/p>\n<p>7-) Kurumlar Vergisi Kanunu kapsam\u0131nda kredi teminat\u0131 sa\u011flayan kurumlara, Gelir Vergisi Kanunu kapsam\u0131ndaki kazan\u00e7 ve iratlar\u0131 \u00fczerinden vergi kesintisi yap\u0131lmayacak.<\/p>\n<p>&nbsp;<\/p>\n<p>8-)Model y\u0131l\u0131 ilerlemi\u015f veya y\u0131pranm\u0131\u015f olan \u015fehir i\u00e7i taksi, dolmu\u015f, minib\u00fcs, midib\u00fcs, servis, \u00f6zel halk ve belediye otob\u00fcsleri ile ticari y\u00fck ta\u015f\u0131mac\u0131l\u0131\u011f\u0131nda kullan\u0131lan kamyon, kamyonet ile t\u0131rlar\u0131n yenilenmesi durumunda, s\u00f6z konusu ara\u00e7lar\u0131n, bu d\u00fczenlemenin y\u00fcr\u00fcrl\u00fc\u011fe girdi\u011fi tarihten 30 Haziran 2019&#8217;a kadar ilk iktisab\u0131 \u00d6TV&#8217;den m\u00fcstesna olacak.<\/p>\n<p>&nbsp;<\/p>\n<p id=\"yui_3_16_0_ym19_1_1471899001597_10644\">9-)Kamu kurumlar\u0131 ile 50&#8217;den az \u00e7al\u0131\u015fan\u0131 olan i\u015f yerlerinin i\u015f g\u00fcvenli\u011fi uzman\u0131, i\u015f yeri hekimi g\u00f6revlendirme y\u00fck\u00fcml\u00fcl\u00fc\u011f\u00fcn\u00fcn s\u00fcresi 1 Temmuz 2017&#8217;ye uzat\u0131ld\u0131.<\/p>\n<p>&nbsp;<\/p>\n<p>10-) Ni\u011fde \u00dcniversitesinin ad\u0131 &#8220;\u00d6mer Halisdemir \u00dcniversitesi&#8221; olarak de\u011fi\u015ftirildi. Yine ayn\u0131 \u015fekilde, Tunceli \u00dcniversitesinin ad\u0131 &#8220;Munzur \u00dcniversitesi&#8221; olarak de\u011fi\u015ftirildi.<\/p>\n<p>&nbsp;<\/p>\n<p>11-) \u0130stanbul\u2019da \u201cKent \u00dcniversitesi\u201d ad\u0131nda bir vak\u0131f \u00fcniversitesi kurulacak. Ayr\u0131ca, \u0130stanbul\u2019da Beykoz \u00dcniversitesi, \u0130zmir\u2019de ise, \u0130zmir Demokrasi \u00dcniversitesi ve \u0130zmir Bak\u0131r\u00e7ay \u00dcniversitesi kurulacak.<\/p>\n<p><strong>\u00a0<\/strong><\/p>\n<p><strong>Varl\u0131k Fonu Kanunu ile;<\/strong><\/p>\n<p>1-) T\u00fcrkiye Varl\u0131k Fonu Y\u00f6netimi A.\u015e. Ba\u015fbakanl\u0131\u011fa ba\u011fl\u0131 olacak \u00e7al\u0131\u015facak. Ana faaliyet konusu, fonlar\u0131n kurulmas\u0131 ve y\u00f6netimi olacak.<\/p>\n<p id=\"yui_3_16_0_ym19_1_1471899001597_10645\">\n<p>2-) Fon Y\u00f6netimi, yurt i\u00e7inde kamuya ait varl\u0131klar\u0131 ekonomiye kazand\u0131rmak, d\u0131\u015f kaynak temin etmek, stratejik, b\u00fcy\u00fck \u00f6l\u00e7ekli yat\u0131r\u0131mlara i\u015ftirak etmeyi ama\u00e7l\u0131yor.<\/p>\n<p>&nbsp;<\/p>\n<p>3-) T\u00fcrkiye Varl\u0131k Fonu Y\u00f6netimi Anonim \u015eirketi\u2019nin kurulu\u015f sermayesi 50 milyon TL olacak ve bu miktar \u00d6zelle\u015ftirme Fonu\u2019ndan kar\u015f\u0131lanacak.<\/p>\n<p>&nbsp;<\/p>\n<p id=\"yui_3_16_0_ym19_1_1471899001597_10646\">4-) Yerli ve yabanc\u0131 \u015firketlerin hisse senetleri, \u00f6zelle\u015ftirme kapsam ve program\u0131na al\u0131nanlar d\u00e2hil T\u00fcrkiye&#8217;de kurulan ihra\u00e7\u00e7\u0131lara ait paylar, al\u0131m sat\u0131m\u0131 yap\u0131labilen yabanc\u0131 kamu, \u00f6zel sekt\u00f6r ve kamu bor\u00e7lanma ara\u00e7lar\u0131, ihra\u00e7\u00e7\u0131 paylar\u0131, vadeli mevduat, kat\u0131lma hesab\u0131, Hazine ta\u015f\u0131nmazlar\u0131 ve mevduat sertifikalar\u0131, alt\u0131n ve di\u011fer k\u0131ymetli madenler ile bu madenlere dayal\u0131 olarak ihra\u00e7 edilen sermaye piyasas\u0131 ara\u00e7lar\u0131 \u015firket taraf\u0131ndan T\u00fcrkiye Varl\u0131k Fonu ad\u0131na ger\u00e7ekle\u015ftirilecek.<\/p>\n<p>&nbsp;<\/p>\n<p>5-) T\u00fcrkiye Varl\u0131k Fonu\u00a0Y\u00f6netimi A.\u015e.\u2019nin yap\u0131s\u0131na ve i\u015fleyi\u015fine ili\u015fkin usul ve esaslar Bakanlar Kurulu taraf\u0131ndan belirlenecek ve \u015firket taraf\u0131ndan haz\u0131rlanan fon i\u00e7 t\u00fcz\u00fc\u011f\u00fcn\u00fcn ticaret siciline tesciliyle T\u00fcrkiye Varl\u0131k Fonu kurulacak.<\/p>\n<p>&nbsp;<\/p>\n<p>6-) Gerek g\u00f6r\u00fclmesi halinde, T\u00fcrkiye Varl\u0131k Fonu&#8217;na ba\u011fl\u0131 alt fonlar kurulabilecek.<\/p>\n<p>&nbsp;<\/p>\n<p>7-) \u00a0Kurulacak T\u00fcrkiye Varl\u0131k Y\u00f6netimi Anonim \u015eirketi ile T\u00fcrkiye Varl\u0131k Fonu, buna g\u00f6re kurulacak \u015firket ve alt fonlar\u00a0Gelir ve Kurumlar Vergisi&#8217;nden muaf olacak.<\/p>\n<p>Faydal\u0131 olmas\u0131n\u0131 \u00fcmit\u00a0eder,selam ve sayg\u0131lar\u0131m\u0131 sunar\u0131m.<\/p>\n<div id=\"yiv6509673834Signature\">\n<div id=\"yui_3_16_0_ym19_1_1471899001597_10648\">\n<div><b>Av.B\u00fclent TURAN<\/b><\/div>\n<div><sub><span style=\"font-family: Cambria, serif; font-size: medium;\"><b>\u00c7anakkale Milletvekili<\/b><\/span><\/sub><\/div>\n<div id=\"yui_3_16_0_ym19_1_1471899001597_10652\"><sub id=\"yui_3_16_0_ym19_1_1471899001597_10651\"><span id=\"yui_3_16_0_ym19_1_1471899001597_10650\" style=\"font-family: Cambria, serif; font-size: medium;\"><b id=\"yui_3_16_0_ym19_1_1471899001597_10649\">AK Parti Grup Ba\u015fkanvekili<\/b><\/span><\/sub><\/div>\n<\/div>\n<\/div>\n<div id=\"bghab-3800083316\" class=\"bghab-yazi-altinda bghab-entity-placement\"><div class=\"bghab-adlabel\">Reklamlar<\/div><script async src=\"https:\/\/pagead2.googlesyndication.com\/pagead\/js\/adsbygoogle.js\"><\/script>\r\n<!-- bghaber-yaz\u0131-sonu -->\r\n<ins class=\"adsbygoogle\"\r\n     style=\"display:block\"\r\n     data-ad-client=\"ca-pub-6203283170189293\"\r\n     data-ad-slot=\"4222328180\"\r\n     data-ad-format=\"auto\"\r\n     data-full-width-responsive=\"true\"><\/ins>\r\n<script>\r\n     (adsbygoogle = window.adsbygoogle || []).push({});\r\n<\/script><\/div><br style=\"clear: both; display: block; float: none;\"\/>","protected":false},"excerpt":{"rendered":"<p>Farkl\u0131 alanlarda bir\u00e7ok konuyu d\u00fczenleyen Torba Kanun tasar\u0131s\u0131 ile T\u00fcrkiye Varl\u0131k Fonu Kurulmas\u0131 Hakk\u0131nda Kanun teklifi, 19 A\u011fustos sabah\u0131 saat 04.35\u2019e kadar\u00a0 TBMM Genel Kurulu\u2019nda<\/p>\n","protected":false},"author":13,"featured_media":19476,"comment_status":"closed","ping_status":"closed","sticky":false,"template":"","format":"standard","meta":{"advanced_seo_description":"","jetpack_seo_html_title":"","jetpack_seo_noindex":false,"_jetpack_memberships_contains_paid_content":false,"footnotes":""},"categories":[8],"tags":[],"class_list":["post-20178","post","type-post","status-publish","format-standard","has-post-thumbnail","hentry","category-egitim"],"jetpack_featured_media_url":"https:\/\/i0.wp.com\/www.bghaber.org\/bghaber\/wp-content\/uploads\/2016\/06\/canakkale-1-bulent-turan-1.jpg?fit=186%2C225&ssl=1","jetpack_sharing_enabled":true,"jetpack_likes_enabled":true,"jetpack-related-posts":[],"jetpack_shortlink":"https:\/\/wp.me\/pc2PfJ-5fs","_links":{"self":[{"href":"https:\/\/www.bghaber.org\/bghaber\/wp-json\/wp\/v2\/posts\/20178","targetHints":{"allow":["GET"]}}],"collection":[{"href":"https:\/\/www.bghaber.org\/bghaber\/wp-json\/wp\/v2\/posts"}],"about":[{"href":"https:\/\/www.bghaber.org\/bghaber\/wp-json\/wp\/v2\/types\/post"}],"author":[{"embeddable":true,"href":"https:\/\/www.bghaber.org\/bghaber\/wp-json\/wp\/v2\/users\/13"}],"replies":[{"embeddable":true,"href":"https:\/\/www.bghaber.org\/bghaber\/wp-json\/wp\/v2\/comments?post=20178"}],"version-history":[{"count":0,"href":"https:\/\/www.bghaber.org\/bghaber\/wp-json\/wp\/v2\/posts\/20178\/revisions"}],"wp:featuredmedia":[{"embeddable":true,"href":"https:\/\/www.bghaber.org\/bghaber\/wp-json\/wp\/v2\/media\/19476"}],"wp:attachment":[{"href":"https:\/\/www.bghaber.org\/bghaber\/wp-json\/wp\/v2\/media?parent=20178"}],"wp:term":[{"taxonomy":"category","embeddable":true,"href":"https:\/\/www.bghaber.org\/bghaber\/wp-json\/wp\/v2\/categories?post=20178"},{"taxonomy":"post_tag","embeddable":true,"href":"https:\/\/www.bghaber.org\/bghaber\/wp-json\/wp\/v2\/tags?post=20178"}],"curies":[{"name":"wp","href":"https:\/\/api.w.org\/{rel}","templated":true}]}}