{"id":20175,"date":"2016-08-22T00:52:29","date_gmt":"2016-08-21T21:52:29","guid":{"rendered":"http:\/\/www.bghaber.org\/bghaber\/?p=20175"},"modified":"2016-08-22T00:52:29","modified_gmt":"2016-08-21T21:52:29","slug":"turk-asilli-27-millet-toplandi","status":"publish","type":"post","link":"https:\/\/www.bghaber.org\/bghaber\/turk-asilli-27-millet-toplandi\/","title":{"rendered":"T\u00fcrk as\u0131ll\u0131 27 millet topland\u0131"},"content":{"rendered":"<h2>Macaristan T\u00fcrk k\u00fclt\u00fcr\u00fcyle ilgili \u00f6nemli bir organizasyona ev sahipli\u011fi yap\u0131yor. T\u00fcrk as\u0131ll\u0131 27 milletten temsilcinin kat\u0131ld\u0131\u011f\u0131 kurultayda, T\u00fcrk k\u00fclt\u00fcr\u00fc ya\u015fat\u0131l\u0131yor.<\/h2>\n<p><img data-recalc-dims=\"1\" loading=\"lazy\" decoding=\"async\" class=\"\" src=\"https:\/\/i0.wp.com\/www.bghaber.org\/bghaber\/wp-content\/uploads\/2016\/08\/turk-27.jpg?resize=549%2C368\" alt=\"turk 27\" width=\"549\" height=\"368\" \/><\/p>\n<p>Macaristan T\u00fcrk k\u00fclt\u00fcr\u00fcyle ilgili \u00f6nemli bir organizasyona ev sahipli\u011fi yap\u0131yor. T\u00fcrk as\u0131ll\u0131 27 milletten temsilcinin kat\u0131ld\u0131\u011f\u0131 kurultayda, T\u00fcrk k\u00fclt\u00fcr\u00fc ya\u015fat\u0131l\u0131yor.<\/p>\n<p>27 T\u00fcrk as\u0131ll\u0131 milletin temsilcisi, Macaristan&#8217;da d\u00fczenlenen kurultayda bir araya geldi.<\/p>\n<p>Macar-Turan Vakf\u0131 taraf\u0131ndan T\u00fcrk \u0130\u015fbirli\u011fi ve Koordinasyon Ajans\u0131 Ba\u015fkanl\u0131\u011f\u0131n\u0131n da (T\u0130KA) katk\u0131s\u0131yla d\u00fczenlenen ve T\u00fcrk k\u00f6kenli milletleri bulu\u015fturmay\u0131 ama\u00e7layan &#8221;Hun ve T\u00fcrk k\u00f6kenli milletlerin soylar toplant\u0131s\u0131: Kurultay&#8221; ba\u015flad\u0131.Hun-T\u00fcrk milletlerini yak\u0131nla\u015ft\u0131rmak amac\u0131yla Macar-Turan Vakf\u0131 taraf\u0131ndan, Macaristan&#8217;\u0131n Bacs-Kiskun b\u00f6lgesindeki Bugac kasabas\u0131nda bu y\u0131l 6&#8217;\u0131nc\u0131s\u0131 d\u00fczenlenen kurultaya 27 T\u00fcrk k\u00f6kenli temsilci ve \u00e7ok say\u0131da davetli kat\u0131l\u0131yor.<\/p>\n<div id=\"bghab-1642318054\" class=\"bghab-yazi-altinda bghab-entity-placement\"><div class=\"bghab-adlabel\">Reklamlar<\/div><script async src=\"https:\/\/pagead2.googlesyndication.com\/pagead\/js\/adsbygoogle.js\"><\/script>\r\n<!-- bghaber-yaz\u0131-sonu -->\r\n<ins class=\"adsbygoogle\"\r\n     style=\"display:block\"\r\n     data-ad-client=\"ca-pub-6203283170189293\"\r\n     data-ad-slot=\"4222328180\"\r\n     data-ad-format=\"auto\"\r\n     data-full-width-responsive=\"true\"><\/ins>\r\n<script>\r\n     (adsbygoogle = window.adsbygoogle || []).push({});\r\n<\/script><\/div><br style=\"clear: both; display: block; float: none;\"\/>","protected":false},"excerpt":{"rendered":"<p>Macaristan T\u00fcrk k\u00fclt\u00fcr\u00fcyle ilgili \u00f6nemli bir organizasyona ev sahipli\u011fi yap\u0131yor. T\u00fcrk as\u0131ll\u0131 27 milletten temsilcinin kat\u0131ld\u0131\u011f\u0131 kurultayda, T\u00fcrk k\u00fclt\u00fcr\u00fc ya\u015fat\u0131l\u0131yor. Macaristan T\u00fcrk k\u00fclt\u00fcr\u00fcyle ilgili \u00f6nemli<\/p>\n","protected":false},"author":13,"featured_media":20176,"comment_status":"closed","ping_status":"closed","sticky":false,"template":"","format":"standard","meta":{"advanced_seo_description":"","jetpack_seo_html_title":"","jetpack_seo_noindex":false,"_jetpack_memberships_contains_paid_content":false,"footnotes":""},"categories":[7],"tags":[],"class_list":["post-20175","post","type-post","status-publish","format-standard","has-post-thumbnail","hentry","category-saglik-spor"],"jetpack_featured_media_url":"https:\/\/i0.wp.com\/www.bghaber.org\/bghaber\/wp-content\/uploads\/2016\/08\/turk-27.jpg?fit=477%2C320&ssl=1","jetpack_sharing_enabled":true,"jetpack_likes_enabled":true,"jetpack-related-posts":[],"jetpack_shortlink":"https:\/\/wp.me\/pc2PfJ-5fp","_links":{"self":[{"href":"https:\/\/www.bghaber.org\/bghaber\/wp-json\/wp\/v2\/posts\/20175","targetHints":{"allow":["GET"]}}],"collection":[{"href":"https:\/\/www.bghaber.org\/bghaber\/wp-json\/wp\/v2\/posts"}],"about":[{"href":"https:\/\/www.bghaber.org\/bghaber\/wp-json\/wp\/v2\/types\/post"}],"author":[{"embeddable":true,"href":"https:\/\/www.bghaber.org\/bghaber\/wp-json\/wp\/v2\/users\/13"}],"replies":[{"embeddable":true,"href":"https:\/\/www.bghaber.org\/bghaber\/wp-json\/wp\/v2\/comments?post=20175"}],"version-history":[{"count":0,"href":"https:\/\/www.bghaber.org\/bghaber\/wp-json\/wp\/v2\/posts\/20175\/revisions"}],"wp:featuredmedia":[{"embeddable":true,"href":"https:\/\/www.bghaber.org\/bghaber\/wp-json\/wp\/v2\/media\/20176"}],"wp:attachment":[{"href":"https:\/\/www.bghaber.org\/bghaber\/wp-json\/wp\/v2\/media?parent=20175"}],"wp:term":[{"taxonomy":"category","embeddable":true,"href":"https:\/\/www.bghaber.org\/bghaber\/wp-json\/wp\/v2\/categories?post=20175"},{"taxonomy":"post_tag","embeddable":true,"href":"https:\/\/www.bghaber.org\/bghaber\/wp-json\/wp\/v2\/tags?post=20175"}],"curies":[{"name":"wp","href":"https:\/\/api.w.org\/{rel}","templated":true}]}}