{"id":20171,"date":"2016-08-22T00:36:26","date_gmt":"2016-08-21T21:36:26","guid":{"rendered":"http:\/\/www.bghaber.org\/bghaber\/?p=20171"},"modified":"2016-08-22T00:36:26","modified_gmt":"2016-08-21T21:36:26","slug":"bulgaristanda-akrabasi-olanlar-bulgaristan-vatandasligi-alabilecek","status":"publish","type":"post","link":"https:\/\/www.bghaber.org\/bghaber\/bulgaristanda-akrabasi-olanlar-bulgaristan-vatandasligi-alabilecek\/","title":{"rendered":"Bulgaristan\u2019da akrabas\u0131 olanlar Bulgaristan vatanda\u015fl\u0131\u011f\u0131 alabilecek"},"content":{"rendered":"<p>Bulgaristan Parlementosu&#8217;nda milletvekilleri yurtd\u0131\u015f\u0131nda ikamet eden ve Bulgaristan\u2019da en az bir Bulgar vatanda\u015f\u0131 akrabas\u0131 olan ki\u015filerin Bulgar vatanda\u015fl\u0131\u011f\u0131 alma yasa \u00f6nergesini \u00f6n g\u00f6r\u00fc\u015fmede kabul ettiler.<\/p>\n<p>Bu kanun \u00f6nergesi dahilinde alt\u0131nc\u0131 dereceye kadar Bulgar vatanda\u015f\u0131 akrabas\u0131 olan ki\u015filer Bulgar vatanda\u015fl\u0131\u011f\u0131na ba\u015fvurma hakk\u0131n\u0131 kazanm\u0131\u015f olacak.<\/p>\n<p>D\u00f6rt y\u0131l \u00f6nce Birle\u015fmi\u015f Milletler\u2019in yay\u0131nlam\u0131\u015f oldu\u011fu rapora g\u00f6re 2050 y\u0131l\u0131na kadar n\u00fcfusu en fazla azalacak 12 \u00fclkeden biri olan Bulgaristan ilk s\u0131rada yer almaktad\u0131r. Rapora g\u00f6re 2 153 000 ki\u015fi n\u00fcfus kayb\u0131 olacakt\u0131r ve toplamda 7 545 000 olan n\u00fcfus 2050 y\u0131l\u0131nda 5 392 000 gerilemi\u015f olacak.<\/p>\n<p>Bu rapor do\u011frultusunda Bulgar k\u00f6kenli akrabas\u0131 olan veya kendini Bulgar olarak tan\u0131mlam\u0131\u015f ve benimsemi\u015f ki\u015filerin istekleri olmas\u0131 halinde Bulgar vatanda\u015fl\u0131\u011f\u0131 alabilme imkan\u0131ndan faydalanabilecektir.<\/p>\n<div id=\"bghab-313338968\" class=\"bghab-yazi-altinda bghab-entity-placement\"><div class=\"bghab-adlabel\">Reklamlar<\/div><script async src=\"https:\/\/pagead2.googlesyndication.com\/pagead\/js\/adsbygoogle.js\"><\/script>\r\n<!-- bghaber-yaz\u0131-sonu -->\r\n<ins class=\"adsbygoogle\"\r\n     style=\"display:block\"\r\n     data-ad-client=\"ca-pub-6203283170189293\"\r\n     data-ad-slot=\"4222328180\"\r\n     data-ad-format=\"auto\"\r\n     data-full-width-responsive=\"true\"><\/ins>\r\n<script>\r\n     (adsbygoogle = window.adsbygoogle || []).push({});\r\n<\/script><\/div><br style=\"clear: both; display: block; float: none;\"\/>","protected":false},"excerpt":{"rendered":"<p>Bulgaristan Parlementosu&#8217;nda milletvekilleri yurtd\u0131\u015f\u0131nda ikamet eden ve Bulgaristan\u2019da en az bir Bulgar vatanda\u015f\u0131 akrabas\u0131 olan ki\u015filerin Bulgar vatanda\u015fl\u0131\u011f\u0131 alma yasa \u00f6nergesini \u00f6n g\u00f6r\u00fc\u015fmede kabul ettiler.<\/p>\n","protected":false},"author":13,"featured_media":20076,"comment_status":"closed","ping_status":"closed","sticky":false,"template":"","format":"standard","meta":{"advanced_seo_description":"","jetpack_seo_html_title":"","jetpack_seo_noindex":false,"_jetpack_memberships_contains_paid_content":false,"footnotes":""},"categories":[8],"tags":[],"class_list":["post-20171","post","type-post","status-publish","format-standard","has-post-thumbnail","hentry","category-egitim"],"jetpack_featured_media_url":"https:\/\/i0.wp.com\/www.bghaber.org\/bghaber\/wp-content\/uploads\/2016\/08\/bg-bayrak-tr-1.jpg?fit=310%2C167&ssl=1","jetpack_sharing_enabled":true,"jetpack_likes_enabled":true,"jetpack-related-posts":[],"jetpack_shortlink":"https:\/\/wp.me\/pc2PfJ-5fl","_links":{"self":[{"href":"https:\/\/www.bghaber.org\/bghaber\/wp-json\/wp\/v2\/posts\/20171","targetHints":{"allow":["GET"]}}],"collection":[{"href":"https:\/\/www.bghaber.org\/bghaber\/wp-json\/wp\/v2\/posts"}],"about":[{"href":"https:\/\/www.bghaber.org\/bghaber\/wp-json\/wp\/v2\/types\/post"}],"author":[{"embeddable":true,"href":"https:\/\/www.bghaber.org\/bghaber\/wp-json\/wp\/v2\/users\/13"}],"replies":[{"embeddable":true,"href":"https:\/\/www.bghaber.org\/bghaber\/wp-json\/wp\/v2\/comments?post=20171"}],"version-history":[{"count":0,"href":"https:\/\/www.bghaber.org\/bghaber\/wp-json\/wp\/v2\/posts\/20171\/revisions"}],"wp:featuredmedia":[{"embeddable":true,"href":"https:\/\/www.bghaber.org\/bghaber\/wp-json\/wp\/v2\/media\/20076"}],"wp:attachment":[{"href":"https:\/\/www.bghaber.org\/bghaber\/wp-json\/wp\/v2\/media?parent=20171"}],"wp:term":[{"taxonomy":"category","embeddable":true,"href":"https:\/\/www.bghaber.org\/bghaber\/wp-json\/wp\/v2\/categories?post=20171"},{"taxonomy":"post_tag","embeddable":true,"href":"https:\/\/www.bghaber.org\/bghaber\/wp-json\/wp\/v2\/tags?post=20171"}],"curies":[{"name":"wp","href":"https:\/\/api.w.org\/{rel}","templated":true}]}}