{"id":20167,"date":"2016-08-21T18:19:08","date_gmt":"2016-08-21T15:19:08","guid":{"rendered":"http:\/\/www.bghaber.org\/bghaber\/?p=20167"},"modified":"2016-08-21T18:21:08","modified_gmt":"2016-08-21T15:21:08","slug":"uluslararasi-asilsiz-ermeni-iddialariyla-mucadele-dernegine-pkk-saldirisi","status":"publish","type":"post","link":"https:\/\/www.bghaber.org\/bghaber\/uluslararasi-asilsiz-ermeni-iddialariyla-mucadele-dernegine-pkk-saldirisi\/","title":{"rendered":"ULUSLARARASI ASILSIZ ERMEN\u0130 \u0130DD\u0130ALARIYLA M\u00dcCADELE DERNE\u011e\u0130\u2019NE PKK SALDIRISI"},"content":{"rendered":"<div id=\"yiv2662125748yui_3_16_0_ym19_1_1471784142563_32630\">B\u00f6l\u00fcc\u00fc ter\u00f6r \u00f6rg\u00fct\u00fc PKK ger\u00e7ek y\u00fcz\u00fcn\u00fc ve kimlere hizmet etti\u011fini bir kez daha ortaya koydu. D\u00fcn gece ter\u00f6r \u00f6rg\u00fct\u00fc mensuplar\u0131nca Uluslararas\u0131 As\u0131ls\u0131z Ermeni \u0130ddialar\u0131yla M\u00fccadele Derne\u011fi AS\u0130M-DER Van Temsilci\u011fine ve \u00fcyelerin ev ve i\u015f yerlerine sald\u0131ran ter\u00f6ristler a\u011f\u0131r maddi hasara sebep oldular<\/div>\n<div id=\"yiv2662125748yui_3_16_0_ym19_1_1471784142563_32633\">+++<\/div>\n<div id=\"yiv2662125748yui_3_16_0_ym19_1_1471784142563_32634\">T\u00fcrkiye\u2019nin geli\u015fmesinden ve kalk\u0131nmas\u0131ndan korkan d\u0131\u015f g\u00fc\u00e7ler ve hain i\u015fbirlik\u00e7ileri bo\u015f durmuyor. FET\u00d6, DAE\u015e, DHKP-C ve PKK\u2019n\u0131n el birli\u011fi ile sava\u015f ilan etti\u011fi \u00fclkemizde yerli ve mill\u00ee kurulu\u015flara, taciz sald\u0131r\u0131lar\u0131 s\u00fcr\u00fcyor.<\/div>\n<div id=\"yiv2662125748yui_3_16_0_ym19_1_1471784142563_32635\">20 A\u011fustos Cumartesi gecesi PKK ter\u00f6r \u00f6rg\u00fct\u00fc mensuplar\u0131nca Uluslararas\u0131 As\u0131ls\u0131z Ermeni \u0130ddialar\u0131yla M\u00fccadele Derne\u011fi AS\u0130M-DER\u2019in Van Temsilci\u011fine ve temsilcilerin ev ve i\u015f yerlerine sald\u0131ran ter\u00f6ristler a\u011f\u0131r maddi hasara sebep oldular.<\/div>\n<div id=\"yiv2662125748yui_3_16_0_ym19_1_1471784142563_32636\">Polis karakoluna birka\u00e7 y\u00fcz metre mesafedeki evlere sald\u0131ran ter\u00f6ristler karakoldaki g\u00f6revli polisler nedeniyle daha fazla zarar veremeden ka\u00e7mak zorunda kald\u0131lar. T\u00fcrkiye ve Azerbaycan\u2019\u0131n as\u0131ls\u0131z Ermeni iftiralar\u0131na kar\u015f\u0131 sesi olan ve AGOS Gazetesi\u2019nin de hedefinde olan AS\u0130M-DER\u2019li aileler oturulmaz duruma gelen evleri nedeniyle geceyi sokakta ge\u00e7irmek zorunda kald\u0131lar.<\/div>\n<div id=\"yiv2662125748yui_3_16_0_ym19_1_1471784142563_32637\">Konuyla ilgili a\u00e7\u0131klama yapan STK temsilcileri de T\u00fcrkiye ve karde\u015f Azerbaycan\u2019\u0131n Ermeni iftiralar\u0131na kar\u015f\u0131 sesi olan AS\u0130M-DER\u2019in Van Temsilci\u011fine PKK taraf\u0131ndan yap\u0131lan bu sald\u0131r\u0131 ayn\u0131 zamanda PKK\u2019n\u0131n Bat\u0131 g\u00fcd\u00fcm\u00fcnde bir Ermeni ter\u00f6r \u00f6rg\u00fct\u00fc oldu\u011funun da en b\u00fcy\u00fck ispat\u0131 oldu\u011funu ifade ettiler. Konuyla ilgili olarak emniyet ve jandarma taraf\u0131ndan soru\u015fturman\u0131n s\u00fcrd\u00fcr\u00fcld\u00fc\u011f\u00fc bildirildi.<\/div>\n<div><\/div>\n<div style=\"text-align: right;\">BULT\u00dcRK<\/div>\n<div style=\"text-align: right;\">\n<p><em>BULT\u00dcRK D\u0131\u015f \u0130li\u015fkiler ve <\/em><\/p>\n<p><em>T\u00fcrk D\u00fcnyas\u0131 Sorumlusu<\/em><\/p>\n<\/div>\n<div style=\"text-align: right;\">Alptekin CEVHERL\u0130<\/div>\n<div id=\"bghab-1784803518\" class=\"bghab-yazi-altinda bghab-entity-placement\"><div class=\"bghab-adlabel\">Reklamlar<\/div><script async src=\"https:\/\/pagead2.googlesyndication.com\/pagead\/js\/adsbygoogle.js\"><\/script>\r\n<!-- bghaber-yaz\u0131-sonu -->\r\n<ins class=\"adsbygoogle\"\r\n     style=\"display:block\"\r\n     data-ad-client=\"ca-pub-6203283170189293\"\r\n     data-ad-slot=\"4222328180\"\r\n     data-ad-format=\"auto\"\r\n     data-full-width-responsive=\"true\"><\/ins>\r\n<script>\r\n     (adsbygoogle = window.adsbygoogle || []).push({});\r\n<\/script><\/div><br style=\"clear: both; display: block; float: none;\"\/>","protected":false},"excerpt":{"rendered":"<p>B\u00f6l\u00fcc\u00fc ter\u00f6r \u00f6rg\u00fct\u00fc PKK ger\u00e7ek y\u00fcz\u00fcn\u00fc ve kimlere hizmet etti\u011fini bir kez daha ortaya koydu. D\u00fcn gece ter\u00f6r \u00f6rg\u00fct\u00fc mensuplar\u0131nca Uluslararas\u0131 As\u0131ls\u0131z Ermeni \u0130ddialar\u0131yla M\u00fccadele<\/p>\n","protected":false},"author":13,"featured_media":17095,"comment_status":"closed","ping_status":"closed","sticky":false,"template":"","format":"standard","meta":{"advanced_seo_description":"","jetpack_seo_html_title":"","jetpack_seo_noindex":false,"_jetpack_memberships_contains_paid_content":false,"footnotes":""},"categories":[5],"tags":[],"class_list":["post-20167","post","type-post","status-publish","format-standard","has-post-thumbnail","hentry","category-yasam"],"jetpack_featured_media_url":"https:\/\/i0.wp.com\/www.bghaber.org\/bghaber\/wp-content\/uploads\/2015\/11\/Alptekin11.jpg?fit=298%2C401&ssl=1","jetpack_sharing_enabled":true,"jetpack_likes_enabled":true,"jetpack-related-posts":[],"jetpack_shortlink":"https:\/\/wp.me\/pc2PfJ-5fh","_links":{"self":[{"href":"https:\/\/www.bghaber.org\/bghaber\/wp-json\/wp\/v2\/posts\/20167","targetHints":{"allow":["GET"]}}],"collection":[{"href":"https:\/\/www.bghaber.org\/bghaber\/wp-json\/wp\/v2\/posts"}],"about":[{"href":"https:\/\/www.bghaber.org\/bghaber\/wp-json\/wp\/v2\/types\/post"}],"author":[{"embeddable":true,"href":"https:\/\/www.bghaber.org\/bghaber\/wp-json\/wp\/v2\/users\/13"}],"replies":[{"embeddable":true,"href":"https:\/\/www.bghaber.org\/bghaber\/wp-json\/wp\/v2\/comments?post=20167"}],"version-history":[{"count":0,"href":"https:\/\/www.bghaber.org\/bghaber\/wp-json\/wp\/v2\/posts\/20167\/revisions"}],"wp:featuredmedia":[{"embeddable":true,"href":"https:\/\/www.bghaber.org\/bghaber\/wp-json\/wp\/v2\/media\/17095"}],"wp:attachment":[{"href":"https:\/\/www.bghaber.org\/bghaber\/wp-json\/wp\/v2\/media?parent=20167"}],"wp:term":[{"taxonomy":"category","embeddable":true,"href":"https:\/\/www.bghaber.org\/bghaber\/wp-json\/wp\/v2\/categories?post=20167"},{"taxonomy":"post_tag","embeddable":true,"href":"https:\/\/www.bghaber.org\/bghaber\/wp-json\/wp\/v2\/tags?post=20167"}],"curies":[{"name":"wp","href":"https:\/\/api.w.org\/{rel}","templated":true}]}}