{"id":20158,"date":"2016-08-21T18:00:57","date_gmt":"2016-08-21T15:00:57","guid":{"rendered":"http:\/\/www.bghaber.org\/bghaber\/?p=20158"},"modified":"2016-08-21T18:15:51","modified_gmt":"2016-08-21T15:15:51","slug":"milli-dava-bizim-davamizdir-bu-vatan-bizimdir","status":"publish","type":"post","link":"https:\/\/www.bghaber.org\/bghaber\/milli-dava-bizim-davamizdir-bu-vatan-bizimdir\/","title":{"rendered":"Milli Dava Bizim Davam\u0131zd\u0131r. Bu Vatan Bizimdir"},"content":{"rendered":"<p><img data-recalc-dims=\"1\" decoding=\"async\" src=\"https:\/\/i0.wp.com\/www.bghaber.org\/bghaber\/wp-content\/uploads\/2016\/05\/rafett33.jpg?w=640\" alt=\"rafett33\" \/><\/p>\n<p>KONU; YEN\u0130KAPI\u2019DA T\u00dcRK\u00a0M\u0130LLET\u0130NDEN\u00a0DEMOKRAS\u0130 DERS\u0130<\/p>\n<p>Emperyalizmin yaratt\u0131\u011f\u0131 her \u015fey gibi ter\u00f6r de kar\u015f\u0131m\u0131za k\u0131rk y\u00fczl\u00fc bir cin gibi \u00e7\u0131kt\u0131. Ad\u0131, PKK, FET\u00d6 hainler \u00e7etesi, PDY, DEA\u015e ve daha \u00e7ok farkl\u0131 kriptolu hain hareketleri olabilir. Olaylarda bunlar\u0131n hepsinin yakla\u015f\u0131k yar\u0131m as\u0131r \u00f6nce topraklar\u0131m\u0131za, b\u00f6lgemize ve aram\u0131za ba\u015fkas\u0131n\u0131 de\u011fil bizi yok etmek i\u00e7in sa\u00e7t\u0131klar\u0131n\u0131 g\u00f6rd\u00fck. Hedeflerinde bizi <strong>\u201ce\u011fiterek\u201d<\/strong>, bizi silahland\u0131rarak, aram\u0131zdan <strong>\u201cdevrimciler, demokratlar, hocalar, imamlar, hac\u0131lar\u201d<\/strong> yeti\u015ftirerek, devletimizin i\u00e7ine s\u0131zarak, hepimize deh\u015fet ya\u015fatarak, hayat\u0131m\u0131z\u0131 kabus ederek, bizi yok etmek vard\u0131. Onlar\u0131n hesaplar\u0131na g\u00f6re, 15 Temmuz 2016 katliam kalk\u0131\u015fmas\u0131ndan sonra bizi birbirimize k\u0131rd\u0131rmaya, kantonlara b\u00f6lecekleri topraklar\u0131m\u0131z\u0131 idare etmeye d\u0131\u015f g\u00fc\u00e7ler davet edilecekti.<\/p>\n<p><strong>Halk\u0131m\u0131z esir d\u00fc\u015fecek, milletimiz k\u00f6lele\u015ftirilerek, vatan\u0131m\u0131z bir s\u00f6m\u00fcrge haline getirilecekti.<\/strong><br \/>\nBa\u015f\u0131m\u0131za gelenlerin, verilmi\u015f sadakam\u0131z varm\u0131\u015f b\u00fcy\u00fck y\u00fcrekli halk\u0131m\u0131zdan ba\u015fka ad\u0131 yoktur. \u201cT\u00fcrk milleti yenilmez!\u201d diyenler bir daha hakl\u0131 \u00e7\u0131kt\u0131!<\/p>\n<p><strong>20. y\u00fczy\u0131l tank sava\u015flar\u0131 y\u00fczy\u0131l\u0131yd\u0131. <\/strong><\/p>\n<p>Bar\u0131\u015f, vatan, demokrasi, \u00f6zg\u00fcrl\u00fckler ve cumhuriyet davas\u0131nda hi\u00e7bir halk tanklar\u0131 \u00e7\u0131plak ellerle durduramam\u0131\u015ft\u0131. Hi\u00e7bir halk gelece\u011fi s\u00f6z konusu oldu\u011funda, biz gibi, tek el, tek kol ve tek y\u00fcrek olamam\u0131\u015ft\u0131r. Ana-vatan\u0131 koruma davas\u0131na biz gibi kat\u0131l\u0131rken yenilmez ortak ruh olu\u015fturamam\u0131\u015ft\u0131. \u00c7\u0131lg\u0131n T\u00fcrklerin darbeyi kahretme \u015f\u00f6lenini ya\u015famam\u0131\u015ft\u0131.<br \/>\nEn \u00f6nemli olansa, ge\u00e7en y\u00fczy\u0131l\u0131n ba\u015flar\u0131nda omuz omuza olan Anadolu ve Rumeli T\u00fcrkleri, T\u00fcrkiye Cumhuriyetini seven ve T\u00fcrk halk\u0131yla karde\u015f\u00e7e birlik ve beraberlikte ya\u015famak isteyenlerin hepsinin yeni y\u00fczy\u0131lda da ortak vatan ve demokrasi cephesinde bulu\u015fmas\u0131 oldu.<\/p><div id=\"bghab-2349513927\" class=\"bghab-icerik-icine bghab-entity-placement\"><script async src=\"\/\/pagead2.googlesyndication.com\/pagead\/js\/adsbygoogle.js?client=ca-pub-6203283170189293\" crossorigin=\"anonymous\"><\/script><ins class=\"adsbygoogle\" style=\"display:block; text-align:center;\" data-ad-client=\"ca-pub-6203283170189293\" \ndata-ad-slot=\"7303146466\" \ndata-ad-layout=\"in-article\"\ndata-ad-format=\"fluid\" data-full-width-responsive=\"true\"><\/ins>\n<script> \n(adsbygoogle = window.adsbygoogle || []).push({}); \n<\/script>\n<\/div>\n<p><strong>Hi\u00e7bir halk el, kol, ayak, bacak kaybetmi\u015f gen\u00e7lerin b\u00f6yle s\u00fcrekli \u201cVatan Sa\u011f Olsun!\u201d deyi\u015fini g\u00f6rmemi\u015fti.<\/strong><\/p>\n<p>Vatan cephesinin kararl\u0131, sa\u011flam, cesur ve g\u00fcvenilir mevzilerinde Trakya, Balkan ve Bulgaristanl\u0131 soyda\u015f kitlesinin mevzi almas\u0131 gurur verdi.<\/p>\n<p>5 milyonluk \u201cYeni Kap\u0131\u201d \u201c\u015eehitleri Anma ve Demokrasiyi Koruma\u201d mitinginde milyonlarca bayrak dalgaland\u0131ran, ay y\u0131ld\u0131zl\u0131 bayrak alt\u0131nda tek y\u00fcrekte ve iradede bulu\u015fan yepyeni ve \u00e7ok g\u00fc\u00e7l\u00fc bir siyasi at\u0131l\u0131mda kenetlenen \u201cB\u00fcy\u00fck T\u00fcrkiye Bayram\u0131\u201dn\u0131 kutlad\u0131.<br \/>\n<strong>79 milyonun ay y\u0131ld\u0131zl\u0131 g\u00f6n\u00fcl bulu\u015fmas\u0131 \u00e7a\u011fr\u0131s\u0131z bir davetti.<\/strong><\/p>\n<p>Cumhurba\u015fkan\u0131 Say\u0131n R.T. Erdo\u011fan, Ba\u015fbakan\u0131m\u0131z Say\u0131n B. Y\u0131ld\u0131r\u0131m, Meclis Ba\u015fkan\u0131, Genel Kurmay Ba\u015fkan\u0131 ve muhalefet liderleri konu\u015fmalar yaparak 15 Temmuz kahraman\u0131 halkla kucakla\u015f\u0131p kayna\u015ft\u0131lar. Ne Avrupa\u2019da ne d\u00fcnyada Ba\u015f Komutan\u0131n bir telefon \u00e7a\u011fr\u0131s\u0131na uyarak 3 hafta boyunca t\u00fcm meydan, kav\u015fak ve yollar\u0131 doldurup ta\u015f\u0131ran, demokrasi kavgas\u0131 veren bir ba\u015fka halk yoktur. Bu kavgada Bulgaristanl\u0131 soyda\u015flar\u0131m\u0131z\u0131 ve Bulgaristan M\u00fcsl\u00fcman T\u00fcrklerini temsil eden BULT\u00dcRK -Bulgaristan T\u00fcrkleri K\u00fclt\u00fcr ve Hizmet Derne\u011fi ile BGSAM Bulgaristan Stratejik Ara\u015ft\u0131rma Merkezi vard\u0131. BULT\u00dcRK bayra\u011f\u0131 t\u00fcm nobetlerde g\u00f6klerde dalgaland\u0131.<br \/>\n<strong>15 Temmuz gibi karanl\u0131k geceler yollar\u0131n ayr\u0131ld\u0131\u011f\u0131 gecelerdir.<\/strong><\/p>\n<p>T\u00fcrk milleti o gece <strong>\u201colsun bir \u015fey olmaz\u201d<\/strong> zihniyetinden kurtuldu. \u00dcst ak\u0131l maskeli FET\u00d6, PKK, PDY ve PYD i\u00e7 ve d\u0131\u015f ter\u00f6r \u00f6rg\u00fctleri, (ABD-\u0130ngiltere-Avrupa) n\u0131n emir kullar\u0131 bir yana, biz demokratik vatansever g\u00fc\u00e7ler bir yana \u00e7izgisi \u00e7ekildi. Vars\u0131n T\u00fcrkiye halk\u0131n\u0131 dize getirmek isteyenlerin ABD-FET\u00d6-emperyalizm m\u00fcttefikli\u011fi devam etsin!<\/p><div id=\"bghab-2777220763\" class=\"bghab-icerik-icine-10-paragraf bghab-entity-placement\"><script async src=\"\/\/pagead2.googlesyndication.com\/pagead\/js\/adsbygoogle.js?client=ca-pub-6203283170189293\" crossorigin=\"anonymous\"><\/script><ins class=\"adsbygoogle\" style=\"display:block; text-align:center;\" data-ad-client=\"ca-pub-6203283170189293\" \ndata-ad-slot=\"7303146466\" \ndata-ad-layout=\"in-article\"\ndata-ad-format=\"fluid\" data-full-width-responsive=\"true\"><\/ins>\n<script> \n(adsbygoogle = window.adsbygoogle || []).push({}); \n<\/script>\n<\/div>\n<p><strong>Washington\u2019un FET\u00d6 hain \u00e7etesinden vazge\u00e7meyece\u011fini biliyoruz.<\/strong><\/p>\n<p>PKK bug\u00fcn de ate\u015f ediyor. Fakat hepsini pes ettiren, i\u00e7 sava\u015f davetli bir NATO ve Birle\u015fmi\u015f Milletler askerlerinin ana-vatan\u0131m\u0131z\u0131 i\u015fgal plan\u0131n\u0131n bozguna u\u011frat\u0131lmas\u0131 oldu. Bu, \u00c7anakkale Zaferi kadar g\u00f6rkemli bir zafer oldu. 50 y\u0131l boyunca bir zehirli a\u011fa gibi b\u00fct\u00fcn T\u00fcrkiye&#8217;mizi ku\u015fatanlar\u0131n PKK sald\u0131r\u0131lar\u0131n\u0131 k\u0131\u015fk\u0131rtt\u0131\u011f\u0131n\u0131; DEA\u015e\u2019\u0131 destekleyerek T\u00fcrkiye Cumhuriyetini rencide etmekten \u00e7ekinmedi\u011fini g\u00f6r\u00fcyoruz. \u0130lk mevzilerinden p\u00fcsk\u00fcrt\u00fck \u015fimdi do\u011fudan geleceklerdir.<br \/>\nB\u00fcy\u00fck tehlike ge\u00e7memi\u015ftir. Art\u0131k kalk\u0131nmalar\u0131 PKK \u00fcstlenmi\u015ftir. Yeni devlet yap\u0131lanmas\u0131yla d\u00fcnyaya yeni bir \u00f6rnek oluyoruz. Hi\u00e7bir devlet T\u00fcrkiye Devletinin yapt\u0131\u011f\u0131; hainler, demokrasi d\u00fc\u015fmanlar\u0131 ve halk d\u00fc\u015fmanlar\u0131 temizli\u011fini bu denli kararl\u0131 ve ac\u0131mas\u0131z ger\u00e7ekle\u015ftirmemi\u015ftir. <strong>\u201cYeni Kap\u0131\u201d<\/strong> bir adalet mitingi oldu. \u201c<strong>\u015eok\u201d<\/strong> ge\u00e7iren Avrupa tarihinde, <strong>\u201cBen \u015fehit olmaya gidiyorum!\u201d<\/strong> deyip kurban olanlar\u0131n ne k\u00f6pr\u00fcs\u00fc ne de g\u00f6kleri delen an\u0131t\u0131 vard\u0131r.<br \/>\nAna-vatan\u0131m\u0131z bir hukuk devleti olmaya devam edecektir. T\u00fcrk devletine g\u00fcvenmeliyiz. B\u00fcy\u00fck bir felaketin, bir i\u00e7 sava\u015f\u0131n ve 20 y\u00fczy\u0131l boyunca bizi k\u00f6le gibi s\u00f6m\u00fcr\u00fcp s\u00fcr\u00fcnd\u00fcrmek, i\u00e7imizi oyup bitirmek ve sa\u011f kalanlar\u0131m\u0131za \u201chadi geldi\u011finiz yere\u201d demeyi planlam\u0131\u015f bir k\u00fcstahl\u0131\u011f\u0131n e\u011fi\u015finden d\u00f6nd\u00fck.<\/p>\n<p><strong>T\u00fcrkiye olarak, Anadolu ve Trakya olarak birbirimizi yeniden bulduk.<\/strong><\/p>\n<p>21. y\u00fczy\u0131l\u0131n da Atat\u00fcrk ruhuyla ya\u015famak istedi\u011fine bir daha inand\u0131k. Biz bu davada bizde var\u0131z.<br \/>\n\u015eanl\u0131 15 Temmuz destan\u0131m\u0131z, bizim de destan\u0131m\u0131zd\u0131r ve devam etmelidir. FET\u00d6\u2019y\u00fc yendik, di\u011fer ter\u00f6r \u00f6rg\u00fctlerini de yok etmek zorunday\u0131z! Arkalar\u0131nda dev Devletleri olan? Ya\u015fad\u0131klar\u0131m\u0131z bize emperyalizme, NATO\u2019ya g\u00fcvenerek i\u00e7 ve d\u0131\u015f ter\u00f6rle m\u00fccadele etmemizin ba\u015far\u0131l\u0131 olamayaca\u011f\u0131n\u0131 g\u00f6sterdi.<\/p>\n<p><strong>Ter\u00f6rle m\u00fccadelede, NATO, AB ve ABD m\u00fcttefiki olan T\u00fcrkiyeyi anlamam\u0131\u015ft\u0131r. <\/strong><\/p><div id=\"bghab-2195752506\" class=\"bghab-icerik-icine-15-paragraf bghab-entity-placement\"><script async src=\"\/\/pagead2.googlesyndication.com\/pagead\/js\/adsbygoogle.js?client=ca-pub-6203283170189293\" crossorigin=\"anonymous\"><\/script><ins class=\"adsbygoogle\" style=\"display:block; text-align:center;\" data-ad-client=\"ca-pub-6203283170189293\" \ndata-ad-slot=\"7303146466\" \ndata-ad-layout=\"in-article\"\ndata-ad-format=\"fluid\" data-full-width-responsive=\"true\"><\/ins>\n<script> \n(adsbygoogle = window.adsbygoogle || []).push({}); \n<\/script>\n<\/div>\n<p>Bir bar\u0131\u015f dini olan \u0130slam\u0131 anlayamam\u0131\u015ft\u0131r. Anlamak da istemiyor. DAE\u015e \u0130slam\u0131n temsilcisi de\u011fildir. \u0130slam tarihi nice DEA\u015e\u2019larden ar\u0131nm\u0131\u015ft\u0131r. FET\u00d6 ve DEA\u015e, PKK ve PDY sapk\u0131n din anlay\u0131\u015f\u0131 dayatmaya \u00e7al\u0131\u015fan ter\u00f6r \u00f6rg\u00fctleri olup ger\u00e7ek \u0130slam\u0131n d\u00fc\u015fmanlar\u0131d\u0131r. Bu s\u00f6zler, Bulgaristan\u2019da ki cehalet ve sap\u0131kl\u0131k i\u00e7in de ge\u00e7erlidir. Bu \u00f6rg\u00fctlerin ana hedefinde, \u0130slam d\u00fcnyas\u0131n\u0131 emperyalizm sald\u0131r\u0131lar\u0131na a\u00e7mak, M\u00fcsl\u00fcmanlar\u0131 ha\u00e7l\u0131lara k\u0131rd\u0131rmak var. Analar\u0131n ve bebelerin \u00fczerine sava\u015f u\u00e7aklar\u0131ndan at\u0131lan bombalar\u0131 ba\u015fka bir \u015fekilde anlamak m\u00fcmk\u00fcn olamaz!<br \/>\nBulgaristan\u2019da 1992\u2019den beri FET\u00d6 ile i\u015fbirli\u011fi yaparak kimli\u011fi olmayan, dini olmayan, diyalog zincirlerine ba\u011flanm\u0131\u015f, mekanik kafal\u0131 k\u00f6le kadrolar e\u011fiten H\u00d6H partisi ve NATO deyip i\u00e7i bi\u00e7ilen <strong>DOST partisinden pusulas\u0131n\u0131 yeniden ayarlamas\u0131 samimi ricam\u0131zd\u0131r. <\/strong><\/p>\n<p>Biz ahlak\u0131m\u0131zla, tarihimiz ve bu g\u00fcn\u00fcm\u00fczle gurur duyarak ya\u015famak isteyen yeni bir ku\u015fa\u011f\u0131z. FET\u00d6 kanser h\u00fccreleri halk\u0131m\u0131z\u0131n b\u00fcnyesine de yay\u0131lm\u0131\u015ft\u0131r. T\u00fcrkiye\u2019deki temizlik bizde de yap\u0131lmal\u0131d\u0131r. FET\u00d6 kal\u0131nt\u0131lar\u0131 siyasi yap\u0131lar\u0131m\u0131zdan kesilip at\u0131lmal\u0131d\u0131r. Halk\u0131m\u0131z\u0131 aldatmaya, kullanmaya ve ezmeye kimsenin hakk\u0131 yoktur. Bu vatan ve gelecek bizimdir!<\/p>\n<p>Ne yaparlarsa yaps\u0131nlar B\u00fcy\u00fck T\u00fcrkiye&#8217;yi d\u00fcnyaya inat T\u00fcrkler ve mazlum halklarla hep birlikte kuraca\u011f\u0131z.<\/p>\n<p><img data-recalc-dims=\"1\" decoding=\"async\" src=\"https:\/\/i0.wp.com\/www.bghaber.org\/bghaber\/wp-content\/uploads\/2016\/08\/manset.jpg?w=640\" alt=\"manset\" \/><\/p>\n<p><img data-recalc-dims=\"1\" loading=\"lazy\" decoding=\"async\" class=\"\" src=\"https:\/\/i0.wp.com\/www.bghaber.org\/bghaber\/wp-content\/uploads\/2016\/08\/darbe-3-430x300.jpg?resize=569%2C397\" width=\"569\" height=\"397\" \/><\/p>\n<p><img data-recalc-dims=\"1\" decoding=\"async\" src=\"https:\/\/i0.wp.com\/haberiniz.com.tr\/img\/haber\/321637\/750\/bulturkten-turk-ve-dunya-kamuoyuna-duyuru.jpg?w=640\" \/><\/p>\n<div id=\"bghab-848970533\" class=\"bghab-yazi-altinda bghab-entity-placement\"><div class=\"bghab-adlabel\">Reklamlar<\/div><script async src=\"https:\/\/pagead2.googlesyndication.com\/pagead\/js\/adsbygoogle.js\"><\/script>\r\n<!-- bghaber-yaz\u0131-sonu -->\r\n<ins class=\"adsbygoogle\"\r\n     style=\"display:block\"\r\n     data-ad-client=\"ca-pub-6203283170189293\"\r\n     data-ad-slot=\"4222328180\"\r\n     data-ad-format=\"auto\"\r\n     data-full-width-responsive=\"true\"><\/ins>\r\n<script>\r\n     (adsbygoogle = window.adsbygoogle || []).push({});\r\n<\/script><\/div><br style=\"clear: both; display: block; float: none;\"\/>","protected":false},"excerpt":{"rendered":"<p>KONU; YEN\u0130KAPI\u2019DA T\u00dcRK\u00a0M\u0130LLET\u0130NDEN\u00a0DEMOKRAS\u0130 DERS\u0130 Emperyalizmin yaratt\u0131\u011f\u0131 her \u015fey gibi ter\u00f6r de kar\u015f\u0131m\u0131za k\u0131rk y\u00fczl\u00fc bir cin gibi \u00e7\u0131kt\u0131. Ad\u0131, PKK, FET\u00d6 hainler \u00e7etesi, PDY, DEA\u015e<\/p>\n","protected":false},"author":13,"featured_media":20163,"comment_status":"closed","ping_status":"closed","sticky":false,"template":"","format":"standard","meta":{"advanced_seo_description":"","jetpack_seo_html_title":"","jetpack_seo_noindex":false,"_jetpack_memberships_contains_paid_content":false,"footnotes":""},"categories":[6],"tags":[],"class_list":["post-20158","post","type-post","status-publish","format-standard","has-post-thumbnail","hentry","category-yorum"],"jetpack_featured_media_url":"https:\/\/i0.wp.com\/www.bghaber.org\/bghaber\/wp-content\/uploads\/2016\/08\/manset.jpg?fit=680%2C453&ssl=1","jetpack_sharing_enabled":true,"jetpack_likes_enabled":true,"jetpack-related-posts":[],"jetpack_shortlink":"https:\/\/wp.me\/pc2PfJ-5f8","_links":{"self":[{"href":"https:\/\/www.bghaber.org\/bghaber\/wp-json\/wp\/v2\/posts\/20158","targetHints":{"allow":["GET"]}}],"collection":[{"href":"https:\/\/www.bghaber.org\/bghaber\/wp-json\/wp\/v2\/posts"}],"about":[{"href":"https:\/\/www.bghaber.org\/bghaber\/wp-json\/wp\/v2\/types\/post"}],"author":[{"embeddable":true,"href":"https:\/\/www.bghaber.org\/bghaber\/wp-json\/wp\/v2\/users\/13"}],"replies":[{"embeddable":true,"href":"https:\/\/www.bghaber.org\/bghaber\/wp-json\/wp\/v2\/comments?post=20158"}],"version-history":[{"count":0,"href":"https:\/\/www.bghaber.org\/bghaber\/wp-json\/wp\/v2\/posts\/20158\/revisions"}],"wp:featuredmedia":[{"embeddable":true,"href":"https:\/\/www.bghaber.org\/bghaber\/wp-json\/wp\/v2\/media\/20163"}],"wp:attachment":[{"href":"https:\/\/www.bghaber.org\/bghaber\/wp-json\/wp\/v2\/media?parent=20158"}],"wp:term":[{"taxonomy":"category","embeddable":true,"href":"https:\/\/www.bghaber.org\/bghaber\/wp-json\/wp\/v2\/categories?post=20158"},{"taxonomy":"post_tag","embeddable":true,"href":"https:\/\/www.bghaber.org\/bghaber\/wp-json\/wp\/v2\/tags?post=20158"}],"curies":[{"name":"wp","href":"https:\/\/api.w.org\/{rel}","templated":true}]}}