{"id":20144,"date":"2016-08-20T23:21:33","date_gmt":"2016-08-20T20:21:33","guid":{"rendered":"http:\/\/www.bghaber.org\/bghaber\/?p=20144"},"modified":"2016-08-20T23:21:33","modified_gmt":"2016-08-20T20:21:33","slug":"bulgar-bakan-bizden-suriyeye-silah-gidiyor-olabilir","status":"publish","type":"post","link":"https:\/\/www.bghaber.org\/bghaber\/bulgar-bakan-bizden-suriyeye-silah-gidiyor-olabilir\/","title":{"rendered":"Bulgar Bakan: Bizden Suriye&#8217;ye silah gidiyor olabilir"},"content":{"rendered":"<p>Bulgaristan Ekonomi Bakan\u0131, \u00fclkesindeki silahlar\u0131n Irak ve Suriye&#8217;deki militanlara gidiyor olabilece\u011fini, ancak bundan kendilerinin sorumlu olmad\u0131\u011f\u0131n\u0131 s\u00f6yledi.<\/p>\n<p>Balkan \u00fclkelerinden, Irak ve Suriye&#8217;deki cihat\u00e7\u0131 unsurlara silah gitti\u011fi uzun s\u00fcredir biliniyor.<\/p>\n<p><em>Balkan Insight<\/em>&#8216;\u0131n haberine g\u00f6re, Bulgaristan Ekonomi Bakan\u0131\u00a0Bojidar Loukarsky, bu silahlar nedeniyle Bulgar h\u00fck\u00fcmetinin su\u00e7lanamayaca\u011f\u0131n\u0131, kendilerinin silah sat\u0131\u015f\u0131n\u0131 uluslararas\u0131 anla\u015fmalar \u00e7er\u00e7evesinde yapt\u0131klar\u0131n\u0131 savundu.<\/p>\n<p>Yak\u0131n zamanda yap\u0131lan bir <a href=\"http:\/\/www.balkaninsight.com\/en\/article\/making-a-killing-the-1-2-billion-euros-arms-pipeline-to-middle-east-07-26-2016\" target=\"_blank\">ara\u015ft\u0131rma<\/a>,\u00a0Bosna, Bulgaristan, \u00c7ekya, H\u0131rvatistan, Romanya, S\u0131rbistan ve Slovakya&#8217;n\u0131n 2012 y\u0131l\u0131ndan bu yana, Suriye &#8220;muhalefetini&#8221; destekleyen d\u00f6rt \u00fclkeye 1.2 milyar avroluk silah ve m\u00fchimmat sat\u0131\u015f\u0131 yapt\u0131\u011f\u0131n\u0131 ortaya \u00e7\u0131kartm\u0131\u015ft\u0131.<\/p>\n<p>Sat\u0131\u015flar\u0131n 829 milyon dolarl\u0131k k\u0131sm\u0131 Suudi Arabistan&#8217;ayd\u0131. Listede, Birle\u015fik Arap Emirlikleri, \u00dcrd\u00fcn ve T\u00fcrkiye de yer al\u0131yor.<\/p><div id=\"bghab-1811662060\" class=\"bghab-icerik-icine bghab-entity-placement\"><script async src=\"\/\/pagead2.googlesyndication.com\/pagead\/js\/adsbygoogle.js?client=ca-pub-6203283170189293\" crossorigin=\"anonymous\"><\/script><ins class=\"adsbygoogle\" style=\"display:block; text-align:center;\" data-ad-client=\"ca-pub-6203283170189293\" \ndata-ad-slot=\"7303146466\" \ndata-ad-layout=\"in-article\"\ndata-ad-format=\"fluid\" data-full-width-responsive=\"true\"><\/ins>\n<script> \n(adsbygoogle = window.adsbygoogle || []).push({}); \n<\/script>\n<\/div>\n<div id=\"bghab-530573422\" class=\"bghab-yazi-altinda bghab-entity-placement\"><div class=\"bghab-adlabel\">Reklamlar<\/div><script async src=\"https:\/\/pagead2.googlesyndication.com\/pagead\/js\/adsbygoogle.js\"><\/script>\r\n<!-- bghaber-yaz\u0131-sonu -->\r\n<ins class=\"adsbygoogle\"\r\n     style=\"display:block\"\r\n     data-ad-client=\"ca-pub-6203283170189293\"\r\n     data-ad-slot=\"4222328180\"\r\n     data-ad-format=\"auto\"\r\n     data-full-width-responsive=\"true\"><\/ins>\r\n<script>\r\n     (adsbygoogle = window.adsbygoogle || []).push({});\r\n<\/script><\/div><br style=\"clear: both; display: block; float: none;\"\/>","protected":false},"excerpt":{"rendered":"<p>Bulgaristan Ekonomi Bakan\u0131, \u00fclkesindeki silahlar\u0131n Irak ve Suriye&#8217;deki militanlara gidiyor olabilece\u011fini, ancak bundan kendilerinin sorumlu olmad\u0131\u011f\u0131n\u0131 s\u00f6yledi. Balkan \u00fclkelerinden, Irak ve Suriye&#8217;deki cihat\u00e7\u0131 unsurlara silah<\/p>\n","protected":false},"author":13,"featured_media":20135,"comment_status":"closed","ping_status":"closed","sticky":false,"template":"","format":"standard","meta":{"advanced_seo_description":"","jetpack_seo_html_title":"","jetpack_seo_noindex":false,"_jetpack_memberships_contains_paid_content":false,"footnotes":""},"categories":[9],"tags":[],"class_list":["post-20144","post","type-post","status-publish","format-standard","has-post-thumbnail","hentry","category-ekonomi"],"jetpack_featured_media_url":"https:\/\/i0.wp.com\/www.bghaber.org\/bghaber\/wp-content\/uploads\/2016\/08\/tufek-silahlar.jpg?fit=630%2C370&ssl=1","jetpack_sharing_enabled":true,"jetpack_likes_enabled":true,"jetpack-related-posts":[],"jetpack_shortlink":"https:\/\/wp.me\/pc2PfJ-5eU","_links":{"self":[{"href":"https:\/\/www.bghaber.org\/bghaber\/wp-json\/wp\/v2\/posts\/20144","targetHints":{"allow":["GET"]}}],"collection":[{"href":"https:\/\/www.bghaber.org\/bghaber\/wp-json\/wp\/v2\/posts"}],"about":[{"href":"https:\/\/www.bghaber.org\/bghaber\/wp-json\/wp\/v2\/types\/post"}],"author":[{"embeddable":true,"href":"https:\/\/www.bghaber.org\/bghaber\/wp-json\/wp\/v2\/users\/13"}],"replies":[{"embeddable":true,"href":"https:\/\/www.bghaber.org\/bghaber\/wp-json\/wp\/v2\/comments?post=20144"}],"version-history":[{"count":0,"href":"https:\/\/www.bghaber.org\/bghaber\/wp-json\/wp\/v2\/posts\/20144\/revisions"}],"wp:featuredmedia":[{"embeddable":true,"href":"https:\/\/www.bghaber.org\/bghaber\/wp-json\/wp\/v2\/media\/20135"}],"wp:attachment":[{"href":"https:\/\/www.bghaber.org\/bghaber\/wp-json\/wp\/v2\/media?parent=20144"}],"wp:term":[{"taxonomy":"category","embeddable":true,"href":"https:\/\/www.bghaber.org\/bghaber\/wp-json\/wp\/v2\/categories?post=20144"},{"taxonomy":"post_tag","embeddable":true,"href":"https:\/\/www.bghaber.org\/bghaber\/wp-json\/wp\/v2\/tags?post=20144"}],"curies":[{"name":"wp","href":"https:\/\/api.w.org\/{rel}","templated":true}]}}