{"id":20141,"date":"2016-08-20T20:17:49","date_gmt":"2016-08-20T17:17:49","guid":{"rendered":"http:\/\/www.bghaber.org\/bghaber\/?p=20141"},"modified":"2016-08-21T11:47:05","modified_gmt":"2016-08-21T08:47:05","slug":"davulun-sesi-uzaktan-gelir","status":"publish","type":"post","link":"https:\/\/www.bghaber.org\/bghaber\/davulun-sesi-uzaktan-gelir\/","title":{"rendered":"Davulun Sesi Uzaktan Ho\u015f Gelir"},"content":{"rendered":"<p><strong><img data-recalc-dims=\"1\" loading=\"lazy\" decoding=\"async\" class=\"\" src=\"https:\/\/i0.wp.com\/www.bghaber.org\/bghaber\/wp-content\/uploads\/2013\/11\/nedim-birinci.jpg?resize=105%2C134\" alt=\"nedim birinci\" width=\"105\" height=\"134\" \/>\u00a0Dr.Nedim B\u0130R\u0130NC\u0130 \u00a0 \u00a0 \u00a0 \u00a0 \u00a0 \u00a0 \u00a0 \u00a0 \u00a0 \u00a0 \u00a0 \u00a0 \u00a0 \u00a0 \u00a0 \u00a0 \u00a0 \u00a0 \u00a0 \u00a0 \u00a0 \u00a0 \u00a0<\/strong><\/p>\n<h6>Ba\u015fkan\u0131m\u0131z\u0131n Yaz\u0131s\u0131n\u0131n orjinali isteyenlere duyurulur\u00a0<a href=\"http:\/\/www.bghaber.org\/bghaber\/halk-sehit-onlar-gazi\/\">http:\/\/www.bghaber.org\/bghaber\/halk-sehit-onlar-gazi\/\u00a0<\/a><\/h6>\n<p><strong>Konu; Durmu\u015f ARDA&#8217;n\u0131n yaz\u0131s\u0131na cevap hakk\u0131m\u0131z do\u011fdu.<\/strong><\/p>\n<p>Durmu\u015f Arda Beyin \u201c<strong>Halk \u015eehit, Onlar Kahraman<\/strong>\u201d yaz\u0131m\u0131za tepkileri bize cevap hakk\u0131 do\u011furdu.<\/p>\n<p>\u00d6ncelikle \u015fu bilinmelidir. Bulgaristan T\u00fcrkleri K\u00fclt\u00fcr ve Hizmet Derne\u011fi <strong>BULT\u00dcRK<\/strong> ve Genel Ba\u015fkan\u0131d\u0131r\u00a0<em>B\u00fcc\u00fcr Rafet<\/em> de\u011fil, Genel Ba\u015fkan\u0131m\u0131z\u0131n ad\u0131 <strong>Rafet Ulut\u00fcr<\/strong>k\u2019t\u00fcr. BGSAM \u2013 Bulgaristan Stratejik Ara\u015ft\u0131rma Merkezi onun gayretleri ve onun y\u00f6netiminde kuruldu. BULT\u00dcRK \u2013 \u201c<strong>bghaber.org\u201d, \u201cbgbulturk.net<\/strong>\u201d gibi elektronik g\u00fcncel haber siteleri ile birlikte \u201c<strong>Bulgaristan T\u00fcrklerinin Sesi<\/strong>\u201d gazetesinin de t\u00fcm haklar\u0131na sahiptir.<\/p>\n<p><strong>Bu yay\u0131nlar\u0131n amac\u0131<\/strong> Bulgaristanl\u0131 M\u00fcsl\u00fcman T\u00fcrklerin ve T\u00fcrkiye\u2019de ya\u015fayan t\u00fcm soyda\u015flar\u0131m\u0131z\u0131n, Bulgaristan tarihi, siyaseti, k\u00fclt\u00fcr\u00fc, edebiyat\u0131, sanat\u0131, etnik az\u0131nl\u0131k sorunlar\u0131 vb. ile ilgilenenleri bulmak, onlar\u0131n g\u00f6n\u00fcllerine girmek, do\u011fru bilgilendirmek ve yepyeni bir d\u00fcnya g\u00f6r\u00fc\u015f\u00fc ile hepsinin zihinlerini do\u011fru y\u00f6nde tamamen de\u011fi\u015ftirmektir.<\/p><div id=\"bghab-3280548847\" class=\"bghab-icerik-icine bghab-entity-placement\"><script async src=\"\/\/pagead2.googlesyndication.com\/pagead\/js\/adsbygoogle.js?client=ca-pub-6203283170189293\" crossorigin=\"anonymous\"><\/script><ins class=\"adsbygoogle\" style=\"display:block; text-align:center;\" data-ad-client=\"ca-pub-6203283170189293\" \ndata-ad-slot=\"7303146466\" \ndata-ad-layout=\"in-article\"\ndata-ad-format=\"fluid\" data-full-width-responsive=\"true\"><\/ins>\n<script> \n(adsbygoogle = window.adsbygoogle || []).push({}); \n<\/script>\n<\/div>\n<p>Ba\u015fka bir de\u011fi\u015fle, teslim olmu\u015f, pes olmu\u015f beyinlere yeni alg\u0131lama motoru takmak ve d\u00fc\u015fman bildiklerimizin oyunlar\u0131n\u0131 suya d\u00fc\u015f\u00fcrerek, bizim kuraca\u011f\u0131m\u0131z yeni oyunlarla kaderimizi toptan de\u011fi\u015ftirmektir.<\/p>\n<p>Bu konu \u00e7ok uzundur, ara\u00e7lar\u0131, y\u00f6ntemleri, yakla\u015f\u0131m, \u00fcslup ve kanallar\u0131 vard\u0131r, biz bunlara \u015fimdi de\u011fil, ba\u015fka zaman ba\u015fka bir f\u0131rsatta belki de yine cevap hakk\u0131m\u0131z\u0131 kullanarak de\u011finiriz.<\/p>\n<p><strong>BULT\u00dcRK ve BGSAM<\/strong> kendini halk\u0131m\u0131zdan hi\u00e7bir zaman saklamam\u0131\u015f, toplant\u0131lar, uluslararas\u0131 g\u00f6r\u00fc\u015fmeler, bas\u0131n toplant\u0131s\u0131, a\u00e7\u0131k oturum ve sempozyumlar d\u00fczenlemi\u015f, tart\u0131\u015fm\u0131\u015f, ele\u015ftirilmi\u015f, d\u0131\u015far\u0131dan da fikir kabul etmi\u015f, kendini s\u00fcrekli yenileyerek, geli\u015ftirerek hedeflerine ula\u015fmaya \u00e7al\u0131\u015fm\u0131\u015ft\u0131r. Halk\u0131m\u0131z\u0131n temel dokusundan geldi\u011fimize ve bu temel doku \u00f6z ve renginin y\u0131kamakla ya da \u00fczerine basmakla de\u011fi\u015fmedi\u011fine, de\u011fi\u015fmeyece\u011fine inan\u0131yoruz.<\/p>\n<p><strong>BULT\u00dcRK ve BGSAM\u2019\u0131n <\/strong>temel ama\u00e7lar\u0131 \u015funlard\u0131r:<\/p>\n<p>Bulgaristan\u2019da ya\u015fayan karde\u015flerimize hem de son 89 g\u00f6\u00e7\u00fcnden sonra art\u0131k say\u0131lar\u0131 1 milyona yakla\u015fan T\u00fcrkiye\u2019deki g\u00f6\u00e7men soyda\u015flar\u0131m\u0131za Bulgaristan\u2019\u0131 oldu\u011fu kadar T\u00fcrkiyeyi; T\u00fcrkiye Cumhuriyeti kurulu\u015f, m\u00fccadeleleri,\u00a0 tarih ve siyasetini; B\u00fcy\u00fck \u00f6nder Mustafa Kemal Atat\u00fcrk&#8217;\u00fc, onun hayat\u0131n\u0131, kavgalar\u0131n\u0131, \u00f6nderlik etti\u011fi milli kurtulu\u015f sava\u015f\u0131m\u0131z\u0131, kurdu\u011fu cumhuriyeti ve demokrasi d\u00fczenini, d\u00fcnya g\u00f6r\u00fc\u015f\u00fcn\u00fc; <strong>T\u00fcrk halk\u0131n\u0131, onun din, dil, ahlak, k\u00fclt\u00fcr ve medeniyetlerini, T\u00fcrk milli kimli\u011fini, T\u00fcrk milletinin b\u00fct\u00fcnl\u00fc\u011f\u00fcn\u00fc vb anlatmak istiyoruz.<\/strong> Bu konularda Bulgaristan okullar\u0131nda ve siyasi bask\u0131lar alt\u0131nda insanlar\u0131m\u0131z\u0131n kafas\u0131na k\u00f6r enser gibi \u00e7ak\u0131lm\u0131\u015f eski, k\u00fcfl\u00fc, zehirli, ayr\u0131mc\u0131, d\u00fc\u015fmanca g\u00f6r\u00fc\u015fleri s\u00f6k\u00fcp yerine insan karde\u015fli\u011fi ve yarat\u0131c\u0131l\u0131\u011f\u0131 a\u015f\u0131lamakt\u0131r. Daha k\u0131sa bir ifadeyle, Bulgaristan T\u00fcrklerinde T\u00fcrk kimli\u011fi yaratmak ve onu geli\u015ftirerek y\u00fcceltmektir. Bu y\u0131llarda Bulgaristan T\u00fcrklerinin ba\u015f\u0131na d\u00fc\u015fen g\u00f6lgeyi bile bizim ba\u015f\u0131m\u0131za d\u00fc\u015fm\u00fc\u015f olarak kabul etti, her birinizin s\u0131z\u0131s\u0131 bizim s\u0131z\u0131m\u0131z, sevinciniz bizim mutlulu\u011fumuz oldu.<\/p><div id=\"bghab-1562192993\" class=\"bghab-icerik-icine-10-paragraf bghab-entity-placement\"><script async src=\"\/\/pagead2.googlesyndication.com\/pagead\/js\/adsbygoogle.js?client=ca-pub-6203283170189293\" crossorigin=\"anonymous\"><\/script><ins class=\"adsbygoogle\" style=\"display:block; text-align:center;\" data-ad-client=\"ca-pub-6203283170189293\" \ndata-ad-slot=\"7303146466\" \ndata-ad-layout=\"in-article\"\ndata-ad-format=\"fluid\" data-full-width-responsive=\"true\"><\/ins>\n<script> \n(adsbygoogle = window.adsbygoogle || []).push({}); \n<\/script>\n<\/div>\n<p><strong>D\u00fcnya siyaseti, jeopolitikte olup biten her \u015fey de ilgi alan\u0131m\u0131za ve konular\u0131m\u0131za girdi..<\/strong><\/p>\n<p>Bu \u00f6devlerimizi ger\u00e7ekle\u015ftirebilmek i\u00e7in, 70 y\u0131ldan beri evlerine T\u00fcrk\u00e7e kitap girmeyen karde\u015flerimizle bilgisayar ortam\u0131nda, BULT\u00dcRK Gazetemizle, sanal yakla\u015f\u0131mla ula\u015fmak, anadilimizi \u00f6\u011frenmelerine yeni y\u00f6ntemlerle yard\u0131mc\u0131 olmak, eksik olan bilgilerini tamamlamak, ilgisi olana yeni bilgiler sunmak, d\u00fcnya penceresi a\u00e7mak, ortak \u00e7\u0131karlar\u0131m\u0131zla, bar\u0131\u015f ve g\u00fcvenlik ortam\u0131nda kilitlemektir.<\/p>\n<p><strong>Bu g\u00fczel d\u00fcnyaya a\u00e7\u0131lan kap\u0131lar\u0131m\u0131z\u0131n, halk yarat\u0131c\u0131l\u0131\u011f\u0131m\u0131z, sanat\u0131m\u0131z, do\u011fu\u015ftan olan\u00a0bilgeli\u011fimizi, do\u011fruyu do\u011fru duyumsayarak birle\u015fip\u00a0karde\u015fle\u015fmemizdir.<\/strong><\/p>\n<p>\u0130nsanlar\u0131m\u0131z\u0131n cesaretine su verip gururunun yeni doruklarda bulu\u015fmas\u0131, hainlikleri a\u00e7\u0131klayarak lanetlenmesini sa\u011flamak, Bulgaristan M\u00fcsl\u00fcman T\u00fcrklerinin neo-liberalizm gibi yeni k\u00f6lele\u015ftirici d\u00fcnya g\u00f6r\u00fc\u015flerinden uzak kalmas\u0131n\u0131 sa\u011flayarak, ho\u015fg\u00f6r\u00fcye, T\u00fcrk ahlak\u0131na dayanan bulu\u015fmada karde\u015flik ve dostluklar\u0131 beslemek, aray\u0131p buldu\u011fumuz, payla\u015farak yayd\u0131\u011f\u0131m\u0131z en g\u00fczel erdemlerdir.<\/p>\n<p><strong>Art\u0131k yaln\u0131z de\u011filiz. <\/strong><\/p><div id=\"bghab-2889949741\" class=\"bghab-icerik-icine-15-paragraf bghab-entity-placement\"><script async src=\"\/\/pagead2.googlesyndication.com\/pagead\/js\/adsbygoogle.js?client=ca-pub-6203283170189293\" crossorigin=\"anonymous\"><\/script><ins class=\"adsbygoogle\" style=\"display:block; text-align:center;\" data-ad-client=\"ca-pub-6203283170189293\" \ndata-ad-slot=\"7303146466\" \ndata-ad-layout=\"in-article\"\ndata-ad-format=\"fluid\" data-full-width-responsive=\"true\"><\/ins>\n<script> \n(adsbygoogle = window.adsbygoogle || []).push({}); \n<\/script>\n<\/div>\n<p>Okurlar\u0131m\u0131z binlercedir, paralel yay\u0131n merkezlerinden de bereket ve rahmet ya\u011f\u0131yor. Bulgaristan T\u00fcrklerinin tarihi yaz\u0131ld\u0131. Bulgaristan T\u00fcrklerinin k\u00fclt\u00fcr\u00fc i\u015flendi. Sofya, Filibe, K\u0131rcaali, Kazanl\u0131k, Razgrat, Ruse, \u015eumen, Burgaz ve ba\u015fka bir\u00e7ok \u015fehrimizde ar\u0131 kovan\u0131 gibi \u00e7al\u0131\u015fan derneklerimiz, sanat topluluklar\u0131m\u0131z kuruldu, halk sanat\u0131m\u0131z\u0131n dokusuna ve atk\u0131s\u0131na d\u00fc\u015fen tozlar temizlendi, ba\u011flamalar\u0131m\u0131z\u0131n telleri ayarl\u0131 \u00e7al\u0131yor, k\u0131zlar\u0131m\u0131z sahneleri dolduruyor.<\/p>\n<p>Halk\u0131m\u0131za 26 y\u0131lda alabildi\u011fimiz yolun yeterli olmad\u0131\u011f\u0131n\u0131 a\u00e7\u0131klarken H\u00d6H-DPS s\u00f6zde t\u00fcrk partisi ve KGB ve DS taraf\u0131ndan kafas\u0131 ihanet duvar\u0131na m\u0131hlanm\u0131\u015f Ahmet Do\u011fan ve baz\u0131 \u00e7\u0131karc\u0131 arkada\u015flar\u0131n\u0131n hayat yolunu, gizli polis dosyalar\u0131n\u0131, \u00e7arp\u0131k ideoloji ve siyasetlere sat\u0131lm\u0131\u015fl\u0131klar\u0131n\u0131, dayatt\u0131klar\u0131 \u201c<strong>Bulgar Etnik Modeli<\/strong>\u201d nin k\u00f6lele\u015ftirici ve kimli\u011fimizi yok etmeyi hedefleyen bir sahtek\u00e2rl\u0131k oldu\u011funu a\u00e7\u0131klad\u0131k. Ayr\u0131ca bunu \u00e7\u00fcr\u00fctt\u00fck! \u00c7\u00f6pe att\u0131k. Soyda\u015flar\u0131m\u0131za da se\u00e7imlerde bir \u201c<strong>oy kulu\u00e7kas\u0131<\/strong>\u201d olarak bak\u0131ld\u0131\u011f\u0131n\u0131 ortaya koyduk.<\/p>\n<p><strong>Kendi tohumlar\u0131m\u0131zdan, kendi k\u00f6klerimizden T\u00fcrk M\u00fcsl\u00fcman Kimli\u011fimizle yeniden uyan\u0131p do\u011fmam\u0131z gerekti\u011fine de\u011findik, uyard\u0131k, bunlar\u0131 art arda \u00e7ok vurgulad\u0131k.<\/strong><\/p>\n<p>Bulgaristan siyasetinin de \u00e7ok partili, \u00e7ok k\u00fclt\u00fcrl\u00fc, ayn\u0131 medeniyette bulu\u015fan bir yap\u0131lanmaya gerek duydu\u011funu, bunu yapmazsak Avrupa Birli\u011fi\u2019nin anlams\u0131zl\u0131\u011f\u0131n\u0131, t\u00fcm insan haklar\u0131na sayg\u0131 duyulmadan ve e\u015fit hakl\u0131 ve k\u00fclt\u00fcrel farkl\u0131l\u0131klar\u0131 yasalla\u015fm\u0131\u015f bir ortak gelecek kurmadan ileri ad\u0131m at\u0131lamayaca\u011f\u0131n\u0131 anlatt\u0131k ve anlat\u0131yoruz.<\/p>\n<p><strong>Bu davada T\u00fcrkiye Cumhuriyetinin devlet ve siyasetinin rol\u00fcn\u00fc a\u00e7arken, B\u00fcy\u00fck T\u00fcrkiye\u2019nin etki alan\u0131nda bulundu\u011fumuza \u0131\u015f\u0131k getirdik, ortak tarihi olan insan ve topluluklar\u0131n ortak gelecekte bulu\u015fmalar\u0131n\u0131n yasall\u0131\u011f\u0131na \u0131\u015f\u0131k ta\u015f\u0131d\u0131k<\/strong>.<\/p><div id=\"bghab-2308056672\" class=\"bghab-icerik-icine-20-paragraf bghab-entity-placement\"><script async src=\"\/\/pagead2.googlesyndication.com\/pagead\/js\/adsbygoogle.js?client=ca-pub-6203283170189293\" crossorigin=\"anonymous\"><\/script><ins class=\"adsbygoogle\" style=\"display:block; text-align:center;\" data-ad-client=\"ca-pub-6203283170189293\" \ndata-ad-slot=\"7303146466\" \ndata-ad-layout=\"in-article\"\ndata-ad-format=\"fluid\" data-full-width-responsive=\"true\"><\/ins>\n<script> \n(adsbygoogle = window.adsbygoogle || []).push({}); \n<\/script>\n<\/div>\n<p>Bunlar\u0131 y\u0131llarca i\u015flerken,\u00a0<strong>Bulgaristan&#8217;\u0131n\u00a0\u00e7ok yoksulla\u015ft\u0131\u011f\u0131n\u0131, i\u015fsizli\u011fin diz boyu oldu\u011funu, e\u011fitim ve sa\u011fl\u0131k kurumlar\u0131n\u0131n \u00e7\u00f6kt\u00fc\u011f\u00fcn\u00fc, modern teknolojilerle sanayile\u015fme yat\u0131r\u0131mlar\u0131 \u00e7ekilemedi\u011fini, gen\u00e7 neslin vatan\u0131 terk etti\u011fini, s\u0131\u011f\u0131nmac\u0131lar istilas\u0131 tehlikesinden do\u011fan bir gerginlik ya\u015fand\u0131\u011f\u0131n\u0131,<\/strong> eski Bulgar haydutlar\u0131n\u0131n torunlar\u0131n\u0131n g\u00fcn\u00fcm\u00fczde motorlu \u00e7eteler olu\u015fturdu\u011fu, karma b\u00f6lgelerde dola\u015ft\u0131klar\u0131n\u0131, halka kan kusturmak istediklerini, a\u015f\u0131r\u0131 milliyet\u00e7ili\u011fin \u00f6rg\u00fctle\u015fti\u011fini, meclise girdi\u011fini, h\u00fck\u00fcmete t\u0131rmand\u0131\u011f\u0131n\u0131 ve sald\u0131r\u0131lar\u0131na s\u00fcreklilik kazand\u0131rd\u0131\u011f\u0131n\u0131. Osmanl\u0131dan kalan k\u00fclt\u00fcrel ve mimari miras\u0131m\u0131z\u0131 geri alamad\u0131\u011f\u0131m\u0131z\u0131, onarmam\u0131za ve \u00e7al\u0131\u015ft\u0131rmam\u0131za engeller yarat\u0131ld\u0131\u011f\u0131n\u0131 defalarca yazd\u0131k ve hala anlatmaya devam ediyoruz.<\/p>\n<p><strong>Bunlar, \u00a0bizim 2003\u2019ten beri i\u015fledi\u011fimiz konulardan sadece bir demettir. <\/strong><\/p>\n<p>Yazd\u0131\u011f\u0131m\u0131z yaz\u0131lar\u0131, konferanslara sundu\u011fumuz konu\u015fmalar\u0131 vb 12 cilde toplad\u0131k, bast\u0131k, yak\u0131nda piyasaya s\u00fcrece\u011fiz. Demek istedi\u011fim \u015fudur, biz hep a\u00e7\u0131k oynad\u0131k. <strong>En \u00f6nemlisi de Bulgarisan&#8217;da kimsenin d\u00fc\u015f\u00fcnmedi\u011fini biz yap\u0131yoruz, Biz Oyun kurduk. Yol a\u00e7t\u0131k, Yol ald\u0131k! <\/strong>T\u00fcm bu \u00e7al\u0131\u015fmalar\u0131m\u0131z b\u00fcy\u00fck bir davaya T\u00fcrk-\u0130slam alemine hizmettir. Bulgaristan T\u00fcrklerinin bilin\u00e7li refah ve mutluluk i\u00e7inde, T\u00fcrk halk\u0131yla birlikte olmas\u0131n\u0131 sa\u011flamakt\u0131r. Biz bu i\u015f i\u00e7in hi\u00e7bir kurum, makam ve devletten \u00f6denek almadan yapt\u0131k ve yapmaya da devam ediyoruz. Biz bu i\u015fi inand\u0131\u011f\u0131m\u0131z i\u00e7in, dertli oldu\u011fumuz i\u00e7in, en \u00f6nemlisi de T\u00fcrk ve M\u00fcsl\u00fcman oldu\u011fumuz i\u00e7in yap\u0131yoruz. Hi\u00e7 kimseye de ba\u011fl\u0131l\u0131\u011f\u0131m\u0131z yoktur tek ba\u011fl\u0131l\u0131\u011f\u0131m\u0131z Milletimize ve kutlu davam\u0131za olan aidiyetimizdir. <strong>Allah d\u00f6kt\u00fc\u011f\u00fcm\u00fcz her damla al\u0131n terini alt\u0131n etti, halk\u0131m\u0131za iletti\u2026<\/strong><\/p>\n<p><strong>\u015eimdi gelelim Ba\u015fkan\u0131m\u0131z Rafet\u2019in b\u00fcc\u00fcrl\u00fc\u011f\u00fcne<\/strong><\/p>\n<p>Say\u0131n <strong>Durmu\u015f Arda<\/strong>!\u00a0 Ad\u0131n \u00fcst\u00fcnde, sen anadan do\u011fma <strong>yerinde durmu\u015f<\/strong> bir adams\u0131n. \u0130leri gitmek ve d\u00fcnyay\u0131 devaml\u0131 yeni k\u0131staslarla \u00f6z\u00fcmsemek i\u00e7in hareketlenmek gerek. Hareketlenememi\u015fsin, olabilir. Bizim yerinde sayan insanlara hitab\u0131m\u0131z \u201c<strong>ta\u015f kafa<\/strong>\u201dd\u0131r. Hani \u00fcst\u00fc m\u0131h tutmu\u015f, durdu\u011fu yerde duran ta\u015flar vard\u0131r ya, onlar\u0131 d\u00fc\u015f\u00fcnerek s\u00f6yleriz tabii.<\/p><div id=\"bghab-2329148148\" class=\"bghab-icerik-icine-25-paragraf bghab-entity-placement\"><script async src=\"\/\/pagead2.googlesyndication.com\/pagead\/js\/adsbygoogle.js?client=ca-pub-6203283170189293\" crossorigin=\"anonymous\"><\/script><ins class=\"adsbygoogle\" style=\"display:block; text-align:center;\" data-ad-client=\"ca-pub-6203283170189293\" \ndata-ad-slot=\"7303146466\" \ndata-ad-layout=\"in-article\"\ndata-ad-format=\"fluid\" data-full-width-responsive=\"true\"><\/ins>\n<script> \n(adsbygoogle = window.adsbygoogle || []).push({}); \n<\/script>\n<\/div>\n<p>Sana takmad\u0131k bu lakab\u0131, ama istersen \u00fcst\u00fcne \u00e7ekebilirsin, al\u0131n\u0131rsan benimsemi\u015fimdir, demektir. \u0130nsanlar kendi takma atlar\u0131na laiktir. L\u00fctfen onun burnunla, bunun sa\u00e7\u0131nla, \u00f6tekinin ke\u00e7i sakal\u0131 yada k\u00f6rl\u00fc\u011f\u00fcyle u\u011fra\u015fmaktan vazge\u00e7iniz, \u00e7\u00fcnk\u00fc hepimiz Allah evlad\u0131y\u0131z ve ay\u0131pt\u0131r. Bir de eli kalem tutan bir gen\u00e7ler olarak ortada da\u011f kadar b\u00fcy\u00fck bir hainlik var, H\u00d6H hainlik kazan\u0131 kaynat\u0131yor, milli kimli\u011fimize, haklar\u0131m\u0131za ve \u00f6zg\u00fcrl\u00fcklerimize ihanet edilmi\u015f, halk\u0131m\u0131z\u0131n ruhu e\u015fek pazar\u0131nda sat\u0131l\u0131yor, kalemlerimizle oyacaksak oras\u0131n\u0131 oyal\u0131m.<\/p>\n<p>Bizim DOST partisi \u00fcst\u00fcne yaz\u0131p \u00e7izdiklerimizin \u00f6z\u00fcnde, <strong>H\u00d6H mayas\u0131yla yeni ve farkl\u0131 bir d\u00fcnya g\u00f6r\u00fc\u015fl\u00fc bir siyasi parti tutmaz,<\/strong> anlam\u0131ndad\u0131r. Sen annenin sana, \u201c<strong>Durmu\u015fum \u015fu mayay\u0131 de\u011fi\u015ftirelim, git kom\u015fudan birazc\u0131k maya iste!<\/strong>\u201d dedi\u011fini hi\u00e7 hat\u0131rlam\u0131yor musun?<\/p>\n<p><strong>\u0130\u015fte budur bizim uyar\u0131lar\u0131m\u0131z\u0131n \u00f6z\u00fcnde olan.<\/strong><\/p>\n<p>A.Do\u011fan\u2019\u0131n yeni liberalizmine NATO-culuk katt\u0131n\u0131z, ya karde\u015fim, \u015funu anlay\u0131n, NATO-nun dedesi yeni-liberallerdir, k\u0131z\u0131na sevdaland\u0131n\u0131z da, nenesini dedesini neden sorgulam\u0131yorsunuz. Yoksa \u00e7ok mu kirlendiniz de, hamam ve tas \u00f6nemli de\u011fil, gelsin eski tellak s\u0131rt\u0131m\u0131 ovalas\u0131n m\u0131 diyorsunuz?<\/p>\n<p>Adama yapt\u0131\u011f\u0131 i\u015flere g\u00f6re de\u011fer verelim. Konu\u015fmak yazmak \u00f6nemli tabi ki, amma bir de ne yapt\u0131\u011f\u0131n\u0131z hangi yoldan y\u00fcr\u00fcyorsunuz daha \u00f6nemlidir.\u00a0Amerikan B\u00fcy\u00fckel\u00e7isine nedir bu iltifat???<\/p><div id=\"bghab-1802135804\" class=\"bghab-icerik-icine-30-paragraf bghab-entity-placement\"><script async src=\"\/\/pagead2.googlesyndication.com\/pagead\/js\/adsbygoogle.js?client=ca-pub-6203283170189293\" crossorigin=\"anonymous\"><\/script><ins class=\"adsbygoogle\" style=\"display:block; text-align:center;\" data-ad-client=\"ca-pub-6203283170189293\" \ndata-ad-slot=\"7303146466\" \ndata-ad-layout=\"in-article\"\ndata-ad-format=\"fluid\" data-full-width-responsive=\"true\"><\/ins>\n<script> \n(adsbygoogle = window.adsbygoogle || []).push({}); \n<\/script>\n<\/div>\n<p><strong>Eski kuyuda yeni su bulamazs\u0131n\u0131z!<\/strong><\/p>\n<p>Size s\u00f6ylenenlerin \u00f6z\u00fc budur, nas\u0131l isterseniz \u00f6yle de anlayabilirsiniz.\u00a0Bu fikirlerimiz sizi rahats\u0131z etti\u011fine g\u00f6re, sizde de bir \u015feyler var diye d\u00fc\u015f\u00fcnmeye \u015fevketti bizi.<\/p>\n<p>Seni \u00e7ok iyi tan\u0131r\u0131m evli oldu\u011fun halde Bulgaristan\u2019da \u00fcniversite yurdunun (studentsko ob\u015ftejitie) \u00f6n\u00fcnde k\u0131z pe\u015finde ko\u015farak nas\u0131l bir kafe i\u00e7erim d\u00fc\u015f\u00fcncesinde aval aval gezerken. Ba\u015fkan\u0131m\u0131z Rafet ULUT\u00dcRK dedi\u011fin ki\u015fi, <strong>T\u00fcrk dilinde T\u00fcrkl\u00fc\u011f\u00fcn ge\u00e7mi\u015fi ile gelece\u011fini b\u00fct\u00fcnle\u015ftiren, T\u00fcrk D\u00fcnyas\u0131n\u0131 kocaman bir yumakta b\u00fct\u00fcnle\u015ftiren g\u00f6z kama\u015ft\u0131ran siyasi-idesel k\u00fclliyat yaratt\u0131. Bu g\u00fcn de T\u00fcrk Halklar\u0131 Kongresinin d\u00f6nem Ba\u015fkanl\u0131\u011f\u0131 kendisine verildi. Ama pek bu s\u0131fat\u0131 da kullanmaz gerek duymaz, \u00e7\u00fcnk\u00fc bu i\u015fler g\u00f6n\u00fcl i\u015fidir<\/strong>. Her ge\u00e7en g\u00fcn de\u011fi\u015fen d\u00fcnya \u015fartlar\u0131na uyum sa\u011flamak i\u00e7in insanlar kendilerini yeti\u015ftirmek ve geli\u015ftirmek zorundad\u0131r. Tarihin s\u00fczgecinden ge\u00e7irerek bu geli\u015fmeleri ve insan zek\u00e2s\u0131n\u0131n tek\u00e2m\u00fcl\u00fcn\u00fc inceledi\u011fimizde kar\u015f\u0131m\u0131za \u00e7\u0131kan en \u00f6nemli nokta<strong> \u201c\u0130nsano\u011flunun g\u00f6n\u00fcll\u00fc olarak yapt\u0131\u011f\u0131 her i\u015fte, azmi ile her soruna \u00e7\u00f6z\u00fcm buldu\u011fu, kalbiyle inand\u0131\u011f\u0131 her fikri fiili durumu sonu\u00e7land\u0131rmakta elinden geleni yapt\u0131\u011f\u0131\u201d <\/strong>ger\u00e7e\u011fidir.<\/p>\n<p>\u0130stanbul\/Bayrampa\u015fa \/Y\u0131ld\u0131r\u0131m\u2019da ofisimize bir u\u011fray\u0131n\u0131z, kitaplar\u0131m\u0131z\u0131, bayra\u011f\u0131m\u0131z\u0131, alb\u00fcmlerimizi, plaketlerimizi, planlar\u0131m\u0131z\u0131 size de hediye edelim, tan\u0131\u015f\u0131n\u0131z ve tart\u0131\u015fal\u0131m. Biz tart\u0131\u015fmaya a\u00e7\u0131\u011f\u0131z. Hayat\u0131nda ilk defa bir uluslararas\u0131 bizim yapt\u0131\u011f\u0131m\u0131z sempozyuma gelmi\u015ftiniz \u0130stanbul\u2019da yanl\u0131\u015f hat\u0131rlam\u0131yorsam Bulturk\u2019te sempozyuma kat\u0131l\u0131mc\u0131 olarak size de bir plaket vermi\u015ftik. Sizleri iyi a\u011f\u0131rlad\u0131k san\u0131r\u0131m?<\/p>\n<p>Sizi gocunduran \u201c<strong>Halk \u015eehit, Onlar Kahraman<\/strong>!\u201d yaz\u0131m\u0131z, parmaktan emme bir yaz\u0131 de\u011fildir. Bu yaz\u0131da <strong>sizin isminizin ve soyad\u0131n\u0131z\u0131n ge\u00e7medi\u011fini<\/strong> alt\u0131n\u0131 \u00e7izerek belirtmek isterim. Ama siz, 15 Temmuz trajedisinden sonra T\u00fcrkiye konusunda birdenbire pasifle\u015fen ve hakl\u0131 olarak ele\u015ftiri ate\u015fine al\u0131nan DOST tayfas\u0131ndan biri olarak, s\u00f6zde \u201ckahramanlar\u201d saflar\u0131nda yer almak istiyorsan\u0131z, biz hayat\u0131n \u015fu kural\u0131n\u0131 de\u011fi\u015ftiremeyiz: <strong>D\u00fc\u015fenlerle d\u00fc\u015f\u00fcl\u00fcr, kalkanlarla kalk\u0131l\u0131r. Biz DOST-cularla d\u00fc\u015fmek istemiyoruz. Bir s\u00f6zde gazeteci s\u0131fat\u0131yla siz, bizim bu tohum \u00e7\u0131kmaz dediklerimizin yan\u0131nda yer almak istiyorsan\u0131z, toprakta kalmay\u0131 ve \u00e7\u00fcr\u00fcmeyi\u00a0se\u00e7mi\u015fsin\u00a0demektir ve yap\u0131lacak hi\u00e7bir \u015fey yoktur o sizin karar\u0131n\u0131z.<\/strong><\/p><div id=\"bghab-2474064683\" class=\"bghab-icerik-icine-35-paragraf bghab-entity-placement\"><script async src=\"\/\/pagead2.googlesyndication.com\/pagead\/js\/adsbygoogle.js?client=ca-pub-6203283170189293\" crossorigin=\"anonymous\"><\/script><ins class=\"adsbygoogle\" style=\"display:block; text-align:center;\" data-ad-client=\"ca-pub-6203283170189293\" \ndata-ad-slot=\"7303146466\" \ndata-ad-layout=\"in-article\"\ndata-ad-format=\"fluid\" data-full-width-responsive=\"true\"><\/ins>\n<script> \n(adsbygoogle = window.adsbygoogle || []).push({}); \n<\/script>\n<\/div>\n<p><strong>Bir defa ortada i\u015fitilen bir davul sesi var. <\/strong><\/p>\n<p>Ara s\u0131ra<strong> \u201cdum dum\u201d <\/strong>diye vuruyor tokmak. <strong>Hal\u0131 m\u0131 silkili yor, dibekte ke\u015fkek mi d\u00f6v\u00fcl\u00fcyor belli de\u011fil. <\/strong>Her \u015feyin bir ad\u0131 sap\u0131 olur. Halk art\u0131k aldat\u0131lamaz. \u00c7\u00fcnk\u00fc halk eski halk de\u011fil d\u00fcnya eski d\u00fcnya de\u011fil, evet halk aldat\u0131lamaz! Halka yalan s\u00f6ylenemez, \u00e7\u00fcnk\u00fc son hesapta halk\u0131n g\u00f6z\u00fcnden hi\u00e7bir \u015fey ka\u00e7maz. \u015eimdiye kadar ka\u00e7mam\u0131\u015ft\u0131r. Bulgaristanl\u0131 T\u00fcrkler san\u0131ld\u0131\u011f\u0131ndan \u00e7ok derindir.<\/p>\n<p><strong>\u015eimdi siz ne diyorsunuz!?<\/strong><\/p>\n<p><strong>Vay \u015funlara bak be! Biz 16 Temmuz sabah\u0131 saat 04.30\u2019da<\/strong> T\u00fcrkiye\u2019deki darbe denemesiyle ilgili \u201c<strong>ba\u015f sa\u011fl\u0131\u011f\u0131 mesaj\u0131 g\u00f6nderdik<\/strong>!\u201d ama bak i\u015fte, k\u00f6t\u00fcl\u00fckten ba\u015fka bir \u015fey g\u00f6rmediklerinden bizi k\u00f6t\u00fclediler, falan filan. Sizin gizli i\u015flerinize kimin ad\u0131 erdi ki? Ge\u00e7mi\u015finiz ortada! Say\u0131n yerinde durmu\u015f, balkona oturmu\u015f, \u00e7ay i\u00e7en karde\u015fim, ge\u00e7mi\u015fimizin derinli\u011fini ve gelece\u011fimizin ufkunu g\u00f6rebilmen i\u00e7in halk\u0131m\u0131z\u0131n \u00e7ekti\u011fi \u00e7ileyi tartan kantar\u0131n topuzunu hi\u00e7 g\u00f6rd\u00fcn m\u00fc sen!?<\/p>\n<p>Ya karde\u015fim yerinde Durmu\u015f. Her g\u00fcn L\u00fctvi Mestan&#8217;\u0131n secdeye duru\u015funu, tuvalete gidi\u015fini, sakal t\u0131ra\u015f\u0131n\u0131, vurdu\u011fu kurt yavrular\u0131n\u0131, kumru ve b\u0131ld\u0131rc\u0131nlar\u0131 d\u00fcnyayla payla\u015f\u0131yorsun da, s\u00f6zde g\u00f6nderdi\u011finiz o bildiriyi neden payla\u015fmad\u0131n\u0131z?<\/p><div id=\"bghab-779539277\" class=\"bghab-icerik-icine-40-paragraf bghab-entity-placement\"><script async src=\"\/\/pagead2.googlesyndication.com\/pagead\/js\/adsbygoogle.js?client=ca-pub-6203283170189293\" crossorigin=\"anonymous\"><\/script><ins class=\"adsbygoogle\" style=\"display:block; text-align:center;\" data-ad-client=\"ca-pub-6203283170189293\" \ndata-ad-slot=\"7303146466\" \ndata-ad-layout=\"in-article\"\ndata-ad-format=\"fluid\" data-full-width-responsive=\"true\"><\/ins>\n<script> \n(adsbygoogle = window.adsbygoogle || []).push({}); \n<\/script>\n<\/div>\n<p><strong>Yoksa gizli yaz\u0131p \u00e7izmek eski bir al\u0131\u015fkanl\u0131\u011f\u0131n\u0131z m\u0131d\u0131r?!<\/strong><\/p>\n<p><strong>Dost k\u00f6t\u00fc g\u00fcnde belli olur derler. \u0130\u015fitilseydi, halka sunulsayd\u0131, herkes \u00f6\u011frenir, ferahlar, \u015fu DOST dediklerin var ya, hakikatten de i\u015f umutlu, bizim atas\u00f6zlerimizde &#8220;Kendi kendine ettiini adem&#8230; Bir yere gelse idemez alem&#8230;&#8221;<\/strong><strong>, Bir de &#8220;Adam olacak \u00e7ocuk bokundan belli olur&#8221; der.\u00a0<\/strong><\/p>\n<p><strong>Ne yaz\u0131k ki diyemedik, \u00e7\u00fcnk\u00fc k\u00f6stebek dedi\u011fin g\u00fcne\u015f g\u00f6rse k\u00f6rle\u015fir ve hemen \u00f6l\u00fcr; \u0131\u015f\u0131k kelebe\u011fi dedi\u011fin lamba g\u00f6rse kendini yakar ve yere d\u00fc\u015fer.<\/strong><\/p>\n<p>Siz de dosyalar i\u00e7inde kaybolmu\u015f hamam b\u00f6ce\u011fi gibisinin yapt\u0131\u011f\u0131n\u0131z t\u00fcm i\u015fler gizli sakl\u0131, sanki s\u0131r k\u00fcp\u00fcs\u00fcn\u00fcz, Say\u0131n R.T.Erdo\u011fan\u2019a g\u00f6nderdi\u011finiz telgraf\u0131 bile halk\u0131m\u0131zdan gizliyorsunuz! Oysa bu telgraf halk\u0131m\u0131z ad\u0131na g\u00f6nderilmedi mi? Hala halkla dalga m\u0131 ge\u00e7iyorsunuz.<\/p>\n<p><strong>Yerinde Durmu\u015f karde\u015fim<\/strong>, senin savundu\u011fun ve sofras\u0131na oturmak i\u00e7in can att\u0131\u011f\u0131n L. Mestan adl\u0131 arkada\u015f, 18 y\u0131ldan beri Bulgaristan parlamentosundad\u0131r, yani 1998\u2019den beri meclis b\u00fcfesinde k\u00f6fte kemiriyor. \u0130\u015fte diyorum R.Ulut\u00fcrk\u2019\u00fcn derledi\u011fi 12 cilt eser. L\u00fctf\u00fc Bey ne yapt\u0131 g\u00f6ster!? \u0130\u015fte diyorum R.Ulut\u00fcrk\u2019\u00fcn d\u00fczenledi\u011fi 50\u2019den fazla ulusal ve uluslar aras\u0131 Bulgaristan T\u00fcrkleri ve sorunlar\u0131 konferans\u0131! G\u00f6sterin, 18 y\u0131lda L.Mestan taraf\u0131ndan \u00e7a\u011fr\u0131lm\u0131\u015f bir forum var m\u0131?! Bulgaristan T\u00fcrklerini 25 y\u0131ld\u0131r t\u00fcm T\u00fcrk D\u00fcnyas\u0131nda temsil eden yine R.ULUT\u00dcRK. \u015eu 2016 ba\u015f\u0131nda Sofya\u2019da ba\u015fkas\u0131n\u0131n paras\u0131yla yap\u0131lan \u201c<strong>Grand Hotel Sofya<\/strong>\u201d ve \u201c<strong>NDK<\/strong>\u201d bulu\u015fmalar\u0131n\u0131 saym\u0131yorum, \u00e7\u00fcnk\u00fc onlar bir zorlamayd\u0131. Ortak T\u00fcrk Ruhunun bulu\u015fmas\u0131, dirili\u015f ve \u015fahlan\u0131\u015f\u0131 olan 5-6 milyonluk \u0130stanbul \u201c<strong>Yeni Kap\u0131<\/strong>\u201d t\u00fcm d\u00fcnya T\u00fcrkleri Forumuna kat\u0131lmay\u0131\u015f\u0131n\u0131z\u0131 bir t\u00fcrl\u00fc anlayamad\u0131k. \u00d6zel u\u00e7ak m\u0131 beklediniz?! Evet, orada Bulgaristan T\u00fcrkleri bayra\u011f\u0131 ile birlikte varlard\u0131 kim yine BULT\u00dcRK daha yazal\u0131m m\u0131 yetmediyse devam edebiliriz.<\/p><div id=\"bghab-1094204641\" class=\"bghab-icerik-icine-45-paragraf bghab-entity-placement\"><script async src=\"\/\/pagead2.googlesyndication.com\/pagead\/js\/adsbygoogle.js?client=ca-pub-6203283170189293\" crossorigin=\"anonymous\"><\/script><ins class=\"adsbygoogle\" style=\"display:block; text-align:center;\" data-ad-client=\"ca-pub-6203283170189293\" \ndata-ad-slot=\"7303146466\" \ndata-ad-layout=\"in-article\"\ndata-ad-format=\"fluid\" data-full-width-responsive=\"true\"><\/ins>\n<script> \n(adsbygoogle = window.adsbygoogle || []).push({}); \n<\/script>\n<\/div>\n<p>Bak, yerinde Durmu\u015f karde\u015fim, \u201c<strong>zorla g\u00fczellik olmaz<\/strong>!\u201d diyenler zorla siyaset\u00e7i yeti\u015fmez demek istemi\u015fler, uzatmak istemiyorum, yerinde dururken d\u00fc\u015f\u00fcnmeye ba\u015fla, belki akl\u0131na bir \u015feyler eser. T\u00fcyo vereyim isterse, t\u00fcm dereler ayn\u0131 \u0131rmakta bulu\u015fmaz, belki sizin dereniz akmadan kurumu\u015ftur, bir baksan iyi olur!?<\/p>\n<p>Ha, \u015funu da ilave etmek istiyorum. Bulgaristan T\u00fcrkleri, Bulgaristanl\u0131 M\u00fcsl\u00fcman T\u00fcrkler gibi kavramlar BULT\u00dcRK ve BGSAM yay\u0131nlar\u0131nda do\u011fru olarak kullan\u0131lmaktad\u0131r yanl\u0131\u015f olan sizin kulland\u0131\u011f\u0131n\u0131z \u201d<strong>Bulgar T\u00fcrkleri<\/strong>\u201d dir. Bir de T\u00fcrk\u00e7emizde \u201c<strong>ihanet<\/strong>\u201d de\u011fimi var, \u00e7ok anlaml\u0131d\u0131r. Bak\u0131yorum yaz\u0131lar\u0131n\u0131za alm\u0131yorsunuz, t\u00fcmcelere \u00f6rmeye ba\u015flasan\u0131z iyi olur, \u00e7\u00fcnk\u00fc bizim \u00e7orap s\u00f6k\u00fc\u011f\u00fcn\u00fcn her ilme\u011finde ihanet kokusu var.<\/p>\n<p>Yoksa beni bu i\u015fe kar\u0131\u015ft\u0131rmay\u0131n, herkes kendi s\u0131rt\u0131n\u0131 kendisi ka\u015f\u0131s\u0131n m\u0131 demek isteyeceksiniz. D\u00fc\u015f\u00fcnme hakk\u0131 sizindir. Ortak ad\u0131m\u0131z\u0131n \u00f6n\u00fcne Bulgaristan de\u011fil, \u201c<strong>Bulgar<\/strong>\u201d takan sizler, yaz\u0131lar\u0131n\u0131zda o ele\u015ftirdi\u011finiz komunistler ve ba\u015fkalar\u0131n\u0131n eski kazan\u0131nda kayn\u0131yorsunuz. Yerinde Durmu\u015f karde\u015fim, unutma l\u00fctfen, bu d\u00fcnyada arasanda bulamayacaks\u0131n \u00e7\u00fcnk\u00fc \u201c<strong>ak\u0131l pazar\u0131<\/strong>\u201d yoktur. Ak\u0131l dedi\u011fin bir insanda ya \u201c<strong>olan<\/strong>\u201d ya da \u201c<strong>olmayan<\/strong>\u201d bir \u015feydir. Para ile sat\u0131n al\u0131nmaz! Paran\u0131n ge\u00e7medi\u011fi yerleri de \u00f6\u011frenmeniz iyi olur. Sokma ak\u0131ldan ak\u0131l olmaz! \u00c7ekinme, yaz gitsin. Ta\u015f atana \u00e7amur s\u0131\u00e7ramas\u0131 normaldir. Bizden gelenin kuru temizlik\u00e7iden oldu\u011funa sertifikam\u0131z var.<\/p>\n<p>Sen yaz, biz cevap hakk\u0131m\u0131z\u0131 kullan\u0131r\u0131z.<\/p>\n<p>Okudu\u011fun i\u00e7in te\u015fekk\u00fcr ederim. Aram\u0131zda sana da yer var. \u00c7ekinme \u0130stanbul\u2019a gel otel\u0131n yeme\u011fin haz\u0131r telefon a\u00e7, yaz, itiraz et, <strong>da\u011f r\u00fczg\u00e2rdan korkmaz, kardan ise hi\u00e7<\/strong>. Bizi b\u00f6yle g\u00fcndeme getirdi\u011fin i\u00e7in Sa\u011f ol!<\/p><div id=\"bghab-3510419259\" class=\"bghab-icerik-icine-50-paragraf bghab-entity-placement\"><script async src=\"\/\/pagead2.googlesyndication.com\/pagead\/js\/adsbygoogle.js?client=ca-pub-6203283170189293\" crossorigin=\"anonymous\"><\/script><ins class=\"adsbygoogle\" style=\"display:block; text-align:center;\" data-ad-client=\"ca-pub-6203283170189293\" \ndata-ad-slot=\"7303146466\" \ndata-ad-layout=\"in-article\"\ndata-ad-format=\"fluid\" data-full-width-responsive=\"true\"><\/ins>\n<script> \n(adsbygoogle = window.adsbygoogle || []).push({}); \n<\/script>\n<\/div>\n<p>&nbsp;<\/p>\n<div id=\"bghab-4111041775\" class=\"bghab-yazi-altinda bghab-entity-placement\"><div class=\"bghab-adlabel\">Reklamlar<\/div><script async src=\"https:\/\/pagead2.googlesyndication.com\/pagead\/js\/adsbygoogle.js\"><\/script>\r\n<!-- bghaber-yaz\u0131-sonu -->\r\n<ins class=\"adsbygoogle\"\r\n     style=\"display:block\"\r\n     data-ad-client=\"ca-pub-6203283170189293\"\r\n     data-ad-slot=\"4222328180\"\r\n     data-ad-format=\"auto\"\r\n     data-full-width-responsive=\"true\"><\/ins>\r\n<script>\r\n     (adsbygoogle = window.adsbygoogle || []).push({});\r\n<\/script><\/div><br style=\"clear: both; display: block; float: none;\"\/>","protected":false},"excerpt":{"rendered":"<p>\u00a0Dr.Nedim B\u0130R\u0130NC\u0130 \u00a0 \u00a0 \u00a0 \u00a0 \u00a0 \u00a0 \u00a0 \u00a0 \u00a0 \u00a0 \u00a0 \u00a0 \u00a0 \u00a0 \u00a0 \u00a0 \u00a0 \u00a0 \u00a0 \u00a0 \u00a0 \u00a0 \u00a0<\/p>\n","protected":false},"author":13,"featured_media":8403,"comment_status":"closed","ping_status":"closed","sticky":false,"template":"","format":"standard","meta":{"advanced_seo_description":"","jetpack_seo_html_title":"","jetpack_seo_noindex":false,"_jetpack_memberships_contains_paid_content":false,"footnotes":""},"categories":[6],"tags":[],"class_list":["post-20141","post","type-post","status-publish","format-standard","has-post-thumbnail","hentry","category-yorum"],"jetpack_featured_media_url":"https:\/\/i0.wp.com\/www.bghaber.org\/bghaber\/wp-content\/uploads\/2013\/11\/nedim-birinci.jpg?fit=432%2C552&ssl=1","jetpack_sharing_enabled":true,"jetpack_likes_enabled":true,"jetpack-related-posts":[],"jetpack_shortlink":"https:\/\/wp.me\/pc2PfJ-5eR","_links":{"self":[{"href":"https:\/\/www.bghaber.org\/bghaber\/wp-json\/wp\/v2\/posts\/20141","targetHints":{"allow":["GET"]}}],"collection":[{"href":"https:\/\/www.bghaber.org\/bghaber\/wp-json\/wp\/v2\/posts"}],"about":[{"href":"https:\/\/www.bghaber.org\/bghaber\/wp-json\/wp\/v2\/types\/post"}],"author":[{"embeddable":true,"href":"https:\/\/www.bghaber.org\/bghaber\/wp-json\/wp\/v2\/users\/13"}],"replies":[{"embeddable":true,"href":"https:\/\/www.bghaber.org\/bghaber\/wp-json\/wp\/v2\/comments?post=20141"}],"version-history":[{"count":0,"href":"https:\/\/www.bghaber.org\/bghaber\/wp-json\/wp\/v2\/posts\/20141\/revisions"}],"wp:featuredmedia":[{"embeddable":true,"href":"https:\/\/www.bghaber.org\/bghaber\/wp-json\/wp\/v2\/media\/8403"}],"wp:attachment":[{"href":"https:\/\/www.bghaber.org\/bghaber\/wp-json\/wp\/v2\/media?parent=20141"}],"wp:term":[{"taxonomy":"category","embeddable":true,"href":"https:\/\/www.bghaber.org\/bghaber\/wp-json\/wp\/v2\/categories?post=20141"},{"taxonomy":"post_tag","embeddable":true,"href":"https:\/\/www.bghaber.org\/bghaber\/wp-json\/wp\/v2\/tags?post=20141"}],"curies":[{"name":"wp","href":"https:\/\/api.w.org\/{rel}","templated":true}]}}