{"id":20139,"date":"2016-08-20T03:03:18","date_gmt":"2016-08-20T00:03:18","guid":{"rendered":"http:\/\/www.bghaber.org\/bghaber\/?p=20139"},"modified":"2016-08-20T03:03:18","modified_gmt":"2016-08-20T00:03:18","slug":"bulgaristan-basbakani-gerekirse-hepsinin-kellesini-verecegiz","status":"publish","type":"post","link":"https:\/\/www.bghaber.org\/bghaber\/bulgaristan-basbakani-gerekirse-hepsinin-kellesini-verecegiz\/","title":{"rendered":"Bulgaristan Ba\u015fbakan\u0131: Gerekirse hepsinin kellesini verece\u011fiz!"},"content":{"rendered":"<p>G\u00fclen Cemaati\u2019nin \u201ckasas\u0131\u201d oldu\u011fu \u00f6ne s\u00fcr\u00fclen Abdullah B\u00fcy\u00fck\u2019\u00fc T\u00fcrkiye\u2019ye teslim eden Bulgaristan Ba\u015fbakan\u0131 Boyko Borisov \u00abGerekirse hepsinin kellesini verece\u011fiz\u00bb dedi.<br \/>\nYeni \u015eafak\u2019\u0131n haberine g\u00f6re, Boykov bu sabah NOVA tv kanal\u0131na yapt\u0131\u011f\u0131 a\u00e7\u0131klamada, d\u00fcn T\u00fcrkiye\u2019\u0131ye teslim edilen ve Bulgar bas\u0131n\u0131nda ele\u015ftirilere yol a\u00e7an Abdullah B\u00fcy\u00fck\u2019\u0131\u00fcn T\u00fcrkiye\u2019\u0131ye teslim edilmesiyle ilgili \u015funlar\u0131 s\u00f6yledi: \u00abGerekirse hepsinin kellesini verece\u011fiz, yeter ki T\u00fcrkiye bizi m\u00fclteci tehditi sunmas\u0131n. Biz T\u00fcrkiye\u2019\u0131nin h\u00fck\u00fcmeti ve Cumhurba\u015fkan\u0131yla \u00e7ok iyi ili\u015fkiler s\u00fcrd\u00fcrmeliyiz, aksi taktirde oradaki m\u00fcltecileri bizim s\u0131n\u0131r\u0131m\u0131za ak\u0131n edebilir.\u00bb<br \/>\nBa\u015fbakan Borisov \u00abAbdullah B\u00fcy\u00fck, T\u00fcrkiye\u2019\u0131ye benzeri \u015fekilde iade etti\u011fimiz 25 bin ki\u015fiden biri. Ankara ile iyi ili\u015fkiler \u00f6nemli olan. T\u00fcrkiye istikrars\u0131z \u00fclke ilan edilip, 500 bin m\u00fclteciyi serbest b\u0131rak\u0131rsa, bu g\u00f6\u00e7menler ilk g\u00fcvenli \u00fclke olarak, bize girecek. \u0130nsan haklar\u0131 savunucular\u0131n\u0131 da rahatlatmak isterim, T\u00fcrkiye\u2019\u0131de idam cezas\u0131 yok.\u00bb ifadelerini kulland\u0131.<\/p>\n<div id=\"bghab-1683679970\" class=\"bghab-yazi-altinda bghab-entity-placement\"><div class=\"bghab-adlabel\">Reklamlar<\/div><script async src=\"https:\/\/pagead2.googlesyndication.com\/pagead\/js\/adsbygoogle.js\"><\/script>\r\n<!-- bghaber-yaz\u0131-sonu -->\r\n<ins class=\"adsbygoogle\"\r\n     style=\"display:block\"\r\n     data-ad-client=\"ca-pub-6203283170189293\"\r\n     data-ad-slot=\"4222328180\"\r\n     data-ad-format=\"auto\"\r\n     data-full-width-responsive=\"true\"><\/ins>\r\n<script>\r\n     (adsbygoogle = window.adsbygoogle || []).push({});\r\n<\/script><\/div><br style=\"clear: both; display: block; float: none;\"\/>","protected":false},"excerpt":{"rendered":"<p>G\u00fclen Cemaati\u2019nin \u201ckasas\u0131\u201d oldu\u011fu \u00f6ne s\u00fcr\u00fclen Abdullah B\u00fcy\u00fck\u2019\u00fc T\u00fcrkiye\u2019ye teslim eden Bulgaristan Ba\u015fbakan\u0131 Boyko Borisov \u00abGerekirse hepsinin kellesini verece\u011fiz\u00bb dedi. Yeni \u015eafak\u2019\u0131n haberine g\u00f6re, Boykov<\/p>\n","protected":false},"author":13,"featured_media":13881,"comment_status":"closed","ping_status":"closed","sticky":false,"template":"","format":"standard","meta":{"advanced_seo_description":"","jetpack_seo_html_title":"","jetpack_seo_noindex":false,"_jetpack_memberships_contains_paid_content":false,"footnotes":""},"categories":[7],"tags":[],"class_list":["post-20139","post","type-post","status-publish","format-standard","has-post-thumbnail","hentry","category-saglik-spor"],"jetpack_featured_media_url":"https:\/\/i0.wp.com\/www.bghaber.org\/bghaber\/wp-content\/uploads\/2015\/02\/boyko-bg.jpg?fit=610%2C343&ssl=1","jetpack_sharing_enabled":true,"jetpack_likes_enabled":true,"jetpack-related-posts":[],"jetpack_shortlink":"https:\/\/wp.me\/pc2PfJ-5eP","_links":{"self":[{"href":"https:\/\/www.bghaber.org\/bghaber\/wp-json\/wp\/v2\/posts\/20139","targetHints":{"allow":["GET"]}}],"collection":[{"href":"https:\/\/www.bghaber.org\/bghaber\/wp-json\/wp\/v2\/posts"}],"about":[{"href":"https:\/\/www.bghaber.org\/bghaber\/wp-json\/wp\/v2\/types\/post"}],"author":[{"embeddable":true,"href":"https:\/\/www.bghaber.org\/bghaber\/wp-json\/wp\/v2\/users\/13"}],"replies":[{"embeddable":true,"href":"https:\/\/www.bghaber.org\/bghaber\/wp-json\/wp\/v2\/comments?post=20139"}],"version-history":[{"count":0,"href":"https:\/\/www.bghaber.org\/bghaber\/wp-json\/wp\/v2\/posts\/20139\/revisions"}],"wp:featuredmedia":[{"embeddable":true,"href":"https:\/\/www.bghaber.org\/bghaber\/wp-json\/wp\/v2\/media\/13881"}],"wp:attachment":[{"href":"https:\/\/www.bghaber.org\/bghaber\/wp-json\/wp\/v2\/media?parent=20139"}],"wp:term":[{"taxonomy":"category","embeddable":true,"href":"https:\/\/www.bghaber.org\/bghaber\/wp-json\/wp\/v2\/categories?post=20139"},{"taxonomy":"post_tag","embeddable":true,"href":"https:\/\/www.bghaber.org\/bghaber\/wp-json\/wp\/v2\/tags?post=20139"}],"curies":[{"name":"wp","href":"https:\/\/api.w.org\/{rel}","templated":true}]}}