{"id":20137,"date":"2016-08-20T02:52:59","date_gmt":"2016-08-19T23:52:59","guid":{"rendered":"http:\/\/www.bghaber.org\/bghaber\/?p=20137"},"modified":"2016-08-20T02:52:59","modified_gmt":"2016-08-19T23:52:59","slug":"bulgaristandaki-siginmaci-sorunu","status":"publish","type":"post","link":"https:\/\/www.bghaber.org\/bghaber\/bulgaristandaki-siginmaci-sorunu\/","title":{"rendered":"Bulgaristan&#8217;daki S\u0131\u011f\u0131nmac\u0131 Sorunu"},"content":{"rendered":"<p>Bulgaristan \u0130\u00e7i\u015fleri Bakan Yard\u0131mc\u0131s\u0131 Filip Gunev, y\u0131lba\u015f\u0131ndan bu yana \u00fclkeye yasad\u0131\u015f\u0131 yollarla girmeye \u00e7al\u0131\u015fan 29 bin yabanc\u0131n\u0131n engellendi\u011fini duyurdu.<\/p>\n<p>Bulgaristan&#8217;\u0131n, s\u0131n\u0131rlar\u0131n\u0131 ba\u015far\u0131l\u0131 olarak korudu\u011funu belirten Gunev, yapt\u0131\u011f\u0131 a\u00e7\u0131klamada, &#8220;Ka\u00e7maya \u00e7al\u0131\u015f\u0131rken yakalad\u0131\u011f\u0131m\u0131z g\u00f6\u00e7menlerin bir b\u00f6l\u00fcm\u00fc zaten sistemimizde kay\u0131tl\u0131 bulunuyor. Dolay\u0131s\u0131yla uygulad\u0131\u011f\u0131m\u0131z denetim etkin say\u0131l\u0131r.\u00a0Bulgaristan&#8217;\u0131n &#8216;\u00a0Avrupa&#8217;ya a\u00e7\u0131k kap\u0131&#8217; olarak g\u00f6sterilmesi yanl\u0131\u015f.&#8221; diye konu\u015ftu.<\/p>\n<p>\u0130\u00e7i\u015fleri Bakanl\u0131\u011f\u0131 Genel Sekreteri Georgi Kostov, \u00fclkeye ula\u015fan Suriyeli s\u0131\u011f\u0131nmac\u0131lar\u0131n say\u0131s\u0131n\u0131n da gittik\u00e7e azald\u0131\u011f\u0131na i\u015faret ederek, son d\u00f6nemde yakalanan 2 bin 300 ki\u015fiden bin 700&#8217;\u00fcn\u00fcn\u00a0Afganistan uyruklu oldu\u011funu ifade etti.<\/p>\n<p>Kostov, s\u0131n\u0131r b\u00f6lgelerinde en \u00e7ok yasad\u0131\u015f\u0131 giri\u015f \u00e7\u0131k\u0131\u015flar\u0131n oldu\u011fu co\u011frafyada, ka\u00e7ak giri\u015fler konusunda halktan yard\u0131m talebinde bulundu.<\/p>\n<p>Y\u0131lba\u015f\u0131ndan bu yana\u00a0Bulgaristan&#8217;da s\u0131\u011f\u0131nma hakk\u0131 isteyen 9 bin 388 ki\u015fiden bin 543&#8217;\u00fcn\u00fcn talebine onay verildi\u011fi a\u00e7\u0131kland\u0131.<\/p><div id=\"bghab-2783110280\" class=\"bghab-icerik-icine bghab-entity-placement\"><script async src=\"\/\/pagead2.googlesyndication.com\/pagead\/js\/adsbygoogle.js?client=ca-pub-6203283170189293\" crossorigin=\"anonymous\"><\/script><ins class=\"adsbygoogle\" style=\"display:block; text-align:center;\" data-ad-client=\"ca-pub-6203283170189293\" \ndata-ad-slot=\"7303146466\" \ndata-ad-layout=\"in-article\"\ndata-ad-format=\"fluid\" data-full-width-responsive=\"true\"><\/ins>\n<script> \n(adsbygoogle = window.adsbygoogle || []).push({}); \n<\/script>\n<\/div>\n<p>Avrupa Komisyonu Ba\u015fkan Yard\u0131mc\u0131s\u0131 Kristalina Georgieva,\u00a0Bulgaristan Ulusal Televizyonuna yapt\u0131\u011f\u0131 a\u00e7\u0131klamada, bunal\u0131mlar ve do\u011fal felaketlerin sarst\u0131\u011f\u0131 d\u00fcnyada s\u0131\u011f\u0131nmac\u0131 dalgas\u0131n\u0131 yava\u015f ilerleyen bir tsunamiye benzeterek, &#8220;B\u00fct\u00e7eden\u00a0Avrupa Birli\u011fi&#8217;nin (AB) d\u0131\u015f s\u0131n\u0131rlar\u0131n\u0131n korunmas\u0131 i\u00e7in finansman aktarmak \u00fczere elimizden geleni yap\u0131yoruz. Topraklar\u0131m\u0131za kontrols\u00fcz giri\u015fleri engelleyecek g\u00fc\u00e7l\u00fc bir ajans olu\u015fturmaya \u00e7al\u0131\u015f\u0131yoruz. Bunu yaparken ayn\u0131 zamanda b\u00fct\u00e7enin esnekli\u011fini de son derece dikkatli olarak kullan\u0131yoruz.&#8221; dedi.<\/p>\n<div id=\"bghab-3175653732\" class=\"bghab-yazi-altinda bghab-entity-placement\"><div class=\"bghab-adlabel\">Reklamlar<\/div><script async src=\"https:\/\/pagead2.googlesyndication.com\/pagead\/js\/adsbygoogle.js\"><\/script>\r\n<!-- bghaber-yaz\u0131-sonu -->\r\n<ins class=\"adsbygoogle\"\r\n     style=\"display:block\"\r\n     data-ad-client=\"ca-pub-6203283170189293\"\r\n     data-ad-slot=\"4222328180\"\r\n     data-ad-format=\"auto\"\r\n     data-full-width-responsive=\"true\"><\/ins>\r\n<script>\r\n     (adsbygoogle = window.adsbygoogle || []).push({});\r\n<\/script><\/div><br style=\"clear: both; display: block; float: none;\"\/>","protected":false},"excerpt":{"rendered":"<p>Bulgaristan \u0130\u00e7i\u015fleri Bakan Yard\u0131mc\u0131s\u0131 Filip Gunev, y\u0131lba\u015f\u0131ndan bu yana \u00fclkeye yasad\u0131\u015f\u0131 yollarla girmeye \u00e7al\u0131\u015fan 29 bin yabanc\u0131n\u0131n engellendi\u011fini duyurdu. Bulgaristan&#8217;\u0131n, s\u0131n\u0131rlar\u0131n\u0131 ba\u015far\u0131l\u0131 olarak korudu\u011funu belirten<\/p>\n","protected":false},"author":13,"featured_media":8305,"comment_status":"closed","ping_status":"closed","sticky":false,"template":"","format":"standard","meta":{"advanced_seo_description":"","jetpack_seo_html_title":"","jetpack_seo_noindex":false,"_jetpack_memberships_contains_paid_content":false,"footnotes":""},"categories":[10],"tags":[],"class_list":["post-20137","post","type-post","status-publish","format-standard","has-post-thumbnail","hentry","category-kultur-sanat"],"jetpack_featured_media_url":"https:\/\/i0.wp.com\/www.bghaber.org\/bghaber\/wp-content\/uploads\/2013\/11\/suriyeli-multeciler.jpg?fit=576%2C356&ssl=1","jetpack_sharing_enabled":true,"jetpack_likes_enabled":true,"jetpack-related-posts":[],"jetpack_shortlink":"https:\/\/wp.me\/pc2PfJ-5eN","_links":{"self":[{"href":"https:\/\/www.bghaber.org\/bghaber\/wp-json\/wp\/v2\/posts\/20137","targetHints":{"allow":["GET"]}}],"collection":[{"href":"https:\/\/www.bghaber.org\/bghaber\/wp-json\/wp\/v2\/posts"}],"about":[{"href":"https:\/\/www.bghaber.org\/bghaber\/wp-json\/wp\/v2\/types\/post"}],"author":[{"embeddable":true,"href":"https:\/\/www.bghaber.org\/bghaber\/wp-json\/wp\/v2\/users\/13"}],"replies":[{"embeddable":true,"href":"https:\/\/www.bghaber.org\/bghaber\/wp-json\/wp\/v2\/comments?post=20137"}],"version-history":[{"count":0,"href":"https:\/\/www.bghaber.org\/bghaber\/wp-json\/wp\/v2\/posts\/20137\/revisions"}],"wp:featuredmedia":[{"embeddable":true,"href":"https:\/\/www.bghaber.org\/bghaber\/wp-json\/wp\/v2\/media\/8305"}],"wp:attachment":[{"href":"https:\/\/www.bghaber.org\/bghaber\/wp-json\/wp\/v2\/media?parent=20137"}],"wp:term":[{"taxonomy":"category","embeddable":true,"href":"https:\/\/www.bghaber.org\/bghaber\/wp-json\/wp\/v2\/categories?post=20137"},{"taxonomy":"post_tag","embeddable":true,"href":"https:\/\/www.bghaber.org\/bghaber\/wp-json\/wp\/v2\/tags?post=20137"}],"curies":[{"name":"wp","href":"https:\/\/api.w.org\/{rel}","templated":true}]}}