{"id":20131,"date":"2016-08-20T02:47:13","date_gmt":"2016-08-19T23:47:13","guid":{"rendered":"http:\/\/www.bghaber.org\/bghaber\/?p=20131"},"modified":"2016-08-20T02:47:13","modified_gmt":"2016-08-19T23:47:13","slug":"marmaraydan-bulgaristana","status":"publish","type":"post","link":"https:\/\/www.bghaber.org\/bghaber\/marmaraydan-bulgaristana\/","title":{"rendered":"Marmaray&#8217;dan Bulgaristan&#8217;a"},"content":{"rendered":"<h2><img data-recalc-dims=\"1\" loading=\"lazy\" decoding=\"async\" class=\"\" src=\"https:\/\/i0.wp.com\/www.bghaber.org\/bghaber\/wp-content\/uploads\/2016\/08\/tren-bg.jpg?resize=567%2C299\" alt=\"tren bg\" width=\"567\" height=\"299\" \/><\/h2>\n<h2>\u0130stanbul\u2019la Edirne aras\u0131n\u0131 1 saate indirecek \u2018Halkal\u0131-Kap\u0131kule H\u0131zl\u0131 Tren\u2019 projesi ile Halkal\u0131 istasyonundan ba\u015flayacak 11 durakl\u0131 hat, Tekirda\u011f, K\u0131rklareli ve Edirne\u2019den ge\u00e7erek Bulgaristan s\u0131n\u0131r\u0131na ba\u011flanacak. T\u00fcrkiye\u2019nin Bulgaristan\u2019a ve bu yolla Avrupa\u2019ya a\u00e7\u0131ld\u0131\u011f\u0131 s\u0131n\u0131r kap\u0131s\u0131 Kap\u0131kule\u2019ye uzanan \u2018Halkal\u0131 Kap\u0131kule Demiryolu\u2019 hatt\u0131, rotas\u0131na eklenen yeni duraklarla h\u0131zl\u0131 tren olarak yeniden hayata ge\u00e7iyor.<\/h2>\n<p>2011 y\u0131l\u0131 yat\u0131r\u0131m program\u0131na al\u0131nan ancak aradan ge\u00e7en zaman i\u00e7inde hala ihalesine bile \u00e7\u0131k\u0131lamayan h\u0131zl\u0131 tren projesinin teknik detaylar\u0131n\u0131n yer ald\u0131\u011f\u0131 \u00c7evresel Etki De\u011ferlendirmesi (\u00c7ED) raporu a\u00e7\u0131kland\u0131. 2 milyar 750 milyon TL bedel bi\u00e7ilen proje gelecek ay &#8216;\u0130nceleme De\u011ferlendirme Komisyonu&#8217;nda (\u0130DK) de\u011ferlendirilecek.<\/p>\n<div id=\"bghab-1595214977\" class=\"bghab-yazi-altinda bghab-entity-placement\"><div class=\"bghab-adlabel\">Reklamlar<\/div><script async src=\"https:\/\/pagead2.googlesyndication.com\/pagead\/js\/adsbygoogle.js\"><\/script>\r\n<!-- bghaber-yaz\u0131-sonu -->\r\n<ins class=\"adsbygoogle\"\r\n     style=\"display:block\"\r\n     data-ad-client=\"ca-pub-6203283170189293\"\r\n     data-ad-slot=\"4222328180\"\r\n     data-ad-format=\"auto\"\r\n     data-full-width-responsive=\"true\"><\/ins>\r\n<script>\r\n     (adsbygoogle = window.adsbygoogle || []).push({});\r\n<\/script><\/div><br style=\"clear: both; display: block; float: none;\"\/>","protected":false},"excerpt":{"rendered":"<p>\u0130stanbul\u2019la Edirne aras\u0131n\u0131 1 saate indirecek \u2018Halkal\u0131-Kap\u0131kule H\u0131zl\u0131 Tren\u2019 projesi ile Halkal\u0131 istasyonundan ba\u015flayacak 11 durakl\u0131 hat, Tekirda\u011f, K\u0131rklareli ve Edirne\u2019den ge\u00e7erek Bulgaristan s\u0131n\u0131r\u0131na ba\u011flanacak.<\/p>\n","protected":false},"author":13,"featured_media":20132,"comment_status":"closed","ping_status":"closed","sticky":false,"template":"","format":"standard","meta":{"advanced_seo_description":"","jetpack_seo_html_title":"","jetpack_seo_noindex":false,"_jetpack_memberships_contains_paid_content":false,"footnotes":""},"categories":[4],"tags":[],"class_list":["post-20131","post","type-post","status-publish","format-standard","has-post-thumbnail","hentry","category-siyaset"],"jetpack_featured_media_url":"https:\/\/i0.wp.com\/www.bghaber.org\/bghaber\/wp-content\/uploads\/2016\/08\/tren-bg.jpg?fit=650%2C342&ssl=1","jetpack_sharing_enabled":true,"jetpack_likes_enabled":true,"jetpack-related-posts":[],"jetpack_shortlink":"https:\/\/wp.me\/pc2PfJ-5eH","_links":{"self":[{"href":"https:\/\/www.bghaber.org\/bghaber\/wp-json\/wp\/v2\/posts\/20131","targetHints":{"allow":["GET"]}}],"collection":[{"href":"https:\/\/www.bghaber.org\/bghaber\/wp-json\/wp\/v2\/posts"}],"about":[{"href":"https:\/\/www.bghaber.org\/bghaber\/wp-json\/wp\/v2\/types\/post"}],"author":[{"embeddable":true,"href":"https:\/\/www.bghaber.org\/bghaber\/wp-json\/wp\/v2\/users\/13"}],"replies":[{"embeddable":true,"href":"https:\/\/www.bghaber.org\/bghaber\/wp-json\/wp\/v2\/comments?post=20131"}],"version-history":[{"count":0,"href":"https:\/\/www.bghaber.org\/bghaber\/wp-json\/wp\/v2\/posts\/20131\/revisions"}],"wp:featuredmedia":[{"embeddable":true,"href":"https:\/\/www.bghaber.org\/bghaber\/wp-json\/wp\/v2\/media\/20132"}],"wp:attachment":[{"href":"https:\/\/www.bghaber.org\/bghaber\/wp-json\/wp\/v2\/media?parent=20131"}],"wp:term":[{"taxonomy":"category","embeddable":true,"href":"https:\/\/www.bghaber.org\/bghaber\/wp-json\/wp\/v2\/categories?post=20131"},{"taxonomy":"post_tag","embeddable":true,"href":"https:\/\/www.bghaber.org\/bghaber\/wp-json\/wp\/v2\/tags?post=20131"}],"curies":[{"name":"wp","href":"https:\/\/api.w.org\/{rel}","templated":true}]}}