{"id":20128,"date":"2016-08-20T01:13:36","date_gmt":"2016-08-19T22:13:36","guid":{"rendered":"http:\/\/www.bghaber.org\/bghaber\/?p=20128"},"modified":"2016-08-20T01:13:36","modified_gmt":"2016-08-19T22:13:36","slug":"trayan-bisesku-sirbistanin-avrupa-birligine-uye-olmasina-karsi-romanya-veto-hakkini-kullanacak","status":"publish","type":"post","link":"https:\/\/www.bghaber.org\/bghaber\/trayan-bisesku-sirbistanin-avrupa-birligine-uye-olmasina-karsi-romanya-veto-hakkini-kullanacak\/","title":{"rendered":"Trayan Bisesku: S\u0131rbistan\u2019\u0131n Avrupa Birli\u011fine \u00fcye olmas\u0131na kar\u015f\u0131 Romanya veto hakk\u0131n\u0131 kullanacak."},"content":{"rendered":"<p><strong>S\u0131rbistan \u00fclkede ya\u015fayan Romen az\u0131nl\u0131\u011f\u0131n insan haklar\u0131n\u0131 savunan antla\u015fmaya uymamaya devam ederse Romanya\u00a0 Br\u00fcksel\u2019de veto hakk\u0131n\u0131 kullanacak.<\/strong><\/p>\n<p>Romanya\u2019n\u0131n eski Cumhurba\u015fkan\u0131 Trayan Bisesu, S\u0131rbistan \u00fclkede ya\u015fayan Romen az\u0131nl\u0131\u011f\u0131n haklar\u0131n\u0131 aralar\u0131ndaki ikili antla\u015fmaya uygun bir \u015fekilde tan\u0131may\u0131 kabul etmezse, Br\u00fcksel\u2019deki oylama esnas\u0131nda S\u0131rbistan\u2019\u0131n AB \u00fcyeli\u011fine veto koymakla Belgrad\u2019\u0131 tehdit etti.<\/p>\n<p>2012 y\u0131l\u0131nda Bisesku S\u0131rbistan\u2019\u0131n AB\u2019ye \u00fcye al\u0131nmas\u0131 s\u00f6zle\u015fmesini imzalamam\u0131\u015ft\u0131.\u00a0 O zaman da S\u0131rbistan\u2019da ya\u015fayan Romen az\u0131nl\u0131k i\u00e7in ek garantiler istemi\u015fti. \u00dclkede 40 bin Romen ya\u015f\u0131yor.<\/p>\n<p>Timo\u00e7ka Krayna\u2019da yap\u0131lan Az\u0131nl\u0131klar Kurultay\u0131nda Az\u0131nl\u0131klar K\u00fclt\u00fcr Birli\u011fi Ba\u015fkan Yard\u0131mc\u0131s\u0131 Predor Bala\u015fevi\u00e7i, anadilimizde kre\u015f, anadilimizde ilk ve orta okul, anadilimizde bs\u0131n yay\u0131n istiyoruz, geleneksel k\u00fclt\u00fcr\u00fcm\u00fcze g\u00f6re ya\u015famak istiyoruz, dedi.<\/p>\n<div id=\"bghab-927776230\" class=\"bghab-yazi-altinda bghab-entity-placement\"><div class=\"bghab-adlabel\">Reklamlar<\/div><script async src=\"https:\/\/pagead2.googlesyndication.com\/pagead\/js\/adsbygoogle.js\"><\/script>\r\n<!-- bghaber-yaz\u0131-sonu -->\r\n<ins class=\"adsbygoogle\"\r\n     style=\"display:block\"\r\n     data-ad-client=\"ca-pub-6203283170189293\"\r\n     data-ad-slot=\"4222328180\"\r\n     data-ad-format=\"auto\"\r\n     data-full-width-responsive=\"true\"><\/ins>\r\n<script>\r\n     (adsbygoogle = window.adsbygoogle || []).push({});\r\n<\/script><\/div><br style=\"clear: both; display: block; float: none;\"\/>","protected":false},"excerpt":{"rendered":"<p>S\u0131rbistan \u00fclkede ya\u015fayan Romen az\u0131nl\u0131\u011f\u0131n insan haklar\u0131n\u0131 savunan antla\u015fmaya uymamaya devam ederse Romanya\u00a0 Br\u00fcksel\u2019de veto hakk\u0131n\u0131 kullanacak. Romanya\u2019n\u0131n eski Cumhurba\u015fkan\u0131 Trayan Bisesu, S\u0131rbistan \u00fclkede ya\u015fayan<\/p>\n","protected":false},"author":13,"featured_media":20129,"comment_status":"closed","ping_status":"closed","sticky":false,"template":"","format":"standard","meta":{"advanced_seo_description":"","jetpack_seo_html_title":"","jetpack_seo_noindex":false,"_jetpack_memberships_contains_paid_content":false,"footnotes":""},"categories":[5],"tags":[],"class_list":["post-20128","post","type-post","status-publish","format-standard","has-post-thumbnail","hentry","category-yasam"],"jetpack_featured_media_url":"https:\/\/i0.wp.com\/www.bghaber.org\/bghaber\/wp-content\/uploads\/2016\/08\/romany.jpg?fit=610%2C350&ssl=1","jetpack_sharing_enabled":true,"jetpack_likes_enabled":true,"jetpack-related-posts":[],"jetpack_shortlink":"https:\/\/wp.me\/pc2PfJ-5eE","_links":{"self":[{"href":"https:\/\/www.bghaber.org\/bghaber\/wp-json\/wp\/v2\/posts\/20128","targetHints":{"allow":["GET"]}}],"collection":[{"href":"https:\/\/www.bghaber.org\/bghaber\/wp-json\/wp\/v2\/posts"}],"about":[{"href":"https:\/\/www.bghaber.org\/bghaber\/wp-json\/wp\/v2\/types\/post"}],"author":[{"embeddable":true,"href":"https:\/\/www.bghaber.org\/bghaber\/wp-json\/wp\/v2\/users\/13"}],"replies":[{"embeddable":true,"href":"https:\/\/www.bghaber.org\/bghaber\/wp-json\/wp\/v2\/comments?post=20128"}],"version-history":[{"count":0,"href":"https:\/\/www.bghaber.org\/bghaber\/wp-json\/wp\/v2\/posts\/20128\/revisions"}],"wp:featuredmedia":[{"embeddable":true,"href":"https:\/\/www.bghaber.org\/bghaber\/wp-json\/wp\/v2\/media\/20129"}],"wp:attachment":[{"href":"https:\/\/www.bghaber.org\/bghaber\/wp-json\/wp\/v2\/media?parent=20128"}],"wp:term":[{"taxonomy":"category","embeddable":true,"href":"https:\/\/www.bghaber.org\/bghaber\/wp-json\/wp\/v2\/categories?post=20128"},{"taxonomy":"post_tag","embeddable":true,"href":"https:\/\/www.bghaber.org\/bghaber\/wp-json\/wp\/v2\/tags?post=20128"}],"curies":[{"name":"wp","href":"https:\/\/api.w.org\/{rel}","templated":true}]}}