{"id":20126,"date":"2016-08-20T01:11:17","date_gmt":"2016-08-19T22:11:17","guid":{"rendered":"http:\/\/www.bghaber.org\/bghaber\/?p=20126"},"modified":"2016-08-20T01:11:17","modified_gmt":"2016-08-19T22:11:17","slug":"metastaz-dedigimiz","status":"publish","type":"post","link":"https:\/\/www.bghaber.org\/bghaber\/metastaz-dedigimiz\/","title":{"rendered":"Metastaz Dedi\u011fimiz"},"content":{"rendered":"<p>Osman B\u00dcLB\u00dcL<\/p>\n<p>Konu<strong>: T\u00fcrkiye\u2019deki geli\u015fmelere d\u0131\u015ftan bak\u0131\u015f<\/strong><\/p>\n<p><strong>\u00a0\u00a0\u00a0\u00a0\u00a0\u00a0\u00a0\u00a0\u00a0\u00a0\u00a0 G\u00fclen tarikat\u0131, paralel devlet ve Rusya\u2019daki alt\u0131nc\u0131 kol ordu!<\/strong><strong>\u00a0 \u00a0\u00a0<\/strong><\/p>\n<p>Rus\u00e7adan \u00e7eviri.<\/p>\n<p>Jeopolitik g\u00fc\u00e7ler dengesinin t\u00fcm yap\u0131lar\u0131nda de\u011fi\u015fikliklere neden olan, 15 Temmuz 2016 T\u00fcrkiye dramatik olaylar\u0131yla ilgili olarak, ileti\u015fim ortam\u0131 her ge\u00e7en g\u00fcn daha s\u0131k bir \u015fekilde \u201c<strong>paralel devlet<\/strong>\u201d kavram\u0131n\u0131 kullan\u0131yor.<\/p><div id=\"bghab-1592840304\" class=\"bghab-icerik-icine bghab-entity-placement\"><script async src=\"\/\/pagead2.googlesyndication.com\/pagead\/js\/adsbygoogle.js?client=ca-pub-6203283170189293\" crossorigin=\"anonymous\"><\/script><ins class=\"adsbygoogle\" style=\"display:block; text-align:center;\" data-ad-client=\"ca-pub-6203283170189293\" \ndata-ad-slot=\"7303146466\" \ndata-ad-layout=\"in-article\"\ndata-ad-format=\"fluid\" data-full-width-responsive=\"true\"><\/ins>\n<script> \n(adsbygoogle = window.adsbygoogle || []).push({}); \n<\/script>\n<\/div>\n<p>\u201c<strong>Paralel devlet<\/strong>\u201d, hemen hemen her devlette var olan, milli iktidar\u0131n i\u00e7sel d\u00fcr\u00fcstl\u00fc\u011f\u00fc ko\u015fullar\u0131nda Washington\u2019un emirlerini yerine getiren, amerikanc\u0131 etkili ajan a\u011fas\u0131n\u0131n varl\u0131\u011f\u0131na i\u015farettir.<\/p>\n<p><strong>T\u00fcrkiye\u2019de 15 Temmuzu 16 Temmuza ba\u011flayan gece askeri darbe yapmay\u0131 deneyen i\u015fte bu paralel devlettir<\/strong>. Ya\u015fanan \u015fok ortam\u0131nda T\u00fcrkiye liderleri \u00f6l\u00fcmle y\u00fcz y\u00fcze geldiler. Baz\u0131 anlarda paralel devlet ile ilgili suskunluk perdesi hafiften kald\u0131r\u0131ld\u0131. Bug\u00fcn de yerli ileti\u015fim ara\u00e7lar\u0131 ve bas\u0131n T\u00fcrk idaresi taraf\u0131ndan a\u00e7\u0131klanan y\u00fcksek devlet katlar\u0131nda g\u00f6revlere yerle\u015fmi\u015f amerikan casuslar\u0131n\u0131n icraatlar\u0131n\u0131 a\u00e7\u0131klayan \u00f6rneklerle dolup ta\u015f\u0131yor.<\/p>\n<p>Ne var ki, g\u00fcnlerin ge\u00e7mesiyle ya\u015fanan deh\u015fet dibe \u00e7\u00f6kecek, bu ac\u0131kl\u0131 konu da kenara itilecek, sonra da kendili\u011finde giderek unutulacakt\u0131r. Neden biliyor musunuz? \u00c7\u00fcnk\u00fc paralel devletin k\u00f6klerini s\u00f6kmek ve onu yok etmek o kadar kolay de\u011fildir.<\/p>\n<p><strong>\u015eimdi T\u00fcrkiye\u2019!de parmakl\u0131klar ard\u0131nda hak ettikleri yeri a\u015fanlar buz da\u011f\u0131n\u0131n tepesinde bulunanlard\u0131r<\/strong>. Paralel devlet, bu sinsi i\u015flerde \u0130ngiliz casusluk servislerinin yerini alan, amerikan \u00f6zel casusluk servisleri taraf\u0131ndan onlarca y\u0131l i\u00e7inde yarat\u0131ld\u0131 ve \u00f6yle kolay kolay k\u00f6kleri s\u00f6k\u00fcl\u00fcp at\u0131lamaz. Paralel devlet T\u00fcrkiye\u2019de bug\u00fcn de ayaktad\u0131r, onun yeni \u00f6devi izlerini silmek ve kaybettirmektir.<\/p>\n<p>\u201c<strong>Paralel devlet<\/strong>\u201d kavram\u0131 gir gide gazetelerin birinci sayfalar\u0131ndan ikinci sayfalara ge\u00e7ecek ve daha sonra son sayfalardan yere d\u00fc\u015fecek ve kendini unutturacakt\u0131r. En sonunda bu de\u011fim gizli ve u\u00e7 i\u015flerin anlat\u0131ld\u0131\u011f\u0131 kavramlarla kar\u0131\u015ft\u0131r\u0131l\u0131p harmanlanacakt\u0131r. Bu mutlaka olacakt\u0131r, \u00e7\u00fcnk\u00fc \u201c<strong>paralel devlet<\/strong>\u201d \u00e7ok g\u00fc\u00e7l\u00fcd\u00fcr ve devletin k\u0131lcal damarlar\u0131nda yuvalanm\u0131\u015ft\u0131r.<\/p><div id=\"bghab-321609461\" class=\"bghab-icerik-icine-10-paragraf bghab-entity-placement\"><script async src=\"\/\/pagead2.googlesyndication.com\/pagead\/js\/adsbygoogle.js?client=ca-pub-6203283170189293\" crossorigin=\"anonymous\"><\/script><ins class=\"adsbygoogle\" style=\"display:block; text-align:center;\" data-ad-client=\"ca-pub-6203283170189293\" \ndata-ad-slot=\"7303146466\" \ndata-ad-layout=\"in-article\"\ndata-ad-format=\"fluid\" data-full-width-responsive=\"true\"><\/ins>\n<script> \n(adsbygoogle = window.adsbygoogle || []).push({}); \n<\/script>\n<\/div>\n<p>\u201c<strong>Paralel devlet<\/strong>\u201d bir T\u00fcrk olay\u0131 de\u011fildir. O, ancak askeri darbeler esnas\u0131nda, ola\u011fan\u00fcst\u00fc durumlarda toplumsal sahneye \u00e7\u0131k\u0131yor, fakat o g\u00f6r\u00fcnmese de, her zaman her yerde etkindir. Onun ba\u015fl\u0131ca hedefleri \u015funlard\u0131r. Radikal muhalefet mitinglerine palya\u00e7olar \u00e7\u0131kar. Etki ajanlar\u0131, g\u00f6r\u00fcn\u00fc\u015fte tamamen d\u00fcr\u00fcst olmakla birlikte,\u00a0 <strong>iktidar\u0131n tepesindedirler<\/strong>. Onlar sahne \u00f6n\u00fcnde ancak ola\u011fan\u00fcst\u00fc durumlarda belirir, ama ayn\u0131 zamanda hi\u00e7 ara vermeksizin oyun bozma ve g\u00fc\u00e7l\u00fckler yaratma gibi i\u015flerle me\u015fguld\u00fcrler.<\/p>\n<p>G\u00fcn\u00fcm\u00fcz T\u00fcrkiye\u2019sinde paralel devlet ile <strong>Feytullah G\u00fclen tarikat\u0131<\/strong> bir tutuluyor. Bu tarikat\u0131n etkinlikleri Rusya topraklar\u0131nda \u00e7ok uzun bir zamandan beri tamamen yasaklanm\u0131\u015ft\u0131r.\u00a0 Bu karar Rusya h\u00fck\u00fcmetinin ald\u0131\u011f\u0131 \u00e7ok uzak g\u00f6r\u00fc\u015fl\u00fc bir karar\u0131d\u0131r.<\/p>\n<p>G\u00fclenciler Kazakistan ve Azerbaycan\u2019da \u00e7ok aktif etkinlikte bulunmaya devam ediyorlar.\u00a0 K\u0131rg\u0131zistan\u2019da ise etkinlikleri \u00f6yle boyuta ula\u015ft\u0131 ki Cumhurba\u015fkan\u0131 Atambaev\u2019i kontrol ediyorlar. T\u00fcrkler alarm \u00e7anlar\u0131 \u00e7al\u0131yor. Fakat onlar\u0131n feryad\u0131n\u0131 duyan yok: paralel devlet, onun varl\u0131\u011f\u0131na el kald\u0131ranlarla \u00e7at\u0131\u015fmas\u0131n\u0131n t\u00fcm izlerini belli etmeden silecektir; olup bitenin bir tuzak teorisi veya ruh hastal\u0131\u011f\u0131 oldu\u011funu iddia etmeye ba\u015flayacaklard\u0131r. T\u00fcrkiye y\u00f6neticileri hayatlar\u0131n\u0131 ve \u00fclkelerini kaybetmek \u00fczere olduklar\u0131 bir derin trajedi ya\u015fad\u0131klar\u0131 i\u00e7in bug\u00fcn \u00f6yle d\u00fc\u015f\u00fcnm\u00fcyorlar.<\/p>\n<p>Devasa bir a\u011f\u0131n k\u00fc\u00e7\u00fck bir par\u00e7as\u0131 olan G\u00fclen tarikat\u0131 paralel devletin yan\u0131nda da\u011f yan\u0131nda s\u0131\u00e7an kadard\u0131r. Kazakistan\u2019daki durumun istikrar\u0131n\u0131n bozulmas\u0131ndan, k\u0131sa bir s\u00fcre \u00f6nce Ermenistan\u2019da ya\u015fanan protesto olaylar\u0131ndan su\u00e7lu olan G\u00fclen cemaati de\u011fildir. <strong>Rusya\u2019da ise T\u00fcrk dili uzmanlar\u0131ndan b\u00fcy\u00fck bir k\u0131sm\u0131n\u0131 parayla sat\u0131n alm\u0131\u015f olmalar\u0131na ra\u011fmen, etkileri pek g\u00fc\u00e7l\u00fc say\u0131lmaz.\u00a0 E<\/strong>vet, G\u00fclen cemaatinin Rusya\u2019daki etkisi fazla de\u011fildir, fakat Rusya\u2019da bamba\u015fka bir k\u0131l\u0131f i\u00e7inde olan paralel devlet \u00e7ok b\u00fcy\u00fckt\u00fcr ve <strong>devletimiz i\u00e7in ciddi tehlike olu\u015fturuyor<\/strong>.<\/p>\n<p>Biz bazen paralel devlete <strong>alt\u0131nc\u0131 kol ordu<\/strong> diyoruz. \u0130ktidara kar\u015f\u0131 zaman zaman diklenen be\u015finci kol ordudan farkl\u0131 olarak alt\u0131nc\u0131 kol ordu, amerikan himayecilerinin emrettiklerini devlet i\u00e7inde ger\u00e7ekle\u015ftirerek, ayn\u0131 iktidar\u0131n d\u0131\u015f\u0131nda bulunmad\u0131\u011f\u0131 gibi i\u00e7indedir ve devaml\u0131 onu oyuyor.<\/p><div id=\"bghab-298771110\" class=\"bghab-icerik-icine-15-paragraf bghab-entity-placement\"><script async src=\"\/\/pagead2.googlesyndication.com\/pagead\/js\/adsbygoogle.js?client=ca-pub-6203283170189293\" crossorigin=\"anonymous\"><\/script><ins class=\"adsbygoogle\" style=\"display:block; text-align:center;\" data-ad-client=\"ca-pub-6203283170189293\" \ndata-ad-slot=\"7303146466\" \ndata-ad-layout=\"in-article\"\ndata-ad-format=\"fluid\" data-full-width-responsive=\"true\"><\/ins>\n<script> \n(adsbygoogle = window.adsbygoogle || []).push({}); \n<\/script>\n<\/div>\n<p>Ve \u00f6yle bir durum ki, paralel devletin temellerini kaz\u0131p onu topraktan s\u00f6k\u00fcp d\u0131\u015far\u0131ya atacak bir g\u00fc\u00e7 yoktur. Onlar\u0131 ele ge\u00e7irmek ya da onlara daha iyi bir ya\u015fam standard\u0131 sunmak fayda etmez. Her \u015fey d\u00fc\u015f\u00fcn\u00fcld\u00fc\u011f\u00fcnden \u00e7ok daha esnektir: paralel devlet yaln\u0131z amerikan \u00fcst\u00fcnl\u00fc\u011f\u00fcn\u00fc ya\u015fatan bir alet olmakla kalmaz, \u00a0ayn\u0131 zamanda o d\u00fcnya g\u00f6r\u00fc\u015f\u00fc yayan bir tarikatt\u0131r. <strong>T\u00fcrkiye\u2019de ve T\u00fcrk olan di\u011fer \u00fclkelerde \u0130slam ve milliyet\u00e7ilik k\u0131l\u0131f\u0131yla ortaya \u00e7\u0131km\u0131\u015fsa, \u00a0Rusya\u2019da ayn\u0131 i\u015fleri liberal ideoloji maskesi alt\u0131na gizlenerek yap\u0131yor.<\/strong><\/p>\n<p>21.y\u00fczy\u0131l\u0131n 90\u2019l\u0131 y\u0131llar\u0131nda Rusya\u2019da liberalizm ve Bat\u0131 hayranl\u0131\u011f\u0131 adeta bir ulusal ideoloji olmu\u015ftu. \u0130ktidar ise liberal g\u00f6r\u00fc\u015flerin yay\u0131lmas\u0131na, liberal enstit\u00fcler a\u00e7\u0131lmas\u0131na, teorik ve pratik liberal stratejiler geli\u015ftirilmesine alabildi\u011fine yard\u0131m ediyordu. O zamanlar\u0131n e\u011filimleri bu y\u00f6ndeydi. \u015eimdi Erdo\u011fan ve G\u00fclen tarikat\u0131 ayn\u0131 bunal\u0131m\u0131 ya\u015f\u0131yor. Erdo\u011fan G\u00fclen tarikat\u0131n\u0131n ba\u015f\u0131n\u0131 y\u0131lan hen\u00fcz k\u00fc\u00e7\u00fckken ezmedi ve onu yok etmeye haz\u0131rlanan arac\u0131 kendisi yeti\u015ftirdi.<\/p>\n<p>1990\u2019l\u0131 y\u0131llarda, Rusya\u2019n\u0131n k\u00f6k\u00fcne kibrit suyu d\u00f6kmeye haz\u0131rlanan ve onu d\u00fcnya haritas\u0131ndan ebediyen yok etmeye haz\u0131rlanan bir Rus k\u00f6kenli amerikanc\u0131 liberal elitin beslendi\u011fi do\u011frudur. Burada kimse hi\u00e7bir \u015feyi \u00fcst\u00fcne \u00e7ekip al\u0131nmas\u0131n, ben paralel devleti anlatmaya \u00e7al\u0131\u015ft\u0131m. Ve Vladimir Putin\u2019in t\u00fcm yurtsever ruhlu reformlar\u0131na ra\u011fmen, <strong>g\u00fcn\u00fcm\u00fczde de Rusya\u2019da paralel devlet b\u00fcy\u00fck bir g\u00fcce sahiptir<\/strong>.<\/p>\n<p>Kaynak: katehon.com<\/p>\n<p>Not: <em>L\u00fctf\u00fc Mestan bizi liberalizm batakl\u0131\u011f\u0131nda bo\u011fmaya haz\u0131rlan\u0131yor. DOST partisinin ideolojisi neo-liberalizmmi\u015f.<\/em><\/p><div id=\"bghab-3103691044\" class=\"bghab-icerik-icine-20-paragraf bghab-entity-placement\"><script async src=\"\/\/pagead2.googlesyndication.com\/pagead\/js\/adsbygoogle.js?client=ca-pub-6203283170189293\" crossorigin=\"anonymous\"><\/script><ins class=\"adsbygoogle\" style=\"display:block; text-align:center;\" data-ad-client=\"ca-pub-6203283170189293\" \ndata-ad-slot=\"7303146466\" \ndata-ad-layout=\"in-article\"\ndata-ad-format=\"fluid\" data-full-width-responsive=\"true\"><\/ins>\n<script> \n(adsbygoogle = window.adsbygoogle || []).push({}); \n<\/script>\n<\/div>\n<div id=\"bghab-3645080493\" class=\"bghab-yazi-altinda bghab-entity-placement\"><div class=\"bghab-adlabel\">Reklamlar<\/div><script async src=\"https:\/\/pagead2.googlesyndication.com\/pagead\/js\/adsbygoogle.js\"><\/script>\r\n<!-- bghaber-yaz\u0131-sonu -->\r\n<ins class=\"adsbygoogle\"\r\n     style=\"display:block\"\r\n     data-ad-client=\"ca-pub-6203283170189293\"\r\n     data-ad-slot=\"4222328180\"\r\n     data-ad-format=\"auto\"\r\n     data-full-width-responsive=\"true\"><\/ins>\r\n<script>\r\n     (adsbygoogle = window.adsbygoogle || []).push({});\r\n<\/script><\/div><br style=\"clear: both; display: block; float: none;\"\/>","protected":false},"excerpt":{"rendered":"<p>Osman B\u00dcLB\u00dcL Konu: T\u00fcrkiye\u2019deki geli\u015fmelere d\u0131\u015ftan bak\u0131\u015f \u00a0\u00a0\u00a0\u00a0\u00a0\u00a0\u00a0\u00a0\u00a0\u00a0\u00a0 G\u00fclen tarikat\u0131, paralel devlet ve Rusya\u2019daki alt\u0131nc\u0131 kol ordu!\u00a0 \u00a0\u00a0 Rus\u00e7adan \u00e7eviri. Jeopolitik g\u00fc\u00e7ler dengesinin t\u00fcm yap\u0131lar\u0131nda<\/p>\n","protected":false},"author":13,"featured_media":19647,"comment_status":"closed","ping_status":"closed","sticky":false,"template":"","format":"standard","meta":{"advanced_seo_description":"","jetpack_seo_html_title":"","jetpack_seo_noindex":false,"_jetpack_memberships_contains_paid_content":false,"footnotes":""},"categories":[6],"tags":[],"class_list":["post-20126","post","type-post","status-publish","format-standard","has-post-thumbnail","hentry","category-yorum"],"jetpack_featured_media_url":"https:\/\/i0.wp.com\/www.bghaber.org\/bghaber\/wp-content\/uploads\/2016\/07\/OSMAN-BULBUL.jpg?fit=97%2C108&ssl=1","jetpack_sharing_enabled":true,"jetpack_likes_enabled":true,"jetpack-related-posts":[],"jetpack_shortlink":"https:\/\/wp.me\/pc2PfJ-5eC","_links":{"self":[{"href":"https:\/\/www.bghaber.org\/bghaber\/wp-json\/wp\/v2\/posts\/20126","targetHints":{"allow":["GET"]}}],"collection":[{"href":"https:\/\/www.bghaber.org\/bghaber\/wp-json\/wp\/v2\/posts"}],"about":[{"href":"https:\/\/www.bghaber.org\/bghaber\/wp-json\/wp\/v2\/types\/post"}],"author":[{"embeddable":true,"href":"https:\/\/www.bghaber.org\/bghaber\/wp-json\/wp\/v2\/users\/13"}],"replies":[{"embeddable":true,"href":"https:\/\/www.bghaber.org\/bghaber\/wp-json\/wp\/v2\/comments?post=20126"}],"version-history":[{"count":0,"href":"https:\/\/www.bghaber.org\/bghaber\/wp-json\/wp\/v2\/posts\/20126\/revisions"}],"wp:featuredmedia":[{"embeddable":true,"href":"https:\/\/www.bghaber.org\/bghaber\/wp-json\/wp\/v2\/media\/19647"}],"wp:attachment":[{"href":"https:\/\/www.bghaber.org\/bghaber\/wp-json\/wp\/v2\/media?parent=20126"}],"wp:term":[{"taxonomy":"category","embeddable":true,"href":"https:\/\/www.bghaber.org\/bghaber\/wp-json\/wp\/v2\/categories?post=20126"},{"taxonomy":"post_tag","embeddable":true,"href":"https:\/\/www.bghaber.org\/bghaber\/wp-json\/wp\/v2\/tags?post=20126"}],"curies":[{"name":"wp","href":"https:\/\/api.w.org\/{rel}","templated":true}]}}