{"id":20123,"date":"2016-08-19T11:44:57","date_gmt":"2016-08-19T08:44:57","guid":{"rendered":"http:\/\/www.bghaber.org\/bghaber\/?p=20123"},"modified":"2016-08-19T11:45:06","modified_gmt":"2016-08-19T08:45:06","slug":"20123-2","status":"publish","type":"post","link":"https:\/\/www.bghaber.org\/bghaber\/20123-2\/","title":{"rendered":"Ortak Gelecek"},"content":{"rendered":"<p>Levent RAS\u0130M<\/p>\n<p>Konu:\u00a0 <strong>Birliktelik-Do\u011fru olan\u0131 birlikte bulmakt\u0131r.<\/strong><\/p>\n<p>Cumhurba\u015fkan\u0131 Rosen Plevneliev Bulgaristan Cumhurba\u015fkan\u0131 se\u00e7iminin 6 Kas\u0131m 2016\u2019da yap\u0131laca\u011f\u0131 karar\u0131n\u0131, devlet ad\u0131na resmen a\u00e7\u0131klad\u0131. Se\u00e7imde <strong>2 b\u00fclten<\/strong> kullan\u0131lacak. Birisiyle \u00f6n\u00fcm\u00fczdeki 5 y\u0131l\u0131n Cumhurba\u015fkan\u0131 ve Cumhurba\u015fkan\u0131 Yard\u0131mc\u0131s\u0131 se\u00e7ilecek. \u0130kinci b\u00fcltende 3 soru olacak. Bu sorularla Bulgaristan\u2019da bir halk oylamas\u0131 (referandum) yap\u0131lacak. Bu \u00fc\u015f sorunun i\u00e7inde biri var ki \u00e7ok \u00f6nemlidir. Bulgaristan se\u00e7im sisteminde ve demokrasiye a\u00e7\u0131lan yolda <strong>yeni bir sayfa a\u00e7acak<\/strong> niteliktedir. Bu \u00fc\u00e7 soru aras\u0131ndaki s\u0131ralamay\u0131 hen\u00fcz bilmedi\u011fimiz i\u00e7in yazam\u0131yoruz ama mutlaka bu konuda sizi bilgilendirece\u011fiz. Bu \u00f6nemli soru, Bulgaristan <strong>se\u00e7im sistemini, parlamento yap\u0131s\u0131n\u0131 ve demokrasi yap\u0131lanmas\u0131n\u0131 k\u00f6kten de\u011fi\u015ftirecek <\/strong>niteliktedir. Bu, parlamento se\u00e7imlerinde <strong>majoriter (\u00e7o\u011funluk) se\u00e7im sistemine<\/strong> ge\u00e7ilmesini \u00f6ng\u00f6r\u00fcyor.<\/p>\n<p>Bulgaristan\u2019da \u015fimdiye kadar <strong>iki \u00e7e\u015fit se\u00e7im sistemi<\/strong> uyguland\u0131.<\/p>\n<p>Bunlardan birisi <strong>nispi, oranl\u0131<\/strong> (proporsiyonel) sistemdir. 1990\u2019dan beri genel se\u00e7imlerin (meclis se\u00e7imleri) hepsinde uyguland\u0131. Bu sistemde \u00f6nemli olan <strong>parti listeleridir<\/strong>. Kimse bu listeler d\u0131\u015f\u0131nda hi\u00e7 kimseyi se\u00e7ip meclise delege edemez, milletvekili olarak se\u00e7ip Sofya\u2019ya g\u00f6nderemez. Bu sistemde \u00f6nemli olan listelerin parti liderleri ve kulis taraf\u0131ndan se\u00e7ilmesidir. Halk kendi adaylar\u0131 g\u00f6steremedi\u011fi gibi, liste s\u0131ralamas\u0131na da etkide bulunamaz.<\/p><div id=\"bghab-1025175726\" class=\"bghab-icerik-icine bghab-entity-placement\"><script async src=\"\/\/pagead2.googlesyndication.com\/pagead\/js\/adsbygoogle.js?client=ca-pub-6203283170189293\" crossorigin=\"anonymous\"><\/script><ins class=\"adsbygoogle\" style=\"display:block; text-align:center;\" data-ad-client=\"ca-pub-6203283170189293\" \ndata-ad-slot=\"7303146466\" \ndata-ad-layout=\"in-article\"\ndata-ad-format=\"fluid\" data-full-width-responsive=\"true\"><\/ins>\n<script> \n(adsbygoogle = window.adsbygoogle || []).push({}); \n<\/script>\n<\/div>\n<p>26 y\u0131ldan beri Bulgaristanl\u0131 se\u00e7men parti listelerine oy vermenin de\u011fi\u015ftirilmesini ve yerine % 50 nispi, % 50 de \u00e7o\u011funluk yani kullan\u0131lan oylar\u0131n yar\u0131dan fazlas\u0131n\u0131n se\u00e7ildi\u011fi usuld\u00fcr. Bu iki se\u00e7im sistemi meclis \u00e7ok farkl\u0131 ki\u015filer g\u00f6nderecektir. \u015eimdi meclisimizde 4 sene tek s\u00f6z s\u00f6ylemeyen, gelip dinleyen k\u00f6fte yiyip kola i\u00e7ip, \u015fapkas\u0131n\u0131 al\u0131p gidenler var. Tamamen pasif ki\u015filer. Bunlar parti listelerinden \u00e7\u0131kan modern tiplerdir. Bu kravatl\u0131 \u201c<strong>\u015fah\u0131slar<\/strong>\u201d oy kullan\u0131rken telefon kulaklar\u0131ndad\u0131r. Ba\u015fkalar\u0131n\u0131n iradesine g\u00f6re g\u00fcndem yarat\u0131yorlar.<\/p>\n<p><strong>Majoriter \u2013\u00e7o\u011fulcu \u2013oylar\u0131n yar\u0131dan fazlas\u0131n\u0131<\/strong> <strong>alan se\u00e7ilir<\/strong> ve milletvekili olur diyen se\u00e7im sistemi Bulgaristan\u2019da tek se\u00e7im sistemi olarak g\u00fcndeme getirmek isteyen \u015foumen Slavi Trifonov 2015\u2019te halkoylamas\u0131 i\u00e7in 700 bin oy toplad\u0131. O, 6 maddede halk oylamas\u0131 yap\u0131lmas\u0131n\u0131 istemi\u015fti, bunlardan 3-\u00fcn\u00fc Cumhurba\u015fkan\u0131 kabul etmedi, zorunlu se\u00e7im, bilgisayar \u00fczerinden se\u00e7im gibi maddeleri anayasa mahkemesi onaylamad\u0131. Fakat majoriter sisteme g\u00e7re se\u00e7ime gitme iste\u011fi tuttu. \u015eimdi 6 Kas\u0131m g\u00fcn\u00fc se\u00e7menin verece\u011fi oyla kabul edildi\u011fi an, art\u0131k parti listeleri olmayacak, se\u00e7men tan\u0131d\u0131\u011f\u0131 ki\u015fileri oylar\u0131yla meclise g\u00f6nderebilecek ve dolays\u0131z demokrasiye ge\u00e7mi\u015f olaca\u011f\u0131z.<\/p>\n<p>1990 Haziran\u0131nda \u2019da B\u00fcy\u00fck Halk Meclisi yap\u0131lan genel se\u00e7imlerde milletvekillerinin yar\u0131s\u0131 majoriter (oylar\u0131n yar\u0131dan fazlas\u0131n\u0131 alan se\u00e7ilir) sistemine g\u00f6re se\u00e7ilmi\u015fti. Daha sonraki erken ve ola\u011fan genel se\u00e7imlerde bu sistem uygulanmad\u0131. Yaln\u0131z 2014\u2019te yap\u0131lan k\u00fc\u00e7\u00fck bir de\u011fi\u015fiklikle se\u00e7mene Parti Listeleri s\u0131ralamas\u0131ndan tercih etti\u011fi aday\u0131 i\u015faretleyip \u00f6n s\u0131raya \u00e7\u0131karma ve se\u00e7me hakk\u0131 tan\u0131nm\u0131\u015ft\u0131. Bulgaristanl\u0131 M\u00fcsl\u00fcman T\u00fcrk se\u00e7men Razgrad\u2019\u0131n Kemaller \u2013\u0130sperih se\u00e7im b\u00f6lgesinde ve Blagoevgrad se\u00e7im b\u00f6lgesinde, Hak ve \u00d6zg\u00fcrl\u00fckler Partisi\u2019nin o zamanki Genel Ba\u015fkan\u0131 L\u00fctfi Mestan\u2019\u0131n tepede haz\u0131rlad\u0131\u011f\u0131 listelerdeki s\u0131ralamalar\u0131 kabul etmedi, Kemaller se\u00e7meni G\u00fcney H\u00fcsmen\u2019i, Blagoevgrat se\u00e7meni de Palev\u2019i meclise g\u00f6nderdi. Fakat H\u00d6H partisi i\u00e7indeki diktat\u00f6rc\u00fc anlay\u0131\u015f, halk\u0131n iradesini kabul etmedi ve H\u00fcsmen ile Palev\u2019i H\u00d6H-DPS meclis grubu listesinden \u00e7\u0131kard\u0131. Onlar da ba\u011f\u0131ms\u0131z milletvekilleri olarak mecliste kald\u0131lar. \u015eimdi de stat\u00fckolar\u0131nda de\u011fi\u015fiklik yoktur. Bu nedenle, Bulgaristan\u2019daki parti i\u00e7i demokrasi rafa kald\u0131r\u0131lm\u0131\u015f ve partilerde tam bir diktat\u00f6rl\u00fck hakim oldu\u011fundan, 2014\u2019te kabul edilen ve yaln\u0131z bir defa uygulamaya konan tercihli se\u00e7im sistemi asl\u0131nda i\u015flemedi.<\/p>\n<p>\u015eimdi, 6 Kas\u0131m\u2019da de\u011fi\u015fiklik kabul edilirse, Bulgaristan\u2019da partilerin parlamento i\u00e7indeki yani y\u00fcr\u00fctmedeki tam egemenli\u011fi, totaliter omurga ve meclis i\u00e7in h\u00e2kimiyet bozulacak ve reform yapmaya ba\u015flayan Bulgaristan\u2019a do\u011fru ilk ad\u0131m at\u0131lm\u0131\u015f olacakt\u0131r.<\/p>\n<p><strong>6 Kas\u0131m \u00f6ncesi g\u00fc\u00e7ler dengesi ve son durum nedir?<\/strong><\/p><div id=\"bghab-2716251495\" class=\"bghab-icerik-icine-10-paragraf bghab-entity-placement\"><script async src=\"\/\/pagead2.googlesyndication.com\/pagead\/js\/adsbygoogle.js?client=ca-pub-6203283170189293\" crossorigin=\"anonymous\"><\/script><ins class=\"adsbygoogle\" style=\"display:block; text-align:center;\" data-ad-client=\"ca-pub-6203283170189293\" \ndata-ad-slot=\"7303146466\" \ndata-ad-layout=\"in-article\"\ndata-ad-format=\"fluid\" data-full-width-responsive=\"true\"><\/ins>\n<script> \n(adsbygoogle = window.adsbygoogle || []).push({}); \n<\/script>\n<\/div>\n<p>Bir. Bulgaristan Sosyalist Partisi (BSP) ile Bulgaristan\u2019\u0131n Yeniden Do\u011fu\u015fu i\u00e7in Alternatif (ABV) partisi (sol cephenin ana partileri) ortak Cumhurba\u015fkan\u0131 aday\u0131 g\u00f6sterdiler. Moskova e\u011fitimli, askeri pilot, Bulgaristan Hava Kuvvetleri Generali Rumen Radev ortak Cumhurba\u015fkan\u0131 aday\u0131 g\u00f6sterildi. Radev ilk demecinde kendisine \u201cMoskof\u00e7u\u201d denmesinden yak\u0131nd\u0131, Bulgaristan\u2019\u0131n milli menfaatleri temelinde, ortak Avrupa siyaseti olu\u015fturma \u00e7abalar\u0131na kat\u0131labilece\u011fine i\u015faret etti. O, Rusya gibi fakt\u00f6rlerle de olmak \u00fczere, Bulgaristan her kom\u015fusuyla ili\u015fkilerinde denge kurmal\u0131d\u0131r derken, i\u00e7 siyasette ise, demokrasinin g\u00fcvencesi olan yasama, y\u00fcr\u00fctme ve yarg\u0131 aras\u0131nda erkler ayr\u0131m\u0131 olmas\u0131na dikkat edece\u011fini s\u00f6yledi. Radev, se\u00e7ilirse Cumhurba\u015fkan\u0131 olarak izleyece\u011fi i\u00e7 siyasette, askeri haz\u0131rl\u0131klar\u0131n daha y\u00fcksek bir d\u00fczeye \u00e7\u0131kar\u0131lmas\u0131 ve ordu mensuplar\u0131n\u0131n sosyal edinimlerinin artt\u0131r\u0131lmas\u0131na gayret g\u00f6sterece\u011fini duyurdu.<\/p>\n<p>Se\u00e7menlerin \u201c<strong>milyoner generaller \u201ckom\u00fcnistler\u2019 partisi<\/strong>\u201d olarak tan\u0131tt\u0131\u011f\u0131 iki sol parti (BSP ve ABV) taraf\u0131ndan Cumhurba\u015fkan\u0131 aday\u0131 olarak y\u00fckseltilen General Radev\u2019in \u00fclkemizdeki durumu tamamen tan\u0131mad\u0131\u011f\u0131 dikkati \u00e7ekti. E\u011fitim Bakanl\u0131\u011f\u0131\u2019n\u0131n son verilerine g\u00f6re, \u00fclkemizden Bat\u0131ya akan gurbet\u00e7i seli 2015\u2019te daha da yo\u011funla\u015ft\u0131. Say\u0131lar\u0131 Balkan \u015fehirlerimizden Dryanovo gibi bir \u015fehrin n\u00fcfusuna e\u015fit olan ve ya\u015flar\u0131 itibar\u0131yla birinci s\u0131n\u0131r ile 12 s\u0131n\u0131f aras\u0131nda opkulda olmas\u0131 gereken toplam <strong>9\u00a0874 \u00f6\u011frenci ana-babalar\u0131yla birlikte memleketi terk etmi\u015ftir<\/strong>. Gurbet\u00e7ili\u011fin nedenleri ekonomiktir. \u0130\u015fsizliktir. Gen\u00e7 ailelerin ge\u00e7im s\u0131k\u0131nt\u0131s\u0131d\u0131r. Ge\u00e7en y\u0131l\u0131n birinci yar\u0131s\u0131nda, okul m\u00fcd\u00fcrlerini haberdar etmeden okuldan ayr\u0131lan ve eve beyinle birlikte \u00fclkeden ayr\u0131lan \u00f6\u011frencilerin toplam say\u0131s\u0131 5\u00a0497 iken, ikinci yar\u0131da bu rakama 4\u00a0293 \u00f6\u011frenci kafa kat\u0131lm\u0131\u015ft\u0131r. Bunun d\u0131\u015f\u0131nda\u00a0 2016 ders y\u0131l\u0131nda 1159 \u00f6\u011frenci fakirlik y\u00fcz\u00fcnden okula ba\u015flayamam\u0131\u015ft\u0131r. 6 Kas\u0131m 2016 Cumhurba\u015fkanl\u0131\u011f\u0131 se\u00e7imleri son hesapta i\u015f bu genel tablo i\u00e7inde yap\u0131lacakt\u0131r. \u00c7\u00f6k\u00fc\u015f\u00fcm\u00fczden derin koku\u015fma kokular\u0131 burun deliklerimize vuruyor.<\/p>\n<p>Sa\u011f cephe \u2013 Bulgaristan\u2019\u0131n Avrupal\u0131 Gelece\u011fi i\u00e7in GERB \u2013 iktidar partisi Cumhurba\u015fkan\u0131 aday\u0131n\u0131 hen\u00fcz a\u00e7\u0131klamad\u0131. Bu aday\u0131n \u2013 <strong>General Generale kar\u015f\u0131<\/strong> \u2013 mant\u0131\u011f\u0131na g\u00f6re Parti Ba\u015fkan\u0131 ve Ba\u015fbakan Boyko Borisov olmas\u0131 ihtimali \u00fczerinde duruluyor. Ne ki, GERB aday\u0131 kendi ba\u015f\u0131na se\u00e7im kazanacak potansiyele sahip de\u011fildir. Destek aramas\u0131 gerekiyor. Burada halen nazlanan ama GERP aday\u0131na oy vermeye \u00e7ok Yark\u0131n olan parti Reformcu Blok olarak g\u00f6r\u00fcn\u00fcyor. Blok\u2019un kendi ba\u015f\u0131na aday g\u00f6sterebilmesi \u00e7ok zor, \u00e7\u00fcnk\u00fc bile\u015fimindeki 5 partiden 10 ses \u00e7\u0131k\u0131yor. Adaylar da g\u00fcz yapraklar\u0131 gibi d\u00f6k\u00fcl\u00fcyor, teklifleri kabul etmiyorlar. Reformcular\u0131n aras\u0131nda milliyet\u00e7ilik damar\u0131n\u0131n nabz\u0131n\u0131 tutan G\u00fc\u00e7l\u00fc Bulgaristan Hareketi (DCB) Ba\u015fkan\u0131 Radan K\u0131nev, 26 y\u0131ldan beri T\u00fcrk M\u00fcsl\u00fcman se\u00e7menden oy almadan hi\u00e7bir cumhurba\u015fkan\u0131 se\u00e7ilemedi\u011fini dikkate alarak yeni tekliflerle orijinal olmaya \u00e7al\u0131\u015f\u0131yor. T\u00fcrkiye\u2019de s\u00f6zde \u201c<strong>15 Temmuz\u2019dan sonra, demokratik se\u00e7im yap\u0131lmas\u0131 i\u00e7in ortak olmad\u0131\u011f\u0131n\u0131 ve 3 ayl\u0131k OHAL oldu\u011funu<\/strong>\u201d \u00f6ne s\u00fcrerek, T.C.\u2019deki soyda\u015flar\u0131m\u0131z\u0131n <strong>oy kullanmas\u0131n\u0131n yasaklanmas\u0131n\u0131 geveliyor.<\/strong> Halen ciddi toplumsal destek bulmayan bu teklif, medyada tekrarlanmaya ba\u015flam\u0131\u015ft\u0131r. \u00d6zg\u00fcrl\u00fck ve Onur Partisi liderleri K. Dal ve K. \u0130smailov ise bu konuda yan\u0131t hakk\u0131n\u0131 kullanm\u0131yor, susuyorlar. A\u015f\u0131r\u0131 milliyet\u00e7iler bir yandan soyda\u015flar\u0131m\u0131z\u0131n Bulgar se\u00e7imlerindeki sonu\u00e7 belirleyen rol\u00fc k\u00fc\u00e7\u00fcmsemeye \u00e7al\u0131\u015f\u0131rken, bir de onlar\u0131 Bulgar siyasetinden uzak tutmaya, oy kullanma, se\u00e7me ve se\u00e7ilme haklar\u0131n\u0131 ellerinden almaya \u00e7al\u0131\u015f\u0131yorlar. Reformcular kendi adaylar\u0131n\u0131 hen\u00fcz belirleyememi\u015ftir.<\/p>\n<p>Bulgar siyasetinin sol cephesinde a\u00e7maya \u00e7al\u0131\u015fan, Ba\u015fkan\u0131 Tatyana Don\u00e7eva olan 21. yy partisi se\u00e7imlere kendi ba\u015f\u0131na ve Don\u00e7eva\u2019y\u0131 Cumhurba\u015fkan\u0131 aday\u0131 g\u00f6stererek kat\u0131lmaya haz\u0131rlan\u0131yor.<\/p>\n<p>Bulgar milliyet\u00e7i ve \u0131rk\u00e7\u0131lar\u0131n\u0131n birle\u015fik\u00a0 <strong>\u201cAtaka\u201d \u2013 VMRO ve \u201cYurtsever Cephe\u201d (P<\/strong>F) \u2013cephesi hen\u00fcz ortak aday olarak VMRO \u2013Makedon komitac\u0131lar\u0131 partisinin Ba\u015fkan\u0131 Krasimir Karaka\u00e7anov\u2019u g\u015fsterdi. \u015eu unutrmamal\u0131d\u0131r ki, Bulgar Ba\u015fbakanlar\u0131ndan Stefan Stambolov (1896) ve \u00c7ift\u00e7i Partisi lideri Aleksand\u0131r Stamboliyski (1923)\u00a0 VMRO katillerince \u00f6ld\u00fcr\u00fclm\u00fc\u015ft\u00fcr. Asl\u0131nda bu komitac\u0131 partisinin siyasete kat\u0131lmas\u0131na izin vermemek gerekir de, Cumhurba\u015fkan\u0131 aday\u0131 \u00e7\u0131karmas\u0131 dikkatten ka\u00e7m\u0131yor.<\/p><div id=\"bghab-3016976991\" class=\"bghab-icerik-icine-15-paragraf bghab-entity-placement\"><script async src=\"\/\/pagead2.googlesyndication.com\/pagead\/js\/adsbygoogle.js?client=ca-pub-6203283170189293\" crossorigin=\"anonymous\"><\/script><ins class=\"adsbygoogle\" style=\"display:block; text-align:center;\" data-ad-client=\"ca-pub-6203283170189293\" \ndata-ad-slot=\"7303146466\" \ndata-ad-layout=\"in-article\"\ndata-ad-format=\"fluid\" data-full-width-responsive=\"true\"><\/ins>\n<script> \n(adsbygoogle = window.adsbygoogle || []).push({}); \n<\/script>\n<\/div>\n<p>T\u00fcrklerin iradesi toplamakla \u00f6v\u00fcnen, asl\u0131nda 1992\u2019den beri DET\u00d6-kadrolu hainleriyle \u00e7ok yak\u0131n i\u015fbirli\u011fi yapt\u0131\u011f\u0131 ortaya \u00e7\u0131kan H\u00d6H-DPS partisi bu se\u00e7imlerle ilgili de hen\u00fcz uyanamad\u0131. Aday g\u00f6stermedi\u011fi gibi (H\u00d6H \u015fimdiye kadar cumhurba\u015fkan\u0131 aday\u0131 g\u00f6stermemi\u015ftir) Rus\u00e7u cephede sular tamamen durulmadan konumunu da a\u00e7\u0131klamak istemiyor. Beklentiler o y\u00f6ndedir ki, H\u00d6H belki de birinci turda se\u00e7menine \u201c<strong>kime oy verece\u011fini kendin se\u00e7, g\u00f6nl\u00fcnce hareket et, ikinci turda dedi\u011fimize kulak ver<\/strong>\u201d siyaset \u00e7izgisinde k\u0131rm\u0131z\u0131 hat olu\u015fturuyor. Parti Genel Ba\u015fkan Yard\u0131mc\u0131s\u0131 Ru\u015fen R\u0131za\u2019n\u0131n T.C.\u2019de F. G\u00fclen ak\u0131l y\u0131kama ve insan\u0131 mekanik ve ta\u015f kafa durumuna getirme okullar\u0131nda e\u011fitim ald\u0131\u011f\u0131 a\u00e7\u0131klan\u0131nca, suskunluk bir o kadar artt\u0131.<\/p>\n<p>L\u00fctfi Mestan memleketin karma b\u00f6lgelerinde k\u00f6y kahveleri ve kasabalarda tatl\u0131c\u0131 d\u00fckkan\u0131 bulu\u015fmalar\u0131na ve 3\u20135 ki\u015filik yerel \u00f6rg\u00fct kurma \u00e7abalar\u0131na devam ederken, savundu\u011fu tezlerde siyaset olmad\u0131\u011f\u0131 gibi ideoloji de olmad\u0131\u011f\u0131n\u0131, Bulgaristan M\u00fcsl\u00fcmanlar\u0131n\u0131n \u00f6z menfaatlerinden tamamen uzak i\u015flerle me\u015fgul oldu\u011funu gizleyemiyor. Bu partinin halktan g\u00fc\u00e7 almas\u0131 i\u00e7in halktan kaynamas\u0131 ve halka sar\u0131lmas\u0131 gerekir.\u00a0 H\u00d6H partisini yenmek ve oylar\u0131n\u0131 almak \u00f6yle lafla olacak i\u015f de\u011fildir. H\u00d6H i\u00e7inde kilit noktalara yap\u0131\u015fm\u0131\u015f 3 bin e\u011fitimli FET\u00d6 hocalar\u0131 elinden su i\u00e7mi\u015f kadro vard\u0131r. Onlar\u0131n T.C.\u2019ye FET\u00d6 kampuslar\u0131na g\u00f6nderilmesinde 18 y\u0131l boyunca H\u00d6H milletvekili olan ve parti eski ba\u015fkan\u0131 L. Mestan\u2019\u0131n da parma\u011f\u0131, eli ve katk\u0131 pay\u0131 verdir ve bu \u00e7orap s\u00f6k\u00fclmeden i\u015flerin ters y\u00fcz olaca\u011f\u0131na inanmak zor olur. \u0130kincisi de \u015fudur. DOST partisinin tescil i\u015flemleri tamamlanmam\u0131\u015ft\u0131r ve uzayabilme ihtimali de ortadan kalkmam\u0131\u015ft\u0131r. Bu konu \u201c<strong>Halk \u015fehit, Onlar Gazi<\/strong>\u201d yaz\u0131s\u0131nda ayr\u0131nt\u0131l\u0131 olarak i\u015flenmi\u015ftir. Biz, Bulgar devletinin DOST hat\u0131r\u0131 veya L. Mestan\u2019\u0131n avc\u0131 masallar\u0131 i\u00e7in de\u011fi\u015ftirece\u011fine inanm\u0131yoruz.<\/p>\n<p><strong>Bu durumda, soyda\u015flar\u0131 se\u00e7im sand\u0131\u011f\u0131na davet ederken, \u201cORTAK GELECEK\u201d arad\u0131\u011f\u0131m\u0131z\u0131 ve \u00e7ok yak\u0131n gelecekte bu konuda BULT\u00dcRK \u2013 BGSAM se\u00e7imle ilgili ortak siyasi g\u00f6r\u00fc\u015flerini a\u00e7\u0131klayaca\u011f\u0131m\u0131z\u0131 \u00f6nceden duyururuz.<\/strong><\/p>\n<p>Okuyun ve payla\u015f\u0131n. Davam\u0131z ortakt\u0131r.<\/p>\n<p>Sizlerin g\u00f6r\u00fc\u015fleri bizim i\u00e7in \u00e7ok \u00f6nemlidir.<\/p><div id=\"bghab-1351214594\" class=\"bghab-icerik-icine-20-paragraf bghab-entity-placement\"><script async src=\"\/\/pagead2.googlesyndication.com\/pagead\/js\/adsbygoogle.js?client=ca-pub-6203283170189293\" crossorigin=\"anonymous\"><\/script><ins class=\"adsbygoogle\" style=\"display:block; text-align:center;\" data-ad-client=\"ca-pub-6203283170189293\" \ndata-ad-slot=\"7303146466\" \ndata-ad-layout=\"in-article\"\ndata-ad-format=\"fluid\" data-full-width-responsive=\"true\"><\/ins>\n<script> \n(adsbygoogle = window.adsbygoogle || []).push({}); \n<\/script>\n<\/div>\n<div id=\"bghab-587070600\" class=\"bghab-yazi-altinda bghab-entity-placement\"><div class=\"bghab-adlabel\">Reklamlar<\/div><script async src=\"https:\/\/pagead2.googlesyndication.com\/pagead\/js\/adsbygoogle.js\"><\/script>\r\n<!-- bghaber-yaz\u0131-sonu -->\r\n<ins class=\"adsbygoogle\"\r\n     style=\"display:block\"\r\n     data-ad-client=\"ca-pub-6203283170189293\"\r\n     data-ad-slot=\"4222328180\"\r\n     data-ad-format=\"auto\"\r\n     data-full-width-responsive=\"true\"><\/ins>\r\n<script>\r\n     (adsbygoogle = window.adsbygoogle || []).push({});\r\n<\/script><\/div><br style=\"clear: both; display: block; float: none;\"\/>","protected":false},"excerpt":{"rendered":"<p>Levent RAS\u0130M Konu:\u00a0 Birliktelik-Do\u011fru olan\u0131 birlikte bulmakt\u0131r. Cumhurba\u015fkan\u0131 Rosen Plevneliev Bulgaristan Cumhurba\u015fkan\u0131 se\u00e7iminin 6 Kas\u0131m 2016\u2019da yap\u0131laca\u011f\u0131 karar\u0131n\u0131, devlet ad\u0131na resmen a\u00e7\u0131klad\u0131. Se\u00e7imde 2 b\u00fclten<\/p>\n","protected":false},"author":13,"featured_media":17954,"comment_status":"closed","ping_status":"closed","sticky":false,"template":"","format":"standard","meta":{"advanced_seo_description":"","jetpack_seo_html_title":"","jetpack_seo_noindex":false,"_jetpack_memberships_contains_paid_content":false,"footnotes":""},"categories":[6],"tags":[],"class_list":["post-20123","post","type-post","status-publish","format-standard","has-post-thumbnail","hentry","category-yorum"],"jetpack_featured_media_url":"https:\/\/i0.wp.com\/www.bghaber.org\/bghaber\/wp-content\/uploads\/2016\/02\/Levent-resm.jpg?fit=325%2C326&ssl=1","jetpack_sharing_enabled":true,"jetpack_likes_enabled":true,"jetpack-related-posts":[],"jetpack_shortlink":"https:\/\/wp.me\/pc2PfJ-5ez","_links":{"self":[{"href":"https:\/\/www.bghaber.org\/bghaber\/wp-json\/wp\/v2\/posts\/20123","targetHints":{"allow":["GET"]}}],"collection":[{"href":"https:\/\/www.bghaber.org\/bghaber\/wp-json\/wp\/v2\/posts"}],"about":[{"href":"https:\/\/www.bghaber.org\/bghaber\/wp-json\/wp\/v2\/types\/post"}],"author":[{"embeddable":true,"href":"https:\/\/www.bghaber.org\/bghaber\/wp-json\/wp\/v2\/users\/13"}],"replies":[{"embeddable":true,"href":"https:\/\/www.bghaber.org\/bghaber\/wp-json\/wp\/v2\/comments?post=20123"}],"version-history":[{"count":0,"href":"https:\/\/www.bghaber.org\/bghaber\/wp-json\/wp\/v2\/posts\/20123\/revisions"}],"wp:featuredmedia":[{"embeddable":true,"href":"https:\/\/www.bghaber.org\/bghaber\/wp-json\/wp\/v2\/media\/17954"}],"wp:attachment":[{"href":"https:\/\/www.bghaber.org\/bghaber\/wp-json\/wp\/v2\/media?parent=20123"}],"wp:term":[{"taxonomy":"category","embeddable":true,"href":"https:\/\/www.bghaber.org\/bghaber\/wp-json\/wp\/v2\/categories?post=20123"},{"taxonomy":"post_tag","embeddable":true,"href":"https:\/\/www.bghaber.org\/bghaber\/wp-json\/wp\/v2\/tags?post=20123"}],"curies":[{"name":"wp","href":"https:\/\/api.w.org\/{rel}","templated":true}]}}