{"id":20120,"date":"2016-08-18T22:57:14","date_gmt":"2016-08-18T19:57:14","guid":{"rendered":"http:\/\/www.bghaber.org\/bghaber\/?p=20120"},"modified":"2016-08-18T22:57:14","modified_gmt":"2016-08-18T19:57:14","slug":"hoh-yonetim-kadrolarini-feto-egitti","status":"publish","type":"post","link":"https:\/\/www.bghaber.org\/bghaber\/hoh-yonetim-kadrolarini-feto-egitti\/","title":{"rendered":"H\u00d6H Y\u00f6netim Kadrolar\u0131n\u0131 FET\u00d6 E\u011fitti"},"content":{"rendered":"<p>Konu: <strong>Osman Oktay\u2019\u0131n 24 y\u0131ldan sonra anlatt\u0131klar\u0131na kulak verelim.<\/strong><\/p>\n<p><strong>\u00a0\u00a0\u00a0\u00a0\u00a0\u00a0\u00a0\u00a0\u00a0\u00a0 Korman \u0130smailov ile Ru\u015fen Riza FET\u00d6 okullar\u0131nda haz\u0131rland\u0131! <\/strong><\/p>\n<p><strong>\u00a0\u00a0\u00a0\u00a0\u00a0\u00a0\u00a0\u00a0\u00a0 Suba\u015f\u0131nday\u0131z, suyun aynas\u0131na bak\u0131yoruz.<\/strong><\/p>\n<p>Hak ve \u00d6zg\u00fcrl\u00fckler Partisi (H\u00d6H) eski Ba\u015fkan Yard\u0131mc\u0131s\u0131 ve \u00d6rg\u00fct \u0130\u015fleri Sekreteri Osman Oktay anlat\u0131yor:<\/p>\n<p><strong>F\u00d6T\u00d6 ter\u00f6r \u00f6rg\u00fct\u00fc \u015fefi Feytullaf G\u00fclen\u2019in Hak ve \u00d6zg\u00fcrl\u00fckler Hareketi (DPS) ile ba\u011flar\u0131 masal de\u011fildir. H\u00d6H kadrolar\u0131n\u0131 FET\u00d6 e\u011fitmi\u015ftir<\/strong>.<\/p><div id=\"bghab-4016299972\" class=\"bghab-icerik-icine bghab-entity-placement\"><script async src=\"\/\/pagead2.googlesyndication.com\/pagead\/js\/adsbygoogle.js?client=ca-pub-6203283170189293\" crossorigin=\"anonymous\"><\/script><ins class=\"adsbygoogle\" style=\"display:block; text-align:center;\" data-ad-client=\"ca-pub-6203283170189293\" \ndata-ad-slot=\"7303146466\" \ndata-ad-layout=\"in-article\"\ndata-ad-format=\"fluid\" data-full-width-responsive=\"true\"><\/ins>\n<script> \n(adsbygoogle = window.adsbygoogle || []).push({}); \n<\/script>\n<\/div>\n<p>Bug\u00fcn \u00d6zg\u00fcrl\u00fck ve \u015eeref Partisi Genel Ba\u015fkan\u0131 ve Reformcu Blok listesindeki Cumhurba\u015fkan\u0131 adaylar\u0131ndan biri olan <strong>Korman \u0130smailov<\/strong> ile Hak ve \u00d6zg\u00fcrl\u00fckler Hareketi Genel Ba\u015fkan Yard\u0131mc\u0131s\u0131 <strong>Ru\u015fen Riza<\/strong> \u201c<strong>Hizmet<\/strong>\u201d e\u011fitim sisteminde e\u011fitilmi\u015ftir.<\/p>\n<p>Feytullah G\u00fclen \u00f6rg\u00fct yap\u0131s\u0131 ile H\u00d6H \u00f6rg\u00fct yap\u0131s\u0131n\u0131n <strong>birbirine ba\u011fl\u0131<\/strong> oldu\u011fu biliniyor. Anlat\u0131lanlar eski efsane de\u011fildir ve 24 y\u0131ldan beri canl\u0131 tutulan FET\u00d6-H\u00d6H ili\u015fkileri konusunda g\u00f6z\u00fcm\u00fcz\u00fc T\u00fcrkiye ileti\u015fim ara\u00e7lar\u0131n\u0131n a\u00e7mas\u0131na da gerek yoktu.<\/p>\n<p><strong>Oktay \u015funlar\u0131 vurgulad\u0131:<\/strong><\/p>\n<p>Ge\u00e7en y\u00fczy\u0131l\u0131n 90\u2019l\u0131 y\u0131llar\u0131ndan ba\u015flayarak, T.C. h\u00fck\u00fcmetinin Sofya B\u00fcy\u00fck El\u00e7ili\u011fi \u00fczerinden yapt\u0131\u011f\u0131 teklife uyularak, Bulgaristanl\u0131 M\u00fcsl\u00fcman T\u00fcrk gen\u00e7lerin Feytullah G\u00fclen\u2019in T\u00fcrkiye\u2019deki <strong>e\u011fitim merkezlerinde okutulmas\u0131 program\u0131 haz\u0131rlan\u0131p kabul edildi ve onayland\u0131.\u00a0 <\/strong>Bu program yetim, yoksul ve yetenekli \u00f6\u011frencilere burs verilmesini de \u00f6ng\u00f6rd\u00fc.\u00a0 <strong>FET\u00d6-H\u00d6H E\u011fitim Program\u0131 1992\u2019de uygulamaya kondu. Gen\u00e7leri bulup toplama ve T\u00fcrkiye\u2019ye g\u00f6nderme hakk\u0131 H\u00d6H partisine ve T.C. B\u00fcy\u00fckel\u00e7ili\u011fine tan\u0131nd\u0131.<\/strong><\/p>\n<p>T\u00fcrk taraf\u0131yla imzalanan s\u00f6zle\u015fme gere\u011fi, T\u00fcrk taraf\u0131n\u0131n iste\u011fine uyularak bu gen\u00e7lerden 50\u2019si Pomak olmak \u00fczere, her y\u0131l toplam 100 gen\u00e7 T\u00fcrkiye\u2019ye y\u00fcksek \u00f6\u011frenime g\u00f6nderildi. Ayr\u0131ca bu 100 gen\u00e7ten yar\u0131s\u0131 k\u0131z olmal\u0131yd\u0131. Bu aday gencilerden her biri evlenmeme, T\u00fcrkiye\u2019de kalmama ve \u00f6\u011frenimini tamamlad\u0131ktan sonra Bulgaristan\u2019daki k\u00f6y ve kasabalar\u0131na geri d\u00f6nme gibi \u00f6zel y\u00fck\u00fcml\u00fcl\u00fck de kabul ediyorlard\u0131. \u0130lk a\u015famada T\u00fcrkiye\u2019ye \u00f6\u011frenci g\u00f6nderme komisyonunun \u00e7al\u0131\u015fmalar\u0131n\u0131 \u015eerife Mustafa ile Prof \u0130brahim Tatarl\u0131 y\u00f6netti. Daha sonra bu g\u00f6rev Birle\u015fik Demokratik G\u00fc\u00e7lerden (ODS) milletvekili se\u00e7ilen G\u00fcner Tahir taraf\u0131ndan y\u00f6netildi.\u00a0 Bu programa g\u00f6re <strong>T\u00fcrkiye\u2019de e\u011fitilen gen\u00e7lerin toplam say\u0131s\u0131 3 bin<\/strong> dolay\u0131ndad\u0131r. Onlar\u0131n aras\u0131nda H\u00d6H partisinin siyasi, kamu idaresi, muhtar, \u015firketler \u00e7emberine \u00f6r\u00fclm\u00fc\u015f firmalarda g\u00f6rev alan kadrolar vard\u0131r. <strong>H\u00d6H-DPS Ba\u015fkan Yard\u0131mc\u0131s\u0131 Ru\u015fen R\u0131za ile Reformcu ve milletvekili Komsan \u0130smailov da Feytullah G\u00fclen e\u011fitim program\u0131 \u00fcr\u00fcn\u00fcd\u00fcr.<\/strong> H\u00d6H kadro havuzu, ba\u015fka bir de\u011fi\u015fle y\u00f6netime yak\u0131n duran ve y\u00f6netim taraf\u0131ndan beslenen kadro tabakas\u0131 ba\u015ftan a\u015fa\u011f\u0131 Feytullah G\u00fclen yard\u0131mlar\u0131yla olu\u015fturulmu\u015ftur.<\/p><div id=\"bghab-2903491117\" class=\"bghab-icerik-icine-10-paragraf bghab-entity-placement\"><script async src=\"\/\/pagead2.googlesyndication.com\/pagead\/js\/adsbygoogle.js?client=ca-pub-6203283170189293\" crossorigin=\"anonymous\"><\/script><ins class=\"adsbygoogle\" style=\"display:block; text-align:center;\" data-ad-client=\"ca-pub-6203283170189293\" \ndata-ad-slot=\"7303146466\" \ndata-ad-layout=\"in-article\"\ndata-ad-format=\"fluid\" data-full-width-responsive=\"true\"><\/ins>\n<script> \n(adsbygoogle = window.adsbygoogle || []).push({}); \n<\/script>\n<\/div>\n<p>Ayn\u0131 ilkeden yararlanarak biri Sofya\u2019da ikincisi de Plovdiv\u2019te \u2013Bulgaristan E\u011fitim Bakanl\u0131\u011f\u0131ndan yetki lisans\u0131 alm\u0131\u015f, iki okul a\u00e7\u0131ld\u0131. Bu okullardaki e\u011fitim \u00f6\u011fretim kadrolar\u0131 T\u00fcrkiye devleti taraf\u0131ndan g\u00f6nderilmi\u015f olup, e\u011fitilen \u00f6\u011frenciler de H\u00d6H-DPS partisi y\u00f6netim kadrolar\u0131n\u0131n evlatlar\u0131yd\u0131. Y\u0131llar i\u00e7inde, H\u00d6H-DPS partisi T\u00fcrkiye\u2019de hangi \u00f6\u011frencilerin e\u011fitilece\u011fi konusunda son s\u00f6z sahibi olabildi. Bu da, skandallara neden olurken, \u015f\u00fcphe uyand\u0131, bu i\u015fte para oynad\u0131\u011f\u0131 ku\u015fkular\u0131 belirdi.<\/p>\n<p><strong>Oktay \u015funlara da i\u015faret ediyor.<\/strong><\/p>\n<p>Baz\u0131 yerli analizcilerin A. Do\u011fan partisinin etkinliklerini, G\u011flen medyas\u0131n\u0131n a\u011fz\u0131na Do\u011fan\u2019\u0131 s\u0131k\u0131\u015ft\u0131rarak, Ankara bizim i\u00e7 i\u015flerimize kar\u0131\u015f\u0131yor gibi sa\u00e7mal\u0131klar yaymas\u0131na ve savunmada bulunmas\u0131na \u015fa\u015f\u0131yorum.<\/p>\n<p>Bu incelemeleri yapan Bulgar uzmanlar 25 y\u0131ldan beri nerede uyuyordu? Bu y\u0131llarda H\u00d6H-DPS partisi T\u00fcrkiye taraf\u0131ndan finanse ediliyor ve T\u00fcrkiye\u2019nin buyurdu\u011funu yap\u0131yordu.<\/p>\n<p>Son 30 y\u0131lda T.C. h\u00fck\u00fcmetlerinin hepsiyle s\u0131k\u0131 i\u015fbirli\u011finde bulunan F. G\u00fclen \u00f6rg\u00fct\u00fc bug\u00fcn bir ter\u00f6r \u00f6rg\u00fct\u00fc FET\u00d6 olarak tan\u0131t\u0131ld\u0131. <strong>Bu, \u201cHizmet\u2019\u2019in e\u011fitti\u011fi binlerce kadronun da ter\u00f6rist oldu\u011fu anlam\u0131na gelir mi<\/strong>?<\/p><div id=\"bghab-616383934\" class=\"bghab-icerik-icine-15-paragraf bghab-entity-placement\"><script async src=\"\/\/pagead2.googlesyndication.com\/pagead\/js\/adsbygoogle.js?client=ca-pub-6203283170189293\" crossorigin=\"anonymous\"><\/script><ins class=\"adsbygoogle\" style=\"display:block; text-align:center;\" data-ad-client=\"ca-pub-6203283170189293\" \ndata-ad-slot=\"7303146466\" \ndata-ad-layout=\"in-article\"\ndata-ad-format=\"fluid\" data-full-width-responsive=\"true\"><\/ins>\n<script> \n(adsbygoogle = window.adsbygoogle || []).push({}); \n<\/script>\n<\/div>\n<p><strong>Osman Oktay \u015fu soruyu y\u00f6neltiyor.<\/strong><\/p>\n<p><strong>Ru\u015fen Riza ile Korman \u0130smailov da FET\u00d6 \u00f6rg\u00fct\u00fcnden iki ter\u00f6rist midir?<\/strong><\/p>\n<p>FET\u00d6 \u00f6rg\u00fct\u00fc ikisine de kancay\u0131 takm\u0131\u015ft\u0131r!<\/p>\n<p>Osman Oktay\u2019a g\u00f6re, Hak ve \u00d6zg\u00fcrl\u00fck Partisi kendisini aklamak i\u00e7in kafas\u0131n\u0131 kuma saklamas\u0131n! \u00c7\u00fcnk\u00fc Feytullah G\u00fclenle ili\u015fkilerimiz her zaman Bulgar milli menfaatleri yarar\u0131na olmayan ili\u015fkilerdi.<\/p>\n<p><strong>Bizi izleyin, okuyun ve arkada\u015flar\u0131n\u0131zla payla\u015f\u0131n\u0131z.<\/strong><\/p><div id=\"bghab-1217459212\" class=\"bghab-icerik-icine-20-paragraf bghab-entity-placement\"><script async src=\"\/\/pagead2.googlesyndication.com\/pagead\/js\/adsbygoogle.js?client=ca-pub-6203283170189293\" crossorigin=\"anonymous\"><\/script><ins class=\"adsbygoogle\" style=\"display:block; text-align:center;\" data-ad-client=\"ca-pub-6203283170189293\" \ndata-ad-slot=\"7303146466\" \ndata-ad-layout=\"in-article\"\ndata-ad-format=\"fluid\" data-full-width-responsive=\"true\"><\/ins>\n<script> \n(adsbygoogle = window.adsbygoogle || []).push({}); \n<\/script>\n<\/div>\n<div id=\"bghab-959847942\" class=\"bghab-yazi-altinda bghab-entity-placement\"><div class=\"bghab-adlabel\">Reklamlar<\/div><script async src=\"https:\/\/pagead2.googlesyndication.com\/pagead\/js\/adsbygoogle.js\"><\/script>\r\n<!-- bghaber-yaz\u0131-sonu -->\r\n<ins class=\"adsbygoogle\"\r\n     style=\"display:block\"\r\n     data-ad-client=\"ca-pub-6203283170189293\"\r\n     data-ad-slot=\"4222328180\"\r\n     data-ad-format=\"auto\"\r\n     data-full-width-responsive=\"true\"><\/ins>\r\n<script>\r\n     (adsbygoogle = window.adsbygoogle || []).push({});\r\n<\/script><\/div><br style=\"clear: both; display: block; float: none;\"\/>","protected":false},"excerpt":{"rendered":"<p>Konu: Osman Oktay\u2019\u0131n 24 y\u0131ldan sonra anlatt\u0131klar\u0131na kulak verelim. \u00a0\u00a0\u00a0\u00a0\u00a0\u00a0\u00a0\u00a0\u00a0\u00a0 Korman \u0130smailov ile Ru\u015fen Riza FET\u00d6 okullar\u0131nda haz\u0131rland\u0131! \u00a0\u00a0\u00a0\u00a0\u00a0\u00a0\u00a0\u00a0\u00a0 Suba\u015f\u0131nday\u0131z, suyun aynas\u0131na bak\u0131yoruz. Hak ve<\/p>\n","protected":false},"author":13,"featured_media":7292,"comment_status":"closed","ping_status":"closed","sticky":false,"template":"","format":"standard","meta":{"advanced_seo_description":"","jetpack_seo_html_title":"","jetpack_seo_noindex":false,"_jetpack_memberships_contains_paid_content":false,"footnotes":""},"categories":[5],"tags":[],"class_list":["post-20120","post","type-post","status-publish","format-standard","has-post-thumbnail","hentry","category-yasam"],"jetpack_featured_media_url":"https:\/\/i0.wp.com\/www.bghaber.org\/bghaber\/wp-content\/uploads\/2013\/10\/osman-oktay-eski-hoh-genel-bask-yard.jpg?fit=460%2C368&ssl=1","jetpack_sharing_enabled":true,"jetpack_likes_enabled":true,"jetpack-related-posts":[],"jetpack_shortlink":"https:\/\/wp.me\/pc2PfJ-5ew","_links":{"self":[{"href":"https:\/\/www.bghaber.org\/bghaber\/wp-json\/wp\/v2\/posts\/20120","targetHints":{"allow":["GET"]}}],"collection":[{"href":"https:\/\/www.bghaber.org\/bghaber\/wp-json\/wp\/v2\/posts"}],"about":[{"href":"https:\/\/www.bghaber.org\/bghaber\/wp-json\/wp\/v2\/types\/post"}],"author":[{"embeddable":true,"href":"https:\/\/www.bghaber.org\/bghaber\/wp-json\/wp\/v2\/users\/13"}],"replies":[{"embeddable":true,"href":"https:\/\/www.bghaber.org\/bghaber\/wp-json\/wp\/v2\/comments?post=20120"}],"version-history":[{"count":0,"href":"https:\/\/www.bghaber.org\/bghaber\/wp-json\/wp\/v2\/posts\/20120\/revisions"}],"wp:featuredmedia":[{"embeddable":true,"href":"https:\/\/www.bghaber.org\/bghaber\/wp-json\/wp\/v2\/media\/7292"}],"wp:attachment":[{"href":"https:\/\/www.bghaber.org\/bghaber\/wp-json\/wp\/v2\/media?parent=20120"}],"wp:term":[{"taxonomy":"category","embeddable":true,"href":"https:\/\/www.bghaber.org\/bghaber\/wp-json\/wp\/v2\/categories?post=20120"},{"taxonomy":"post_tag","embeddable":true,"href":"https:\/\/www.bghaber.org\/bghaber\/wp-json\/wp\/v2\/tags?post=20120"}],"curies":[{"name":"wp","href":"https:\/\/api.w.org\/{rel}","templated":true}]}}