{"id":20116,"date":"2016-08-18T22:39:10","date_gmt":"2016-08-18T19:39:10","guid":{"rendered":"http:\/\/www.bghaber.org\/bghaber\/?p=20116"},"modified":"2016-08-18T22:39:10","modified_gmt":"2016-08-18T19:39:10","slug":"cumhurbaskani-secimlerinde-yalniz-2-bultenle-oy-verilecek","status":"publish","type":"post","link":"https:\/\/www.bghaber.org\/bghaber\/cumhurbaskani-secimlerinde-yalniz-2-bultenle-oy-verilecek\/","title":{"rendered":"Cumhurba\u015fkan\u0131 se\u00e7imlerinde yaln\u0131z 2 b\u00fcltenle oy verilecek"},"content":{"rendered":"<p><strong>6 Kas\u0131m Cumhurba\u015fkan\u0131 se\u00e7imlerinde Cumhurba\u015fkan\u0131 b\u00fclteninin s\u0131rt\u0131nda tam ortada siyah kal\u0131n bir \u015ferit olacak ve bu \u015ferit y\u00fcz taraf\u0131nda i\u015faretlenen aday numaras\u0131n\u0131n gizlenmesini sa\u011flayacakt\u0131r. Bu yeni bir durumdur. Daha \u00f6nce yap\u0131lan se\u00e7imlerin hi\u00e7 birinde uygulanmam\u0131\u015ft\u0131r.<\/strong><\/p>\n<p><strong>6 Kas\u0131mda yap\u0131lacak se\u00e7imlerde 2 adet b\u00fclten kullan\u0131lacakt\u0131r.<\/strong><\/p>\n<p>Merkez Se\u00e7im Komisyonu\u2019nun bildirdi\u011fine g\u00f6re, Cumhurba\u015fkan\u0131 se\u00e7imleriyle birlikte bir de halk oylamas\u0131 (referandum) yap\u0131lacakt\u0131r.<\/p>\n<p>B\u00fcltenlerin birinde Cumhurba\u015fkan\u0131 ve Cumhurba\u015fkan\u0131 Yard\u0131mc\u0131s\u0131 adaylar\u0131, ikinci b\u00fcltende ise halk oylamas\u0131n\u0131n 3 sorusu alt alta yaz\u0131lacakt\u0131r.<\/p>\n<p>Merkez Se\u00e7im Komisyonu Ba\u015fkan\u0131 Aleksand\u0131r Andreev\u2019in dedi\u011fine g\u00f6re, sorular iki ayr\u0131 ka\u011f\u0131tta ve alt alta yaz\u0131lm\u0131\u015f olunca se\u00e7men daha az yanl\u0131\u015f yapacakt\u0131r.<\/p><div id=\"bghab-416796536\" class=\"bghab-icerik-icine bghab-entity-placement\"><script async src=\"\/\/pagead2.googlesyndication.com\/pagead\/js\/adsbygoogle.js?client=ca-pub-6203283170189293\" crossorigin=\"anonymous\"><\/script><ins class=\"adsbygoogle\" style=\"display:block; text-align:center;\" data-ad-client=\"ca-pub-6203283170189293\" \ndata-ad-slot=\"7303146466\" \ndata-ad-layout=\"in-article\"\ndata-ad-format=\"fluid\" data-full-width-responsive=\"true\"><\/ins>\n<script> \n(adsbygoogle = window.adsbygoogle || []).push({}); \n<\/script>\n<\/div>\n<p><strong>\u00a0<\/strong>Halk oylamas\u0131na kat\u0131lan se\u00e7men istedi\u011fi taktirde 3 sorudan yaln\u0131z birini ya da ikisini \u00e7izse bile b\u00fclten ge\u00e7erli say\u0131lacakt\u0131r.<\/p>\n<p>Se\u00e7ime kat\u0131lmayan vatanda\u015flar i\u00e7in k\u00f6t\u00fc olan ise, oy kullanmayanlar se\u00e7im listelerinden silinecekler ama arzu ettikleri halde, yine listeye al\u0131nabilecekler.<\/p>\n<p>G\u00fcz\u00fcn yap\u0131lacak se\u00e7imlerin s\u0131rr\u0131 \u00e7ok \u00f6zel bir \u015fekilde korunacakt\u0131r. Cumhurba\u015fkan\u0131 ve Ba\u015fkan Yard\u0131mc\u0131s\u0131 aday\u0131n\u0131n isimlerinin yaz\u0131lm\u0131\u015f oldu\u011fu arka taraf\u0131nda tam orta yerinde bir\u00a0 kara \u015feritli olan sayfa zarf i\u00e7ine koyulmadan, do\u011frudan ikiye k\u0131r\u0131larak sand\u0131\u011fa at\u0131lacakt\u0131r.<\/p>\n<p>Referandum b\u00fclteninde siyah \u015ferit olmayacakt\u0131r.<\/p>\n<p>Bir b\u00fclten bir zarf i\u00e7ine konacak ve sand\u0131\u011fa at\u0131lcakt\u0131r.<\/p><div id=\"bghab-1772220788\" class=\"bghab-icerik-icine-10-paragraf bghab-entity-placement\"><script async src=\"\/\/pagead2.googlesyndication.com\/pagead\/js\/adsbygoogle.js?client=ca-pub-6203283170189293\" crossorigin=\"anonymous\"><\/script><ins class=\"adsbygoogle\" style=\"display:block; text-align:center;\" data-ad-client=\"ca-pub-6203283170189293\" \ndata-ad-slot=\"7303146466\" \ndata-ad-layout=\"in-article\"\ndata-ad-format=\"fluid\" data-full-width-responsive=\"true\"><\/ins>\n<script> \n(adsbygoogle = window.adsbygoogle || []).push({}); \n<\/script>\n<\/div>\n<div id=\"bghab-973201036\" class=\"bghab-yazi-altinda bghab-entity-placement\"><div class=\"bghab-adlabel\">Reklamlar<\/div><script async src=\"https:\/\/pagead2.googlesyndication.com\/pagead\/js\/adsbygoogle.js\"><\/script>\r\n<!-- bghaber-yaz\u0131-sonu -->\r\n<ins class=\"adsbygoogle\"\r\n     style=\"display:block\"\r\n     data-ad-client=\"ca-pub-6203283170189293\"\r\n     data-ad-slot=\"4222328180\"\r\n     data-ad-format=\"auto\"\r\n     data-full-width-responsive=\"true\"><\/ins>\r\n<script>\r\n     (adsbygoogle = window.adsbygoogle || []).push({});\r\n<\/script><\/div><br style=\"clear: both; display: block; float: none;\"\/>","protected":false},"excerpt":{"rendered":"<p>6 Kas\u0131m Cumhurba\u015fkan\u0131 se\u00e7imlerinde Cumhurba\u015fkan\u0131 b\u00fclteninin s\u0131rt\u0131nda tam ortada siyah kal\u0131n bir \u015ferit olacak ve bu \u015ferit y\u00fcz taraf\u0131nda i\u015faretlenen aday numaras\u0131n\u0131n gizlenmesini sa\u011flayacakt\u0131r. Bu<\/p>\n","protected":false},"author":13,"featured_media":11602,"comment_status":"closed","ping_status":"closed","sticky":false,"template":"","format":"standard","meta":{"advanced_seo_description":"","jetpack_seo_html_title":"","jetpack_seo_noindex":false,"_jetpack_memberships_contains_paid_content":false,"footnotes":""},"categories":[4],"tags":[],"class_list":["post-20116","post","type-post","status-publish","format-standard","has-post-thumbnail","hentry","category-siyaset"],"jetpack_featured_media_url":"https:\/\/i0.wp.com\/www.bghaber.org\/bghaber\/wp-content\/uploads\/2014\/10\/secim-bulgaristan.jpg?fit=300%2C225&ssl=1","jetpack_sharing_enabled":true,"jetpack_likes_enabled":true,"jetpack-related-posts":[],"jetpack_shortlink":"https:\/\/wp.me\/pc2PfJ-5es","_links":{"self":[{"href":"https:\/\/www.bghaber.org\/bghaber\/wp-json\/wp\/v2\/posts\/20116","targetHints":{"allow":["GET"]}}],"collection":[{"href":"https:\/\/www.bghaber.org\/bghaber\/wp-json\/wp\/v2\/posts"}],"about":[{"href":"https:\/\/www.bghaber.org\/bghaber\/wp-json\/wp\/v2\/types\/post"}],"author":[{"embeddable":true,"href":"https:\/\/www.bghaber.org\/bghaber\/wp-json\/wp\/v2\/users\/13"}],"replies":[{"embeddable":true,"href":"https:\/\/www.bghaber.org\/bghaber\/wp-json\/wp\/v2\/comments?post=20116"}],"version-history":[{"count":0,"href":"https:\/\/www.bghaber.org\/bghaber\/wp-json\/wp\/v2\/posts\/20116\/revisions"}],"wp:featuredmedia":[{"embeddable":true,"href":"https:\/\/www.bghaber.org\/bghaber\/wp-json\/wp\/v2\/media\/11602"}],"wp:attachment":[{"href":"https:\/\/www.bghaber.org\/bghaber\/wp-json\/wp\/v2\/media?parent=20116"}],"wp:term":[{"taxonomy":"category","embeddable":true,"href":"https:\/\/www.bghaber.org\/bghaber\/wp-json\/wp\/v2\/categories?post=20116"},{"taxonomy":"post_tag","embeddable":true,"href":"https:\/\/www.bghaber.org\/bghaber\/wp-json\/wp\/v2\/tags?post=20116"}],"curies":[{"name":"wp","href":"https:\/\/api.w.org\/{rel}","templated":true}]}}