{"id":20113,"date":"2016-08-18T22:36:00","date_gmt":"2016-08-18T19:36:00","guid":{"rendered":"http:\/\/www.bghaber.org\/bghaber\/?p=20113"},"modified":"2016-08-18T22:37:10","modified_gmt":"2016-08-18T19:37:10","slug":"kalin-ortu-yasasi","status":"publish","type":"post","link":"https:\/\/www.bghaber.org\/bghaber\/kalin-ortu-yasasi\/","title":{"rendered":"Kal\u0131n \u00d6rt\u00fc Yasas\u0131"},"content":{"rendered":"<p>Dr.\u00a0Mustafa\u00a0KAHRAMAN<\/p>\n<p>Konu: \u00a0<strong>Bulgar karakterini tan\u0131madan Bulgaristan\u2019la ilgili oyun kuramay\u0131z<\/strong><\/p>\n<p>Eskiden Bulgarlar\u0131n evlerinde kal\u0131n \u00f6rt\u00fcler vard\u0131. Yere serilir veya \u00f6rt\u00fcnmek i\u00e7in kullan\u0131l\u0131rd\u0131. Dokunmu\u015f olduklar\u0131nda Bulgar dilinde hal\u0131 (kilim) olarak tarif edilirler. \u00d6teki insanlar gibi onlar\u0131n hayat\u0131n\u0131n da \u00fc\u00e7te biri uykuda, hele k\u0131\u015f aylar\u0131nda \u00f6nemli bir kesimi ocak ba\u015f\u0131nda ya da kal\u0131n \u00f6rt\u00fc \u00e7ullanm\u0131\u015f veya \u00f6rt\u00fcnm\u00fc\u015f olarak ge\u00e7ti\u011finden dillerine harfi terc\u00fcmede \u201c<strong>kal\u0131n kilim yasas\u0131<\/strong>\u201d olan bir halk de\u011fimi belirmi\u015ftir. Biz de bu de\u011fimi,\u00a0 yaz\u0131m\u0131zda onu <strong>kal\u0131n kilim yasas\u0131<\/strong> olarak kullanaca\u011f\u0131z.<\/p>\n<p>Yasan\u0131n etki alan\u0131na \u00f6ncelikle Bulgarlar\u0131n kendilerini koruma i\u00e7g\u00fcd\u00fcs\u00fc girer. <strong>Bulgarlar\u0131n milli karakteri \u00fczerinde y\u0131llar y\u0131l\u0131 inceleme ve ara\u015ft\u0131rma yapm\u0131\u015f halk bilimciler \u015fu sonuca varm\u0131\u015ft\u0131r. Kal\u0131n kilim yasas\u0131 bir ayarlama veya dengeleme kural\u0131d\u0131r. Bir halk olarak Bulgarlar\u0131n ikiy\u00fczl\u00fc karakter sahibi oldu\u011funu, d\u00fc\u015f\u00fcnd\u00fc\u011f\u00fcnden farkl\u0131 konu\u015ftu\u011funu ve bamba\u015fka i\u015fler yapt\u0131\u011f\u0131n\u0131 g\u00f6steren, ikili Bulgar huyunu ortaya koyar.<\/strong><\/p>\n<p>Bulgar huyu, T\u00fcrk\u00e7emizdeki \u201c<strong>s\u00f6z\u00fcn\u00fcn eri<\/strong>\u201d, \u201c<strong>s\u00f6z\u00fcm senet<\/strong>\u201d ya da \u201c<strong>s\u00f6z\u00fc bir \u00f6z\u00fc bir<\/strong>\u201d gibi de\u011fimlerle ifade edilen durumlara uymaz. Bulgar karakterinin <strong>b\u00fcy\u00fck b\u00f6l\u00fcm\u00fcnde belirleyici olan fikre ayk\u0131r\u0131 fikir ve \u00e7eli\u015fkili bir d\u00fc\u011f\u00fcmd\u00fcr.<\/strong>.<\/p><div id=\"bghab-1193903648\" class=\"bghab-icerik-icine bghab-entity-placement\"><script async src=\"\/\/pagead2.googlesyndication.com\/pagead\/js\/adsbygoogle.js?client=ca-pub-6203283170189293\" crossorigin=\"anonymous\"><\/script><ins class=\"adsbygoogle\" style=\"display:block; text-align:center;\" data-ad-client=\"ca-pub-6203283170189293\" \ndata-ad-slot=\"7303146466\" \ndata-ad-layout=\"in-article\"\ndata-ad-format=\"fluid\" data-full-width-responsive=\"true\"><\/ins>\n<script> \n(adsbygoogle = window.adsbygoogle || []).push({}); \n<\/script>\n<\/div>\n<p>Ara\u015ft\u0131rma konumuz <strong>ikili huyun<\/strong> \u00f6z\u00fcnde, yapan ve yads\u0131yan, koruyan ve \u00e7alan, \u00e7al\u0131\u015fan ve i\u015ften ka\u00e7an, gitme deyen ve kovan, iktidar d\u00fc\u015fmanl\u0131\u011f\u0131 ve vatan sevgisi, \u00f6teleyen ve sizsiz olamay\u0131z deyen vs vs yan yanad\u0131r. Ba\u015fka bir de\u011fi\u015fle, b\u00f6ylesi bir ortamda do\u011fal ve sa\u011fl\u0131kl\u0131 tohum aransa da bulunamaz. \u0130\u015fte bu durum, 6 Kas\u0131m 2016 g\u00fcn\u00fc yap\u0131lacak olan Cumhurba\u015fkan\u0131 se\u00e7imleri i\u00e7in de belirleyici oland\u0131r. Aday bulunam\u0131yor gibi bir hava var. \u00c7\u00fcnk\u00fc ikililik, \u00fc\u00e7l\u00fcl\u00fck, be\u015flilik olmu\u015f ve toplumu par\u00e7alam\u0131\u015ft\u0131r. Sosyalistlerle H\u00d6H-c\u00fc Moskof\u00e7ular Rus\u00e7u bir aday ararken, bug\u00fcnk\u00fc jeopolitik ortamda hem de Bat\u0131c\u0131 ve NATO-cu bir ki\u015fi bulunabilmesi zor. Aday g\u00f6sterilmek i\u00e7in se\u00e7ilenler vazge\u00e7iyorlar. 1990\u2019l\u0131 y\u0131llar\u0131n siyasi y\u0131ld\u0131zlar\u0131 birer iki\u015fer adayl\u0131ktan \u00e7ekildi. \u0130ktidar partisi GERB de aday g\u00f6steremiyor. Cumhurba\u015fkan\u0131 Yard\u0131mc\u0131s\u0131 T\u00fcrk olabilir fikri ise hen\u00fcz dile gelmedi.<\/p>\n<p>Biz Bulgaristanl\u0131 T\u00fcrkleri g\u00f6\u00e7e zorlarken de, resmi propaganda k\u00fcstah davranm\u0131\u015f, \u00a0\u201c<strong>ama gitmeyin, sizsiz ne yapar\u0131z<\/strong>\u201d demi\u015fti. T\u00fcrkler tutuklay\u0131p \u201c<strong>Belene<\/strong>\u201d kamp\u0131na g\u00f6t\u00fcr\u00fcrken de, \u201c<strong>bir sorun vard\u0131 da neden gizledin, s\u00f6yleseydin b\u00f6yle olmazd\u0131<\/strong>!\u201d demiyorlar m\u0131yd\u0131? 1990\u2019da parti kurmam\u0131za sanki sevinmi\u015flerdi, oysa partilerinin i\u00e7ine <strong>hain-ajan s\u00fcr\u00fcs\u00fc yerle\u015ftirebildiklerine<\/strong> seviniyorlarm\u0131\u015f. Bu \u00f6rnekler s\u0131ralamakla bitmez. \u015eimdi K\u0131rcaali k\u00f6ylerini belediye y\u00f6netiminden ay\u0131rmak i\u00e7in planlar yap\u0131yorlar. Bu kavga \u00e7ok eskidir ve 1913\u2019deki durumuna bir g\u00f6z atal\u0131m:<\/p>\n<p>Bir yandan insan haklar\u0131m\u0131z\u0131n tan\u0131nd\u0131\u011f\u0131n\u0131 ve Bulgaristan\u2019da ayr\u0131m yap\u0131lmad\u0131\u011f\u0131n\u0131 savunuyorlar, ayn\u0131 zamanda T\u00fcrklerin en kutsal bayramlar\u0131n\u0131n an\u0131lmas\u0131na bile izin vermiyorlar. Bilindi\u011fi \u00fczere 16 A\u011fustos g\u00fcn\u00fc, Rodoplardaki T\u00fcrkler a\u00e7\u0131s\u0131ndan \u00f6nemli bir tarihtir. \u00c7\u00fcnk\u00fc Bat\u0131 Trakya Cumhuriyetinin temelleri ilk defa 16 A\u011fustos 1913\u2019te Ko\u015fukavak\u2019ta yerel bir idarenin kurulmas\u0131 ve ba\u015f\u0131na Kamber A\u011fa\u2019n\u0131n getirilmesiyle at\u0131lm\u0131\u015ft\u0131r. Olay\u0131n \u00f6yk\u00fcs\u00fc k\u0131saca \u015fu \u015fekildedir. 15 A\u011fustos 1915\u2019te ku\u015f\u00e7uba\u015f\u0131 E\u015fref komutas\u0131nda hareket eden 116 ki\u015fiden olu\u015fan m\u00fcfreze, 16 A\u011fustos\u2019ta Ko\u015fukavak\u2019ta 1200 ki\u015fiden olu\u015fan Domuz\u00e7iev \u00e7etesini yok eder ve yerel h\u00fck\u00fcmeti kurar. E\u011firi Dere\u2019de de s\u0131ras\u0131yla 18 A\u011fustos\u2019ta Mestanl\u0131 ve 19 A\u011fustos\u2019ta K\u0131rcaali\u2019ye girilir. K\u0131rcaali\u2019de ise Talat Pa\u015fa\u2019n\u0131n day\u0131s\u0131 Emin A\u011fa ve Mustafa Bey\u2019in yard\u0131m\u0131yla 600 ki\u015filik bir silahl\u0131 m\u00fcfreze olu\u015fturulur. Bu arada hem K\u0131rcaali\u2019de hem de Mestanl\u0131 da h\u00fck\u00fcmet reisleri atan\u0131r. B\u00f6lgeden kat\u0131l\u0131mlarla birlikte say\u0131s\u0131 her ge\u00e7en g\u00fcn artan m\u00fcfreze, \u00e7ok k\u0131sa bir s\u00fcrede Rodoplar\u0131n ve Bat\u0131 Trakya\u2019n\u0131n hemen hemen tamam\u0131nda kontrol\u00fc ele ge\u00e7irir. 31 A\u011fustos\u2019ta Bat\u0131 Trakya\u2019n\u0131n merkezi konomundaki G\u00fcm\u00fclcine\u2019yi; ard\u0131ndan da 1 Eyl\u00fclde de \u0130ske\u00e7e\u2019yi geri al\u0131r. Art\u0131k Orta k\u00f6y, Pa\u015fmakl\u0131, Yenice, Habib\u00e7e, Harmanl\u0131, E\u011firi Dere, Ko\u015fukavak, K\u0131rcaali, Mestanl\u0131, Cama-i Bala, Dar\u0131dere, Nevrekop, G\u00fcm\u00fclc\u00fcne ve \u0130ske\u00e7e, k\u0131saca t\u00fcm Bat\u0131 Trakya, tamam\u0131 S\u00fcleyman Askeri Bey komutas\u0131ndaki birliklerin kontrol\u00fc alt\u0131ndad\u0131r. Avrupa\u2019dan gelen bask\u0131lar \u00fczerine, Osmanl\u0131 Devleti ile t\u00fcm ba\u015flar\u0131n kopar\u0131ld\u0131\u011f\u0131 ve Bat\u0131 Trakya Ge\u00e7ici H\u00fck\u00fcmeti ad\u0131yla yeni bir idarenin kuruldu\u011fu 31 A\u011fustos 1913\u2019te \u201c<strong>Allah\u2019\u0131m\u0131za dayanarak ve benli\u011fimize g\u00fcvenerek bu g\u00fcnden itibaren \u0130slam\u2019\u0131, H\u0131ristiyan\u2019\u0131, T\u00fcrk\u00fc, Bulgar\u2019\u0131 ayn\u0131 hukuka malik olmak \u015fart\u0131yla Garbi Trakya H\u00fck\u00fcmeti M\u00fcstakil esi\u2019ni ilan etmi\u015f olduk<\/strong>\u201d \u015feklinde t\u00fcm d\u00fcnyaya duyurur.<\/p>\n<p>Bulgar ikili\u011finin i\u00e7indeki bir \u00f6zellik de kendisi i\u00e7in yararl\u0131 olmayan ger\u00e7ekleri unutturmaktan ge\u00e7er. Bat\u0131 Trakya Ge\u00e7ici H\u00fck\u00fcmeti\u2019ni bilen ka\u00e7 ki\u015fimiz var ki? Bu vesileyle anm\u0131\u015f oldu\u011fumuz y\u0131ld\u00f6n\u00fcm\u00fc Bulgar ders kitaplar\u0131na al\u0131nmam\u0131\u015ft\u0131r. Bulgaristanl\u0131 M\u00fcsl\u00fcman T\u00fcrklerin tarihinde \u00e7ok \u00f6nemli bir d\u00f6nem olmas\u0131na kar\u015f\u0131 asla g\u00fcnden konusu edilmez, an\u0131lmaz, and\u0131r\u0131lmaz.<\/p>\n<p>Bu \u00f6rnekler Bulgarin kafas\u0131nda <strong>de\u011fer yarg\u0131s\u0131 sistemlerinin iki adet oldu\u011funa<\/strong> i\u015faret eder. O, kendi iste\u011fiyle istemedi\u011fini \u2013 birisini &#8211; silerken, ba\u015fkalar\u0131n\u0131n da ger\u00e7ekleri bilmesini istemez. Bu ger\u00e7e\u011fi g\u00f6\u00e7 olaylar\u0131nda da g\u00f6rd\u00fck. Zul\u00fcm ve di\u011fer ger\u00e7ek nedenler a\u00e7\u0131klanmad\u0131. \u00a01878\u2019den beri T\u00fcrkiye\u2019ye 6 b\u00fcy\u00fck kitle g\u00f6\u00e7\u00fc olmas\u0131na kar\u015f\u0131n hi\u00e7 biri do\u011fru d\u00fcr\u00fcst anlat\u0131lmad\u0131. Oysa Bulgar ekonomisini ve sosyal hayat\u0131n\u0131 felce u\u011fratan g\u00f6\u00e7ler oldu. \u0130nsans\u0131z kalan k\u00f6ylerde tarlalar mahsul vermez. \u201c<strong>B\u00fcy\u00fck G\u00f6\u00e7<\/strong>\u201dten sonra memleket \u00e7orakla\u015ft\u0131.<\/p><div id=\"bghab-647877340\" class=\"bghab-icerik-icine-10-paragraf bghab-entity-placement\"><script async src=\"\/\/pagead2.googlesyndication.com\/pagead\/js\/adsbygoogle.js?client=ca-pub-6203283170189293\" crossorigin=\"anonymous\"><\/script><ins class=\"adsbygoogle\" style=\"display:block; text-align:center;\" data-ad-client=\"ca-pub-6203283170189293\" \ndata-ad-slot=\"7303146466\" \ndata-ad-layout=\"in-article\"\ndata-ad-format=\"fluid\" data-full-width-responsive=\"true\"><\/ins>\n<script> \n(adsbygoogle = window.adsbygoogle || []).push({}); \n<\/script>\n<\/div>\n<p>Bununla birlikte pek de\u011finilmek istenmeyen bir olay da, T\u00fcrkiye ba\u015fta olmak \u00fczere, d\u0131\u015f \u00fclkelerde 3 milyon ki\u015fiden fazla insan\u0131 toplayan bir Bulgaristanl\u0131 diasporas\u0131 olmas\u0131d\u0131r. Zorla g\u00f6\u00e7ler d\u0131\u015f\u0131nda vatanda\u015flar\u0131n Bulgaristan\u2019\u0131 neden terk ettikleri konusu i\u015flenmiyor. Bu olay ele al\u0131nmad\u0131\u011f\u0131 gibi, \u00a0\u00a0S\u0131rbistan, Makedonya ve Ukrayna\u2019daki Bulgarlar diyasporas\u0131 ile s\u0131n\u0131rlan\u0131r. Onlara de\u011fi\u015fik k\u00fclt\u00fcrel yard\u0131mlarda bulunulurken k\u00fct\u00fcphaneler a\u00e7\u0131l\u0131rken, konserler verilir ya da \u00f6\u011frenciler Bulgaristan \u00dcniversitelerinde okutulur. Bu de\u011fer yarg\u0131s\u0131 sisteminin birinci yan\u0131 Bulgar evde \u00e7ulland\u0131\u011f\u0131 kal\u0131n kilimin alt\u0131ndayken d\u00fc\u015f\u00fcnd\u00fcklerine kilitlenir, ikinci sistemde topum i\u00e7ine girdi\u011finde, resmi makamlar \u00f6n\u00fcnde, fikri a\u00e7\u0131klayaca\u011f\u0131 zaman a\u00e7\u0131l\u0131r ve tamamen farkl\u0131 bir tav\u0131r g\u00f6sterir. Bu y\u00fczden olacak T\u00fcrk\u00e7emizdeki \u201c<strong>Evdeki hesap \u00e7ar\u015f\u0131ya uymad\u0131<\/strong>\u201d ya da N. Hoca incilerinden \u201c<strong>Paray\u0131 veren d\u00fcd\u00fc\u011f\u00fc \u00e7alar<\/strong>\u201d Bulgar halk k\u00fclt\u00fcr\u00fcnde \u201c<strong>Meyhanecisiz yap\u0131lan hesap<\/strong>\u201d \u015feklindedir. Evde ocak ba\u015f\u0131nda kal\u0131n kilim \u00fczerinde halk sanki \u00f6z\u00fcyle ba\u015f ba\u015fad\u0131r. G\u00f6nl\u00fc a\u00e7\u0131kt\u0131r. Hal\u0131ya \u00e7\u00f6kt\u00fc\u011f\u00fcnde kendinden ba\u015fka kimseden korkmad\u0131\u011f\u0131ndan samimi d\u00fc\u015f\u00fcn\u00fcr, hayal edip arzular. D\u0131\u015far\u0131da ya\u015fad\u0131klar\u0131n\u0131 kar\u0131s\u0131na anlat\u0131rken ise, tamamen bamba\u015fka \u015feyler payla\u015f\u0131r. Arzular\u0131n\u0131 anlat\u0131r.\u00a0 Bu arada kurgular\u0131 her zaman T\u00fcrklere ve \u0130slam\u2019a kar\u015f\u0131 olmu\u015ftur. Bulgar karakterinin \u00f6z\u00fcndeki bir yar\u0131y\u0131 belirleyense i\u015fte bu kal\u0131n kilim alt\u0131nda ya da \u00fczerinde d\u00fc\u015f\u00fcnd\u00fckleridir. \u00a0Bu kurgular\u0131n tuzu ve biberi hep T\u00fcrk d\u00fc\u015fmanl\u0131\u011f\u0131nda a\u011f\u0131z tad\u0131 bulur.<\/p>\n<p>Kilimde kalk\u0131p toplum i\u00e7ine girdi\u011finde o bamba\u015fka bir ki\u015fi olur. Kal\u0131n \u00f6rt\u00fcn\u00fcn alt\u0131ndayken nefret edip lanetlediklerini hayat\u0131n g\u00fcnl\u00fck ak\u0131\u015f\u0131 k\u0131skac\u0131nda \u00f6v\u00fcp s\u0131vazlar, y\u00fczlerine g\u00fcl\u00fcmser. Evde k\u00fcfrettiklerinin toplumda elini \u00f6per. Biz M\u00fcsl\u00fcman T\u00fcrkler bunu her g\u00fcn ya\u015fam\u0131\u015f\u0131zd\u0131r. Cami ve okullar\u0131m\u0131z\u0131 kapatanlar\u0131n, isimlerimizi de\u011fi\u015ftiren ve k\u00fclt\u00fcr\u00fcm\u00fcz\u00fc hi\u00e7e sayanlar\u0131n tolerans masallar\u0131 pilav gibi \u0131s\u0131t\u0131l\u0131p \u0131s\u0131t\u0131l\u0131p \u00f6n\u00fcm\u00fcze sunulmu\u015ftur. Sofya \u201c<strong>Banya Ba\u015f\u0131<\/strong>\u201d camiinde secdeye durmu\u015f karde\u015flerimizi asla unutamay\u0131z.<\/p>\n<p>Bulgaristanl\u0131 M\u00fcsl\u00fcman T\u00fcrklerinin hak ve \u00f6zg\u00fcrl\u00fcklerinin ayakalt\u0131na al\u0131nd\u0131\u011f\u0131ndan pek s\u00f6z etmeyen yeni ku\u015fan Bulgarlar, genel anlamda insan haklar\u0131ndan s\u00f6z ederken, bu konuya duyduklar\u0131 derin nefreti hep i\u00e7lerinde gizlediler. S\u0131\u011f\u0131nmac\u0131 konular\u0131nda en hassas \u00fclkelerden biri olduk. 2015 Yunanistan s\u0131\u011f\u0131nmac\u0131 trajedisi Bulgarlar\u0131 ve iktidar\u0131 korkuttu. \u00dclkenin Suriyelilerce istila edilece\u011fi havas\u0131 yarat\u0131larak s\u0131n\u0131rlarda tedbirler al\u0131nd\u0131. \u015eimdi 2016 a\u011fustosunday\u0131z, Sofya\u2019da her g\u00fcn evraks\u0131z 50\u2013100 s\u0131\u011f\u0131nmac\u0131 tutuklan\u0131yor, S\u0131rbistan Bulgaristan\u2019a her g\u00fcn 100\u2013150 s\u0131\u011f\u0131nmac\u0131 iade ediyor, T\u00fcrkiye s\u0131n\u0131r\u0131nda da ola\u011fan\u00fcst\u00fc \u00f6nlemlere ra\u011fmen 100\u2013150 ki\u015fi yakalan\u0131yor. Bir yandan T.C. ile bu konuda \u00e7ok s\u0131k\u0131 i\u015fbirli\u011fi isteniyor, ikili s\u0131\u011f\u0131nmac\u0131 s\u00f6zle\u015fmesi imzalanmas\u0131 ve T.C.\u2019nin buna y\u00fczde y\u00fcz uymas\u0131 talep edilirken, FET\u00d6 darbecilerinin imamlar\u0131ndan Aptullah B\u00fcy\u00fck\u2019\u00fcn T\u00fcrkiye iste\u011fiyle iadesine kar\u015f\u0131 b\u00fcy\u00fck g\u00fcr\u00fclt\u00fc kopar\u0131ld\u0131. T\u00fcrkiye\u2019de demokrasi olmad\u0131\u011f\u0131, diktat\u00f6rl\u00fck kuruldu\u011funu savunan kamuoyu yarat\u0131lmaya \u00e7al\u0131\u015f\u0131ld\u0131. Hatta hi\u00e7 ummad\u0131\u011f\u0131m ki\u015filerden biri olan, Jel\u00fc Jelev\u2019in Cumhurba\u015fkanl\u0131\u011f\u0131 d\u00f6neminde \u201c<strong>Etnik Az\u0131nl\u0131k Sorunlar\u0131<\/strong>\u201d dan\u0131\u015fman\u0131 olan Prof Mihail \u0130vanov, demokrat kesilip \u201cimam\u0131\u201d savunurken 1878 Bulgar anayasas\u0131n\u0131 \u00e7\u0131kard\u0131. 69. maddede \u201c<strong>Bulgaristan\u2019a giren her ki\u015fi \u00f6zg\u00fcrl\u00fc\u011f\u00fcne kavu\u015fur ve yasan\u0131n \u00fcst\u00fcnl\u00fc\u011f\u00fcnden yararlanabilir<\/strong>\u201d iddias\u0131n\u0131 savurarak sa\u00e7malad\u0131. Bulgar makamlar\u0131 o eski Anayasan\u0131n hangi maddesine uymu\u015f ki. Ba\u015fka maddeleri biz M\u00fcsl\u00fcman T\u00fcrk az\u0131nl\u0131\u011f\u0131na t\u00fcm haklar\u0131m\u0131z\u0131 tan\u0131yor da, veren nerede? \u00d6yleyse her g\u00fcn tutuklamalar neden? Bulgaristan\u2019a giren her ki\u015fi i\u00e7in \u201c<strong>yasalar\u0131n \u00fcst\u00fcnl\u00fc\u011f\u00fc<\/strong>\u201d ge\u00e7erli de, Bulgaristan\u2019da ya\u015fayanlar i\u00e7in neden uygulanm\u0131yor? Tabii sorulacak \u00e7ok soru var\u2026<\/p>\n<p>Bu karakter ikilemini her ad\u0131mda g\u00f6r\u00fcyoruz. Bulgaristan, bar\u0131nd\u0131rd\u0131\u011f\u0131 s\u0131\u011f\u0131nmac\u0131 ve sava\u015f ka\u00e7aklar\u0131 T\u00fcrkiye gibi 4 milyon de\u011fil, 10\u201320 bin ki\u015fi olmas\u0131na ra\u011fmen, s\u0131n\u0131r \u00f6nlemlerini daha da g\u00fc\u00e7lendiriyor, T\u00fcrkiye ile Avrupa Birli\u011fi aras\u0131ndaki s\u0131\u011f\u0131nmac\u0131 s\u00f6zle\u015fmesinin bozulmas\u0131ndan ve s\u0131\u011f\u0131nmac\u0131lar\u0131n AB\u2019ye girdikleri ilk \u00fclkeye geri \u00e7evrilmesinden \u00e7ok endi\u015feleniyorlar. \u00c7\u00fcmk\u00fc bu ilk girilen AB \u00fclkesi ya Bulgaristan ya da Yunanistan\u2019d\u0131r. Bir ba\u015fka korku da, T.C.\u2019nin devlet s\u0131n\u0131rlar\u0131 i\u00e7inde tuttu\u011fu Suriyeli s\u0131\u011f\u0131nmac\u0131lar\u0131n karadan Bulgaristan \u00fczerinden orta Avrupa\u2019ya do\u011fru sal\u0131n\u0131 verilece\u011fi endi\u015fesidir. Biz, NATO ve AB \u00fcyesiyiz, NATO bizi s\u0131\u011f\u0131nmac\u0131lardan korur yaygaras\u0131 kopar\u0131l\u0131yor. Sanki elinde bir \u00e7anta s\u0131\u011f\u0131nmac\u0131lar NATO tanklar\u0131yla ezilecek. Bu i\u015flerin anahtar\u0131n\u0131n B\u00fcy\u00fck T\u00fcrkiye oldu\u011fu k\u00fc\u00e7\u00fcmsenmek istenirken, T\u00fcrkiye ile Rusya\u2019n\u0131n Yak\u0131n Do\u011fu ve ikili ili\u015fkiler konusunda anla\u015fmas\u0131 k\u0131skan\u0131l\u0131yor. T\u00fcm bunlar aras\u0131nda canlar\u0131n\u0131 en fazla ac\u0131tansa, \u015fimdiki stratejik durumun 19. yy sonlar\u0131na be 20. yy ba\u015flar\u0131na benzedi\u011fi kabullenilirken, o zamanlar Rusya \u0130mparatorlu\u011fu ile Osmanl\u0131 imparatorlu\u011fu birbirine z\u0131tken, \u015fimdi ise Rusya ile T\u00fcrkiye menfaatlerinin bulu\u015fmas\u0131d\u0131r. Yeni durum, AB ve NATO ile ortakl\u0131k yapan, \u00a0ama sahadaki di\u011fer b\u00fcy\u00fck oyuncular &#8211; Rusya ve T\u00fcrkiye &#8211; ile ortak dil bulmada zorluk \u00e7ekildi\u011fi dikkatleri \u00fczerine topluyor.<\/p>\n<p>Biz bug\u00fcn bu karakter \u00f6zelliklerinin, \u00f6zellikle de <strong>her taraftan nefret etme<\/strong> ve <strong>her tarafla iyi ge\u00e7inme<\/strong> hesaplar\u0131n\u0131 6 Kas\u0131m 2016\u2019da yap\u0131lacak Cumhurba\u015fkan\u0131 se\u00e7imlerine giderken de \u00f6zellikle izliyoruz. Bir yandan s\u00f6zde hem AB ve NATO taraftar\u0131 olan ve \u00fclkemizdeki ABD askeri \u00fcsleri konusunda dilini yutmu\u015f havas\u0131na giren <strong>Sosyalist Parti<\/strong> (BSP) ile Bulgaristan\u2019\u0131n <strong>Yeniden Do\u011fu\u015fu i\u00e7in Alternatif <\/strong>adl\u0131 \u201cABV\u201d partisinin Kremlinci bir General olan R. Radev\u2019i ortak Cumhurba\u015fkan\u0131 aday\u0131 g\u00f6stermesi sisi kald\u0131rd\u0131 ve perdeyi a\u00e7t\u0131. Rus\u00e7u siyaset \u00e7ok eski k\u00f6klerden su ald\u0131\u011f\u0131 i\u00e7in \u015fa\u015fmamak gerekir. Bu c\u00fcmleden olmakla birlikte, Hak ve \u00d6zg\u00fcrl\u00fckler Partisi (DPS) nin de birka\u00e7 haftaya kadar biz oyumuzu General Radev\u2019e verece\u011fiz dedi\u011fini i\u015fitirsek \u015fa\u015fmayal\u0131m.<\/p><div id=\"bghab-4048549586\" class=\"bghab-icerik-icine-15-paragraf bghab-entity-placement\"><script async src=\"\/\/pagead2.googlesyndication.com\/pagead\/js\/adsbygoogle.js?client=ca-pub-6203283170189293\" crossorigin=\"anonymous\"><\/script><ins class=\"adsbygoogle\" style=\"display:block; text-align:center;\" data-ad-client=\"ca-pub-6203283170189293\" \ndata-ad-slot=\"7303146466\" \ndata-ad-layout=\"in-article\"\ndata-ad-format=\"fluid\" data-full-width-responsive=\"true\"><\/ins>\n<script> \n(adsbygoogle = window.adsbygoogle || []).push({}); \n<\/script>\n<\/div>\n<p>B\u00fcy\u00fck siyasete ayak uydurmaya \u00e7al\u0131\u015fan, eski gizli polis \u201cDS\u201d generallerinin toplanma kul\u00fcb\u00fc olan Reformcu Blok ortaklar\u0131ndan olan Kasim Dal ise, Bulgar psikolojisinin derinliklerine inemedi\u011fi i\u00e7in, siyaset \u0131rma\u011f\u0131nda y\u00fcksekten d\u00fc\u015f\u00fcn su yerinde d\u00f6n\u00fcnce, deneyimsiz kaptanlar\u0131n k\u00fcre\u011fi hangi tarafa \u00e7ekece\u011fini bilmedikleri gibi, yerinde d\u00f6n\u00fcyor.<\/p>\n<p>Tescili yap\u0131lmam\u0131\u015f DOST partisi Ba\u015fkan\u0131 L. Mestan ise, \u00a0ola\u011fan\u00fcst\u00fc zor bir durumda bulundu\u011funu gizleyemiyor. \u00c7\u00fcnk\u00fc iyi bilinir ki, Bulgaristan M\u00fcsl\u00fcman T\u00fcrkleri \u00f6nemli kararlar\u0131n\u0131 kal\u0131n \u00f6rt\u00fc alt\u0131na gizlenerek almazlar fakat kahvehanede veya k\u00f6y meydan\u0131nda s\u00f6ylenenlere bu i\u015flere \u201c<strong>karn\u0131m\u0131z tok<\/strong>\u201d cevab\u0131n\u0131 verirler. O, bunu 2015\u2019te Deliorman\u2019da ya\u015fad\u0131. Bu gidi\u015fe cevap bizim dilimizde \u201c<strong>Davul sesine<\/strong> <strong>de\u011firmen d\u00f6nmez<\/strong>\u201d iken, Bulgarlar da \u201c<strong>Kepekle maymun avlanmaz<\/strong>!\u201d demi\u015ftir. BULT\u00dcRK ve BGSAM olarak biz, DOST partisi merkezinin ABD Sofya B\u00fcy\u00fckel\u00e7isi taraf\u0131ndan ziyaret edilmesinin durumu de\u011fi\u015ftirmedi\u011fi, Bulgaristanl\u0131 M\u00fcsl\u00fcman-T\u00fcrklerin kulak ve g\u00f6z\u00fcn\u00fcn Ankara\u2019da oldu\u011fu kan\u0131s\u0131nday\u0131z.<\/p>\n<p>Daha da ileri gidilirse, Bulgar karakter \u00f6zelliklerine, i\u015fleyen bir ger\u00e7ek de \u201c<strong>particilik<\/strong>\u201d oyunudur. \u0130ngilizceden gelen \u201c<strong>part<\/strong>i\u201d s\u00f6z\u00fc par\u00e7ala ve idare et anlam\u0131ndad\u0131r. Kurulan her yeni parti bizim de biraz daha ufald\u0131\u011f\u0131m\u0131z anlam\u0131na gelir. <strong>Bu bak\u0131ma gelece\u011fin pusulas\u0131 ancak ve yaln\u0131z sivil toplum \u00f6rg\u00fctlerinin elinde olacakt\u0131r.<\/strong><\/p>\n<p>Bulgar karakteri ve yakla\u015fan se\u00e7im konumuz devam edecektir<\/p>\n<div id=\"bghab-1552028170\" class=\"bghab-yazi-altinda bghab-entity-placement\"><div class=\"bghab-adlabel\">Reklamlar<\/div><script async src=\"https:\/\/pagead2.googlesyndication.com\/pagead\/js\/adsbygoogle.js\"><\/script>\r\n<!-- bghaber-yaz\u0131-sonu -->\r\n<ins class=\"adsbygoogle\"\r\n     style=\"display:block\"\r\n     data-ad-client=\"ca-pub-6203283170189293\"\r\n     data-ad-slot=\"4222328180\"\r\n     data-ad-format=\"auto\"\r\n     data-full-width-responsive=\"true\"><\/ins>\r\n<script>\r\n     (adsbygoogle = window.adsbygoogle || []).push({});\r\n<\/script><\/div><br style=\"clear: both; display: block; float: none;\"\/>","protected":false},"excerpt":{"rendered":"<p>Dr.\u00a0Mustafa\u00a0KAHRAMAN Konu: \u00a0Bulgar karakterini tan\u0131madan Bulgaristan\u2019la ilgili oyun kuramay\u0131z Eskiden Bulgarlar\u0131n evlerinde kal\u0131n \u00f6rt\u00fcler vard\u0131. Yere serilir veya \u00f6rt\u00fcnmek i\u00e7in kullan\u0131l\u0131rd\u0131. Dokunmu\u015f olduklar\u0131nda Bulgar dilinde<\/p>\n","protected":false},"author":13,"featured_media":14864,"comment_status":"closed","ping_status":"closed","sticky":false,"template":"","format":"standard","meta":{"advanced_seo_description":"","jetpack_seo_html_title":"","jetpack_seo_noindex":false,"_jetpack_memberships_contains_paid_content":false,"footnotes":""},"categories":[6],"tags":[],"class_list":["post-20113","post","type-post","status-publish","format-standard","has-post-thumbnail","hentry","category-yorum"],"jetpack_featured_media_url":"https:\/\/i0.wp.com\/www.bghaber.org\/bghaber\/wp-content\/uploads\/2015\/05\/mustafa-222.jpg?fit=167%2C208&ssl=1","jetpack_sharing_enabled":true,"jetpack_likes_enabled":true,"jetpack-related-posts":[],"jetpack_shortlink":"https:\/\/wp.me\/pc2PfJ-5ep","_links":{"self":[{"href":"https:\/\/www.bghaber.org\/bghaber\/wp-json\/wp\/v2\/posts\/20113","targetHints":{"allow":["GET"]}}],"collection":[{"href":"https:\/\/www.bghaber.org\/bghaber\/wp-json\/wp\/v2\/posts"}],"about":[{"href":"https:\/\/www.bghaber.org\/bghaber\/wp-json\/wp\/v2\/types\/post"}],"author":[{"embeddable":true,"href":"https:\/\/www.bghaber.org\/bghaber\/wp-json\/wp\/v2\/users\/13"}],"replies":[{"embeddable":true,"href":"https:\/\/www.bghaber.org\/bghaber\/wp-json\/wp\/v2\/comments?post=20113"}],"version-history":[{"count":0,"href":"https:\/\/www.bghaber.org\/bghaber\/wp-json\/wp\/v2\/posts\/20113\/revisions"}],"wp:featuredmedia":[{"embeddable":true,"href":"https:\/\/www.bghaber.org\/bghaber\/wp-json\/wp\/v2\/media\/14864"}],"wp:attachment":[{"href":"https:\/\/www.bghaber.org\/bghaber\/wp-json\/wp\/v2\/media?parent=20113"}],"wp:term":[{"taxonomy":"category","embeddable":true,"href":"https:\/\/www.bghaber.org\/bghaber\/wp-json\/wp\/v2\/categories?post=20113"},{"taxonomy":"post_tag","embeddable":true,"href":"https:\/\/www.bghaber.org\/bghaber\/wp-json\/wp\/v2\/tags?post=20113"}],"curies":[{"name":"wp","href":"https:\/\/api.w.org\/{rel}","templated":true}]}}