{"id":20110,"date":"2016-08-15T22:43:54","date_gmt":"2016-08-15T19:43:54","guid":{"rendered":"http:\/\/www.bghaber.org\/bghaber\/?p=20110"},"modified":"2016-08-15T22:43:54","modified_gmt":"2016-08-15T19:43:54","slug":"cok-farkliyiz","status":"publish","type":"post","link":"https:\/\/www.bghaber.org\/bghaber\/cok-farkliyiz\/","title":{"rendered":"\u00c7ok Farkl\u0131y\u0131z"},"content":{"rendered":"<p><strong>\u015eakir ARSLANTA\u015e<\/strong><\/p>\n<p>Konu: <strong>Kendimizi kendi ge\u00e7mi\u015fimizde aramal\u0131y\u0131z, ba\u015fka bir yerde de\u011fil.<\/strong><\/p>\n<p>B\u00fcy\u00fck Atat\u00fcrk\u2019\u00fcn 5 bin kitap okudu\u011funu okudu\u011fumda \u00e7ok gururlanm\u0131\u015ft\u0131m. Toplumun okumu\u015f, bilgili, kemale gelmi\u015f, olgun ve bilge lider taraf\u0131ndan y\u00f6netilmesi binde bir rastlanan bir mutluluk ve bir \u015fans eseridir. Bu bak\u0131ma biz T\u00fcrkler gururlanmay\u0131 hak etmi\u015f bir milletiz.<\/p>\n<p>Ve bug\u00fcn biz 15 Temmuz gecesi \u015fehit d\u00fc\u015fenlerin halk\u0131m\u0131za verdi\u011fi gururla gururlan\u0131yoruz. \u00c7\u00fcnk\u00fc Atat\u00fcrk\u2019\u00fcm\u00fcz t\u00fcm T\u00fcrklerin evlad\u0131 ve \u00f6nderi, t\u00fcm T\u00fcrklerin atas\u0131 ve ebedi lideridir.<\/p>\n<p>Bu memleket bizim. Bu cumhuriyet bizim. Bu demokrasi bizim diyen bir halktan biri olmaktan daha b\u00fcy\u00fck bir gurur kayna\u011f\u0131 olamaz! Her millet kahraman olamaz. Benim milletin kahramanlar kahraman\u0131d\u0131r<\/p><div id=\"bghab-152125964\" class=\"bghab-icerik-icine bghab-entity-placement\"><script async src=\"\/\/pagead2.googlesyndication.com\/pagead\/js\/adsbygoogle.js?client=ca-pub-6203283170189293\" crossorigin=\"anonymous\"><\/script><ins class=\"adsbygoogle\" style=\"display:block; text-align:center;\" data-ad-client=\"ca-pub-6203283170189293\" \ndata-ad-slot=\"7303146466\" \ndata-ad-layout=\"in-article\"\ndata-ad-format=\"fluid\" data-full-width-responsive=\"true\"><\/ins>\n<script> \n(adsbygoogle = window.adsbygoogle || []).push({}); \n<\/script>\n<\/div>\n<p>***<\/p>\n<p>Bulgaristan T\u00fcrkleri aras\u0131ndan g\u00f6n\u00fcl dolduran, sevilen, \u00f6v\u00fclen ve kendisiyle gururland\u0131\u011f\u0131m\u0131z bir lider \u00e7\u0131kmamas\u0131 beni s\u0131k s\u0131k d\u00fc\u015f\u00fcnd\u00fcrm\u00fc\u015f, demeden edemeyece\u011fim. Bu sorunun cevab\u0131n\u0131n kitaplardan fazla halk\u0131m\u0131z\u0131n psikolojisinde ve i\u00e7inde bulundu\u011fu ortamda gizlendi\u011fine inan\u0131yorum. Bu eksikli\u011fimiz b\u00fcy\u00fck \u00f6l\u00e7\u00fcde Bulgarlar\u0131n bizimle ilgili ve bize kar\u015f\u0131 uygulad\u0131klar\u0131 siyasette de gizlidir. Bu nedenleri mutlaka bulmam\u0131z gerekti\u011fine inan\u0131yorum. Bulgaristan Stratejik Ara\u015ft\u0131rma Merkezi BGSAM bu \u00e7al\u0131\u015fmalar\u0131nda yeni ad\u0131mlar att\u0131k\u00e7a irkiliyor, daha derin ara\u015ft\u0131rma azmiyle \u00e7al\u0131\u015fmalar\u0131na devam ediyor ve i\u00e7inde, yan yana, birlikte ya\u015famak zorunda oldu\u011fumuz ortamda, kom\u015fumuz olan ama bizi kendinden bir par\u00e7a saymayan toplumla ilgili oyun kurma yol ve y\u00f6ntemleri \u00fczerinde irdeleme yap\u0131yor. \u0130nsan\u0131n kom\u015fusunu se\u00e7emedi\u011fi tarihsel bir ger\u00e7ektir. \u00d6yle kurulmu\u015f ki hayat d\u00fczeni, kom\u015fular birbirileriyle yar\u0131\u015f halinde, rekabet ederek, yan yana ko\u015farak var\u0131labiliyor. Samimi, iyi niyetli, hayra vesile yar\u0131\u015fma ile k\u0131skan\u00e7l\u0131k ve d\u00fc\u015fmanl\u0131k aras\u0131ndaki \u00e7izgi ise, her yerde k\u0131ldan incedir. Kirpinin yavrusu dikenli kirpidir, g\u00fcl dal\u0131nda g\u00fcl a\u00e7ar mant\u0131yla d\u00fc\u015f\u00fcnd\u00fc\u011f\u00fcm\u00fczde, ho\u015fg\u00f6r\u00fcden (tolerans) ho\u015fg\u00f6r\u00fc do\u011fmas\u0131 gerekir. Ama \u00f6yle midir? Hay\u0131r toplumsal rekabetten d\u00fc\u015fmanl\u0131k do\u011fabiliyor. Biz, Bulgaristanl\u0131 M\u00fcsl\u00fcman T\u00fcrkler bunu ya\u015fad\u0131k. Ho\u015fg\u00f6r\u00fcm\u00fcz\u00fcn, iyi kom\u015fulu\u011fumuzun, yard\u0131mla\u015farak ya\u015faman\u0131n istenmedi\u011fi bir as\u0131r boyu ya\u015fad\u0131k ve bu b\u00f6yle olmaz deyip torbam\u0131z\u0131 s\u0131rtlad\u0131\u011f\u0131m\u0131z gibi solu\u011fu ana-vatanda ald\u0131k.<\/p>\n<p>***<\/p>\n<p>Ne yaz\u0131k ki, Bulgar milleti \u201cBU MEMLEKET B\u0130Z\u0130M\u201d \u015fark\u0131s\u0131n\u0131 koro halinde s\u00f6ylememizi \u00e7ok buldu, gururuna yediremedi, bizi k\u0131skand\u0131lar. T\u00fcrkiye sevgimiz k\u0131skan\u0131ld\u0131. B\u00fcy\u00fck T\u00fcrkiye hamleleri k\u0131skan\u0131l\u0131yor. S\u00f6z\u00fcn\u00fc etti\u011fim milli korodan T\u00fcrkleri, Pomaklar\u0131, \u00c7ingeneleri vb az\u0131nl\u0131klar\u0131 \u00e7\u0131karma, atma, uzakla\u015ft\u0131rma \u00e7abalar\u0131 kesilmedi. Biz T\u00fcrklerse bu buket koroyu ne bozmak, ne da\u011f\u0131tmak, ne de geli\u015fmesini engellemek istedik, birlikte s\u00f6yleyip \u015fark\u0131lar\u0131m\u0131zla g\u00f6klerde dalgalanmakt\u0131 arzumuz.\u00a0 Bu \u015fark\u0131lar\u0131 yaln\u0131z biz Bulgarlar s\u00f6yleyebiliriz havas\u0131 zehirliydi. \u00d6teleme, egoizm, d\u00fc\u015fmanl\u0131k, \u0131rk\u00e7\u0131l\u0131k siyasetlerinin k\u00f6k\u00fcnde olan hep bu oldu.<\/p>\n<p>***<\/p><div id=\"bghab-3339771453\" class=\"bghab-icerik-icine-10-paragraf bghab-entity-placement\"><script async src=\"\/\/pagead2.googlesyndication.com\/pagead\/js\/adsbygoogle.js?client=ca-pub-6203283170189293\" crossorigin=\"anonymous\"><\/script><ins class=\"adsbygoogle\" style=\"display:block; text-align:center;\" data-ad-client=\"ca-pub-6203283170189293\" \ndata-ad-slot=\"7303146466\" \ndata-ad-layout=\"in-article\"\ndata-ad-format=\"fluid\" data-full-width-responsive=\"true\"><\/ins>\n<script> \n(adsbygoogle = window.adsbygoogle || []).push({}); \n<\/script>\n<\/div>\n<p>Ben bu yaz\u0131m\u0131 15 A\u011fustos 2016 sabah\u0131 yaz\u0131yorum. Sa\u011f duvardaki TV program\u0131nda \u201cZaman Bulgaristan\u201d gazetesini yay\u0131mc\u0131s\u0131 yerli T\u00fcrklerden ruhunu FET\u00d6\u2019ye satm\u0131\u015f Mehmet \u00d6mer T\u00fcrkl\u00fc\u011f\u00fcm\u00fcz, Atat\u00fcrk\u2019\u00fcm\u00fczden sonra T\u00fcrk halk\u0131n\u0131n en \u00e7ok sevdi\u011fi b\u00fcy\u00fck liderimiz Say\u0131n R.T. Erdo\u011fan\u2019a, g\u00fczel T\u00fcrkiye\u2019mize t\u00fck\u00fcr\u00fcyor. Neymi\u015f efendim, T\u00fcrkiye s\u0131\u011f\u0131nmac\u0131lar\u0131 kendi lehinde politik ama\u00e7lar i\u00e7in kullanmak i\u00e7in topluyormu\u015f, ayn\u0131 hesaplarla onlara vatanda\u015fl\u0131k \u00f6neriyormu\u015f. FET\u00d6\u2019n\u00fcn Bulgaristan hain \u201c<strong>imam\u0131<\/strong>\u201d Abdullah B\u00fcy\u00fck\u2019\u00fc savunuyor. Avrupa\u2019ya s\u0131\u011f\u0131nmac\u0131lar konusunda bask\u0131da bulunuldu\u011funu sa\u00e7mal\u0131yor. T\u00fcrkiye\u2019de ger\u00e7ek\u00e7i gazete olmad\u0131\u011f\u0131n\u0131 iddia ediyor. Demek istedi\u011fim \u015fudur<strong>: Biz, Ahmet Do\u011fan, L\u00fcrfi Mestan ve di\u011fer 3 bin ruhunu satm\u0131\u015f ajandan sonra, bu i\u015f bitti hesaplar\u0131na kap\u0131lmayal\u0131m. \u0130\u015fte yeni kahraman \u015eumnulu Mehmet \u00d6mer, neymi\u015f efendim \u201cBulgaristanl\u0131 T\u00fcrkleri temsil edecekmi\u015f\u201d falan filan.<\/strong> Uyar\u0131yoruz FET\u00d6-cular Bulgaristan\u2019da ajanl\u0131k yap\u0131yorlar. Biz Bulgaristan T\u00fcrk ayd\u0131nlar\u0131 bu gazetenin (Bulgaristan Zaman) halk\u0131m\u0131z i\u00e7in zararl\u0131 oldu\u011funu duyururken, kapat\u0131lmas\u0131n\u0131 ve yerine anadilimizde \u00e7\u0131kan yeni bir yay\u0131n ba\u015flat\u0131lmas\u0131ndan yanay\u0131z. L\u00fctfen hi\u00e7bir karde\u015fimiz FET\u00d6 organ\u0131na abone olmas\u0131n, \u201c<strong>Zaman<\/strong>\u201d sat\u0131n almas\u0131n, okumas\u0131n, okunmas\u0131n\u0131 engellesin. \u201c<strong>Bulgaristan Zaman<\/strong>\u201d FET\u00d6 zehri yay\u0131yor. Uyan\u0131n! \u0130\u015fte size kuzu postuna b\u00fct\u00fcnm\u00fc\u015f yeni bir kurt \u2013 FET\u00d6-c\u00fc Mehmet \u00d6mer.<\/p>\n<p>&nbsp;<\/p>\n<p>Ve onun bunu halk\u0131m\u0131z\u0131n \u015fehitlere a\u011f\u0131t yakt\u0131\u011f\u0131 bir zamanda s\u00f6ylemesi:<\/p>\n<p><strong>Mezar ta\u015f\u0131 yast\u0131\u011f\u0131m\u0131z,<\/strong><\/p>\n<p><strong>Kar yorgan\u0131m\u0131z olsun!<\/strong><\/p><div id=\"bghab-1569268850\" class=\"bghab-icerik-icine-15-paragraf bghab-entity-placement\"><script async src=\"\/\/pagead2.googlesyndication.com\/pagead\/js\/adsbygoogle.js?client=ca-pub-6203283170189293\" crossorigin=\"anonymous\"><\/script><ins class=\"adsbygoogle\" style=\"display:block; text-align:center;\" data-ad-client=\"ca-pub-6203283170189293\" \ndata-ad-slot=\"7303146466\" \ndata-ad-layout=\"in-article\"\ndata-ad-format=\"fluid\" data-full-width-responsive=\"true\"><\/ins>\n<script> \n(adsbygoogle = window.adsbygoogle || []).push({}); \n<\/script>\n<\/div>\n<p><strong>Biz bu yoldan d\u00f6ner isek,<\/strong><\/p>\n<p><strong>Namus bize a\u011f\u0131r olsun!<\/strong><\/p>\n<p>Seni g\u00f6z\u00fcm\u00fczde, bilincimizde ve hat\u0131ram\u0131zda tamamen s\u0131f\u0131rlam\u0131\u015ft\u0131r.<\/p>\n<p>***<\/p>\n<p>\u015eimdi ge\u00e7elim \u201c<strong>\u00c7ok Farkl\u0131y\u0131z<\/strong>\u201d konumuzun \u00f6z\u00fcne.<\/p><div id=\"bghab-3987333594\" class=\"bghab-icerik-icine-20-paragraf bghab-entity-placement\"><script async src=\"\/\/pagead2.googlesyndication.com\/pagead\/js\/adsbygoogle.js?client=ca-pub-6203283170189293\" crossorigin=\"anonymous\"><\/script><ins class=\"adsbygoogle\" style=\"display:block; text-align:center;\" data-ad-client=\"ca-pub-6203283170189293\" \ndata-ad-slot=\"7303146466\" \ndata-ad-layout=\"in-article\"\ndata-ad-format=\"fluid\" data-full-width-responsive=\"true\"><\/ins>\n<script> \n(adsbygoogle = window.adsbygoogle || []).push({}); \n<\/script>\n<\/div>\n<p>Neden \u00e7ok farkl\u0131y\u0131z ve bu farkl\u0131l\u0131\u011f\u0131n derin k\u00f6kleri nereden su al\u0131yor, besleniyor.<\/p>\n<p>De\u011fi\u015fmeyen, bozulmu\u015f, kendisini toparlayamayan ve d\u00fcnyaya ayak uyduramayan nedir?<\/p>\n<p>***<\/p>\n<p>1887 \u2013 1894 y\u0131llar\u0131 aras\u0131nda Bulgaristan Prensli\u011fi Ba\u015fbakan\u0131 olan Stefan Stambolov\u2019un \u201c<strong>Hey Hayat, Beni Unutma!<\/strong>\u201d kitab\u0131nda \u015f\u00f6yle d\u00fc\u015f\u00fcncelere rastlad\u0131m:<\/p>\n<p>&nbsp;<\/p><div id=\"bghab-3319108930\" class=\"bghab-icerik-icine-25-paragraf bghab-entity-placement\"><script async src=\"\/\/pagead2.googlesyndication.com\/pagead\/js\/adsbygoogle.js?client=ca-pub-6203283170189293\" crossorigin=\"anonymous\"><\/script><ins class=\"adsbygoogle\" style=\"display:block; text-align:center;\" data-ad-client=\"ca-pub-6203283170189293\" \ndata-ad-slot=\"7303146466\" \ndata-ad-layout=\"in-article\"\ndata-ad-format=\"fluid\" data-full-width-responsive=\"true\"><\/ins>\n<script> \n(adsbygoogle = window.adsbygoogle || []).push({}); \n<\/script>\n<\/div>\n<p>\u201c<em>Bulgar aristokrasisi 600 y\u0131l \u00f6nce yok edilmi\u015ftir. Halk\u0131m\u0131z, kendi aralar\u0131nda ayn\u0131 haklara sahip olan, t\u00fcrde\u015f diyebilece\u011fim bir sosyal denize d\u00f6n\u00fc\u015ft\u00fcr\u00fclm\u00fc\u015ft\u00fcr. Bulgar\u2019\u0131n \u201c<strong>farkl\u0131<\/strong>\u201d, \u201c<strong>daha y\u00fcksek<\/strong>\u201d, \u201c<strong>daha sayg\u0131n<\/strong>\u201d insanlar <strong>olamayaca\u011f\u0131m<\/strong> d\u00fc\u015f\u00fcncesi daha o zamanlar belirmi\u015ftir. Hak edilmi\u015f nesnel sayg\u0131nl\u0131k da\u011f\u0131t\u0131c\u0131l\u0131\u011f\u0131 yok olunca, bizde sayg\u0131n ki\u015filer yok sendromu olu\u015fmu\u015f ve yay\u0131lm\u0131\u015ft\u0131r. \u0130nsanlar aras\u0131nda ay\u0131r\u0131m yapan, baz\u0131 ki\u015filere ayr\u0131cal\u0131k tan\u0131yan bir g\u00fcc\u00fcn olmas\u0131 asl\u0131nda zararl\u0131d\u0131r. Zararl\u0131d\u0131r, \u00e7\u00fcnk\u00fc herhangi birine \u00f6ncelik tan\u0131nd\u0131\u011f\u0131nda, o bunu \u201c<strong>do\u011fu\u015ftan e\u015fit olanlara<\/strong>\u201d yani bize kar\u015f\u0131 kullan\u0131r<\/em>.\u201d<\/p>\n<p>&nbsp;<\/p>\n<p>Stambolov eserini 1890\u2019larda yazd\u0131. O, 600 y\u0131l \u00f6ncesini anlat\u0131yor. Bir ba\u015fbakan olarak sanki \u201c<strong>suba\u015f\u0131nda durmu\u015f<\/strong>\u201d, Naz\u0131m\u2019\u0131n dedi\u011fi gibi, suyun aynas\u0131n\u0131n derinli\u011finde halk\u0131n\u0131 ar\u0131yor, g\u00f6r\u00fcyor. Zaman, Bizans esareti d\u00f6nemidir. Zengin ve ayd\u0131n Bulgarlar\u0131n kellesi kayd\u0131r\u0131lm\u0131\u015f, i\u015f yol bilmez, sa\u011fl\u0131k bilgisi olmayan, okumas\u0131z, yazmas\u0131z k\u00f6yl\u00fc stat\u00fcs\u00fcnde \u201c<strong>koyun s\u00fcr\u00fcs\u00fc<\/strong>\u201d bir kitle.. . Kitap ilk kez 1993\u2019te bas\u0131ld\u0131. Ke\u015fke bas\u0131lmasayd\u0131. \u00c7\u00fcnk\u00fc bas\u0131l\u0131nca bir \u015fey de\u011fi\u015fmedi. Okuyanlar\u0131n kafas\u0131nda Bulgar Milli Korosu\u2019nda \u00fclkede ya\u015fayan her etnikten solist ve korocu olmas\u0131 gerekti\u011fi fikri ye\u015fermedi. Az\u0131nl\u0131klar milli korodan kovulursa daha iyi s\u00f6yleriz inanc\u0131 g\u00fc\u00e7lendi. Az\u0131nl\u0131klara kar\u015f\u0131 Bizans\u2019\u0131n Bulgar halk\u0131na uygulad\u0131\u011f\u0131 taktik uygulanmaya devam etti, \u00f6nc\u00fcs\u00fcz, zengini olmayan, dervi\u015fsiz, aksakals\u0131z, hocas\u0131z, bilgesiz, zor durumda kap\u0131s\u0131 \u00e7al\u0131nabilecek birilerinin asla olmayaca\u011f\u0131 bir az\u0131nl\u0131klar toplulu\u011fu yani \u201c<strong>koyun s\u00fcr\u00fcs\u00fc<\/strong>\u201d yarat\u0131lma i\u015fi devam etti.<\/p>\n<p>***<\/p>\n<p>\u015eu soruyu sormakta hakl\u0131s\u0131n\u0131z. Stanbolov\u2019un yazd\u0131\u011f\u0131 d\u00f6nem 1200 y\u0131llar\u0131. Daha sonra 500 y\u0131l Osmanl\u0131da beraber ya\u015famad\u0131k m\u0131? Hi\u00e7 mi de\u011fi\u015fmedi bu Bulgar \u0131rk\u0131! Gibi sorular ard arda gelebilir..<\/p><div id=\"bghab-1204850706\" class=\"bghab-icerik-icine-30-paragraf bghab-entity-placement\"><script async src=\"\/\/pagead2.googlesyndication.com\/pagead\/js\/adsbygoogle.js?client=ca-pub-6203283170189293\" crossorigin=\"anonymous\"><\/script><ins class=\"adsbygoogle\" style=\"display:block; text-align:center;\" data-ad-client=\"ca-pub-6203283170189293\" \ndata-ad-slot=\"7303146466\" \ndata-ad-layout=\"in-article\"\ndata-ad-format=\"fluid\" data-full-width-responsive=\"true\"><\/ins>\n<script> \n(adsbygoogle = window.adsbygoogle || []).push({}); \n<\/script>\n<\/div>\n<p>&nbsp;<\/p>\n<p>Bulgarlar kendilerini nas\u0131l anlat\u0131yor? Orta \u00c7a\u011flarda Avrupa\u2019ya yolu d\u00fc\u015fen her boy-soy, kavim bizim buralardan ge\u00e7mi\u015fti. Bulgaristan topra\u011f\u0131ndan Uzlar, Hunlar, Pe\u00e7enekler, Tatarlar, Macarlar\u2026. ge\u00e7ti. Olabilir ya bu nedenle olacak baz\u0131 halk incelemesini konu eden uzmanlar \u201c<strong>Bulanm\u0131\u015f Bulgar kan\u0131<\/strong>\u201d de\u011fimine sapland\u0131lar. Bu damarlarda \u201c<strong>istilac\u0131lar\u0131n genetik belle\u011fi<\/strong>\u201d p\u0131ht\u0131la\u015fm\u0131\u015f dola\u015f\u0131yor. S\u0131rlar kalm\u0131\u015f, manevi izler var bu topraklarda. Ve beklide bu \u201c<strong>kan bulan\u0131kl\u0131\u011f\u0131<\/strong>\u201d ve manevi ve maddi hayatt\u0131n gizemli olmas\u0131d\u0131r, Bulgar topraklar\u0131nda yarat\u0131c\u0131 bir ruhun hakimlik kuramay\u0131\u015f\u0131na neden olan?! Bu sorunun cevab\u0131 Bilmem olmal\u0131\u2026<\/p>\n<p>&nbsp;<\/p>\n<p>\u201c<strong>Bulgarlar Kitab\u0131<\/strong>\u201d\u2019n\u0131n yazar\u0131 olan Pet\u0131r Mutaf\u00e7iev konuya \u015f\u00f6yle yana\u015f\u0131yor: \u201c<strong>Bulgarlar\u0131n hayat boyu ard\u0131nda b\u0131rakt\u0131klar\u0131 bir k\u0131rm\u0131z\u0131 \u00e7izgi var. Ge\u00e7mi\u015ften ders \u00e7\u0131karm\u0131yorlar. Sebatl\u0131 de\u011filler. S\u00fcreklilik g\u00f6stermiyorlar.<\/strong>\u201d<\/p>\n<p>***<\/p><div id=\"bghab-2345635612\" class=\"bghab-icerik-icine-35-paragraf bghab-entity-placement\"><script async src=\"\/\/pagead2.googlesyndication.com\/pagead\/js\/adsbygoogle.js?client=ca-pub-6203283170189293\" crossorigin=\"anonymous\"><\/script><ins class=\"adsbygoogle\" style=\"display:block; text-align:center;\" data-ad-client=\"ca-pub-6203283170189293\" \ndata-ad-slot=\"7303146466\" \ndata-ad-layout=\"in-article\"\ndata-ad-format=\"fluid\" data-full-width-responsive=\"true\"><\/ins>\n<script> \n(adsbygoogle = window.adsbygoogle || []).push({}); \n<\/script>\n<\/div>\n<p>Osmanl\u0131dan ayr\u0131lan Bulgar milletini halk psikolojisi ara\u015ft\u0131rmalar\u0131nda bu i\u015fin \u00fcstad\u0131 olan \u0130van Haciyski iki ciltlik \u201c<strong>Bulgar halk\u0131n\u0131n ya\u015fay\u0131\u015f\u0131 ve maneviyat\u0131<\/strong>\u201d kitab\u0131nda aynen \u015f\u00f6yle diyor:<\/p>\n<p>\u201c<em>Bulgar halk\u0131 hi\u00e7bir zaman derin topluluk i\u00e7in \u015fartlanm\u0131\u015fl\u0131\u011fa kurban olmad\u0131. \u201c<strong>Her kurba\u011fa g\u00f6ldeki yerini bilsin<\/strong>!\u201d sentezi Bulgarlar\u0131n zihninde yer yapamam\u0131\u015ft\u0131r. Osmanl\u0131da Bulgar cemaatlerinin demokratik \u00f6rg\u00fctleni\u015fi ve topluluk i\u00e7indeki \u00f6z y\u00f6netimimiz, yar\u0131 feodal rejimlerin topluluk i\u00e7inde herkesin yerine uygun psikolojiye sahip olmas\u0131n\u0131 sa\u011flayamamas\u0131; Uyan\u0131\u015f D\u00f6neminde kurtulu\u015f hareketlerinin kitleselle\u015fmesi; T\u0131rnovo Anayasas\u0131\u2019n\u0131n demokratik ruhu \u2013 Bulgar halk\u0131n\u0131n demokratik bilincini olu\u015fturan unsurlard\u0131r. Formel olarak bizde herkes e\u011fitimde, zenginle\u015fmede, iktidar elde etmede ve \u015fan \u015f\u00f6hrete kavu\u015fmada doruklara \u00e7\u0131kabilir. <\/em><\/p>\n<p><em>Fakat bu yar\u0131\u015fta kazananlar\u0131n parmakla say\u0131lacak kadar az oldu\u011fundan dolay\u0131,yeni g\u00fcnlerde \u00a0<strong>her \u015fey k\u0131skan\u00e7l\u0131k, nefret ve ba\u015fkas\u0131n\u0131n felaketine sevinme, bayram etme \u015fekli al\u0131yor<\/strong>. Bu y\u00fczden, maddi ya da manevi de\u011ferler elde etmede ba\u015far\u0131s\u0131z olan k\u00fc\u00e7\u00fck \u00f6l\u00e7ekli \u00fcretici <strong>i\u00e7in k\u0131skan\u00e7l\u0131k, cimrilik, egoizm<\/strong> temel nitelik oluyor<\/em>.\u201d<\/p>\n<p>&nbsp;<\/p>\n<p>1944\u2019ten sonra Bulgar devleti bu egoistli\u011fi de\u011fi\u015ftirmek i\u00e7in \u201c<strong>Herkesten imk\u00e2nlar\u0131na g\u00f6re, herkese ihtiya\u00e7lar\u0131na g\u00f6re<\/strong>\u201d slogan\u0131n\u0131 g\u00fcndeme getirdi. Geli\u015fmeler insan ihtiya\u00e7lar\u0131n\u0131n s\u0131n\u0131rs\u0131z, sonsuz ve dipsiz oldu\u011fu g\u00f6r\u00fcnd\u00fc. \u0130nsan gerekleri ne kadar bol doyurulursa o kadar daha fazla ate\u015flenir. Bu ahlak \u00f6l\u00e7\u00fct\u00fc Bulgaristan\u2019da iki defa s\u0131nand\u0131: \u00d6nce sosyalizm daha fazla payla\u015fmak i\u00e7in birikim yapm\u0131\u015ft\u0131. \u0130kinci defa ise 1990\u2019da a\u00e7g\u00f6zl\u00fcl\u00fck ile k\u0131skan\u00e7l\u0131k ahlakla ayarlanan s\u0131n\u0131rlamay\u0131 \u00e7\u00f6kertti. Olaylara bu a\u00e7\u0131dan bak\u0131ld\u0131\u011f\u0131nda Bulgar toplumu ileriye gidece\u011fine geri gitti. Herkesin mutsuz oldu\u011fu ortamda bireyler durumdan memnunum tavr\u0131 tak\u0131nd\u0131. \u00a0Bu ger\u00e7ek \u015fu sentezde ifade bulmu\u015ftur: \u201c<strong>Bireylerin durumu, ne kadar k\u00f6t\u00fc olursa olsun, di\u011ferlerin durumu da k\u00f6t\u00fc oldu\u011fundan dolay\u0131, \u00e7ok k\u00f6t\u00fc say\u0131lmazd\u0131<\/strong>!\u201d<\/p><div id=\"bghab-2708552983\" class=\"bghab-icerik-icine-40-paragraf bghab-entity-placement\"><script async src=\"\/\/pagead2.googlesyndication.com\/pagead\/js\/adsbygoogle.js?client=ca-pub-6203283170189293\" crossorigin=\"anonymous\"><\/script><ins class=\"adsbygoogle\" style=\"display:block; text-align:center;\" data-ad-client=\"ca-pub-6203283170189293\" \ndata-ad-slot=\"7303146466\" \ndata-ad-layout=\"in-article\"\ndata-ad-format=\"fluid\" data-full-width-responsive=\"true\"><\/ins>\n<script> \n(adsbygoogle = window.adsbygoogle || []).push({}); \n<\/script>\n<\/div>\n<p>&nbsp;<\/p>\n<p>Ge\u00e7en y\u00fczy\u0131lda, Bulgar bilincinde hakim olan yarg\u0131 de\u011ferleri aras\u0131nda belirleyici olan: \u201c<strong>hepimiz e\u015fitiz<\/strong>\u201d idi. Bu, hem fa\u015fizm hem de sosyalizm y\u0131llar\u0131nda b\u00f6yleydi. Bu halk\u0131n psikoloji \u201c<strong>hepimiz aram\u0131zda e\u015fitiz<\/strong>\u201d \u00e7izgisi Bulgar halk\u0131n\u0131n ya\u015fay\u0131\u015f\u0131 i\u00e7in ola\u011fan\u00fcst\u00fc \u00f6nem ta\u015f\u0131d\u0131. Toplum genelde demokratik ve sosyal a\u00e7\u0131l\u0131ml\u0131 ideleri kabullenmeye yatk\u0131n oldu\u011fundan, Bulgaristan\u2019da hi\u00e7bir d\u00f6nemde g\u00fc\u00e7l\u00fc muhafazak\u00e2r sa\u011f parti kurulamad\u0131. Bug\u00fcn de yok.<\/p>\n<p>&nbsp;<\/p>\n<p>Osmanl\u0131dan gelen al\u0131\u015fkanl\u0131kla ahilikte ve esnafl\u0131kla e\u015fitlik ve sayg\u0131 ilkeleri yerle\u015fmi\u015fti. 1878\u2019den sonra halk\u0131n ya\u015fay\u0131\u015f\u0131n\u0131 kapitalist ili\u015fkiler, serbest rekabet ve giri\u015fimcilik vb etkilemeye ba\u015flay\u0131nca, eski toplumsal ili\u015fkiler bozuldu. Kom\u015funun yeni ev kald\u0131rmas\u0131, \u00a0bir akraban\u0131n o\u011flunu Paris\u2019te okumas\u0131 vb gibi \u00f6rnekler k\u0131skan\u00e7l\u0131k temellerine su ta\u015f\u0131d\u0131. \u0130nsanlar kom\u015funun, mahallede ba\u015fka birinin ya da bir akraban\u0131n ba\u015far\u0131 s\u0131rr\u0131n\u0131 anlamak istediler. \u00a0Ba\u015far\u0131n\u0131n sebebi giri\u015fimde, ak\u0131lda, at\u0131lganl\u0131kta g\u00f6r\u00fclmedi. Hep h\u0131rs\u0131zl\u0131k, doland\u0131r\u0131c\u0131l\u0131k, ka\u00e7ak\u00e7\u0131l\u0131k gibi \u015f\u00fcphelerle ya\u015fand\u0131. Bu, Bulgar halk psikolojisindeki ba\u015far\u0131l\u0131 olan\u0131 \u201c<strong>reddetme ruhu<\/strong>\u201d ile \u00f6rt\u00fc\u015f\u00fcr. Di\u011ferlerin ba\u015far\u0131lar\u0131 normal kar\u015f\u0131lanmad\u0131. Bulgaristan T\u00fcrklerinden madalyal\u0131 sporcular\u0131n, m\u00fczisyenlerin, ressamlar\u0131n T\u00fcrkiye\u2019ye kovulmas\u0131n\u0131 b\u00f6yle anlatabiliriz. Bulgarlar ba\u015fka etnikten ba\u015far\u0131l\u0131 olan ki\u015fileri aralar\u0131nda g\u00f6rmek istemiyorlar. Ortada a\u015f\u0131lamayan bir egoizm var.<\/p>\n<p>&nbsp;<\/p><div id=\"bghab-3155912377\" class=\"bghab-icerik-icine-45-paragraf bghab-entity-placement\"><script async src=\"\/\/pagead2.googlesyndication.com\/pagead\/js\/adsbygoogle.js?client=ca-pub-6203283170189293\" crossorigin=\"anonymous\"><\/script><ins class=\"adsbygoogle\" style=\"display:block; text-align:center;\" data-ad-client=\"ca-pub-6203283170189293\" \ndata-ad-slot=\"7303146466\" \ndata-ad-layout=\"in-article\"\ndata-ad-format=\"fluid\" data-full-width-responsive=\"true\"><\/ins>\n<script> \n(adsbygoogle = window.adsbygoogle || []).push({}); \n<\/script>\n<\/div>\n<p>Bu noktada biz zengin T\u00fcrklerin topraklar\u0131ndan kovulmas\u0131n\u0131, ba\u011fl\u0131, bah\u00e7eli, kuyulu, \u00e7ardakl\u0131 T\u00fcrk evlerine Bulgarlar\u0131n yerle\u015fmesini ve bu gibi \u00f6rneklerin halk tepkisine neden olmay\u0131\u015f\u0131n\u0131 a\u00e7\u0131klayabiliriz. 1875 Stara Zagora\u00a0 Ayaklanmas\u0131 T\u00fcrkleri topraklar\u0131ndan kovmak i\u00e7in alevlenmi\u015fti.<\/p>\n<p>&nbsp;<\/p>\n<p>Halk psikolojisinde herkesin her zaman e\u015fit olaca\u011f\u0131 inanc\u0131n\u0131n yerle\u015fmi\u015f olmas\u0131 Bulgarlarda \u015fu f\u0131kray\u0131 do\u011furmu\u015ftur: \u201c<strong>Ben sana ne gibi bir iyilikte bulundum ki, sen beni k\u0131skan\u0131yorsun ve benden nefret ediyorsun<\/strong>?\u201d Bulgar halk\u0131n\u0131n ba\u015far\u0131l\u0131 ki\u015filere, zenginlere, okumu\u015flara kar\u015f\u0131 b\u00fcy\u00fck bir nefret besledi\u011fi do\u011frudur ki, Osmanl\u0131dan sonra \u00fclkede kalan zengin T\u00fcrkler birer bire zulme u\u011frat\u0131larak kovulmu\u015ftur. 1990\u2019da sonra kapitalist ili\u015fkilerin dallanmas\u0131yla, bankalar\u0131n \u00f6zelle\u015ftirilmesi sonucu zenginle\u015fen 76 Bulgar sokak ortas\u0131nda, ofisinde, evinde kur\u015funlanarak \u00f6ld\u00fcr\u00fcld\u00fc. Ge\u00e7en ay zengin i\u015f adamlar\u0131ndan biri olan Sofyal\u0131 Banev\u2019\u0131n kona\u011f\u0131 ate\u015fe verildi. 3 kat ev sahibi \u00e7ingenelerin hepsi \u201c<strong>Nereden buldun bu paray\u0131<\/strong>?\u201d maddesinden sorguya \u00e7ekildi. K\u0131rcaalide, Haskovo\u2019da, Deliorman\u2019da zengin T\u00fcrklerin hepsine kar\u015f\u0131 davalar a\u00e7\u0131lm\u0131\u015ft\u0131r. Bu art\u0131k bir devlet politikas\u0131 haline gelmi\u015ftir. 1996\u2019dan sonra Moskova\u2019n\u0131n Bulgaristan\u2019daki oligar\u015fi \u2013egemenlik kurumu olan \u201cMulti Grup\u201d g\u00f6lgesinde palazlanan Hak ve \u00d6zg\u00fcrl\u00fckler Partisi Lideri Do\u011fan ve \u00d6rg\u00fct Sekreteri Dal 2. 500 ayd\u0131n\u0131m\u0131z\u0131n kovu\u015fturulmas\u0131 ve evinden bark\u0131ndan kovulmas\u0131n\u0131n ard\u0131nda duran ve bu al\u00e7akl\u0131kta devlet imk\u00e2nlar\u0131ndan yararlanan tiplerdir. Bask\u0131 g\u00f6ren ayd\u0131nlar\u0131n say\u0131s\u0131 10 bin \u00a0ki\u015fiden fazlad\u0131r.<\/p>\n<p>&nbsp;<\/p>\n<p>Genelle\u015ftirildi\u011finde, Bulgaristan\u2019da zengin olmak zordur. Bu toprak zenginleri sevmez. Bulgaristan\u2019da hayata g\u00f6zlerini kapam\u0131\u015f ve huzur i\u00e7inde topra\u011fa verilmi\u015f zengin birini tan\u0131m\u0131yorum. Zenginli\u011fin ard\u0131nda bir yasa-d\u0131\u015f\u0131l\u0131k ve dalavere oldu\u011funa inan\u0131l\u0131r. Bu de\u011fi\u015fmeyen bir karakter \u00e7izgisidir. Buradan \u00e7\u0131karak \u201c<strong>\u00f6zelciye<\/strong>\u201d kar\u015f\u0131 da bir nefretcik oldu\u011fu s\u00f6ylenir. 1989\u2019dan sonra bunu anlamak kolayla\u015ft\u0131. \u0130yi ya\u015fayanlar\u0131n hepsinin ba\u015fkas\u0131n\u0131n mal\u0131na m\u00fclk\u00fcne konmu\u015f olduklar\u0131 ortaya \u00e7\u0131kt\u0131. 1944\u2019ten \u00f6nce bunu kavramak zordu. Bulgarlar\u0131n tasavvurunda \u201c<strong>kazan\u00e7<\/strong>\u201c bir \u015feytan i\u015fidir ve <strong>\u00f6z\u00fcnde y\u0131k\u0131c\u0131 bir g\u00fc\u00e7 gizler<\/strong>.<\/p><div id=\"bghab-3910766086\" class=\"bghab-icerik-icine-50-paragraf bghab-entity-placement\"><script async src=\"\/\/pagead2.googlesyndication.com\/pagead\/js\/adsbygoogle.js?client=ca-pub-6203283170189293\" crossorigin=\"anonymous\"><\/script><ins class=\"adsbygoogle\" style=\"display:block; text-align:center;\" data-ad-client=\"ca-pub-6203283170189293\" \ndata-ad-slot=\"7303146466\" \ndata-ad-layout=\"in-article\"\ndata-ad-format=\"fluid\" data-full-width-responsive=\"true\"><\/ins>\n<script> \n(adsbygoogle = window.adsbygoogle || []).push({}); \n<\/script>\n<\/div>\n<p>&nbsp;<\/p>\n<p>Ba\u015farabilen bireyin k\u0131skan\u0131lmas\u0131 ve \u00f6zellikle de ba\u015far\u0131l\u0131 olan bir etnik halk toplulu\u011funa kar\u015f\u0131 manevi alanda da egoist yakla\u015f\u0131m\u0131 1950\u2019lerin kinci yar\u0131s\u0131ndan 1985\u2019e kadar ya\u015fad\u0131k. 1950\u2019lerde Bulgaristan T\u00fcrk halk k\u00fclt\u00fcr\u00fcn\u00fcn \u015fahlanmas\u0131, okullar\u0131m\u0131z\u0131n ar\u0131 kovan\u0131 gibi \u00e7al\u0131\u015fmas\u0131, radyo, gazete, dergilerimiz olmas\u0131, tiyatrolar\u0131m\u0131z\u0131 kurmam\u0131z ve \u00f6zenci halk sanat\u0131n\u0131n k\u00f6ylerde ve mahallelerde ye\u015fermesi Bulgar\u2019\u0131n kafas\u0131na \u201c<strong>\u015feytanl\u0131klar<\/strong>\u201d doldurdu ve biz bu \u00e7ileyi bug\u00fcn de \u00e7ekiyoruz. Hakim olan sentez \u015fuydu: \u201c<strong>Bende olmamas\u0131 \u00f6nemli de\u011fil, \u00f6nemli olan T\u00fcrklerde hi\u00e7bir \u015fey olmamas\u0131d\u0131r<\/strong>.\u201d Hayat sanki 1\u00a0200\u2019lere d\u00f6nm\u00fc\u015ft\u00fc. Bu defa balyoz T\u00fcrkleri ezdi. Son 26 y\u0131lda H\u00d6H liderli\u011finin \u201c<strong>Do\u011fan Doktrini<\/strong>\u201d \u00a0ve \u201c<strong>Bulgar Etnik Model<\/strong>i\u201d geli\u015ftirerek M\u00fcsl\u00fcman T\u00fcrk halk\u0131n\u0131n kar\u015f\u0131s\u0131nda manevi hayat\u0131 yok edici bir siyasi konum almas\u0131 \u00e7ok ac\u0131 sonu\u00e7lar do\u011furdu.<\/p>\n<p>&nbsp;<\/p>\n<p>\u015eu Bulgar atas\u00f6z\u00fc bir rastlant\u0131 sonucu say\u0131lamaz: \u201c<strong>Bir arkada\u015f\u0131na para verirsen onu kaybedersin<\/strong>.\u201d Buna kar\u015f\u0131l\u0131k olarak T\u00fcrkler de \u201c<strong>Bulgar\u2019dan para al\u0131nmaz ve onlara para verilmez<\/strong>\u201d sentezine kilitlendiler. Burada \u015funu belirtmemiz yerinde olur. Bulgar toplumu yetenekli ki\u015filerden \u015fahsiyetler yeti\u015fmesini \u00f6zendirmedi\u011finden dolay\u0131 toplum ba\u015ftan bala k\u0131skan\u00e7, cimri, egoist ruhlu s\u0131radanl\u0131kla dolmu\u015ftur. \u015eimdi Bat\u0131 \u00dcniversitelerinde yeti\u015ftirilen kadrolar B\u00fcy\u00fck \u015eirketlerin himayesi alt\u0131nda geri d\u00f6n\u00fcyorlar. Bu olmadan ak\u0131llar\u0131n birine hayat garantisi yok.<\/p>\n<p>&nbsp;<\/p><div id=\"bghab-1860950056\" class=\"bghab-icerik-icine-55-paragraf bghab-entity-placement\"><script async src=\"\/\/pagead2.googlesyndication.com\/pagead\/js\/adsbygoogle.js?client=ca-pub-6203283170189293\" crossorigin=\"anonymous\"><\/script><ins class=\"adsbygoogle\" style=\"display:block; text-align:center;\" data-ad-client=\"ca-pub-6203283170189293\" \ndata-ad-slot=\"7303146466\" \ndata-ad-layout=\"in-article\"\ndata-ad-format=\"fluid\" data-full-width-responsive=\"true\"><\/ins>\n<script> \n(adsbygoogle = window.adsbygoogle || []).push({}); \n<\/script>\n<\/div>\n<p>Bulgar karakterinin as\u0131rlar i\u00e7inde kaydetti\u011fi geli\u015fmelerin ard\u0131nda kalan k\u0131rm\u0131z\u0131 \u00e7izgi budur. \u00dclkenin Osmanl\u0131dan kopmas\u0131ndan 138 y\u0131l ge\u00e7mi\u015f olmas\u0131na ra\u011fmen bug\u00fcnk\u00fc Ba\u015fbakan Boyko Borisov\u2019un k\u0131skan\u00e7l\u0131k f\u0131\u00e7\u0131s\u0131nda ba\u015ftan a\u015fa\u011f\u0131 k\u00f6p\u00fcrm\u00fc\u015f bu insan toplulu\u011funa, her zaman d\u00fc\u015fman bilinen T\u00fcrkiye konusunda \u201c<strong>Her ne pahas\u0131na olursa olsun T\u00fcrkiye ile en iyi ili\u015fkiler geli\u015ftirmek zorunday\u0131z<\/strong>\u201d demesinin nedem oldu\u011fu yeni i\u00e7sel k\u00fckremeyi yeni yaz\u0131mda anlataca\u011f\u0131m.<\/p>\n<p>Sa\u011fl\u0131cakla kal\u0131n\u0131z.<\/p>\n<p>En iyi g\u00fcnler sizin olsun.<\/p>\n<div id=\"bghab-1273134232\" class=\"bghab-yazi-altinda bghab-entity-placement\"><div class=\"bghab-adlabel\">Reklamlar<\/div><script async src=\"https:\/\/pagead2.googlesyndication.com\/pagead\/js\/adsbygoogle.js\"><\/script>\r\n<!-- bghaber-yaz\u0131-sonu -->\r\n<ins class=\"adsbygoogle\"\r\n     style=\"display:block\"\r\n     data-ad-client=\"ca-pub-6203283170189293\"\r\n     data-ad-slot=\"4222328180\"\r\n     data-ad-format=\"auto\"\r\n     data-full-width-responsive=\"true\"><\/ins>\r\n<script>\r\n     (adsbygoogle = window.adsbygoogle || []).push({});\r\n<\/script><\/div><br style=\"clear: both; display: block; float: none;\"\/>","protected":false},"excerpt":{"rendered":"<p>\u015eakir ARSLANTA\u015e Konu: Kendimizi kendi ge\u00e7mi\u015fimizde aramal\u0131y\u0131z, ba\u015fka bir yerde de\u011fil. B\u00fcy\u00fck Atat\u00fcrk\u2019\u00fcn 5 bin kitap okudu\u011funu okudu\u011fumda \u00e7ok gururlanm\u0131\u015ft\u0131m. Toplumun okumu\u015f, bilgili, kemale gelmi\u015f,<\/p>\n","protected":false},"author":13,"featured_media":12415,"comment_status":"closed","ping_status":"closed","sticky":false,"template":"","format":"standard","meta":{"advanced_seo_description":"","jetpack_seo_html_title":"","jetpack_seo_noindex":false,"_jetpack_memberships_contains_paid_content":false,"footnotes":""},"categories":[6],"tags":[],"class_list":["post-20110","post","type-post","status-publish","format-standard","has-post-thumbnail","hentry","category-yorum"],"jetpack_featured_media_url":"https:\/\/i0.wp.com\/www.bghaber.org\/bghaber\/wp-content\/uploads\/2014\/12\/sakir-arslantas.jpg?fit=130%2C168&ssl=1","jetpack_sharing_enabled":true,"jetpack_likes_enabled":true,"jetpack-related-posts":[],"jetpack_shortlink":"https:\/\/wp.me\/pc2PfJ-5em","_links":{"self":[{"href":"https:\/\/www.bghaber.org\/bghaber\/wp-json\/wp\/v2\/posts\/20110","targetHints":{"allow":["GET"]}}],"collection":[{"href":"https:\/\/www.bghaber.org\/bghaber\/wp-json\/wp\/v2\/posts"}],"about":[{"href":"https:\/\/www.bghaber.org\/bghaber\/wp-json\/wp\/v2\/types\/post"}],"author":[{"embeddable":true,"href":"https:\/\/www.bghaber.org\/bghaber\/wp-json\/wp\/v2\/users\/13"}],"replies":[{"embeddable":true,"href":"https:\/\/www.bghaber.org\/bghaber\/wp-json\/wp\/v2\/comments?post=20110"}],"version-history":[{"count":0,"href":"https:\/\/www.bghaber.org\/bghaber\/wp-json\/wp\/v2\/posts\/20110\/revisions"}],"wp:featuredmedia":[{"embeddable":true,"href":"https:\/\/www.bghaber.org\/bghaber\/wp-json\/wp\/v2\/media\/12415"}],"wp:attachment":[{"href":"https:\/\/www.bghaber.org\/bghaber\/wp-json\/wp\/v2\/media?parent=20110"}],"wp:term":[{"taxonomy":"category","embeddable":true,"href":"https:\/\/www.bghaber.org\/bghaber\/wp-json\/wp\/v2\/categories?post=20110"},{"taxonomy":"post_tag","embeddable":true,"href":"https:\/\/www.bghaber.org\/bghaber\/wp-json\/wp\/v2\/tags?post=20110"}],"curies":[{"name":"wp","href":"https:\/\/api.w.org\/{rel}","templated":true}]}}