{"id":20108,"date":"2016-08-15T22:42:45","date_gmt":"2016-08-15T19:42:45","guid":{"rendered":"http:\/\/www.bghaber.org\/bghaber\/?p=20108"},"modified":"2016-08-15T22:42:45","modified_gmt":"2016-08-15T19:42:45","slug":"basimiza-gelecek-varmis","status":"publish","type":"post","link":"https:\/\/www.bghaber.org\/bghaber\/basimiza-gelecek-varmis\/","title":{"rendered":"\u00a0Ba\u015f\u0131m\u0131za Gelecek Varm\u0131\u015f"},"content":{"rendered":"<p><img data-recalc-dims=\"1\" loading=\"lazy\" decoding=\"async\" class=\"\" src=\"https:\/\/i0.wp.com\/www.bghaber.org\/bghaber\/wp-content\/uploads\/2014\/11\/Musa.jpg?resize=154%2C197\" alt=\"Musa\" width=\"154\" height=\"197\" \/>\u00a0<strong>Musa VATANSEVER<\/strong><\/p>\n<p>Konu: <strong>Hainli\u011fin milleti ve s\u0131n\u0131r\u0131 yoktur.<\/strong><\/p>\n<p><strong>Mal m\u00fclk elden \u00e7\u0131kabilir, sa\u011fl\u0131k da feda edilebilir,<\/strong><\/p>\n<p><strong>Hayat da kurban edilebilir, onur da ayakalt\u0131na al\u0131nabilir,<\/strong><\/p>\n<p><strong>Kad\u0131n, k\u0131z karde\u015f, karde\u015f ve \u00e7ocuklar hesaba girmeyebilir,<\/strong><\/p><div id=\"bghab-2749909585\" class=\"bghab-icerik-icine bghab-entity-placement\"><script async src=\"\/\/pagead2.googlesyndication.com\/pagead\/js\/adsbygoogle.js?client=ca-pub-6203283170189293\" crossorigin=\"anonymous\"><\/script><ins class=\"adsbygoogle\" style=\"display:block; text-align:center;\" data-ad-client=\"ca-pub-6203283170189293\" \ndata-ad-slot=\"7303146466\" \ndata-ad-layout=\"in-article\"\ndata-ad-format=\"fluid\" data-full-width-responsive=\"true\"><\/ins>\n<script> \n(adsbygoogle = window.adsbygoogle || []).push({}); \n<\/script>\n<\/div>\n<p><strong>Evet, \u015fu yery\u00fcz\u00fcn\u00fcn \u00fczerinde olan her \u015fey elden \u00e7\u0131kabilir,<\/strong><\/p>\n<p><strong>Bunlar\u0131n t\u00fcm\u00fc g\u00f6klere de bah\u015fedilebilir,<\/strong><\/p>\n<p><strong>\u00d6l\u00fcms\u00fcz ruh ve ebedi mutluluk da helal edilebilir,<\/strong><\/p>\n<p><strong>Fakat iktidar o\u011flum, yaln\u0131z iktidar kimseye verilmez!<\/strong><\/p>\n<p>&nbsp;<\/p><div id=\"bghab-1413833797\" class=\"bghab-icerik-icine-10-paragraf bghab-entity-placement\"><script async src=\"\/\/pagead2.googlesyndication.com\/pagead\/js\/adsbygoogle.js?client=ca-pub-6203283170189293\" crossorigin=\"anonymous\"><\/script><ins class=\"adsbygoogle\" style=\"display:block; text-align:center;\" data-ad-client=\"ca-pub-6203283170189293\" \ndata-ad-slot=\"7303146466\" \ndata-ad-layout=\"in-article\"\ndata-ad-format=\"fluid\" data-full-width-responsive=\"true\"><\/ins>\n<script> \n(adsbygoogle = window.adsbygoogle || []).push({}); \n<\/script>\n<\/div>\n<p>Bu sat\u0131rlar\u0131n ger\u00e7ek anlam\u0131nda olansa, iktidara el att\u0131\u011f\u0131 andan ba\u015flayarak, ahlaks\u0131zl\u0131\u011f\u0131ndan \u00f6d\u00fcn veren her bir ki\u015finin \u00f6mr\u00fcn\u00fcn sonuna kadar, tutunacak hi\u00e7bir dal bulamadan ve tamamen \u00e7aresiz katran kazan\u0131nda kaynayaca\u011f\u0131na bir i\u015farettir.<\/p>\n<p>&nbsp;<\/p>\n<p>\u00d6z\u00fcnde ve mayas\u0131nda hainlik olan Bulgar siyasi hayat\u0131 her zaman ac\u0131mas\u0131z ve sayg\u0131s\u0131z olmu\u015ftur. Hain, h\u0131yanet eden kimsedir. Ba\u015fkalar\u0131na zarar vermekten, onlar\u0131 \u00fczen veya k\u00f6t\u00fcl\u00fck eden kimsedir. Halk dilimizde \u201c<strong>ne hain adam<\/strong>\u201d olarak ge\u00e7er. Biz Bulgaristan T\u00fcrkleri Hak ve \u00d6zg\u00fcrl\u00fck davam\u0131z\u0131 ele veren Ahmet Do\u011fan\u2019a hain dedik. O, totalitarizme kar\u015f\u0131 m\u00fccadelemizde galip gelmemizden yararland\u0131 ve hainlik yapt\u0131. Dava arkada\u015flar\u0131m\u0131z\u0131 ele verdi. B\u00fcy\u00fck G\u00f6\u00e7ten, 10 bin T\u00fcrk ayd\u0131n\u0131n\u0131n vatan\u0131m\u0131zdan kovulmas\u0131ndan, Hak ve \u00d6zg\u00fcrl\u00fck Partisi i\u00e7inde daha 1990\u2019da ba\u015flayan k\u0131y\u0131mdan sorumludur. Halk\u0131m\u0131z k\u00f6t\u00fc bir niyet ta\u015f\u0131yana da \u201c<strong>hain<\/strong>\u201d diye hitap eder.<\/p>\n<p>***<\/p>\n<p><strong>Hainli\u011fi \u00f6z\u00fc olan k\u00f6t\u00fcl\u00fck etmek Bulgaristan\u2019da \u00e7ok yayg\u0131nd\u0131r. \u201cHainler ordusu\u201d \u2013 <\/strong>Bulgarcada bir de\u011fimdir.<\/p><div id=\"bghab-2322218857\" class=\"bghab-icerik-icine-15-paragraf bghab-entity-placement\"><script async src=\"\/\/pagead2.googlesyndication.com\/pagead\/js\/adsbygoogle.js?client=ca-pub-6203283170189293\" crossorigin=\"anonymous\"><\/script><ins class=\"adsbygoogle\" style=\"display:block; text-align:center;\" data-ad-client=\"ca-pub-6203283170189293\" \ndata-ad-slot=\"7303146466\" \ndata-ad-layout=\"in-article\"\ndata-ad-format=\"fluid\" data-full-width-responsive=\"true\"><\/ins>\n<script> \n(adsbygoogle = window.adsbygoogle || []).push({}); \n<\/script>\n<\/div>\n<p>&nbsp;<\/p>\n<p>Bulgar siyasi liderlerinden bir\u00e7o\u011funun \u00f6l\u00fcm\u00fc hainlik sonucu evinde, yata\u011f\u0131nda olmam\u0131\u015ft\u0131r. Osmanl\u0131dan ayr\u0131lan Bulgar Prensli\u011fini Rusya \u00c7arl\u0131\u011f\u0131ndan da kopar\u0131p Bat\u0131 tipi bir yeni devlet kurmak isteyen Ba\u015fbakan Stefan Stanbolov 1895\u2019in 6 Temmuz g\u00fcn\u00fc sokakta kafas\u0131 sat\u0131rla yar\u0131larak \u00f6ld\u00fcr\u00fclm\u00fc\u015ft\u00fcr.<\/p>\n<p>Bulgar Liberal Partisi lideri, Ba\u015fbakan Dimit\u0131r Petkov 1907 y\u0131l\u0131n\u0131n 27 \u015eubat g\u00fcn\u00fc kur\u015funlanarak \u00f6ld\u00fcr\u00fclm\u00fc\u015ft\u00fcr.<\/p>\n<p>Ondan sonra, ayn\u0131 partinin liderli\u011fini \u00fcstlenen Nikola Genadiev\u2019in hayat\u0131na 1923\u2019\u00fcn 30 Ekim g\u00fcn\u00fc kastedildi.<\/p>\n<p>Dimit\u0131r Perkov\u2019un o\u011flu tan\u0131nm\u0131\u015f \u00e7ift\u00e7i \u00f6nderlerinden Petko D. Petkov da 1924\u2019\u00fcn 14 Haziran g\u00fcn\u00fc \u00f6ld\u00fcr\u00fcld\u00fc, di\u011fer o\u011flu Nikola Petkov ise 1947\u2019inin 23 Eyl\u00fcl g\u00fcn\u00fc dara\u011fac\u0131na \u00e7ekildi.<\/p><div id=\"bghab-3967523260\" class=\"bghab-icerik-icine-20-paragraf bghab-entity-placement\"><script async src=\"\/\/pagead2.googlesyndication.com\/pagead\/js\/adsbygoogle.js?client=ca-pub-6203283170189293\" crossorigin=\"anonymous\"><\/script><ins class=\"adsbygoogle\" style=\"display:block; text-align:center;\" data-ad-client=\"ca-pub-6203283170189293\" \ndata-ad-slot=\"7303146466\" \ndata-ad-layout=\"in-article\"\ndata-ad-format=\"fluid\" data-full-width-responsive=\"true\"><\/ins>\n<script> \n(adsbygoogle = window.adsbygoogle || []).push({}); \n<\/script>\n<\/div>\n<p>Bulgar Halk \u00c7ift\u00e7i Birli\u011fi Ba\u015fkan\u0131, Ba\u015fbakan Aleksand\u0131r Stanboliyski 1923 Nisan\u0131nda pusuya d\u00fc\u015f\u00fcr\u00fcld\u00fc ve kur\u015funland\u0131.<\/p>\n<p>Bulgar \u00c7ar\u0131 III. Boris Adolf Hitler taraf\u0131ndan 1942\u2019de zehirlendi.<\/p>\n<p>BSP\u2019li Ba\u015fbakan Andrey Lukanov 1996 \u2018da evinin \u00f6n\u00fcnde kur\u015funland\u0131.<\/p>\n<p>1990\u2019dan sonra ki\u015fisel \u00e7\u0131karlar, bir anda zenginle\u015fmek isteyenlerin hainli\u011fi 100\u2019den fazla ayd\u0131n\u0131, i\u015f adam\u0131 ve siyaset\u00e7iyi son yolculu\u011funa u\u011furlad\u0131. Aralar\u0131nda T\u00fcrkler de var. \u0130\u015flenen hainlikte devlet g\u00fcc\u00fc kullan\u0131ld\u0131.<\/p>\n<p>***<\/p><div id=\"bghab-2612125815\" class=\"bghab-icerik-icine-25-paragraf bghab-entity-placement\"><script async src=\"\/\/pagead2.googlesyndication.com\/pagead\/js\/adsbygoogle.js?client=ca-pub-6203283170189293\" crossorigin=\"anonymous\"><\/script><ins class=\"adsbygoogle\" style=\"display:block; text-align:center;\" data-ad-client=\"ca-pub-6203283170189293\" \ndata-ad-slot=\"7303146466\" \ndata-ad-layout=\"in-article\"\ndata-ad-format=\"fluid\" data-full-width-responsive=\"true\"><\/ins>\n<script> \n(adsbygoogle = window.adsbygoogle || []).push({}); \n<\/script>\n<\/div>\n<p>&nbsp;<\/p>\n<p>Bulgarlar\u0131n kendilerine g\u00f6re, tarihlerindeki i\u015flenmi\u015f en b\u00fcy\u00fck hainlik komitac\u0131 ve Osmanl\u0131dan kopma ideolojisinin babas\u0131 Vasil Levski\u2019nin ele verilmesi, tutukland\u0131ktan sonra kurtar\u0131lmamas\u0131 ve \u00f6l\u00fcm\u00fcne seyirci kal\u0131nmas\u0131d\u0131r. Olay 1872\u2019de olmu\u015ftur. <strong>Levski Papaz Kr\u0131st\u00fc taraf\u0131ndan ele verilmi\u015ftir<\/strong>. Bulgar milli imaj\u0131n\u0131n olu\u015fturulmas\u0131nda V. Levki\u2019nin kimli\u011fi ola\u011fan\u00fcst\u00fc b\u00fcy\u00fck rol oynad\u0131\u011f\u0131ndan, onun bir papaz taraf\u0131ndan Osmanl\u0131 zaptiyelerine ihbar edilmi\u015f olmas\u0131, milli gurur ve ruhta kapanmaz bir yara a\u00e7m\u0131\u015ft\u0131r.<\/p>\n<p>&nbsp;<\/p>\n<p>Ayn\u0131 olaya yerli M\u00fcsl\u00fcman\/T\u00fcrkler a\u00e7\u0131s\u0131ndan bakt\u0131\u011f\u0131m\u0131zda, Levski\u2019yi ele verenin T\u00fcrkler olmamas\u0131, asl\u0131nda Bulgaristanl\u0131 T\u00fcrkler hi\u00e7bir Bulgar komitac\u0131y\u0131 ele vermemi\u015flerdir. Bu duruma \u00e7ok y\u00f6nl\u00fc yorum getirilebilir. Birle\u015ftirici olan T\u00fcrklerin ho\u015fg\u00f6r\u00fcl\u00fc davran\u0131\u015f\u0131d\u0131r. \u201cSu <strong>akar yolunu bulur<\/strong>\u201d ya da \u201c<strong>Olacak olan olur<\/strong>!\u201d mant\u0131\u011f\u0131d\u0131r. \u00c7ocuklu\u011fumda bir\u00e7ok kez i\u015fitmi\u015fimdir: Ya\u015fl\u0131lar eski olaylar\u0131 indirip bindirirken, \u201c<strong>Levski\u2019yi ele veren papazd\u0131r. Mahkemesini g\u00f6ren hakim Bulgard\u0131r. Botev\u2019in aln\u0131na kur\u015fun s\u0131kan da Bulgar\u2019d\u0131r<\/strong>!\u201d \u2013 <strong>Bu i\u015flerde \u015f\u00fck\u00fcr elimize kan bula\u015fmad\u0131. \u201c D<\/strong>ediklerini bug\u00fcnk\u00fc gibi hat\u0131rl\u0131yorum.<\/p>\n<p>Bir milletin ulusal imaj\u0131n\u0131n belirlenmesinde hainlikler olmas\u0131, \u00e7ok olumsuz bir olayd\u0131r ve son dura\u011f\u0131 \u201c<strong>Bu halk haindir<\/strong>!\u201d kap\u0131s\u0131n\u0131 \u00e7alar.<\/p><div id=\"bghab-1297179532\" class=\"bghab-icerik-icine-30-paragraf bghab-entity-placement\"><script async src=\"\/\/pagead2.googlesyndication.com\/pagead\/js\/adsbygoogle.js?client=ca-pub-6203283170189293\" crossorigin=\"anonymous\"><\/script><ins class=\"adsbygoogle\" style=\"display:block; text-align:center;\" data-ad-client=\"ca-pub-6203283170189293\" \ndata-ad-slot=\"7303146466\" \ndata-ad-layout=\"in-article\"\ndata-ad-format=\"fluid\" data-full-width-responsive=\"true\"><\/ins>\n<script> \n(adsbygoogle = window.adsbygoogle || []).push({}); \n<\/script>\n<\/div>\n<p>***<\/p>\n<p>Levski\u2019nin ele verilmesi ve tutuklanmas\u0131 asl\u0131nda \u00e7ok b\u00fcy\u00fck bir siyasi olay\u0131n somut yans\u0131mas\u0131d\u0131r. <strong>Levski, Bulgar, T\u00fcrk, Yahudi, Ermeni ve di\u011fer etniklerin karde\u015f\u00e7e beraberlik i\u00e7inde ya\u015fayacaklar\u0131 bir demokratik Cumhuriyet hayal etmi\u015fti<\/strong>. S\u00f6zleri, yaz\u0131lar\u0131, komitac\u0131 program\u0131 bu do\u011frultudad\u0131r. Osmanl\u0131dan bir milli Bulgar ihtilaliyle ayr\u0131lmak ve ba\u011f\u0131ms\u0131z ve demokratik bir cumhuriyet istiyordu. Ona k\u0131yan <strong>Papaz Kr\u0131st\u00f6 ise, Rusofildi<\/strong>. Yani Osmanl\u0131dan ayr\u0131lan Bulgar halk\u0131n\u0131n Rusya\u2019ya ba\u011flanmas\u0131n\u0131 ve \u00c7ar II. Aleksand\u0131r\u2019\u0131n \u00e7izmesi alt\u0131nda ezilmesini istiyordu. \u0130\u015fte bu noktada, <strong>bu ihanet ve hainlik siyasidir<\/strong>. Burada, ihanet, <strong>papaz\u0131n Bulgar milli kurtulu\u015f davas\u0131na ihaneti<\/strong>, hainlik de <strong>komitac\u0131lar ba\u015f\u0131n\u0131 zab\u0131taya ispiyonlamas\u0131 <\/strong>olarak anla\u015f\u0131lmal\u0131d\u0131r. Olay\u0131n yakla\u015f\u0131k bir bu\u00e7uk as\u0131rl\u0131k ge\u00e7mi\u015fi olsa da, \u00f6nemi bug\u00fcn de her zamankinden daha g\u00fcncel (akt\u00fcel) niteliktedir. \u00c7\u00fcnk\u00fc Levski\u2019nin hayal etti\u011fi s\u00f6z\u00fcn tam anlam\u0131yla <strong>ba\u011f\u0131ms\u0131z Bulgar milli devletinin<\/strong> ger\u00e7ekle\u015fme s\u00fcreci bug\u00fcn de tamamlanmam\u0131\u015f, 1878\u2019de Osmanl\u0131, Rusya ve Bat\u0131 etki alan\u0131n\u0131n d\u00fc\u011f\u00fcmlendi\u011fi noktada bulunan Balkan \u00fclkesi Bulgaristan, bug\u00fcn de ayn\u0131 \u00fc\u00e7 g\u00f6lgenin kesi\u015fti\u011fi yerdedir. 1878\u2019den 1945\u2019e kadar g\u00f6lge koyulu\u011funu Bat\u0131 (\u00c7arl\u0131k d\u00f6nemi) belirlerken, 1945\u2019ten 1990\u2019a kadar (sosyalist d\u00f6nem) Moskova belirlemi\u015f, 2004\u2019te T\u00fcrkiye\u2019nin yard\u0131mlar\u0131yla NATO\u2019ya kat\u0131lan ve 2007\u2019de Avrupa Birli\u011fi\u2019ne (AB) \u00fcye al\u0131nan \u00fclke halen tamamen iki arada kalm\u0131\u015ft\u0131r.<\/p>\n<p>&nbsp;<\/p>\n<p>Olaya Ba\u015fbakan\u0131 Boyko Borisov\u2019un bu ay i\u00e7inde T.C.\u2019ye yapaca\u011f\u0131 iki ziyaret a\u00e7\u0131s\u0131ndan ve son demecinde \u201c<strong>Ne pahas\u0131na olursa olsun biz T\u00fcrkiye ile en iyi ili\u015fkiler geli\u015ftirmek zorunday\u0131z<\/strong>\u201d s\u00f6zlerinden \u00e7\u0131karak bakt\u0131\u011f\u0131m\u0131zda, bir as\u0131r sonra Bulgaristan \u00fczerindeki Bat\u0131 ve Rus g\u00f6lgesinin alacaland\u0131\u011f\u0131n\u0131 ve T\u00fcrkiye g\u00f6lgesinin (himayesinin) arand\u0131\u011f\u0131na tan\u0131k oluyoruz.<\/p>\n<p>&nbsp;<\/p><div id=\"bghab-944273112\" class=\"bghab-icerik-icine-35-paragraf bghab-entity-placement\"><script async src=\"\/\/pagead2.googlesyndication.com\/pagead\/js\/adsbygoogle.js?client=ca-pub-6203283170189293\" crossorigin=\"anonymous\"><\/script><ins class=\"adsbygoogle\" style=\"display:block; text-align:center;\" data-ad-client=\"ca-pub-6203283170189293\" \ndata-ad-slot=\"7303146466\" \ndata-ad-layout=\"in-article\"\ndata-ad-format=\"fluid\" data-full-width-responsive=\"true\"><\/ins>\n<script> \n(adsbygoogle = window.adsbygoogle || []).push({}); \n<\/script>\n<\/div>\n<p>Biz Bulgaristan M\u00fcsl\u00fcman\/T\u00fcrk ayd\u0131nlar\u0131, Papaz Krist\u00f6 gibi Ruslara ajanl\u0131k yapan ve 17 Aral\u0131k 2015\u2019te \u201c<strong>Bulgar milli menfaatlerine yeni bir tan\u0131mlama yapmaya \u00e7al\u0131\u015farak<\/strong>\u201d ve yine ayn\u0131 o hain papaz gibi, M\u00fcsl\u00fcmanlar\u0131m\u0131z\u0131 Rusya \u00e7izmesi alt\u0131na itmeye \u00e7al\u0131\u015farak hainlik yapmas\u0131n\u0131 lanetledik. Bug\u00fcn de k\u0131n\u0131yoruz.<\/p>\n<p>&nbsp;<\/p>\n<p>Bulgar\u2019da \u015f\u00f6yle bir laf vard\u0131r: \u201c<strong>\u00dc\u00e7 Bulgar bir araya gelse, birisi hain \u00e7\u0131kar, fakat T\u00fcrkler\u2019den hain \u00e7\u0131kmaz!<\/strong>\u201d derler. Bir\u00e7ok defa yazd\u0131k. Bulgaristan T\u00fcrkleri s\u00f6z\u00fcn\u00fcn eri insanlard\u0131r. Yerden g\u00f6\u011fe kadar \u015fereflidirler. Bu bak\u0131ma biz Ahmet Do\u011fan\u2019\u0131 T\u00fcrk ve M\u00fcsl\u00fcman olarak kabul etmiyoruz. T\u00fcrk ismi ta\u015f\u0131mas\u0131 bir tesad\u00fcft\u00fcr. Ruhunda, bedeninde ve beyin genlerinde T\u00fcrkl\u00fckten tek h\u00fccre esintisi bile yoktur. Hak ve \u00d6zg\u00fcrl\u00fck davam\u0131za ihanet etmesinin bedelini mutlaka \u00f6deyecek, \u015fimdi sakland\u0131\u011f\u0131 saraylardan FET\u00d6 hainlerinin inlerinden \u00e7\u0131kar\u0131ld\u0131\u011f\u0131 gibi \u00e7\u0131kar\u0131lacak ve son s\u00f6z\u00fc Bulgaristanl\u0131 T\u00fcrklerin adaleti s\u00f6yleyecektir. O g\u00fcn \u00e7ok yak\u0131nd\u0131r.<\/p>\n<p>&nbsp;<\/p>\n<p>Biz 21. y\u00fczy\u0131l Bulgarlar\u0131n\u0131n karakterini okurken, onlar\u0131n en milliyet\u00e7i olanlar\u0131n\u0131n eserlerini kar\u0131\u015ft\u0131rd\u0131\u011f\u0131m\u0131zda \u015fu de\u011fimler kullan\u0131lmadan c\u00fcmle kurulamad\u0131\u011f\u0131na \u015fahit oluyoruz. Bulgar halk\u0131n\u0131n kendi kendini kahreden siyasi mekanizmas\u0131, Bulgar halk\u0131 i\u00e7in \u201c<strong>uyuyan<\/strong>\u201d, \u201c<strong>geri kalm\u0131\u015f<\/strong>\u201d, \u201c<strong>k\u00f6lelik korkusundan felce u\u011fram\u0131\u015f<\/strong>\u201d, \u201c<strong>k\u00f6le ruhlu<\/strong>\u201d, ve ayr\u0131ca da \u201c<strong>Bulgarlar anadan do\u011fma ispiyoncudur<\/strong>\u201d gibi kavramlar komitac\u0131 havari Levski anlat\u0131l\u0131rken bug\u00fcne kadar olaylarda hep kullan\u0131l\u0131yor. Bu arada, ge\u00e7en y\u00fczy\u0131l\u0131n ikinci yar\u0131s\u0131nda Bulgarlar\u0131n Papaya yap\u0131lan A\u011fca sald\u0131r\u0131s\u0131na bula\u015fm\u0131\u015ft\u0131. 1972\u2019de Pomak M\u00fcsl\u00fcmanlara katledici sald\u0131r\u0131larda bulundu. 1984\u20131989 y\u0131llar\u0131 aras\u0131nda T\u00fcrklerin kimlikleri \u00fczerine \u00e7ullan\u0131ld\u0131lar. Zora getirilen insanlardan hain ve ihbarc\u0131 a\u011f\u0131 olu\u015fturdular. Bulgar devletinin kendi \u00f6z\u00fcn\u00fc olu\u015fturan nitelik \u00e7izgilerini T\u00fcrk az\u0131nl\u0131\u011f\u0131 gibi etnik topluluklar\u0131n ba\u015f\u0131na sard\u0131lar. \u201c<strong>T\u00fcrkler isimlerini ve kimliklerini de\u011fi\u015ftirmeyi kendileri istedi<\/strong>\u201d gibi ba\u015ftan a\u015fa\u011f\u0131 yalan iddialarda bulundular.\u00a0 Olaylar d\u00fcnya kamuoyunun dikkatini \u00e7ekti. Olaylar\u0131 ger\u00e7ek y\u00fcz\u00fcyle g\u00f6rmemek i\u00e7in deve ku\u015fu gibi kafam\u0131z\u0131 kuma sokmam\u0131za gerek yok, T\u00fcrkiye\u2019ye ka\u00e7\u0131p kabu\u011fumuza s\u0131\u011f\u0131nmam\u0131za da gerek yok. Hepimizin hepimizden ihtiyac\u0131m\u0131z var. Biz yarg\u0131s\u0131z hapse at\u0131lm\u0131\u015f, gece evinden al\u0131nm\u0131\u015f, \u201c<strong>Belene<\/strong>\u201d kamp\u0131nda a\u00e7 tutulmu\u015f, i\u015fkence g\u00f6rm\u00fc\u015f, akl\u0131 buzla\u015f\u0131p donsun diye derin dondurucularda tutulan karde\u015flerimizin hain oldu\u011funa asla inanmad\u0131k ve inanm\u0131yoruz. Birbirimizden korkmam\u0131za gerek yok. Siz bizden, biz de sizdeniz. Davam\u0131z ortada ve ortakt\u0131r. BULT\u00dcRK ve BGSAM her zaman sizinle oldu ve olacakt\u0131r.<\/p><div id=\"bghab-2672312135\" class=\"bghab-icerik-icine-40-paragraf bghab-entity-placement\"><script async src=\"\/\/pagead2.googlesyndication.com\/pagead\/js\/adsbygoogle.js?client=ca-pub-6203283170189293\" crossorigin=\"anonymous\"><\/script><ins class=\"adsbygoogle\" style=\"display:block; text-align:center;\" data-ad-client=\"ca-pub-6203283170189293\" \ndata-ad-slot=\"7303146466\" \ndata-ad-layout=\"in-article\"\ndata-ad-format=\"fluid\" data-full-width-responsive=\"true\"><\/ins>\n<script> \n(adsbygoogle = window.adsbygoogle || []).push({}); \n<\/script>\n<\/div>\n<p>&nbsp;<\/p>\n<p>Asl\u0131nda biz Bulgaristan T\u00fcrklerinin ayd\u0131n tabakas\u0131n\u0131n temsilcileri olarak, Bulgarlar\u0131n kirli i\u015fleri ve hesaplar\u0131yla, hi\u00e7 yoktan zengin olma \u00f6zlemleriyle, devleti ve toplumu soyma planlar\u0131yla u\u011fra\u015fmak, bunlara kat\u0131lmak, bula\u015fmak istemiyoruz. B\u00f6yle bir niyetimiz ve \u00f6rg\u00fctlenmemiz de yoktur. Bu gibi \u00e7al\u0131p-soyma, aldatma, zorlama i\u015flerinde ba\u015f akt\u00f6r de H\u00d6H lideri Ahmet Do\u011fan\u2019d\u0131r. H\u00d6H kat\u0131l\u0131m\u0131yla kurulan h\u00fck\u00fcmetlerin hepsi mafya h\u00fck\u00fcmetleriydi. Bu sebeple hi\u00e7 birimiz o \u00e7e\u015fmelerden bir kofa su alamad\u0131k. Fakat Do\u011fan hi\u00e7 utanmadan 1 milyon 250 bin leva honorarc\u0131k ald\u0131. Hainli\u011finin \u00fccretiydi bu para\u2026 T\u00fcrk halk\u0131na yap\u0131lan k\u00f6t\u00fcl\u00fcklerin \u00fccreti\u2026<\/p>\n<p>&nbsp;<\/p>\n<p>Bug\u00fcn ayn\u0131 oyunlar devam ediyor. Ahmet Emin para i\u00e7in \u00f6ld\u00fcr\u00fcld\u00fc. \u00d6ld\u00fcr\u00fclen partililerin, milletvekillerimizin, hapse t\u0131kanlar\u0131n say\u0131s\u0131 kabar\u0131kt\u0131r. Bunlar\u0131n hepsinin hesab\u0131 sorulmal\u0131d\u0131r ve sorulacakt\u0131r. Ba\u015f\u0131m\u0131za gelecek varm\u0131\u015f. Eh, ba\u015fa gelen \u00e7ekilir.<\/p>\n<p>&nbsp;<\/p><div id=\"bghab-3771205828\" class=\"bghab-icerik-icine-45-paragraf bghab-entity-placement\"><script async src=\"\/\/pagead2.googlesyndication.com\/pagead\/js\/adsbygoogle.js?client=ca-pub-6203283170189293\" crossorigin=\"anonymous\"><\/script><ins class=\"adsbygoogle\" style=\"display:block; text-align:center;\" data-ad-client=\"ca-pub-6203283170189293\" \ndata-ad-slot=\"7303146466\" \ndata-ad-layout=\"in-article\"\ndata-ad-format=\"fluid\" data-full-width-responsive=\"true\"><\/ins>\n<script> \n(adsbygoogle = window.adsbygoogle || []).push({}); \n<\/script>\n<\/div>\n<p>Biz \u015fu kapan\u0131n tutsaklar\u0131y\u0131z.<\/p>\n<p>&nbsp;<\/p>\n<p><strong>Mal m\u00fclk elden \u00e7\u0131kabilir, sa\u011fl\u0131k da feda edilebilir,<\/strong><\/p>\n<p><strong>Hayat da kurban edilebilir, onur da ayakalt\u0131na al\u0131nabilir,<\/strong><\/p>\n<p><strong>Kad\u0131n, k\u0131z karde\u015f, karde\u015f ve \u00e7ocuklar hesaba girmeyebilir,<\/strong><\/p><div id=\"bghab-2497930689\" class=\"bghab-icerik-icine-50-paragraf bghab-entity-placement\"><script async src=\"\/\/pagead2.googlesyndication.com\/pagead\/js\/adsbygoogle.js?client=ca-pub-6203283170189293\" crossorigin=\"anonymous\"><\/script><ins class=\"adsbygoogle\" style=\"display:block; text-align:center;\" data-ad-client=\"ca-pub-6203283170189293\" \ndata-ad-slot=\"7303146466\" \ndata-ad-layout=\"in-article\"\ndata-ad-format=\"fluid\" data-full-width-responsive=\"true\"><\/ins>\n<script> \n(adsbygoogle = window.adsbygoogle || []).push({}); \n<\/script>\n<\/div>\n<p><strong>Evet, \u015fu yery\u00fcz\u00fcn\u00fcn \u00fczerinde olan her \u015fey elden \u00e7\u0131kabilir,<\/strong><\/p>\n<p><strong>Bunlar\u0131n t\u00fcm\u00fc g\u00f6klere de bah\u015fedilebilir,<\/strong><\/p>\n<p><strong>\u00d6l\u00fcms\u00fcz ruh ve ebedi mutluluk da helal edilebilir,<\/strong><\/p>\n<p><strong>Fakat iktidar o\u011flum, yaln\u0131z iktidar kimseye verilmez!<\/strong><\/p>\n<p>&nbsp;<\/p><div id=\"bghab-1648577145\" class=\"bghab-icerik-icine-55-paragraf bghab-entity-placement\"><script async src=\"\/\/pagead2.googlesyndication.com\/pagead\/js\/adsbygoogle.js?client=ca-pub-6203283170189293\" crossorigin=\"anonymous\"><\/script><ins class=\"adsbygoogle\" style=\"display:block; text-align:center;\" data-ad-client=\"ca-pub-6203283170189293\" \ndata-ad-slot=\"7303146466\" \ndata-ad-layout=\"in-article\"\ndata-ad-format=\"fluid\" data-full-width-responsive=\"true\"><\/ins>\n<script> \n(adsbygoogle = window.adsbygoogle || []).push({}); \n<\/script>\n<\/div>\n<p>Devam edecek.<\/p>\n<div id=\"bghab-3159423664\" class=\"bghab-yazi-altinda bghab-entity-placement\"><div class=\"bghab-adlabel\">Reklamlar<\/div><script async src=\"https:\/\/pagead2.googlesyndication.com\/pagead\/js\/adsbygoogle.js\"><\/script>\r\n<!-- bghaber-yaz\u0131-sonu -->\r\n<ins class=\"adsbygoogle\"\r\n     style=\"display:block\"\r\n     data-ad-client=\"ca-pub-6203283170189293\"\r\n     data-ad-slot=\"4222328180\"\r\n     data-ad-format=\"auto\"\r\n     data-full-width-responsive=\"true\"><\/ins>\r\n<script>\r\n     (adsbygoogle = window.adsbygoogle || []).push({});\r\n<\/script><\/div><br style=\"clear: both; display: block; float: none;\"\/>","protected":false},"excerpt":{"rendered":"<p>\u00a0Musa VATANSEVER Konu: Hainli\u011fin milleti ve s\u0131n\u0131r\u0131 yoktur. Mal m\u00fclk elden \u00e7\u0131kabilir, sa\u011fl\u0131k da feda edilebilir, Hayat da kurban edilebilir, onur da ayakalt\u0131na al\u0131nabilir, Kad\u0131n,<\/p>\n","protected":false},"author":13,"featured_media":0,"comment_status":"closed","ping_status":"closed","sticky":false,"template":"","format":"standard","meta":{"advanced_seo_description":"","jetpack_seo_html_title":"","jetpack_seo_noindex":false,"_jetpack_memberships_contains_paid_content":false,"footnotes":""},"categories":[6],"tags":[],"class_list":["post-20108","post","type-post","status-publish","format-standard","hentry","category-yorum"],"jetpack_featured_media_url":"","jetpack_sharing_enabled":true,"jetpack_likes_enabled":true,"jetpack-related-posts":[],"jetpack_shortlink":"https:\/\/wp.me\/pc2PfJ-5ek","_links":{"self":[{"href":"https:\/\/www.bghaber.org\/bghaber\/wp-json\/wp\/v2\/posts\/20108","targetHints":{"allow":["GET"]}}],"collection":[{"href":"https:\/\/www.bghaber.org\/bghaber\/wp-json\/wp\/v2\/posts"}],"about":[{"href":"https:\/\/www.bghaber.org\/bghaber\/wp-json\/wp\/v2\/types\/post"}],"author":[{"embeddable":true,"href":"https:\/\/www.bghaber.org\/bghaber\/wp-json\/wp\/v2\/users\/13"}],"replies":[{"embeddable":true,"href":"https:\/\/www.bghaber.org\/bghaber\/wp-json\/wp\/v2\/comments?post=20108"}],"version-history":[{"count":0,"href":"https:\/\/www.bghaber.org\/bghaber\/wp-json\/wp\/v2\/posts\/20108\/revisions"}],"wp:attachment":[{"href":"https:\/\/www.bghaber.org\/bghaber\/wp-json\/wp\/v2\/media?parent=20108"}],"wp:term":[{"taxonomy":"category","embeddable":true,"href":"https:\/\/www.bghaber.org\/bghaber\/wp-json\/wp\/v2\/categories?post=20108"},{"taxonomy":"post_tag","embeddable":true,"href":"https:\/\/www.bghaber.org\/bghaber\/wp-json\/wp\/v2\/tags?post=20108"}],"curies":[{"name":"wp","href":"https:\/\/api.w.org\/{rel}","templated":true}]}}