{"id":20102,"date":"2016-08-15T01:49:45","date_gmt":"2016-08-14T22:49:45","guid":{"rendered":"http:\/\/www.bghaber.org\/bghaber\/?p=20102"},"modified":"2016-08-15T01:54:11","modified_gmt":"2016-08-14T22:54:11","slug":"hepimiz-sorumluyuz","status":"publish","type":"post","link":"https:\/\/www.bghaber.org\/bghaber\/hepimiz-sorumluyuz\/","title":{"rendered":"Hepimiz Sorumluyuz"},"content":{"rendered":"<p><img data-recalc-dims=\"1\" loading=\"lazy\" decoding=\"async\" class=\"\" src=\"https:\/\/i0.wp.com\/www.bghaber.org\/bghaber\/wp-content\/uploads\/2013\/07\/Rafet-Ulut%C3%BCrk-685x1024.jpg?resize=181%2C271\" alt=\"Rafet Ulut\u00fcrk\" width=\"181\" height=\"271\" \/>\u00a0Rafet ULUT\u00dcRK<\/p>\n<p>Konu: <strong>Uyu, ama uyumayanlar\u0131 kontrol et!<\/strong><\/p>\n<p><strong>Hainlere kar\u015f\u0131 ayn\u0131 siperdeyiz.<\/strong><\/p>\n<p><strong>\u00a0<\/strong>Bulgar bas\u0131n\u0131n\u0131 izliyorum da, T\u00fcrkiye ile ilgili yanl\u0131\u015f bir alg\u0131 olu\u015fturulmak isteniyor. Bulgaristan Ba\u015fbakan\u0131 ve GERB Partisi Ba\u015fkan\u0131 Boyko Borisov d\u00fcnyan\u0131n en b\u00fcy\u00fck k\u00f6pr\u00fclerinden biri olan, Avrupa ve Asya k\u0131talar\u0131 aras\u0131nda hem kara yolu hem de demiryolu ba\u011f\u0131 kuran \u201c<strong>Sultan Selim<\/strong>\u201d k\u00f6pr\u00fcs\u00fcn\u00fcn a\u00e7\u0131l\u0131\u015f\u0131na kat\u0131lacak.<\/p>\n<p>O, 16 A\u011fustos g\u00fcn\u00fc T\u00fcrkiye Cumhuriyeti devlet ba\u015fkan\u0131 Say\u0131n Recep Tayip Erdo\u011fan\u2019la \u0130stanbul\u2019da yapaca\u011f\u0131 g\u00f6r\u00fc\u015fme arifesinde bas\u0131na verdi\u011fi demecinde \u201c<strong>Ne pahas\u0131na olursa olsun T\u00fcrkiye ile en iyi ili\u015fkiler geli\u015ftirmek zorunday\u0131z<\/strong>\u201d dedi.<\/p><div id=\"bghab-306777619\" class=\"bghab-icerik-icine bghab-entity-placement\"><script async src=\"\/\/pagead2.googlesyndication.com\/pagead\/js\/adsbygoogle.js?client=ca-pub-6203283170189293\" crossorigin=\"anonymous\"><\/script><ins class=\"adsbygoogle\" style=\"display:block; text-align:center;\" data-ad-client=\"ca-pub-6203283170189293\" \ndata-ad-slot=\"7303146466\" \ndata-ad-layout=\"in-article\"\ndata-ad-format=\"fluid\" data-full-width-responsive=\"true\"><\/ins>\n<script> \n(adsbygoogle = window.adsbygoogle || []).push({}); \n<\/script>\n<\/div>\n<p>Bir devlet siyasetinde \u015feffafl\u0131k ifade etmesi bak\u0131m\u0131ndan bu s\u00f6zler, iki \u00fclke aras\u0131ndaki ili\u015fkilerde yirmi birinci y\u00fczy\u0131l bir yana, ge\u00e7en y\u00fczy\u0131l boyunca i\u015fitilmemi\u015ftir.<\/p>\n<p>Bulgaristan halk\u0131n\u0131n <strong>T\u00fcrkiye\u2019den bu kadar b\u00fcy\u00fck ve i\u00e7tenli siyasi deste\u011fe ihtiya\u00e7 duymas\u0131<\/strong> ikili ili\u015fkilerimizin ufkuna \u00e7arp\u0131c\u0131 yeni bir tablo serdi. Bu, yaln\u0131z bir daha yak\u0131n i\u015fbirli\u011fi daveti olmakla kalmay\u0131p b\u00fct\u00fcn bir y\u00fczy\u0131la ili\u015fkin uzun s\u00fcreli bir i\u015fbirli\u011fi, yard\u0131mla\u015fma ve dayan\u0131\u015fma ufkudur.<\/p>\n<p>Bunun bir anlam\u0131 da, Sofya\u2019n\u0131n bunal\u0131mlara teslim olmayan, krizi batakl\u0131klara basmadan atlatabilen,\u00a0 <strong>B\u00fcy\u00fck T\u00fcrkiye a\u00e7\u0131l\u0131m\u0131nda ve 2023, 2050 ve 2071 program boyutlar\u0131nda <\/strong>kendini aramas\u0131 da \u00e7ok \u00f6nemlidir.<\/p>\n<p><strong>Bug\u00fcn Bulgaristan, Avrupa Birli\u011fi \u00fcyeli\u011fi ile ne kadar b\u00f6b\u00fcrlenirse b\u00f6b\u00fcrlensin, eski k\u0131ta bunal\u0131mlar\u0131n\u0131 s\u0131rt\u0131nda ta\u015f\u0131mak zorundad\u0131r. <\/strong><\/p>\n<p>Sanayi, tar\u0131m, teknolojiler, ula\u015f\u0131m vb bir yana, milliyet\u00e7i kesimden Bulgar ara\u015ft\u0131rmac\u0131 yazarlar\u0131ndan \u0130vaylo Hristov\u00a0 \u201c<strong>Ulusal Bulgar Karakteri<\/strong>\u201d ba\u015fl\u0131kl\u0131 bir kitap yazd\u0131. Bu eserin ba\u015fl\u0131klar\u0131ndan birinde<strong>, 20. y\u00fczy\u0131l\u0131n sonunda ve 21. y\u00fczy\u0131l\u0131n ba\u015f\u0131nda Bulgaristan\u2019\u0131n Bulgars\u0131z kalaca\u011f\u0131 anlat\u0131l\u0131yor<\/strong>. Yazar yazm\u0131\u015f yazm\u0131\u015f da vatan\u0131n\u0131n insans\u0131z kalmas\u0131n\u0131n temel nedenine inememi\u015f.<\/p><div id=\"bghab-3851130964\" class=\"bghab-icerik-icine-10-paragraf bghab-entity-placement\"><script async src=\"\/\/pagead2.googlesyndication.com\/pagead\/js\/adsbygoogle.js?client=ca-pub-6203283170189293\" crossorigin=\"anonymous\"><\/script><ins class=\"adsbygoogle\" style=\"display:block; text-align:center;\" data-ad-client=\"ca-pub-6203283170189293\" \ndata-ad-slot=\"7303146466\" \ndata-ad-layout=\"in-article\"\ndata-ad-format=\"fluid\" data-full-width-responsive=\"true\"><\/ins>\n<script> \n(adsbygoogle = window.adsbygoogle || []).push({}); \n<\/script>\n<\/div>\n<p><strong>Bulgaristan\u2019da \u015fapkas\u0131n\u0131 alan\u0131n gitmesinden sorumlu olan kimdir?<\/strong><\/p>\n<p><strong>\u0130nsanlar\u0131n karakteri mi, yoksa siyasi ekonomik ve sosyal dar bo\u011faz m\u0131?<\/strong><\/p>\n<p><strong>Her \u015fey devlet y\u00f6netiminin \u00e7ok zor oldu\u011funa i\u015faret ediyor.<\/strong><\/p>\n<p>Temel nedeni g\u00f6remiyoruz. 19. ve 20. as\u0131rlarda Bulgar milli karakteri \u00e7ok de\u011fi\u015fmi\u015f. Olaya T\u00fcrkler a\u00e7\u0131s\u0131ndan bak\u0131ld\u0131\u011f\u0131nda, Bulgar milli karakterinin T\u00fcrk ve M\u00fcsl\u00fcman d\u00fc\u015fmanl\u0131\u011f\u0131 \u00fczerine tesis edildi\u011fini g\u00f6r\u00fcyoruz.<\/p>\n<p>Kendi milli kimli\u011fi olu\u015fmam\u0131\u015f bir millerin di\u011fer etnik az\u0131nl\u0131klar\u0131 asimile etmesine dayanan bu siyaset ulusal \u00e7\u00f6k\u00fc\u015f\u00fcn ana nedenlerinin ba\u015f\u0131nda gelir.<\/p><div id=\"bghab-2357024727\" class=\"bghab-icerik-icine-15-paragraf bghab-entity-placement\"><script async src=\"\/\/pagead2.googlesyndication.com\/pagead\/js\/adsbygoogle.js?client=ca-pub-6203283170189293\" crossorigin=\"anonymous\"><\/script><ins class=\"adsbygoogle\" style=\"display:block; text-align:center;\" data-ad-client=\"ca-pub-6203283170189293\" \ndata-ad-slot=\"7303146466\" \ndata-ad-layout=\"in-article\"\ndata-ad-format=\"fluid\" data-full-width-responsive=\"true\"><\/ins>\n<script> \n(adsbygoogle = window.adsbygoogle || []).push({}); \n<\/script>\n<\/div>\n<p><strong>Bulgar prensli\u011fi ilan edildi\u011finde (1878) n\u00fcfusun % 52\u2019sini olu\u015fturan M\u00fcsl\u00fcman T\u00fcrklerin \u00f6z topraklar\u0131ndan kovmak da Avrupa\u2019ya yak\u0131\u015f\u0131r<\/strong> bir Bulgar Ulusal Karakteri olu\u015fturmaya yeterli olmad\u0131. Az\u0131nl\u0131klar\u0131n dil, din, k\u00fclt\u00fcr ve ya\u015fam tarz\u0131ndan mahrum edilmesi, g\u00f6z\u00fc d\u00f6nm\u00fc\u015fler ortam\u0131nda ulusal kayna\u015fman\u0131n m\u00fcmk\u00fcn olamayaca\u011f\u0131 bilincine var\u0131lamad\u0131. Bir de \u015fu \u00e7ok \u00f6nemlidir. T\u00fcrk ulusu gibi uluslar\u0131 par\u00e7alamak, b\u00f6lmek, eziyet ederek h\u0131rpalamak m\u00fcmk\u00fcn de\u011fildir. \u00c7\u00fcnk\u00fc onlar \u00e7ok derin bir milli kimli\u011fi ve uygarl\u0131\u011f\u0131n varisleri olarak kalm\u0131\u015ft\u0131r bu topraklarda\u2026<\/p>\n<p><strong>Bulgarlar\u0131n bilmedikleri baz\u0131 ba\u015fka \u015feyler de vard\u0131.<\/strong><\/p>\n<p>Her bir \u00f6zg\u00fcn milli varl\u0131\u011f\u0131n temel \u00f6z \u00e7izgileri aras\u0131nda en \u00f6nemli olan ayn\u0131 tarihe sahip olmalar\u0131, ayn\u0131 ortak dili kullanmalar\u0131 ve ayn\u0131 edebiyattan y\u00fcreklenmeleri ve ayn\u0131 dine inanmalar\u0131 paha bi\u00e7ilmez nimetlerdi. Bulgarlar\u0131nsa ne T\u00fcrkler kadar derin bir tarihi vard\u0131 ne T\u00fcrk dili kadar zengin bir dili ve edebiyat\u0131, ne de g\u00f6n\u00fcl dini vard\u0131. T\u00fcrklerden T\u00fcrkl\u00fc\u011f\u00fc s\u00f6kmek ve onlara Bulgarl\u0131k ve H\u0131ristiyanl\u0131k a\u015f\u0131lamak adeta imk\u00e2ns\u0131zd\u0131.<\/p>\n<p><strong>Olmad\u0131 da. Bu deneme ilk kez 1912\u2019de askerle, jandarma, papaz, h\u00fck\u00fcmet ve \u00c7ar g\u00fcc\u00fcyle denendi.<\/strong><\/p>\n<p>1936\u2019da \u201c<strong>Rodina<\/strong>\u201d (vatan) sa\u00e7mal\u0131yla denendi. 1972\u2019de Pomakl\u0131kta kan akt\u0131. 1984\u2019te T\u00fcrklerin T\u00fcrkl\u00fc\u011f\u00fcne ate\u015f a\u00e7\u0131ld\u0131. Olmad\u0131. Olmad\u0131 da onlar bu i\u015fin olmayaca\u011f\u0131n\u0131 anlayamad\u0131lar gibi. Hem de 1997\u2019de Ba\u015fbakan \u0130van Kostov T\u00fcrkiye\u2019ye gidip \u00f6z\u00fcr dilemesine ra\u011fmen, T\u00fcrkiye devletine g\u00fcl\u00fcmsense de, \u00fclke i\u00e7inde k\u0131l\u0131fl\u0131 yumruk T\u00fcrkl\u00fc\u011fe darbe vurmaya devam etti. T\u00fcrklere zul\u00fcm eden Bulgar e\u011fle\u015fti, medenile\u015fti, k\u00fclt\u00fcrle\u015fti mi?<\/p><div id=\"bghab-2494393152\" class=\"bghab-icerik-icine-20-paragraf bghab-entity-placement\"><script async src=\"\/\/pagead2.googlesyndication.com\/pagead\/js\/adsbygoogle.js?client=ca-pub-6203283170189293\" crossorigin=\"anonymous\"><\/script><ins class=\"adsbygoogle\" style=\"display:block; text-align:center;\" data-ad-client=\"ca-pub-6203283170189293\" \ndata-ad-slot=\"7303146466\" \ndata-ad-layout=\"in-article\"\ndata-ad-format=\"fluid\" data-full-width-responsive=\"true\"><\/ins>\n<script> \n(adsbygoogle = window.adsbygoogle || []).push({}); \n<\/script>\n<\/div>\n<p><strong>Ho\u015fg\u00f6r\u00fcl\u00fc m\u00fc oldu? Hay\u0131r. Fa\u015fizm ve totalitarizm yaralar\u0131 kanat\u0131ld\u0131k\u00e7a kanat\u0131ld\u0131. Zul\u00fcm asla dinmedi. <\/strong><\/p>\n<p>Bulgarlar da Bulgaristan\u2019\u0131 terk ederken, 710 bin karde\u015fimiz T\u00fcrkiye Cumhuriyeti\u2019ne s\u0131\u011f\u0131nd\u0131, g\u00f6\u00e7 etti. \u0130nsans\u0131z kalan topraklar, k\u00f6yler, kasabalar birer iki\u015fer s\u00f6nd\u00fc. Bulgar devleti bor\u00e7land\u0131k\u00e7a bor\u00e7land\u0131.<\/p>\n<p>&nbsp;<\/p>\n<p><strong>Bir de olaya \u015fu a\u00e7\u0131dan bakal\u0131m. Zul\u00fcm eden Bulgar cezas\u0131z kald\u0131 da, \u015fimdi ne yap\u0131yor?<\/strong> Allah\u2019\u0131n adaleti onu bulmad\u0131 m\u0131? Bulgar \u0131rk\u0131n\u0131n bencil, k\u0131skan\u00e7, biraz yalanc\u0131, biraz h\u0131rs\u0131z nitelikleri iyice keskinle\u015fti. Maddi kazan\u00e7 elde etmek veya devlete yaranmak i\u00e7in hainlik eden tabaka belirdi. \u0130ktidara yamanmak isteyenlerin her d\u00f6nemde hep bir leke gibi suyun \u00fczerinde kalmak istemesi toplumsal ahlak\u0131 bozdu.<\/p>\n<p><strong>Omurgas\u0131 de\u011fi\u015fmeyen eski toplum ayakta kalabilmek i\u00e7in cephele\u015fti, par\u00e7aland\u0131, i\u00e7 ve d\u0131\u015fta d\u00f6n\u00fc\u015f\u00fcmler arad\u0131, ar\u0131yor.<\/strong><\/p><div id=\"bghab-3187802648\" class=\"bghab-icerik-icine-25-paragraf bghab-entity-placement\"><script async src=\"\/\/pagead2.googlesyndication.com\/pagead\/js\/adsbygoogle.js?client=ca-pub-6203283170189293\" crossorigin=\"anonymous\"><\/script><ins class=\"adsbygoogle\" style=\"display:block; text-align:center;\" data-ad-client=\"ca-pub-6203283170189293\" \ndata-ad-slot=\"7303146466\" \ndata-ad-layout=\"in-article\"\ndata-ad-format=\"fluid\" data-full-width-responsive=\"true\"><\/ins>\n<script> \n(adsbygoogle = window.adsbygoogle || []).push({}); \n<\/script>\n<\/div>\n<p>Her yerde etraf\u0131m\u0131zda k\u00f6r cahil, ahlak \u00e7\u00f6km\u00fc\u015f soy boy aile i\u00e7i ili\u015fkileri kopmu\u015f her \u015feyini satmaya ya da pe\u015fke\u015f \u00e7ekmeye haz\u0131r g\u00f6z\u00fc pek yeni tipler kol geziyor. \u0130dealist d\u00f6nekler de sivrilme pe\u015finde! \u00a0Kendilerini zor zar koruyup koku\u015fmu\u015f durumu atlatmak isteyenlere yeni \u015fans olmamas\u0131 \u00fcz\u00fcc\u00fc\u2026<\/p>\n<p>Her nedenlerle kimli\u011fine ihanet eden insanlardan olu\u015fan bir toplumda ya\u015fan\u0131r m\u0131? Yoksa her zaman d\u0131\u015fardan bir \u015feyler bekleyenler bu defa i\u015fleri toparlayamamas\u0131nda m\u0131d\u0131r?<\/p>\n<p><strong>Konuya bu a\u00e7\u0131dan girmemin sebebine de bir bakal\u0131m.<\/strong><\/p>\n<p>T\u00fcm Bulgar TV programlar\u0131, say\u0131sal programlar topluma \u201cS\u0130Z T\u00dcRK\u0130\u015eYE\u2019DE 15 TEMMUZ 2016 ASKER\u0130 DARBE DENEMES\u0130N\u0130N ARDINDA FETOCULARIN DURDU\u011eUNA \u0130NANIYOR MUSUNUZ, YOKSA \u0130NANMIYOR MUSUNUZ?<\/p>\n<p>Sorusu g\u00fcnlerce soruldu.<\/p><div id=\"bghab-2048554667\" class=\"bghab-icerik-icine-30-paragraf bghab-entity-placement\"><script async src=\"\/\/pagead2.googlesyndication.com\/pagead\/js\/adsbygoogle.js?client=ca-pub-6203283170189293\" crossorigin=\"anonymous\"><\/script><ins class=\"adsbygoogle\" style=\"display:block; text-align:center;\" data-ad-client=\"ca-pub-6203283170189293\" \ndata-ad-slot=\"7303146466\" \ndata-ad-layout=\"in-article\"\ndata-ad-format=\"fluid\" data-full-width-responsive=\"true\"><\/ins>\n<script> \n(adsbygoogle = window.adsbygoogle || []).push({}); \n<\/script>\n<\/div>\n<p><strong>Amac\u0131 anti Erdo\u011fan, anti-T\u00fcrkiye d\u00fc\u015fmanl\u0131k dalgas\u0131n\u0131 k\u00f6r\u00fcklemek oldu\u011fu hep s\u0131r\u0131tt\u0131. <\/strong><\/p>\n<p>Bu geli\u015fmeler, propaganda, ideolojik sava\u015f, siyasi kap\u0131\u015fma alm\u0131\u015f ba\u015f\u0131n\u0131 gidiyor. Bulgar toplumunun kafas\u0131n\u0131n k\u00f6kl\u00fc de\u011fi\u015fmesi i\u00e7in belki de ba\u015f\u0131na \u00e7ok b\u00fcy\u00fck bir olay gelmesi gerek ve olabilir ya art\u0131k \u201c<strong>Ne pahas\u0131na olursa olsun T\u00fcrkiye ile \u00e7ok iyi ili\u015fkiler geli\u015ftirmemiz gerekiyor<\/strong>!\u201d diyen Ba\u015fbakan Borisov, bu i\u015fin ilk fark\u0131na ve bilincine varm\u0131\u015f ki\u015fi olabilir.<\/p>\n<p>Fakat propaganda omurgas\u0131n\u0131 olu\u015fturan ta\u015f kafalar\u0131n bunu alg\u0131lamas\u0131na olabilir ya y\u0131llar gerekebilir. Binlerce \u0131rk\u00e7\u0131n\u0131n umudu suya d\u00fc\u015ft\u00fc. Hepsi T\u00fcrkiye\u2019nin mekanik kafa ruh hastas\u0131 bir topluma d\u00f6n\u00fc\u015fmesini hayal ediyorlard\u0131.<\/p>\n<p><strong>Mutluluk kaynaklar\u0131 T\u00fcrklerin k\u00f6t\u00fc olmas\u0131yd\u0131. <\/strong><\/p>\n<p>Kendileri o kadar k\u00f6t\u00fc hissediyorlar ki, adeta yutkunam\u0131yorlar. Etraf\u0131n\u0131za bak\u0131n\u0131z, Ahmet Do\u011fan, L\u00fctfi Mestan, Mustafa Karaday\u0131, \u00c7etin ve Metin Kazak, Osman Oktay, G\u00fcner Tahir ve daha kimler kimler \u201c<strong>dut yemi\u015f b\u00fclb\u00fcl gibi<\/strong>\u201d dil yuttular. Hi\u00e7 biri \u00e7\u0131k\u0131p ta bu d\u00fcnyaya \u00f6rnek olan T\u00fcrk halk\u0131n\u0131 kutlayamad\u0131lar. Duyur duymaz kendisini soka atan halk, Ben bu \u00fclkede darbe yapt\u0131rmam diyen, Tanklar\u0131n alt\u0131na kendini atan, Tank\u0131n \u00f6n\u00fcnde \u201cBen \u00f6lmeye haz\u0131r\u0131m ya sen beni \u00f6ld\u00fcrmeye haz\u0131rm\u0131s\u0131n\u201d diyebilen bir kad\u0131n\u0131n tarih sayfalar\u0131na ge\u00e7mesi, d\u00fcnyaya demokrasi dersi veren bu halk\u0131 g\u00f6remediler, Avrupa, Amerika gibi.<\/p><div id=\"bghab-3644834445\" class=\"bghab-icerik-icine-35-paragraf bghab-entity-placement\"><script async src=\"\/\/pagead2.googlesyndication.com\/pagead\/js\/adsbygoogle.js?client=ca-pub-6203283170189293\" crossorigin=\"anonymous\"><\/script><ins class=\"adsbygoogle\" style=\"display:block; text-align:center;\" data-ad-client=\"ca-pub-6203283170189293\" \ndata-ad-slot=\"7303146466\" \ndata-ad-layout=\"in-article\"\ndata-ad-format=\"fluid\" data-full-width-responsive=\"true\"><\/ins>\n<script> \n(adsbygoogle = window.adsbygoogle || []).push({}); \n<\/script>\n<\/div>\n<p>Kom\u015fu evinin yanmas\u0131na sevinen bu tiplerden, hain planlar gere\u011fi, T\u00fcrkiye\u2019de \u00f6nce bir i\u00e7 sava\u015f \u00e7\u0131ksayd\u0131, ard\u0131ndan da T\u00fcrkiyeyi yabanc\u0131 i\u015fgale a\u00e7\u0131k duruma getirilebilselerdi, bunu yapmaya kalk\u0131\u015fan FET\u00d6 ter\u00f6r \u00e7etelerini alk\u0131\u015flamaktan daha b\u00fcy\u00fck bir hainlik d\u00fc\u015f\u00fcnebilmenin m\u00fcmk\u00fcn oldu\u011funa inanam\u0131yorum.\u00a0 Sanki T\u00fcrkiye ba\u015ftan ba\u015fa yanacak da Bulgaristan&#8217;a k\u0131v\u0131lc\u0131m s\u0131\u00e7ramayacak!<\/p>\n<p>Ama bu kendini be\u011fenmi\u015f ve T\u00fcrkler, T\u00fcrkiye ve \u0130slam dini konusunda ta\u015f kafalar\u0131nda tek bir h\u00fccrenin de\u011fi\u015fmesine tahamm\u00fclleri olmayan milliyet\u00e7i-\u0131rk\u00e7\u0131 tipler, sanki Sakar Balkana dikenli ter germekle ya da Karadeniz\u2019de z\u0131rhl\u0131 bot gezdirmekle durumu kurtarabilecekler.<\/p>\n<p>Ku\u015fkusuz izninize s\u0131\u011f\u0131narak, her \u015feyi unutarak,\u00a0 \u201c<strong>Ne pahas\u0131na olursa olsun T\u00fcrkiye ile ili\u015fkilerimizi en iyi \u015fekilde geli\u015ftirmeliyiz<\/strong>\u201d diyen Ba\u015fbakan Boyko Borisov\u2019u g\u00f6n\u00fclden kutluyorum.<\/p>\n<p>Tabii, bu beyan\u0131n \u00e7ok derin arka plan\u0131 olmal\u0131. \u201c<strong>Tarih bilmeyen siyaset\u00e7iler pusu bilmeyen gemi kaptanlar\u0131 gibidir<\/strong>\u201d demeye dilim varm\u0131yor. Borisov i\u00e7 politikada, az\u0131nl\u0131klar\u0131n haklar\u0131n\u0131n tan\u0131nmas\u0131 konusunda pusulay\u0131 \u015fa\u015f\u0131rmak istemiyor.<\/p>\n<p>Bu pusula 1912\u2019de \u00c7ar askerleri Edirne\u2019yi bombalamaya ba\u015flad\u0131\u011f\u0131 andan Bulgaristan M\u00fcsl\u00fcman T\u00fcrklerinin 1984\u2019te evlerinde ve k\u00f6ylerinde kur\u015funland\u0131\u011f\u0131 g\u00fcnlere kadar, etnik az\u0131nl\u0131k haklar\u0131m\u0131z\u0131n verilmedi\u011fi her an \u015fa\u015fm\u0131\u015ft\u0131.<\/p><div id=\"bghab-1684643603\" class=\"bghab-icerik-icine-40-paragraf bghab-entity-placement\"><script async src=\"\/\/pagead2.googlesyndication.com\/pagead\/js\/adsbygoogle.js?client=ca-pub-6203283170189293\" crossorigin=\"anonymous\"><\/script><ins class=\"adsbygoogle\" style=\"display:block; text-align:center;\" data-ad-client=\"ca-pub-6203283170189293\" \ndata-ad-slot=\"7303146466\" \ndata-ad-layout=\"in-article\"\ndata-ad-format=\"fluid\" data-full-width-responsive=\"true\"><\/ins>\n<script> \n(adsbygoogle = window.adsbygoogle || []).push({}); \n<\/script>\n<\/div>\n<p><strong>D\u00fcnya genel insan haklar\u0131 s\u00f6zle\u015fmelerine uygun de\u011fildi.<\/strong><\/p>\n<p>Atalar\u0131m\u0131z, babalar\u0131m\u0131z, vatan\u0131m\u0131zdan kovuldu\u011fumuz an hep \u015fa\u015fm\u0131\u015ft\u0131 bu pusula. Bulgaristan T\u00fcrkleri bak\u0131m\u0131ndan bug\u00fcn de \u015fa\u015fm\u0131\u015ft\u0131r. Ku\u015fkusuz T\u00fcrkiye\u2019nin devlet \u00e7\u0131karlar\u0131 ile Bulgaristanl\u0131 zavall\u0131, 138 y\u0131ldan beri oralarda ezilen T\u00fcrklerimizin \u00e7\u0131karlar\u0131 yak\u0131n tarih boyu bir\u00e7ok d\u00f6nem \u00e7ak\u0131\u015famad\u0131, \u00e7ak\u0131\u015fmad\u0131.<\/p>\n<p>Evet 4 ku\u015fak bekledik. Eritilmemeye direndik. Bizi g\u00f6rmekte k\u00f6r olanlar\u0131n bu defa f\u0131rsatt\u0131 bizim lehimize \u00e7evirebilirler. Hak ve \u00f6zg\u00fcrl\u00fcklerimizin serpilip a\u00e7mas\u0131na destek olabilirler. B\u00fcy\u00fck ricam\u0131zd\u0131r. Ne de olsa \u015fanl\u0131 ortak tarihimizin derin k\u00f6kleri ba\u015fka yerde de\u011fil, bizim bast\u0131\u011f\u0131m\u0131z topraklardad\u0131r.<\/p>\n<p>T\u00fcrkiye\u2019nin gelece\u011fine kast edenleri hakl\u0131 g\u00f6stermeye, FET\u00d6 \u00e7etesiyle beraber olmaktan gurur duyanlar\u0131 ak\u0131llar\u0131n\u0131 ba\u015flar\u0131na toplamaya davet ediyoruz.<\/p>\n<p><strong>Bir milletin g\u00fcc\u00fc k\u00f6klerinin derinli\u011fi kadard\u0131r. <\/strong><\/p><div id=\"bghab-4011528637\" class=\"bghab-icerik-icine-45-paragraf bghab-entity-placement\"><script async src=\"\/\/pagead2.googlesyndication.com\/pagead\/js\/adsbygoogle.js?client=ca-pub-6203283170189293\" crossorigin=\"anonymous\"><\/script><ins class=\"adsbygoogle\" style=\"display:block; text-align:center;\" data-ad-client=\"ca-pub-6203283170189293\" \ndata-ad-slot=\"7303146466\" \ndata-ad-layout=\"in-article\"\ndata-ad-format=\"fluid\" data-full-width-responsive=\"true\"><\/ins>\n<script> \n(adsbygoogle = window.adsbygoogle || []).push({}); \n<\/script>\n<\/div>\n<p>Bunu \u00f6l\u00e7meye ar\u015f\u0131 olmayanlar bu i\u015ften vazge\u00e7sinler. Anla\u015fal\u0131m, sarma\u015fal\u0131m, karde\u015fle\u015felim yolumuza birbirimize sayg\u0131 g\u00f6stererek devam edelim. Hayat\u0131n g\u00f6sterdi\u011fi \u00fczere en b\u00fcy\u00fck diplomatlar okullardan de\u011fil hayattan \u00e7\u0131k\u0131yor.<\/p>\n<p>\u201c<strong>Vize kalkmazsa geri kabul de yok<\/strong>\u201d s\u00f6zleri n\u00fckleer bombalardan g\u00fc\u00e7l\u00fc etki yapt\u0131.<\/p>\n<p>T\u00fcrkiye\u2019de bizi rahats\u0131z etmeyen s\u0131\u011f\u0131nmac\u0131 karde\u015flerimiz Avrupa\u2019da uykular\u0131 ka\u00e7\u0131rd\u0131. Sava\u015fa kar\u015f\u0131 yola \u00e7\u0131kan ve bu gidi\u015fle Avrupa\u2019daki t\u00fcm silah fabrikalar\u0131n\u0131 i\u015fgal edecek olan s\u0131\u011f\u0131nmac\u0131 karde\u015flerimizin hi\u00e7 bir silahtan, hi\u00e7 bir u\u00e7ak ve tanktan korkmamas\u0131 gerekti\u011fine, T\u00fcrk halk\u0131 \u00f6rnek verdi. 15 Temmuz kahramanl\u0131\u011f\u0131 21 asr\u0131n d\u00fcnyan\u0131n her devletinde tarih ve edebiyat kitaplar\u0131nda s\u0131nav dersi olmal\u0131d\u0131r.<\/p>\n<p>Bir \u015fiirimiz \u015f\u00f6yle der:<\/p>\n<p>Halk olmadan bir \u015fey olmaz<\/p><div id=\"bghab-3987774301\" class=\"bghab-icerik-icine-50-paragraf bghab-entity-placement\"><script async src=\"\/\/pagead2.googlesyndication.com\/pagead\/js\/adsbygoogle.js?client=ca-pub-6203283170189293\" crossorigin=\"anonymous\"><\/script><ins class=\"adsbygoogle\" style=\"display:block; text-align:center;\" data-ad-client=\"ca-pub-6203283170189293\" \ndata-ad-slot=\"7303146466\" \ndata-ad-layout=\"in-article\"\ndata-ad-format=\"fluid\" data-full-width-responsive=\"true\"><\/ins>\n<script> \n(adsbygoogle = window.adsbygoogle || []).push({}); \n<\/script>\n<\/div>\n<p>Halk\u0131m uyand\u0131r beni!<\/p>\n<p>Bu kavga halk\u0131n kavgas\u0131<\/p>\n<p>Halk\u0131m uyand\u0131r beni<\/p>\n<p>&nbsp;<\/p>\n<div id=\"bghab-3538471927\" class=\"bghab-yazi-altinda bghab-entity-placement\"><div class=\"bghab-adlabel\">Reklamlar<\/div><script async src=\"https:\/\/pagead2.googlesyndication.com\/pagead\/js\/adsbygoogle.js\"><\/script>\r\n<!-- bghaber-yaz\u0131-sonu -->\r\n<ins class=\"adsbygoogle\"\r\n     style=\"display:block\"\r\n     data-ad-client=\"ca-pub-6203283170189293\"\r\n     data-ad-slot=\"4222328180\"\r\n     data-ad-format=\"auto\"\r\n     data-full-width-responsive=\"true\"><\/ins>\r\n<script>\r\n     (adsbygoogle = window.adsbygoogle || []).push({});\r\n<\/script><\/div><br style=\"clear: both; display: block; float: none;\"\/>","protected":false},"excerpt":{"rendered":"<p>\u00a0Rafet ULUT\u00dcRK Konu: Uyu, ama uyumayanlar\u0131 kontrol et! Hainlere kar\u015f\u0131 ayn\u0131 siperdeyiz. \u00a0Bulgar bas\u0131n\u0131n\u0131 izliyorum da, T\u00fcrkiye ile ilgili yanl\u0131\u015f bir alg\u0131 olu\u015fturulmak isteniyor. Bulgaristan<\/p>\n","protected":false},"author":13,"featured_media":4406,"comment_status":"closed","ping_status":"closed","sticky":false,"template":"","format":"standard","meta":{"advanced_seo_description":"","jetpack_seo_html_title":"","jetpack_seo_noindex":false,"_jetpack_memberships_contains_paid_content":false,"footnotes":""},"categories":[6],"tags":[],"class_list":["post-20102","post","type-post","status-publish","format-standard","has-post-thumbnail","hentry","category-yorum"],"jetpack_featured_media_url":"https:\/\/i0.wp.com\/www.bghaber.org\/bghaber\/wp-content\/uploads\/2013\/07\/Rafet-Ulut%C3%BCrk-e1514372078752.jpg?fit=335%2C500&ssl=1","jetpack_sharing_enabled":true,"jetpack_likes_enabled":true,"jetpack-related-posts":[],"jetpack_shortlink":"https:\/\/wp.me\/pc2PfJ-5ee","_links":{"self":[{"href":"https:\/\/www.bghaber.org\/bghaber\/wp-json\/wp\/v2\/posts\/20102","targetHints":{"allow":["GET"]}}],"collection":[{"href":"https:\/\/www.bghaber.org\/bghaber\/wp-json\/wp\/v2\/posts"}],"about":[{"href":"https:\/\/www.bghaber.org\/bghaber\/wp-json\/wp\/v2\/types\/post"}],"author":[{"embeddable":true,"href":"https:\/\/www.bghaber.org\/bghaber\/wp-json\/wp\/v2\/users\/13"}],"replies":[{"embeddable":true,"href":"https:\/\/www.bghaber.org\/bghaber\/wp-json\/wp\/v2\/comments?post=20102"}],"version-history":[{"count":0,"href":"https:\/\/www.bghaber.org\/bghaber\/wp-json\/wp\/v2\/posts\/20102\/revisions"}],"wp:featuredmedia":[{"embeddable":true,"href":"https:\/\/www.bghaber.org\/bghaber\/wp-json\/wp\/v2\/media\/4406"}],"wp:attachment":[{"href":"https:\/\/www.bghaber.org\/bghaber\/wp-json\/wp\/v2\/media?parent=20102"}],"wp:term":[{"taxonomy":"category","embeddable":true,"href":"https:\/\/www.bghaber.org\/bghaber\/wp-json\/wp\/v2\/categories?post=20102"},{"taxonomy":"post_tag","embeddable":true,"href":"https:\/\/www.bghaber.org\/bghaber\/wp-json\/wp\/v2\/tags?post=20102"}],"curies":[{"name":"wp","href":"https:\/\/api.w.org\/{rel}","templated":true}]}}