{"id":20099,"date":"2016-08-15T01:24:27","date_gmt":"2016-08-14T22:24:27","guid":{"rendered":"http:\/\/www.bghaber.org\/bghaber\/?p=20099"},"modified":"2016-08-15T01:47:53","modified_gmt":"2016-08-14T22:47:53","slug":"kim-once-konusacak","status":"publish","type":"post","link":"https:\/\/www.bghaber.org\/bghaber\/kim-once-konusacak\/","title":{"rendered":"Kim \u00d6nce Konu\u015facak???"},"content":{"rendered":"<p><img data-recalc-dims=\"1\" height=\"300\" width=\"430\" decoding=\"async\" src=\"https:\/\/i0.wp.com\/www.bghaber.org\/bghaber\/wp-content\/uploads\/2016\/08\/oktay-430x300.jpg?resize=430%2C300\" alt=\"oktay\" \/><\/p>\n<p>Konu:\u00a0\u00a0 <strong>Bizimle ilgili olan \u00fcy\u00fck ger\u00e7eklerin kabu\u011fu hen\u00fcz soyulmad\u0131.<\/strong><strong>\u00a0 \u00a0 \u00a0 \u00a0 \u00a0 \u00a0 \u00a0\u00a0<\/strong><\/p>\n<p>Hak ve \u00d6zg\u00fcrl\u00fckler Hareketi (H\u00d6H-DPS) partisi par\u00e7aland\u0131k\u00e7a, m\u0131s\u0131r ko\u00e7an\u0131 gibi soyuluyor, fakat bu ba\u015fak tanelerinin neden bozuk oldu\u011funu tam olarak hen\u00fcz anlatan olmad\u0131. Bu partide Ba\u015fkan Yard\u0131mc\u0131s\u0131 g\u00f6revinde bulunan Osman Oktay, Kasim Dal ve L\u00fctfi Mestan art\u0131k birbirini k\u00fcrs\u00fcye davet etmeye ba\u015flad\u0131lar. 3\u2019\u00fc de yeni parti kursa da anla\u015f\u0131lan birisi tutmad\u0131 ve bu gidi\u015fle tutmayacak, \u00e7\u00fcnk\u00fc tarlaya tohum de\u011fil, kap\u00e7\u0131k ve p\u00fcsk\u00fcl ekiyorlar. Anla\u015f\u0131ld\u0131\u011f\u0131 \u00fczere, taneler hep daha Ahmet Do\u011fan\u2019\u0131n ambar\u0131nda\u2026 Bug\u00fcne kadar ger\u00e7ek durumu koklayan ve bir yere kadar bilenlerden hi\u00e7 biri dobra dobra anlatmad\u0131, maskeli balo devam ediyor.<\/p>\n<p>Bu arada, 11 Temmuz 2016\u2019da eski Genel Ba\u015fkan Yard\u0131mc\u0131lar\u0131ndan Osman Oktay, yine eski Genel Ba\u015fkan Yard\u0131mc\u0131lar\u0131ndan Kasim Dal\u2019\u0131n \u201c<strong>L\u00fctfi Mestan i\u00e7ini d\u00f6ks\u00fcn<\/strong>\u201d s\u00f6zlerine \u015f\u00f6yle yorum getirdi:<\/p>\n<p><strong>Ge\u00e7mi\u015f, adalet ve politik nezaket \u00fcst\u00fcne s\u00f6ylenmesi gereken s\u00f6zler.<\/strong><\/p>\n<p>Osman Oktay<\/p><div id=\"bghab-2632836471\" class=\"bghab-icerik-icine bghab-entity-placement\"><script async src=\"\/\/pagead2.googlesyndication.com\/pagead\/js\/adsbygoogle.js?client=ca-pub-6203283170189293\" crossorigin=\"anonymous\"><\/script><ins class=\"adsbygoogle\" style=\"display:block; text-align:center;\" data-ad-client=\"ca-pub-6203283170189293\" \ndata-ad-slot=\"7303146466\" \ndata-ad-layout=\"in-article\"\ndata-ad-format=\"fluid\" data-full-width-responsive=\"true\"><\/ins>\n<script> \n(adsbygoogle = window.adsbygoogle || []).push({}); \n<\/script>\n<\/div>\n<p><img data-recalc-dims=\"1\" loading=\"lazy\" decoding=\"async\" class=\"\" src=\"https:\/\/i0.wp.com\/www.bghaber.org\/bghaber\/wp-content\/uploads\/2016\/08\/oktay-430x300.jpg?resize=115%2C80\" alt=\"oktay\" width=\"115\" height=\"80\" \/><\/p>\n<p>Kasim Dal ve onun Hak ve \u00d6zg\u00fcrl\u00fckler Hareketi (H\u00d6H) i\u00e7indeki rol\u00fcn\u00fc bug\u00fcne kadar asla yorumlamad\u0131m. Onun, L\u00fctfi Mestan hakk\u0131nda yapt\u0131\u011f\u0131 tandansl\u0131 konu\u015fma, yeminimi bozmama neden oldu. (Konu\u015fma yaz\u0131n\u0131n sonuna eklenmi\u015ftir.) Bu konu\u015fma, Sofya \u015eehir Mahkemesi\u2019nin DOST partisini tescil etmeyi kabul etmemesiyle ilgili yap\u0131lm\u0131\u015ft\u0131r. Kasim Dal, L\u00fctfi Mestan\u2019dan konu\u015fmas\u0131n\u0131 \u201c<strong>H\u00d6H parti y\u00f6netiminde kulis ard\u0131 yap\u0131lan (gizli) g\u00f6r\u00fc\u015fmelere kat\u0131ld\u0131\u011f\u0131 d\u00f6nem i\u00e7in bildiklerini a\u00e7\u0131klamas\u0131n\u0131<\/strong>\u201d istiyor.<\/p>\n<p>Bu davet k\u0131\u015fk\u0131rt\u0131c\u0131d\u0131r, \u00e7\u00fcnk\u00fc Dal, L. Mestan\u2019dan a\u00e7\u0131klamada bulunmas\u0131n\u0131 istemezden \u00f6nce, kendisinin <strong>anlatmad\u0131\u011f\u0131 ve gizledi\u011fi<\/strong> bir\u00e7ok soruya cevap vermelidir. O, Do\u011fan\u2019\u0131n kirli i\u015flerinin hepsinde <strong>ma\u015fa ve cell\u00e2t rol\u00fc g\u00f6rd\u00fc\u011f\u00fcnden dolay\u0131 <\/strong>a\u00e7\u0131klamada bulunmak zorundad\u0131r. 1996\u2019dan 2011\u2019e kadar Hak ve \u00d6zg\u00fcrl\u00fckler Partisinde \u201c<strong>i\u015fkence<\/strong>\u201d \u015fubesini y\u00f6neten oydu.<\/p>\n<p>Kas\u0131m Dal daha kom\u00fcnizm y\u0131llar\u0131ndan Ahmet Do\u011fan yak\u0131n dostu olarak \u00fcn yapm\u0131\u015ft\u0131. Fakat neden 1990\u2019da parti kurulurken Do\u011fan onu y\u00f6netime neden davet etmedi de Varna\u2019da b\u0131rakt\u0131?<\/p>\n<p>Do\u011fan\u2019\u0131n ona kar\u015f\u0131 olan tutumuna ra\u011fmen, 1993\u2019te ben onu kendi ekibimden biri gibi, Merkez Operativ B\u00fcro \u00fcyeli\u011fine \u00e7ektim. Bunu yaparken hedefimde olan, Do\u011fan\u2019\u0131n yak\u0131n bir yolda\u015f\u0131 olarak, Kuzey Do\u011fu Bulgaristan\u2019da ba\u015f\u0131ma i\u015f a\u00e7mas\u0131n\u0131 \u00f6nlemekti.<\/p>\n<p>1996\u2019da, ilk kez Sofya d\u0131\u015f\u0131nda d\u00fczenledi\u011fimiz H\u00d6H Ulusal Konferans\u0131nda \u2013 K\u0131rcaali\u2019de \u2013 parti i\u00e7in darbe ger\u00e7ekle\u015ftirilmesini \u00f6nleyen ki\u015fi o oldu. Ahmet Do\u011fan\u2019\u0131n sad\u0131c\u0131 olan, Albay Yordan Yordanov\u2019la birlikte,\u00a0 \u201c<strong>Multi Grup<\/strong>\u201d sopac\u0131lar\u0131n\u0131 kullanarak bir\u00e7ok ki\u015fiyi dayaktan ge\u00e7irdiler. \u00dclkemizin de\u011fi\u015fik b\u00f6lgelerinden gelen heyet ba\u015fkanlar\u0131 ve s\u0131radan \u00fcyelere bask\u0131 uygulayarak parti i\u00e7inde darbe ger\u00e7ekle\u015ftirdiler.<strong> Do\u011fan\u2019\u0131n istedi\u011fi gibi oy kullanmalar\u0131n\u0131 sa\u011flamak, partiyi liderin ve onun iplerini \u00e7ekenlerin aya\u011f\u0131na yat\u0131rmak i\u00e7in delegeleri ka\u00e7\u0131rd\u0131lar, d\u00f6vd\u00fcler, sakatlad\u0131lar, \u015fantaj yapt\u0131lar<\/strong>.<\/p><div id=\"bghab-3280133798\" class=\"bghab-icerik-icine-10-paragraf bghab-entity-placement\"><script async src=\"\/\/pagead2.googlesyndication.com\/pagead\/js\/adsbygoogle.js?client=ca-pub-6203283170189293\" crossorigin=\"anonymous\"><\/script><ins class=\"adsbygoogle\" style=\"display:block; text-align:center;\" data-ad-client=\"ca-pub-6203283170189293\" \ndata-ad-slot=\"7303146466\" \ndata-ad-layout=\"in-article\"\ndata-ad-format=\"fluid\" data-full-width-responsive=\"true\"><\/ins>\n<script> \n(adsbygoogle = window.adsbygoogle || []).push({}); \n<\/script>\n<\/div>\n<p><strong>Hak ve \u00d6zg\u00fcrl\u00fck Hareketi kurucular\u0131ndan 2\u00a0500 (iki bin be\u015f y\u00fcz) ki\u015finin karalanmas\u0131n\u0131 ve parti saflar\u0131ndan uzakla\u015ft\u0131r\u0131lmas\u0131 Do\u011fan\u2019\u0131n iste\u011fi \u00fczere K. Dal taraf\u0131ndan ger\u00e7ekle\u015ftirildi<\/strong>.<\/p>\n<p>Bu ki\u015filer, 5-6 y\u0131l sonra demokratik halk toplulu\u011fu ile kayna\u015fmak amac\u0131yla \u00a0H\u00d6H partisini Birle\u015fik Demokratik G\u00fc\u00e7lerden bir par\u00e7a haline getirdiler.<\/p>\n<p>K\u0131rcaali darbesinden hemen sonra Do\u011fanla birlikte Birle\u015fik Demokratik G\u00fc\u015fler\u2019den ayr\u0131ld\u0131lar ve <strong>\u201cMulti Grub\u201d un bir siyasi tasar\u0131m\u0131 olan<\/strong>, Simeon Sakskoburggotski taraf\u0131ndan y\u00f6netilen ve Stoyan Den\u00e7ev\u2019in sekreteri oldu\u011fu Ulusal Kurtulu\u015f Birli\u011fi (ODS) kurdular. Bu, \u0130van Kostov\u2019un ba\u015fbakan olaca\u011f\u0131 Birle\u015fik Demokratik G\u00fc\u00e7lerin gelecek y\u00f6netimini kontrol etmek amac\u0131yla olu\u015fturulan bir bi\u00e7imlenmeydi.<\/p>\n<p>2000 y\u0131l\u0131nda, Hak ve \u00d6zg\u00fcrl\u00fck Hareketi ile Birle\u015fik Demokratik G\u00fc\u00e7ler y\u00f6netimlerinin Plovdiv bulu\u015fmas\u0131n\u0131n ard\u0131ndan yak\u0131nla\u015fma ve \u00fclkenin demokratik geli\u015fmesi i\u00e7in ortak yol arama yoluna girildi.\u00a0 O zaman, Bulgaristan Sosyalist Partisi (BSP)\u00a0 Ulusal K\u00fclt\u00fcr Saray\u0131 (NDK) B\u00fcy\u00fck Salonu\u2019nda yapt\u0131\u011f\u0131 kurultaya Ahmet Do\u011fan ile Kasim Dal\u2019\u0131 davet etti. Bu ikili o zaman kurultay k\u00fcrs\u00fcs\u00fcnden delegelere o bilinen \u201c<strong>Yolda\u015flar!<\/strong>\u201d hitab\u0131yla alk\u0131\u015flad\u0131lar. O vakit onlar, hi\u00e7bir ba\u015far\u0131 g\u00f6steremeyen sosyal-liberal y\u00f6netim platformuyla ortak BSP-H\u00d6H y\u00f6netimine yelken a\u00e7t\u0131lar. Bu yeni ve asla beklemedi\u011fimiz yeni siyasi \u00e7izginin a\u00e7\u0131klanmas\u0131yla Belitsa kasabas\u0131nda bulunan \u201c<strong>Semkovo<\/strong>\u201d sayfiye merkezinde Merkez Operativ B\u00fcro oturumu \u00e7a\u011f\u0131rd\u0131k. Bu toplant\u0131da A. Do\u011fan susarken, K. Dal herkesin \u00f6n\u00fcnde y\u00fcksek sesle \u015f\u00f6yle dedi: \u201cBen ve Do\u011fan, kom\u00fcnistlerin zulm\u00fcn\u00fc g\u00f6rm\u00fc\u015f ve hapishanede yatm\u0131\u015f ki\u015filer olarak, bize 5-6 bakanl\u0131k verirlerse, bug\u00fcn art\u0131k BSP ile birlikte iktidar olmaya haz\u0131r\u0131z. Meslekta\u015flar\u0131m siz bu i\u015fe neden kar\u015f\u0131 \u00e7\u0131k\u0131yorsunuz?\u201d\u00a0 L\u00fctfi Mestan\u2019\u0131 bug\u00fcn ele\u015ftiren biri olan Dal\u2019\u0131n bu s\u00f6zlerine hayatta olan tan\u0131klar\u0131m\u0131z var: Mustafa Karnobatl\u0131; Kemal Ey\u00fcp; Remzi Osman vb. Biz bu yeni siyaset \u00e7izgisine kesin kararl\u0131 kar\u015f\u0131 koyduk. O zaman Dal kimin siyasi iradesini hayata \u00e7a\u011f\u0131r\u0131yordu? Arkada\u015flar\u0131m BSP ile herhangi bir yak\u0131nla\u015fmaya kesin kar\u015f\u0131 \u00e7\u0131kt\u0131lar. Do\u011fan ile Dal\u2019\u0131n hezimete u\u011frayan kom\u00fcnistlerle ortak senaryosu, 2001\u2019de ba\u015f\u0131m\u0131za, Ulusal Kurtulu\u015f Birli\u011fi patronu \u00c7ar\u0131 getirdi. Simeon\u2019la koalisyon kuran H\u00d6H, son 16 y\u0131lda t\u00fcm olumsuzluklar\u0131 ortaya \u00e7\u0131kan, \u201c<strong>Multi Grup<\/strong>\u201d ve gizli g\u00fc\u00e7lerin h\u00fck\u00fcmetini kurdu. O zaman Kasim Dal, iki s\u00fcre i\u00e7in, meclis devlet organlar\u0131 komisyonu ba\u015fkan yar\u0131mc\u0131s\u0131 oldu. Bu g\u00f6revde bulundu\u011fu y\u0131llarda, Ahmet Do\u011fan\u2019\u0131n iradesine uyarak, Bulgaristan\u2019da bir mafya h\u00fck\u00fcmeti kurulmas\u0131n\u0131 onaylamayanlara kar\u015f\u0131 zorlama ve i\u015fkence etme i\u015flerini bizzat o kendisi y\u00f6netti. <strong>Bu zul\u00fcm devletin b\u00fct\u00fcn g\u00fc\u00e7leri kullan\u0131larak ger\u00e7ekle\u015ftirilmi\u015ftir. B\u00fct\u00fcn bask\u0131 ve zorlama Kasim Dal taraf\u0131ndan koordine edilerek, Ahmet Do\u011fan\u2019\u0131 ele\u015ftiren partiyi kuranlara, Hak ve \u00d6zg\u00fcrl\u00fck Hareketinden kovulanlara kar\u015f\u0131 s\u0131k\u0131\u015ft\u0131rma, soluk ald\u0131rma ve her bak\u0131mdan zorlama i\u015fleri Dal taraf\u0131ndan y\u00f6netilip y\u00f6nlendirildi.<\/strong><\/p>\n<p>Ben burada i\u015fkence etme de\u011fimini kullan\u0131yorum ve bu biraz da \u015f\u00f6yle anla\u015f\u0131lmal\u0131d\u0131r. Do\u011fan\u2019a suikast haz\u0131rl\u0131klar\u0131 g\u00f6r\u00fcld\u00fc\u011f\u00fcne ili\u015fkin tamamen d\u00fczmece, yalan ve uydurma delillerle ve hatta Devlet Ulusal G\u00fcvenlik Ajans\u0131 (DANS) (kar\u015f\u0131 casusluk merkezi) idmanlar\u0131ndan da yararlanarak, kovu\u015fturma, savc\u0131l\u0131k, polis ve vergi kurumlar\u0131 da kullan\u0131larak eziyet edildi. Anlatt\u0131klar\u0131mla ilgili elimde bir\u00e7ok delil ve belge var.<\/p><div id=\"bghab-2817672537\" class=\"bghab-icerik-icine-15-paragraf bghab-entity-placement\"><script async src=\"\/\/pagead2.googlesyndication.com\/pagead\/js\/adsbygoogle.js?client=ca-pub-6203283170189293\" crossorigin=\"anonymous\"><\/script><ins class=\"adsbygoogle\" style=\"display:block; text-align:center;\" data-ad-client=\"ca-pub-6203283170189293\" \ndata-ad-slot=\"7303146466\" \ndata-ad-layout=\"in-article\"\ndata-ad-format=\"fluid\" data-full-width-responsive=\"true\"><\/ins>\n<script> \n(adsbygoogle = window.adsbygoogle || []).push({}); \n<\/script>\n<\/div>\n<p>Ben, Kas\u0131m Dal ve arkada\u015flar\u0131 ve siyasi partiyi kurarken kendisine bask\u0131da bulunulmad\u0131\u011f\u0131 g\u00f6r\u00fc\u015f\u00fcnde de\u011filim. Fakat t\u00fcm bunlar onun kendi elleriyle H\u00d6H i\u00e7inde olu\u015fturdu\u011fu ve 15 sene uygulad\u0131\u011f\u0131 bask\u0131l\u0131 y\u00f6netim modelinden kaynaklanan geli\u015fmelerdi. O, i\u015fte bu nedenler y\u00fcz\u00fcnden de ettiklerinin bedelini \u00f6demek zorundad\u0131r.<\/p>\n<p>Kan\u0131mca, bug\u00fcn \u00fclkemizin d\u00f6rt bir yan\u0131nda, her d\u00fczeyde, partinin kurucusu, yerel y\u00f6neticisi ya da eylemcisi, militan\u0131, ba\u015fka hareketlerden olup taraftar\u0131 olan, fakat \u201cDo\u011fan\u201d modeline kar\u015f\u0131 koyanlara kar\u015f\u0131 H\u00d6H aparat\u0131n\u0131n i\u015fkence etme d\u00fczeyindeki bask\u0131lar\u0131n\u0131 Kas\u0131m Dal en iyi bildi\u011finden dolay\u0131, L. Mestan\u2019\u0131n herhangi bir cevap hakk\u0131 do\u011fmam\u0131\u015ft\u0131r. Mafya y\u00f6netim y\u00f6ntemleridir uygulanan. \u015eimdi ortaya \u00e7\u0131kan \u015f\u00f6yle bir soru var: L\u00fctfi Mestan\u2019a uygunsuz sorular soran Kasim Dal kimin kuyusuna su ta\u015f\u0131yor?\u00a0 Dal, Do\u011fan\u2019\u0131n koltu\u011fu alt\u0131na bir daha m\u0131 sokulmak istiyor, yoksa \u201c<strong>Mult\u0131 Grup<\/strong>\u201d y\u0131llar\u0131ndan kendisine \u00f6denmemi\u015f bor\u00e7lar\u0131 olan, <strong>Stoyan Den\u00e7ev\u2019in sipari\u015flerini mi yerine getiriyor<\/strong>?<\/p>\n<p>Ve Dal, \u201c<strong>Do\u011fan Modeli<\/strong>\u201d ni reddederken samimiydiyse, Hak ve \u00d6zg\u00fcrl\u00fck Hareketinden ayr\u0131ld\u0131ktan sonra, Do\u011fan iradesine ve mafya \u00e7\u0131karlar\u0131na ba\u011f\u0131ml\u0131 k\u0131l\u0131nan, son 26 y\u0131lda ses \u00e7\u0131karmaya hakk\u0131 olmayan bir oy verme makinesi haline getirilen ve bug\u00fcn hala kendi 10 Kas\u0131mlar\u0131n\u0131 sab\u0131rs\u0131zl\u0131kla bekleyen Bulgaristanl\u0131 T\u00fcrkler ve t\u00fcm M\u00fcsl\u00fcmanlar\u0131n hak ve \u00f6zg\u00fcrl\u00fcklerini art\u0131k savunmaya ba\u015flamas\u0131 gerekirdi. Ahmet Do\u011fana ve onun iplerini \u00e7ekenlere kar\u015f\u0131 olan her birimiz, bu insanlar\u0131n hak ve \u00f6zg\u00fcrl\u00fckleri mutlaka savunmak zorunday\u0131z. L\u00fctfi Mestan\u2019a olan ki\u015fisel m\u00fcnasebetine ra\u011fmen Dal,\u00a0 karma b\u00f6lgelerdeki tekele kar\u015f\u0131 ba\u015fkald\u0131ran ve DOST partisi kurarak, farkl\u0131 bir politik geli\u015fme ve kendini ifade etme yolu arayan binlerce Bulgaristan vatanda\u015f\u0131na kar\u015f\u0131 s\u00f6z s\u00f6yleme hakk\u0131na sahip olamaz. DOST partisi kurucular\u0131 aras\u0131nda kom\u00fcnizme ve totalitarizme tekme vurduklar\u0131 gibi \u201cDo\u011fan\u201d \u0131n mafya iktidar\u0131n\u0131 ta tamamen reddeden Hak ve \u00d6zg\u00fcrl\u00fckler Partisi kurucusu, y\u00f6neticisi ve militan\u0131 binlerce demokrat var. Mafya ve onun kollar\u0131na kar\u015f\u0131 ilk ba\u015fkald\u0131ran Mehmet Hoca\u2019n\u0131un ad\u0131n\u0131 anmam yeter de artar.<\/p>\n<p>Ben Kasim Dal\u0131n mevzilerini d\u00fczeltmesini ve Mestan\u2019a bas\u0131n arac\u0131l\u0131\u011f\u0131yla soru sormazdan \u00f6nce H\u00d6H partisinde kovulan, ba\u015flar\u0131na bin bir bela gelen, hayal k\u0131r\u0131kl\u0131\u011f\u0131na u\u011fraya binlerce arkada\u015f\u0131m\u0131za ve b\u00fct\u00fcn Bulgaristan toplumuna \u00e7ok a\u011f\u0131r cevaplar bor\u00e7lu oldu\u011funu unutmamas\u0131 gerekir. Bunlar\u0131n d\u0131\u015f\u0131nda olan her bir \u015fey binlerce vatanda\u015f\u0131 siyasi alternatifsiz b\u0131rak\u0131larak,\u00a0 \u201cDo\u011fal\u201d modelinin betonla\u015ft\u0131r\u0131lmas\u0131 ve bir as\u0131r ya\u015famas\u0131 anlam\u0131ndad\u0131r<\/p>\n<p>***<\/p><div id=\"bghab-2412656350\" class=\"bghab-icerik-icine-20-paragraf bghab-entity-placement\"><script async src=\"\/\/pagead2.googlesyndication.com\/pagead\/js\/adsbygoogle.js?client=ca-pub-6203283170189293\" crossorigin=\"anonymous\"><\/script><ins class=\"adsbygoogle\" style=\"display:block; text-align:center;\" data-ad-client=\"ca-pub-6203283170189293\" \ndata-ad-slot=\"7303146466\" \ndata-ad-layout=\"in-article\"\ndata-ad-format=\"fluid\" data-full-width-responsive=\"true\"><\/ins>\n<script> \n(adsbygoogle = window.adsbygoogle || []).push({}); \n<\/script>\n<\/div>\n<p><strong>Dal: Mestan H\u00d6H y\u0131llar\u0131n\u0131 anlatmak zorundad\u0131r.<\/strong><\/p>\n<p>Biz, \u00d6zg\u00fcrl\u00fck ve \u015eeref Partisi\u2019ni tescil ettirmek i\u00e7in ba\u015fvurdu\u011fumuzda, kaydetme i\u015flemi bilinen ve bilinmeyen nedenlerle aylarca ertelenmi\u015fti. Ama\u00e7lar\u0131, 2013 meclis se\u00e7imlerine kat\u0131lmam\u0131z\u0131 engellemekti. Biz, politik parti tescil i\u015fleminin uzat\u0131ld\u0131\u011f\u0131na \u00f6nceleri de tan\u0131k olmu\u015ftuk. O zaman L. Mestan H\u00d6H Genel Ba\u015fkan yard\u0131mc\u0131s\u0131yd\u0131 ve daha sonra Genel Ba\u015fkan atand\u0131. O, bizim ba\u015f\u0131m\u0131za gelenler de bu arada, parti tescil ettirmek isteyenler, uygun olmayanlar\u0131n ba\u015f\u0131na gelenleri bilmiyor mu? \u015eimdi o kendisi, gizli iktidar\u0131n balyozu alt\u0131ndad\u0131r ve konu\u015fmak zorundad\u0131r! Anlatmal\u0131d\u0131r! H\u00d6H y\u00f6netiminde bulundu\u011fu ve gizli iktidara aktif kat\u0131ld\u0131\u011f\u0131 y\u0131llarla ilgili bildiklerini d\u00f6kmelidir.<\/p>\n<p>Kasim Dal<\/p>\n<p><img data-recalc-dims=\"1\" decoding=\"async\" src=\"https:\/\/i0.wp.com\/www.bghaber.org\/bghaber\/wp-content\/uploads\/2013\/04\/kasim-dal.jpg?w=640\" alt=\"kasim-dal\" \/><\/p>\n<div id=\"bghab-4123150673\" class=\"bghab-yazi-altinda bghab-entity-placement\"><div class=\"bghab-adlabel\">Reklamlar<\/div><script async src=\"https:\/\/pagead2.googlesyndication.com\/pagead\/js\/adsbygoogle.js\"><\/script>\r\n<!-- bghaber-yaz\u0131-sonu -->\r\n<ins class=\"adsbygoogle\"\r\n     style=\"display:block\"\r\n     data-ad-client=\"ca-pub-6203283170189293\"\r\n     data-ad-slot=\"4222328180\"\r\n     data-ad-format=\"auto\"\r\n     data-full-width-responsive=\"true\"><\/ins>\r\n<script>\r\n     (adsbygoogle = window.adsbygoogle || []).push({});\r\n<\/script><\/div><br style=\"clear: both; display: block; float: none;\"\/>","protected":false},"excerpt":{"rendered":"<p>Konu:\u00a0\u00a0 Bizimle ilgili olan \u00fcy\u00fck ger\u00e7eklerin kabu\u011fu hen\u00fcz soyulmad\u0131.\u00a0 \u00a0 \u00a0 \u00a0 \u00a0 \u00a0 \u00a0\u00a0 Hak ve \u00d6zg\u00fcrl\u00fckler Hareketi (H\u00d6H-DPS) partisi par\u00e7aland\u0131k\u00e7a, m\u0131s\u0131r ko\u00e7an\u0131 gibi<\/p>\n","protected":false},"author":13,"featured_media":20100,"comment_status":"closed","ping_status":"closed","sticky":false,"template":"","format":"standard","meta":{"advanced_seo_description":"","jetpack_seo_html_title":"","jetpack_seo_noindex":false,"_jetpack_memberships_contains_paid_content":false,"footnotes":""},"categories":[6],"tags":[],"class_list":["post-20099","post","type-post","status-publish","format-standard","has-post-thumbnail","hentry","category-yorum"],"jetpack_featured_media_url":"https:\/\/i0.wp.com\/www.bghaber.org\/bghaber\/wp-content\/uploads\/2016\/08\/oktay.jpg?fit=619%2C431&ssl=1","jetpack_sharing_enabled":true,"jetpack_likes_enabled":true,"jetpack-related-posts":[],"jetpack_shortlink":"https:\/\/wp.me\/pc2PfJ-5eb","_links":{"self":[{"href":"https:\/\/www.bghaber.org\/bghaber\/wp-json\/wp\/v2\/posts\/20099","targetHints":{"allow":["GET"]}}],"collection":[{"href":"https:\/\/www.bghaber.org\/bghaber\/wp-json\/wp\/v2\/posts"}],"about":[{"href":"https:\/\/www.bghaber.org\/bghaber\/wp-json\/wp\/v2\/types\/post"}],"author":[{"embeddable":true,"href":"https:\/\/www.bghaber.org\/bghaber\/wp-json\/wp\/v2\/users\/13"}],"replies":[{"embeddable":true,"href":"https:\/\/www.bghaber.org\/bghaber\/wp-json\/wp\/v2\/comments?post=20099"}],"version-history":[{"count":0,"href":"https:\/\/www.bghaber.org\/bghaber\/wp-json\/wp\/v2\/posts\/20099\/revisions"}],"wp:featuredmedia":[{"embeddable":true,"href":"https:\/\/www.bghaber.org\/bghaber\/wp-json\/wp\/v2\/media\/20100"}],"wp:attachment":[{"href":"https:\/\/www.bghaber.org\/bghaber\/wp-json\/wp\/v2\/media?parent=20099"}],"wp:term":[{"taxonomy":"category","embeddable":true,"href":"https:\/\/www.bghaber.org\/bghaber\/wp-json\/wp\/v2\/categories?post=20099"},{"taxonomy":"post_tag","embeddable":true,"href":"https:\/\/www.bghaber.org\/bghaber\/wp-json\/wp\/v2\/tags?post=20099"}],"curies":[{"name":"wp","href":"https:\/\/api.w.org\/{rel}","templated":true}]}}