{"id":20092,"date":"2016-08-15T00:13:44","date_gmt":"2016-08-14T21:13:44","guid":{"rendered":"http:\/\/www.bghaber.org\/bghaber\/?p=20092"},"modified":"2016-08-15T00:13:44","modified_gmt":"2016-08-14T21:13:44","slug":"bireysel-emeklilik-donemi","status":"publish","type":"post","link":"https:\/\/www.bghaber.org\/bghaber\/bireysel-emeklilik-donemi\/","title":{"rendered":"Bireysel Emeklilik D\u00f6nemi"},"content":{"rendered":"<p id=\"yui_3_16_0_ym19_1_1471208576581_17498\" class=\"yiv3292123453ecxMsoNormal\">Bireysel Emeklilik Tasarruf ve Yat\u0131r\u0131m Sistemi Kanununda De\u011fi\u015fiklik Yap\u0131lmas\u0131na Dair Kanun Tasar\u0131s\u0131 bu hafta TBMM Genel Kurulu\u2019nda yap\u0131lan g\u00f6r\u00fc\u015fmeler neticesinde yasala\u015ft\u0131.<\/p>\n<p id=\"yui_3_16_0_ym19_1_1471208576581_17494\" class=\"yiv3292123453ecxMsoNormal\">1 Ocak 2017 tarihinden itibaren uygulamaya ge\u00e7ilecek yeni sistemde 45 ya\u015f\u0131n\u0131 doldurmam\u0131\u015f \u00e7al\u0131\u015fanlar i\u015fveren taraf\u0131ndan otomatik olarak Bireysel Emeklilik Sistemi\u2019ne dahil edilecek.<\/p>\n<p id=\"yui_3_16_0_ym19_1_1471208576581_17493\" class=\"yiv3292123453ecxMsoNormal\"><strong id=\"yui_3_16_0_ym19_1_1471208576581_17492\">Kanun ile Bireyse Emeklilik Sistemi\u2019nde \u00f6ng\u00f6r\u00fclen d\u00fczenlemeler \u015f\u00f6yle;<\/strong><\/p>\n<p id=\"yui_3_16_0_ym19_1_1471208576581_17522\" class=\"yiv3292123453ecxMsoNormal\">&#8211; 45 ya\u015f\u0131n\u0131 doldurmam\u0131\u015f \u00fccret kar\u015f\u0131l\u0131\u011f\u0131 ba\u011f\u0131ml\u0131 \u00e7al\u0131\u015fanlar\u0131n 1\/1\/2017 tarihinden itibaren, i\u015fverenin d\u00fczenleyece\u011fi bir emeklilik s\u00f6zle\u015fmesiyle bireysel emeklilik sistemine d\u00e2hil edilmesi ama\u00e7lanmaktad\u0131r.<\/p>\n<p id=\"yui_3_16_0_ym19_1_1471208576581_17523\" class=\"yiv3292123453ecxMsoNormal\">&#8211; Bakanlar Kurulu, bireysel emeklilik sistemine d\u00e2hil edilecek i\u015fyerleri ile \u00e7al\u0131\u015fanlar\u0131 ve bu kapsamdaki uygulama esaslar\u0131n\u0131 belirlemeye yetkili k\u0131l\u0131nmaktad\u0131r.<\/p><div id=\"bghab-624762196\" class=\"bghab-icerik-icine bghab-entity-placement\"><script async src=\"\/\/pagead2.googlesyndication.com\/pagead\/js\/adsbygoogle.js?client=ca-pub-6203283170189293\" crossorigin=\"anonymous\"><\/script><ins class=\"adsbygoogle\" style=\"display:block; text-align:center;\" data-ad-client=\"ca-pub-6203283170189293\" \ndata-ad-slot=\"7303146466\" \ndata-ad-layout=\"in-article\"\ndata-ad-format=\"fluid\" data-full-width-responsive=\"true\"><\/ins>\n<script> \n(adsbygoogle = window.adsbygoogle || []).push({}); \n<\/script>\n<\/div>\n<p class=\"yiv3292123453ecxMsoNormal\">&#8211; \u00c7al\u0131\u015fan katk\u0131 pay\u0131 5510 say\u0131l\u0131 Kanunun 80 inci maddesi kapsam\u0131nda belirlenen prime esas kazanc\u0131n y\u00fczde 3\u2019\u00fcd\u00fcr. Bu oran\u0131 iki kat\u0131na kadar art\u0131rmaya ve y\u00fczde 1\u2019e kadar azaltmaya; ayr\u0131ca katk\u0131 pay\u0131na maktu limit getirmeye Bakanlar Kurulu yetkilidir.<\/p>\n<p class=\"yiv3292123453ecxMsoNormal\">&#8211; Katk\u0131 pay\u0131, en ge\u00e7 \u00e7al\u0131\u015fan\u0131n \u00fccretinin \u00f6deme g\u00fcn\u00fcn\u00fc takip eden i\u015f g\u00fcn\u00fc i\u015fveren taraf\u0131ndan \u015firkete aktar\u0131lacakt\u0131r. \u00c7al\u0131\u015fan, s\u00f6zle\u015fmede belirlenen tutardan daha y\u00fcksek bir tutarda kesinti yap\u0131lmas\u0131n\u0131 i\u015fverenden talep edebilecektir. \u00c7al\u0131\u015fan pay\u0131n\u0131n zaman\u0131nda yat\u0131r\u0131lmamas\u0131 halinde, \u00e7al\u0131\u015fan\u0131n kayb\u0131ndan i\u015fveren sorumlu olacakt\u0131r.<\/p>\n<p class=\"yiv3292123453ecxMsoNormal\">&#8211; \u00c7al\u0131\u015fan, emeklilik plan\u0131na d\u00e2hil oldu\u011funun kendisine bildirildi\u011fi tarihi takip eden iki ay i\u00e7erisinde s\u00f6zle\u015fmeden vazge\u00e7ebilecektir. Bu durumda \u00f6denen katk\u0131 paylar\u0131 ve yat\u0131r\u0131m gelirleri 10 i\u015f g\u00fcn\u00fc i\u00e7erisinde \u00e7al\u0131\u015fana iade edilecektir. \u015eirket cayma s\u00fcresince \u00f6denen katk\u0131 paylar\u0131n\u0131n de\u011fer kaybetmemesini sa\u011flayacak \u015fekilde fon y\u00f6netiminden sorumlu tutulmaktad\u0131r. \u00c7al\u0131\u015fan, Hazine M\u00fcste\u015farl\u0131\u011f\u0131nca belirlenen hallerde katk\u0131 pay\u0131 \u00f6demesine ara verilmesini talep edebilecektir.<\/p>\n<p id=\"yui_3_16_0_ym19_1_1471208576581_17524\" class=\"yiv3292123453ecxMsoNormal\">&#8211; \u00c7al\u0131\u015fan, i\u015f de\u011fi\u015ftirdi\u011fi takdirde yeni i\u015fyerinde bu kapsamda bir emeklilik plan\u0131 uygulanmakta ise o sisteme haklar\u0131 ve y\u00fck\u00fcml\u00fcl\u00fckleri ile birlikte d\u00e2hil olacak; e\u011fer uygulanm\u0131yor ise talebi halinde \u00f6nceki i\u015fyerinde d\u00fczenlenmi\u015f s\u00f6zle\u015fme kapsam\u0131nda katk\u0131 pay\u0131 \u00f6demeye devam edebilecek; talep etmez ise emeklilik s\u00f6zle\u015fmesi sonland\u0131r\u0131lacakt\u0131r.<\/p>\n<p class=\"yiv3292123453ecxMsoNormal\">&#8211; Sistemin mevcut halinde \u00e7al\u0131\u015fanlar\u0131n \u00f6dedi\u011fi katk\u0131 pay\u0131na eklenen y\u00fczde 25 oran\u0131nda Devlet katk\u0131s\u0131, bu sistemde de ge\u00e7erli olacak; ayr\u0131ca \u00e7al\u0131\u015fan\u0131n cayma hakk\u0131n\u0131 kullanmamas\u0131 ve Devlet katk\u0131s\u0131n\u0131 hak etmesi halinde \u00e7al\u0131\u015fana sisteme giri\u015fte bir defaya mahsus olmak \u00fczere 1.000 T\u00fcrk Liras\u0131 ilave Devlet katk\u0131s\u0131 sa\u011flanacakt\u0131r. Bakanlar Kurulu bu tutar\u0131 yar\u0131s\u0131na kadar art\u0131rmaya ve azaltmaya yetkilidir.<\/p><div id=\"bghab-3032670831\" class=\"bghab-icerik-icine-10-paragraf bghab-entity-placement\"><script async src=\"\/\/pagead2.googlesyndication.com\/pagead\/js\/adsbygoogle.js?client=ca-pub-6203283170189293\" crossorigin=\"anonymous\"><\/script><ins class=\"adsbygoogle\" style=\"display:block; text-align:center;\" data-ad-client=\"ca-pub-6203283170189293\" \ndata-ad-slot=\"7303146466\" \ndata-ad-layout=\"in-article\"\ndata-ad-format=\"fluid\" data-full-width-responsive=\"true\"><\/ins>\n<script> \n(adsbygoogle = window.adsbygoogle || []).push({}); \n<\/script>\n<\/div>\n<p class=\"yiv3292123453ecxMsoNormal\">&#8211; Emeklilik hakk\u0131n\u0131n kullan\u0131lmas\u0131 durumunda birikimini en az 10 y\u0131ll\u0131k gelir sigortas\u0131 s\u00f6zle\u015fmesi kapsam\u0131nda almay\u0131 tercih eden \u00e7al\u0131\u015fana, birikiminin y\u00fczde 5\u2019i kar\u015f\u0131l\u0131\u011f\u0131 ilave Devlet katk\u0131s\u0131 sa\u011flanacakt\u0131r.<\/p>\n<p id=\"yui_3_16_0_ym19_1_1471208576581_17525\" class=\"yiv3292123453ecxMsoNormal\">&#8211; Sistem \u00c7al\u0131\u015fma ve Sosyal G\u00fcvenlik Bakanl\u0131\u011f\u0131nca denetlenecektir. Denetimler kapsam\u0131nda tespit edilen her bir ihlal i\u00e7in 100 TL idari para cezas\u0131 uygulanacakt\u0131r.<\/p>\n<p class=\"yiv3292123453ecxMsoNormal\">Milletimize hay\u0131rl\u0131 olmas\u0131n\u0131 temennisiyle, iyi g\u00fcnler dilerim.<\/p>\n<div id=\"yiv3292123453Signature\">\n<div id=\"yui_3_16_0_ym19_1_1471208576581_17527\">\n<div style=\"text-align: right;\"><b>Av.B\u00fclent TURAN<\/b><\/div>\n<div style=\"text-align: right;\"><sub><span style=\"font-family: Cambria, serif; font-size: medium;\"><b>\u00c7anakkale Milletvekili<\/b><\/span><\/sub><\/div>\n<div id=\"yui_3_16_0_ym19_1_1471208576581_17530\" style=\"text-align: right;\"><sub><span style=\"font-family: Cambria, serif; font-size: medium;\"><b>AK Parti Grup Ba\u015fkanvekili<\/b><\/span><\/sub><\/div>\n<\/div>\n<\/div>\n<div id=\"bghab-2046866210\" class=\"bghab-yazi-altinda bghab-entity-placement\"><div class=\"bghab-adlabel\">Reklamlar<\/div><script async src=\"https:\/\/pagead2.googlesyndication.com\/pagead\/js\/adsbygoogle.js\"><\/script>\r\n<!-- bghaber-yaz\u0131-sonu -->\r\n<ins class=\"adsbygoogle\"\r\n     style=\"display:block\"\r\n     data-ad-client=\"ca-pub-6203283170189293\"\r\n     data-ad-slot=\"4222328180\"\r\n     data-ad-format=\"auto\"\r\n     data-full-width-responsive=\"true\"><\/ins>\r\n<script>\r\n     (adsbygoogle = window.adsbygoogle || []).push({});\r\n<\/script><\/div><br style=\"clear: both; display: block; float: none;\"\/>","protected":false},"excerpt":{"rendered":"<p>Bireysel Emeklilik Tasarruf ve Yat\u0131r\u0131m Sistemi Kanununda De\u011fi\u015fiklik Yap\u0131lmas\u0131na Dair Kanun Tasar\u0131s\u0131 bu hafta TBMM Genel Kurulu\u2019nda yap\u0131lan g\u00f6r\u00fc\u015fmeler neticesinde yasala\u015ft\u0131. 1 Ocak 2017 tarihinden<\/p>\n","protected":false},"author":13,"featured_media":0,"comment_status":"closed","ping_status":"closed","sticky":false,"template":"","format":"standard","meta":{"advanced_seo_description":"","jetpack_seo_html_title":"","jetpack_seo_noindex":false,"_jetpack_memberships_contains_paid_content":false,"footnotes":""},"categories":[9],"tags":[],"class_list":["post-20092","post","type-post","status-publish","format-standard","hentry","category-ekonomi"],"jetpack_featured_media_url":"","jetpack_sharing_enabled":true,"jetpack_likes_enabled":true,"jetpack-related-posts":[],"jetpack_shortlink":"https:\/\/wp.me\/pc2PfJ-5e4","_links":{"self":[{"href":"https:\/\/www.bghaber.org\/bghaber\/wp-json\/wp\/v2\/posts\/20092","targetHints":{"allow":["GET"]}}],"collection":[{"href":"https:\/\/www.bghaber.org\/bghaber\/wp-json\/wp\/v2\/posts"}],"about":[{"href":"https:\/\/www.bghaber.org\/bghaber\/wp-json\/wp\/v2\/types\/post"}],"author":[{"embeddable":true,"href":"https:\/\/www.bghaber.org\/bghaber\/wp-json\/wp\/v2\/users\/13"}],"replies":[{"embeddable":true,"href":"https:\/\/www.bghaber.org\/bghaber\/wp-json\/wp\/v2\/comments?post=20092"}],"version-history":[{"count":0,"href":"https:\/\/www.bghaber.org\/bghaber\/wp-json\/wp\/v2\/posts\/20092\/revisions"}],"wp:attachment":[{"href":"https:\/\/www.bghaber.org\/bghaber\/wp-json\/wp\/v2\/media?parent=20092"}],"wp:term":[{"taxonomy":"category","embeddable":true,"href":"https:\/\/www.bghaber.org\/bghaber\/wp-json\/wp\/v2\/categories?post=20092"},{"taxonomy":"post_tag","embeddable":true,"href":"https:\/\/www.bghaber.org\/bghaber\/wp-json\/wp\/v2\/tags?post=20092"}],"curies":[{"name":"wp","href":"https:\/\/api.w.org\/{rel}","templated":true}]}}