{"id":20084,"date":"2016-08-12T22:55:45","date_gmt":"2016-08-12T19:55:45","guid":{"rendered":"http:\/\/www.bghaber.org\/bghaber\/?p=20084"},"modified":"2016-08-13T00:01:33","modified_gmt":"2016-08-12T21:01:33","slug":"yapilacak-cok-is-var","status":"publish","type":"post","link":"https:\/\/www.bghaber.org\/bghaber\/yapilacak-cok-is-var\/","title":{"rendered":"Yap\u0131lacak \u00c7ok \u0130\u015f Var"},"content":{"rendered":"<p><img data-recalc-dims=\"1\" loading=\"lazy\" decoding=\"async\" class=\"\" src=\"https:\/\/i0.wp.com\/www.bghaber.org\/bghaber\/wp-content\/uploads\/2013\/07\/Nedim-Birinci1.jpg?resize=118%2C141\" alt=\"Dr. Nedim Birinci\" width=\"118\" height=\"141\" \/>\u00a0\u00a0Dr.Nedim B\u0130R\u0130NC\u0130<\/p>\n<p>Konu<strong>: Milliyet\u00e7ili\u011fimiz birli\u011fimizden g\u00f6\u00e7 al\u0131r.<\/strong><\/p>\n<p><strong>Bir T\u00fcrk, bir T\u00fcrk\u2019\u00fc daima sevmeli ve korumal\u0131d\u0131r.<\/strong><\/p>\n<p><strong>Bir T\u00fcrk, bir T\u00fcrk\u2019\u00fc onun bunun iste\u011fi i\u00e7in ele vermemeli, itip kakmamal\u0131d\u0131r.<\/strong><\/p>\n<p><strong style=\"line-height: 1.5;\">Borisov: \u201cBulgaristan T\u00fcrkiye Cumhuriyeti ile en iyi ili\u015fkiler geli\u015ftirmek zorundad\u0131r\u201d.<\/strong><\/p><div id=\"bghab-4021947320\" class=\"bghab-icerik-icine bghab-entity-placement\"><script async src=\"\/\/pagead2.googlesyndication.com\/pagead\/js\/adsbygoogle.js?client=ca-pub-6203283170189293\" crossorigin=\"anonymous\"><\/script><ins class=\"adsbygoogle\" style=\"display:block; text-align:center;\" data-ad-client=\"ca-pub-6203283170189293\" \ndata-ad-slot=\"7303146466\" \ndata-ad-layout=\"in-article\"\ndata-ad-format=\"fluid\" data-full-width-responsive=\"true\"><\/ins>\n<script> \n(adsbygoogle = window.adsbygoogle || []).push({}); \n<\/script>\n<\/div>\n<p>Bizim Deliorman\u2019\u0131n K\u0131z\u0131l Burun (Ruyno) ad\u0131nda bir k\u00f6yce\u011fizi vard\u0131r. Bu k\u00f6yde 1879\u2019dan beri s\u00f6ylenen t\u00fcrk\u00fcler vard\u0131r. K\u00f6y\u00fcn k\u0131zlar\u0131 bu t\u00fcrk\u00fclerimizi bilir, k\u00f6ye gelen gelinler de \u00f6\u011frenir. T\u00fcm yasaklara ra\u011fmen, i\u00e7ten veya sesiz ama hep s\u00f6ylenen bir t\u00fcrk\u00fclerimiz K\u0131z\u0131l burun k\u00f6yl\u00fclerinin ruhundad\u0131r, bak\u0131\u015f\u0131n\u0131 ve y\u00fcr\u00fcy\u00fc\u015f\u00fcn\u00fc belirleyendir. K\u00f6y, \u00a0\u201c<strong>Demir Baba<\/strong>\u201d tekkesine yak\u0131nd\u0131r. Bu t\u00fcrbede yap\u0131lan \u015fenliklerde misafirler bu k\u00f6y\u00fcn k\u0131zlar\u0131n\u0131n s\u00f6yledi\u011fi t\u00fcrk\u00fclerle kar\u015f\u0131lan\u0131r ve u\u011furlan\u0131r. T\u00fcrk\u00fclerimiz menek\u015fe, s\u00fcmb\u00fcl, g\u00fcl, sevda, a\u015fk ve ayr\u0131l\u0131k,\u00a0 ac\u0131 ve tatl\u0131 \u00fcst\u00fcne olsa da, her motifte derin bir insan ve vatan sevgisi, s\u0131la hasreti, T\u00fcrk\u00fcn eri\u015filmez y\u00fcceli\u011fi ve doldurulamaz g\u00f6n\u00fcl b\u00fcy\u00fckl\u00fc\u011f\u00fc dile gelir. T\u00fcrk\u00fc s\u00f6ylenen yerde ba\u011flama \u00e7al\u0131n\u0131r. Ozanlar hep k\u00f6\u015fe ba\u015f\u0131nda, sahnede, onurlu bir yerdedir. Bu k\u00f6yde genelde \u015fark\u0131lar\u0131 ba\u011flamac\u0131 Mesut Tunal\u0131\u2019n\u0131n en iyi seslendirdi\u011fi anlat\u0131l\u0131r.<\/p>\n<p>Uzun bir giri\u015ften sonra \u015f\u00f6yle ba\u015flar Tunal\u0131:<\/p>\n<p><strong>\u00dczerimize ate\u015f d\u00fc\u015ft\u00fc<\/strong><\/p>\n<p><strong>Ah, ne zaman s\u00f6ner?<\/strong><\/p>\n<p>Bu ate\u015f, 138 y\u0131l \u00f6nce d\u00fc\u015fm\u00fc\u015ft\u00fcr ve yand\u0131k\u00e7a yanm\u0131\u015ft\u0131r. \u0130nsan\u0131n, soyunun, k\u00f6y\u00fcn\u00fcn \u00fczerine ate\u015f d\u00fc\u015fmesi iyilik ve hay\u0131r alameti de\u011fildir. Bizde d\u00f6rt \u00e7al\u0131 tutu\u015fsa Bulgar itfaiyesi gelir s\u00f6nd\u00fcr\u00fcr, sarn\u0131\u00e7larla su ta\u015f\u0131r, helikopterlerden su atar, trakt\u00f6rler ate\u015f alan\u0131n\u0131 f\u0131r dola s\u00fcrer, eline k\u00fcrek alan \u00fczerine vura vura kurba\u011fa, kertenkele, y\u0131lan ezer gibi ezerek s\u00f6nd\u00fcr\u00fcr de, bizim g\u00f6nl\u00fcm\u00fcze d\u00fc\u015fen y\u00fcrek ac\u0131 hep s\u00f6nd\u00fcr\u00fclemez, ona benzin at\u0131l\u0131r f\u0131rsat olduk\u00e7a, s\u00f6nmesi i\u00e7in bir \u015feycik yap\u0131lmaz, yakan ac\u0131s\u0131 seyredilir\u2026<\/p><div id=\"bghab-703534428\" class=\"bghab-icerik-icine-10-paragraf bghab-entity-placement\"><script async src=\"\/\/pagead2.googlesyndication.com\/pagead\/js\/adsbygoogle.js?client=ca-pub-6203283170189293\" crossorigin=\"anonymous\"><\/script><ins class=\"adsbygoogle\" style=\"display:block; text-align:center;\" data-ad-client=\"ca-pub-6203283170189293\" \ndata-ad-slot=\"7303146466\" \ndata-ad-layout=\"in-article\"\ndata-ad-format=\"fluid\" data-full-width-responsive=\"true\"><\/ins>\n<script> \n(adsbygoogle = window.adsbygoogle || []).push({}); \n<\/script>\n<\/div>\n<p>T\u00fcrk\u00fcn\u00fcn g\u00f6nl\u00fc tam doldurdu\u011fu an,<\/p>\n<p>\u00f6yle bir vurur ki Tunal\u0131 tellerine ba\u011flaman\u0131n, uyuklayan da ba\u015f kald\u0131r\u0131r ve \u015fu nakarat\u0131 dinler:<\/p>\n<p><strong>Kopard\u0131lar beni Osmanl\u0131&#8217;mdan<\/strong>,<\/p>\n<p><strong>Kopard\u0131lar beni T\u00fcrkiye\u2019mden<\/strong> ve sonunda yeni bir son darbeyle tellere,<\/p>\n<p><strong>Kopard\u0131lar beni anavatan\u0131mdan<\/strong>, der ozan ve i\u015fte o zaman yan\u0131k bo\u011faz\u0131ndaki yan\u0131k ses tellerinin \u00e7ok derinlerine iner, s\u00f6z\u00fcn bitti yerde g\u00f6zleri bo\u015fan\u0131r\u2026<\/p><div id=\"bghab-1234357375\" class=\"bghab-icerik-icine-15-paragraf bghab-entity-placement\"><script async src=\"\/\/pagead2.googlesyndication.com\/pagead\/js\/adsbygoogle.js?client=ca-pub-6203283170189293\" crossorigin=\"anonymous\"><\/script><ins class=\"adsbygoogle\" style=\"display:block; text-align:center;\" data-ad-client=\"ca-pub-6203283170189293\" \ndata-ad-slot=\"7303146466\" \ndata-ad-layout=\"in-article\"\ndata-ad-format=\"fluid\" data-full-width-responsive=\"true\"><\/ins>\n<script> \n(adsbygoogle = window.adsbygoogle || []).push({}); \n<\/script>\n<\/div>\n<p>Sizlere anlatmak istedi\u011fim ger\u00e7ek, i\u015fte bu T\u00fcrk\u00fcdeki milliyet\u00e7iliktir. O b\u00fcy\u00fck bir ac\u0131m\u0131zdan do\u011fmu\u015ftur. Bir as\u0131r bi\u00e7imlenmi\u015ftir. Hezimetler bir de\u011fil iki de\u011fil, her biri ruhsal ve manevi uyan\u0131\u015f\u0131m\u0131z\u0131 etkilemi\u015ftir. Milliyet\u00e7ilik \u00e7ekirde\u011fimizin patlamas\u0131 ise, g\u00f6kte yerde dola\u015fan sonsuz bir umudun sesleni\u015finde uyanm\u0131\u015f ve Gazi Osman Pa\u015fa Mar\u015f\u0131\u2019n\u0131n nakarat\u0131 kula\u011fa her yer ho\u015f gelmi\u015ftir:<\/p>\n<p><strong>Tuna nehri Akmam diyor<\/strong><\/p>\n<p><strong>Etraf\u0131m\u0131 y\u0131kmam diyor<\/strong><\/p>\n<p><strong>\u015ean\u0131 b\u00fcy\u00fck Osman Pa\u015fa<\/strong><\/p>\n<p><strong>Plevne\u2019den \u00e7\u0131kmam diyor<\/strong><\/p><div id=\"bghab-3332533411\" class=\"bghab-icerik-icine-20-paragraf bghab-entity-placement\"><script async src=\"\/\/pagead2.googlesyndication.com\/pagead\/js\/adsbygoogle.js?client=ca-pub-6203283170189293\" crossorigin=\"anonymous\"><\/script><ins class=\"adsbygoogle\" style=\"display:block; text-align:center;\" data-ad-client=\"ca-pub-6203283170189293\" \ndata-ad-slot=\"7303146466\" \ndata-ad-layout=\"in-article\"\ndata-ad-format=\"fluid\" data-full-width-responsive=\"true\"><\/ins>\n<script> \n(adsbygoogle = window.adsbygoogle || []).push({}); \n<\/script>\n<\/div>\n<p>Kader bu! G\u00fcn geldi hem etraf\u0131m\u0131z\u0131 y\u0131kt\u0131k, hem de Plevne\u2019den \u00e7\u0131kt\u0131k. \u00d6yle bir trajedi (fecaat) ya\u015fad\u0131k ki, yaralar\u0131m\u0131z\u0131 sarabildik de, s\u0131z\u0131lar s\u0131zl\u0131yor. Rus \u00e7izmesi alt\u0131nda ezilen, Moskov k\u0131l\u0131c\u0131ndan ka\u00e7an, Bulgar \u00e7etelerinin sat\u0131r\u0131ndan, devlet zulm\u00fcnden, fa\u015fizm ve totalitarizm ter\u00f6r\u00fcnden kurtulmaya \u00e7al\u0131\u015fan T\u00fcrk halk\u0131n\u0131n iniltisi var tarihimizde. \u00a0Edirne ve \u0130stanbul&#8217;a ak\u0131n edenlerin, arkada kalanlar\u0131n T\u00fcrk ruhunu canl\u0131 tutma \u00e7abalar\u0131 devam ediyor. T\u00fcrk dokusunu yaratamadan koruma \u00e7abalar\u0131d\u0131r bunlar. T\u00fcrk kalmak, T\u00fcrk kimli\u011fi yaratmak, T\u00fcrk gibi do\u011fup, T\u00fcrk gibi \u00f6lmek! Milliyet\u00e7ili\u011fimizi olu\u015ftururken bir de do\u011fru d\u00fcr\u00fcst bi\u00e7imlendirmek i\u00e7in durmadan ve bezmeden \u00e7aba g\u00f6sterildi. Ezilmi\u015fli\u011fimizin hat\u0131ralar\u0131, y\u00fcceli\u011fimiz-de \u015fahlan\u0131\u015f suyu oldu. Ba\u015f\u0131m\u0131z\u0131 dik tutmaya b\u00f6yle al\u0131\u015ft\u0131k.<\/p>\n<p>Karde\u015f\u00e7e beraberli\u011fimizin alt dokusu olan T\u00fcrk milliyet\u00e7ili\u011fimiz \u00e7ok a\u011f\u0131r ko\u015fullarda, ba\u011fr\u0131m\u0131zdan avucumuz i\u00e7ine do\u011fan, g\u00f6z bebe\u011fimiz gibi korudu\u011fumuz k\u0131ymetlimizdir o. Tuna k\u0131y\u0131s\u0131nda, Deliorman\u2019da, b\u00fct\u00fcn Rumeli\u2019ye do\u011fdu. Osmanl\u0131dan kopup Bulgar elinde kalman\u0131n ac\u0131s\u0131yla d\u00fcnyaya geldi. Misyonu T\u00fcrk ruhumuzu ya\u015fatmak, g\u00fc\u00e7lendirmek ve y\u00fcceltmekti. \u00a0Y\u00fcreklerde tutu\u015fan bir ate\u015fti. K\u0131v\u0131lc\u0131mlar alevlendi. Git gide kor ve k\u00f6z olduk. Bu geli\u015fimde sanat\u0131m\u0131z milliyet\u00e7i ruhumuzu s\u00f6nmekten korudu. Zaman geldi sazlar\u0131n telleri ocak ma\u015fas\u0131 oldu, ate\u015fimizi zamana g\u00f6md\u00fc. Zaman geldi k\u00f6zlerin \u00fcst\u00fcn\u00fc a\u00e7t\u0131, hava alan k\u00f6zler k\u0131v\u0131lc\u0131mland\u0131, yeniden parlad\u0131. Ve biz \u015fimdi ba\u011fla tellerine ayar verilen bir zaman kesiminde ya\u015f\u0131yoruz. B\u00fcy\u00fck davam\u0131zda halk ozanlar\u0131m\u0131z\u0131n, ayd\u0131nlar\u0131m\u0131z\u0131n, \u00f6\u011fretmenlerimizin ve t\u00fcm g\u00f6n\u00fcl dostlar\u0131m\u0131z\u0131n rol\u00fc s\u00f6zle anlat\u0131lamaz, paha bi\u00e7ilemezdir. Yeni a\u00e7\u0131l\u0131ma canlar pahas\u0131na, kurbanlar vererek ula\u015f\u0131lm\u0131\u015ft\u0131r.<\/p>\n<p>Milliyet\u00e7ilik particilik de\u011fildir. Milliyet\u00e7ilik Bulgar devletinin k\u00f6y\u00fcm\u00fcze kadar asfalt yol \u00e7ekmesi ya da T\u00fcrk k\u00f6y\u00fcnde Bulgar okulunu a\u00e7\u0131k tutmas\u0131 da de\u011fildir. Bulgaristan T\u00fcrk Milliyet\u00e7ili\u011fi d\u00fc\u015fmanl\u0131ksa asla de\u011fildir. Ba\u015fka birisini rahats\u0131z etmek ise akl\u0131m\u0131zdan ge\u00e7memi\u015ftir. Bizim millet\u00e7ili\u011fimiz d\u00fc\u015fmanl\u0131k i\u00e7ermez. \u00d6rnek olmak vard\u0131r \u00f6z\u00fcnde. D\u00fc\u015fmanl\u0131k g\u00fcden kimse ba\u015fkas\u0131na emsal olamaz. Biz kendi oca\u011f\u0131m\u0131zda \u0131s\u0131nmak istiyoruz. \u00d6z gelenek ve ananelerimizle, bin y\u0131ll\u0131k alt dokusu olan \u00f6zg\u00fcn k\u00fclt\u00fcr\u00fcm\u00fczle, din ve dilimizle, \u00f6rf ve adetlerimizle, kendi ellerimiz ve akl\u0131m\u0131zla yarataca\u011f\u0131m\u0131z g\u00fczeller g\u00fczeli medeniyetimizle ya\u015famak istiyoruz.<\/p>\n<p><strong>Hangi partide var b\u00f6yle bir program! Hi\u00e7 birisinde!<\/strong><\/p>\n<p>Son aylarda moda olan DOSTLUK s\u00f6ylevi de bo\u015f i\u015f, saman harman\u0131. Yak\u0131na kadar bizi ezenlerden dostluk dilenmemiz bizi haysiyetsiz d\u00fc\u015f\u00fcr\u00fcr. Onlar\u0131n hi\u00e7 birinin bizimle dost olmaya niyeti yok, bizim zorumuz ne. Bizim y\u00fcceli\u011fimiz kendi g\u00f6lgemizin b\u00fcy\u00fck olmas\u0131ndad\u0131r.<\/p><div id=\"bghab-3062964096\" class=\"bghab-icerik-icine-25-paragraf bghab-entity-placement\"><script async src=\"\/\/pagead2.googlesyndication.com\/pagead\/js\/adsbygoogle.js?client=ca-pub-6203283170189293\" crossorigin=\"anonymous\"><\/script><ins class=\"adsbygoogle\" style=\"display:block; text-align:center;\" data-ad-client=\"ca-pub-6203283170189293\" \ndata-ad-slot=\"7303146466\" \ndata-ad-layout=\"in-article\"\ndata-ad-format=\"fluid\" data-full-width-responsive=\"true\"><\/ins>\n<script> \n(adsbygoogle = window.adsbygoogle || []).push({}); \n<\/script>\n<\/div>\n<p><strong>T\u00fcrk milletinin g\u00f6lgesi gibi g\u00f6lge, ba\u015fkas\u0131nda yoktur.<\/strong><\/p>\n<p>Burada mutlaka \u00fczerinde durulmas\u0131 gereken bir husus da \u015fudur. Biz Bulgaristanl\u0131 M\u00fcsl\u00fcman T\u00fcrkler olarak kendi dairemiz i\u00e7inde bir b\u00fct\u00fcnd\u00fck. Ne var ki bir de biz bu 138 y\u0131l i\u00e7inde, \u00f6nce Bulgar Prensli\u011fi\u2019nde, ard\u0131ndan Bulgar \u00c7arl\u0131\u011f\u0131nda ve sonra da Bulgaristan Halk Cumhuriyetinde ve \u015fimdi Bulgaristan Cumhuriyeti\u2019nde bir OLU\u015eTURUCU \u00d6\u011eEYD\u0130K. Olu\u015fturdu\u011fumuz milliyet\u00e7ilik ve Bulgaristan T\u00fcrk\u00fc kimli\u011fi bu a\u00e7\u0131dan farkl\u0131l\u0131klar ve n\u00fcanslar g\u00f6stermi\u015ftir. Bir yandan etnik ve k\u00fclt\u00fcrel varl\u0131\u011f\u0131m\u0131z\u0131 \u00e7ok zor ko\u015fullarda korumaya \u00e7al\u0131\u015f\u0131rken, ayn\u0131 zamanda \u00f6z\u00fc anti-T\u00fcrk, anti-\u0130slam ve anti-T\u00fcrkiye zehrine band\u0131r\u0131lm\u0131\u015f olan Bulgar milliyet\u00e7ili\u011fiyle de yan yana olmak, hatta Bulgar devlet siyasetinde olu\u015fturucu unsur oldu\u011fumuzu beyan etmek zorundayd\u0131k. Bu \u015f\u00f6yle anla\u015f\u0131lmal\u0131d\u0131r. Dedelerimiz ve babalar\u0131m\u0131z fa\u015fist Bulgaristan\u2019da askerlik yapm\u0131\u015ft\u0131r. Deliorman\u2019dan silah alt\u0131na al\u0131nan T\u00fcrkler 1912\u2019de Edirne\u2019ye \u201c\u015eumi Maritsa\u201d ( <strong>F\u0131\u015f\u0131rda sen Meri\u00e7<\/strong>) veya \u201cKray Bosfpra \u015fum se diga\u201d (<strong>Bo\u011fazda h\u0131\u015f\u0131rt\u0131 var<\/strong>) mar\u015flar\u0131yla g\u00f6nderilmi\u015ftir. 1908\u2019den 1945\u2019e kadar ruhunda T\u00fcrk d\u00fc\u015fmanl\u0131\u011f\u0131 olan bu mar\u015flar T\u00fcrklere de okulda ve k\u0131\u015flada zorunlu olarak \u00f6\u011fretilmi\u015ftir. Yani biz bir taraftan \u201c<strong>\u00fczerimize d\u00fc\u015fen ate\u015fin<\/strong>\u201d alt\u0131na g\u00f6m\u00fclm\u00fc\u015fken, ayn\u0131 zamanda hayatta kalmaya gerekli nefesi alabilmek i\u00e7in Bulgar devletini zorla soluttu\u011fu havay\u0131 nefes etmek zorundayd\u0131. Bu arada ya\u015fad\u0131\u011f\u0131m\u0131z ata yadigar\u0131 topraklar\u0131n, bayra\u011f\u0131n, devlet s\u0131n\u0131rlar\u0131n\u0131n ve buna benzer ortak de\u011ferlerin t\u00fcm\u00fcne sayg\u0131 g\u00f6stermeyi kabul etmi\u015ftik. Buradaki \u00e7eli\u015fkiyi, genel olan ile somut olan aras\u0131nda aramal\u0131y\u0131z. Genel olan Anayasa\u2019da, 1979 Anayasas\u0131nda, 1908 Anayasas\u0131nda, 1948 Anayasas\u0131nda hatta 1992 Anayasam\u0131zda sanki her \u015fey normal gibi g\u00f6r\u00fcnse, insan haklar\u0131 ve az\u0131nl\u0131klar haklar\u0131 a\u00e7\u0131s\u0131ndan Bulgaristan uluslararas\u0131 y\u00fck\u00fcml\u00fckleri yerine getirmeyi kabullenmi\u015f gibi g\u00f6r\u00fcnse de, somut uygulamaya yans\u0131ma olmam\u0131\u015ft\u0131r. Bu Anayasalar\u0131n hepsinde vatanda\u015flara e\u011fitim \u00f6\u011frenim hakk\u0131 tan\u0131yan devlet, bunu ancak Bulgar dilinde \u00f6n g\u00f6r\u00fcp uygulatm\u0131\u015f, az\u0131nl\u0131klar\u0131 ana dillerinden, edebiyat ve tarihlerinden, \u00f6z k\u00fclt\u00fcr ve dinlerinden uzak tutulmaya \u00e7al\u0131\u015f\u0131lm\u0131\u015ft\u0131r. Bu gibi \u00e7ok \u00f6rnekler verilebilir. S\u00f6z\u00fcn \u00f6z\u00fc, genel olan Bulgar \u00f6zle doldurulup Bulgar milli \u015fekli al\u0131rken, ayn\u0131 \u00f6z\u00fcnde i\u00e7inde yer alan etnik az\u0131nl\u0131klar\u0131n \u00f6zg\u00fcn kimli\u011fi \u00f6zs\u00fcz ve \u015fekilsiz b\u0131rak\u0131larak, devaml\u0131 eritilmeye \u00e7al\u0131\u015f\u0131lm\u0131\u015ft\u0131r. Bu s\u00fcrecin i\u00e7inde isimleri de\u011fi\u015ftirilen, dil ve dinleri yasaklanan, k\u00fclt\u00fcrleri ve dahil olduklar\u0131 medeniyet unutturulan az\u0131nl\u0131klar 1989 May\u0131s\u0131nda ayaklanm\u0131\u015ft\u0131r, yani b\u00fct\u00fcn patlam\u0131\u015ft\u0131r. Yerine getireninin\u00a0de \u201c<strong>Bulgar Etnik Modeli<\/strong>\u201d de bug\u00fcn art\u0131k anlams\u0131zla\u015fm\u0131\u015ft\u0131r.<\/p>\n<p>\u0130lk d\u00f6nemlerde bizim milli duygular\u0131m\u0131z \u015fekillenememi\u015f ve zay\u0131ft\u0131. 1878 Berlin Konferans\u0131, dedelerimize sanki \u201c<strong>aman rahats\u0131z olmay\u0131n, haklar\u0131n\u0131z garanti alt\u0131na al\u0131nm\u0131\u015ft\u0131r, Bulgar Prensli\u011fi i\u00e7inde ya\u015farken bir \u015fey yapmasan\u0131z da olur<\/strong>\u201d demi\u015f. Ve belki de bu y\u00fczden, bizimkilerden \u201c<strong>Arkada\u015f ben T\u00fcrk\u00fcm! Yasal haklar\u0131m\u0131 isterim!<\/strong>\u201d deyip aya\u011fa kalkan pek olmam\u0131\u015ft\u0131r. Osmanl\u0131yla yeniden bulu\u015fmam\u0131z i\u00e7in Sultanlar \u0130slamc\u0131l\u0131k, M\u00fcsl\u00fcmanc\u0131l\u0131k, Turanc\u0131l\u0131k dese de bizde derin k\u00f6k salmam\u0131\u015ft\u0131r. Kendimizi aray\u0131p bulu\u015fumuz okulla\u015f\u0131rken,\u00a0 \u00f6\u011fretmen dernekleri kurdu\u011fumuzda, kentli gen\u00e7lerin fiz k\u00fclt\u00fcr derneklerinde, Alt\u0131n Ordu birimlerinde, cami enc\u00fcmenliklerinde ve \u00f6zellikle de sanat topluluklar\u0131 ve \u00f6zenci sanat gruplar\u0131n\u0131n sahneleri doldurmaya ba\u015flad\u0131\u011f\u0131 zamanlar dirilmi\u015ftir.<\/p>\n<p>O d\u00f6nemler \u00e7\u0131kan T\u00fcrk\u00e7e gazeteler, dergiler bu \u00e7abalarda \u00f6nemli rol g\u00f6rm\u00fc\u015ft\u00fcr. D\u0131\u015f etki hep T\u00fcrkiye\u2019den beklenmi\u015f ve gelmi\u015ftir. T\u00fcrkiye ile Bulgar \u00c7arl\u0131\u011f\u0131 aras\u0131ndaki anla\u015fmalar sonucu Sumnu\u2019da N\u00fcvvab Y\u00fcksek Din okulun a\u00e7\u0131lmas\u0131, Sofya\u2019da Ba\u015f M\u00fcft\u00fcl\u00fc\u011f\u00fcm\u00fcz\u00fcn ve \u0130\u015f M\u00fcft\u00fcl\u00fcklerimizin kurulmas\u0131yla ilk etnik yap\u0131lanmam\u0131z ger\u00e7ekle\u015fmi\u015ftir.<\/p>\n<p>Milli \u015fuurumuz geli\u015ferek kendimizi M\u00fcsl\u00fcman T\u00fcrkler olarak hissetmeye ancak egemenlik duygular\u0131m\u0131z\u0131 kaybetmi\u015f olmam\u0131z\u0131n sonu\u00e7lar\u0131n\u0131 g\u00f6rd\u00fck\u00e7e duyumsad\u0131k. 1912\u2019de M\u00fcsl\u00fcman Pomaklar\u0131n isim ve dinlerine sald\u0131r\u0131 T\u00fcrklerde \u201c<strong>ne oluyor<\/strong>\u201d etkisi yapt\u0131. Bulgaristanl\u0131 M\u00fcsl\u00fcman T\u00fcrklerin 1912-13\u2019te Edirne ve Makedonya sava\u015flar\u0131na s\u00fcr\u00fclmesi, \u00f6z milliyet\u00e7ili\u011fimizi derledi toparlad\u0131.<\/p><div id=\"bghab-3059039349\" class=\"bghab-icerik-icine-30-paragraf bghab-entity-placement\"><script async src=\"\/\/pagead2.googlesyndication.com\/pagead\/js\/adsbygoogle.js?client=ca-pub-6203283170189293\" crossorigin=\"anonymous\"><\/script><ins class=\"adsbygoogle\" style=\"display:block; text-align:center;\" data-ad-client=\"ca-pub-6203283170189293\" \ndata-ad-slot=\"7303146466\" \ndata-ad-layout=\"in-article\"\ndata-ad-format=\"fluid\" data-full-width-responsive=\"true\"><\/ins>\n<script> \n(adsbygoogle = window.adsbygoogle || []).push({}); \n<\/script>\n<\/div>\n<p>Fakat milliyet\u00e7ilik ayn\u0131 zamanda bir ideolojidir. Bulgaristan\u2019da ya\u015fasak da biz Bulgar milliyet\u00e7isi olamazd\u0131k. \u0130dari ve siyasi ba\u011f\u0131ms\u0131zl\u0131m\u0131z i\u00e7in sava\u015fmam\u0131za ko\u015ful ve g\u00fcc\u00fcm\u00fcz yoktu. T\u00fcrk milleti ruhuna ve \u0130slam inanc\u0131na s\u0131ms\u0131k\u0131 sar\u0131larak kendimizi aramaya devam ettik. Okullar\u0131m\u0131z ve di\u011fer ayd\u0131nlanma ocaklar\u0131m\u0131z \u00f6zg\u00fcn milliyet\u00e7ili\u011fimizi me\u015fale edenleri \u00f6ne \u00e7ekti. S\u00f6z ustas\u0131 Osman K\u0131l\u0131\u00e7 gibi y\u00fczlerle \u00f6nc\u00fc kadro yeti\u015fti. G\u00f6\u00e7ler en ayd\u0131n ruhlar\u0131 al\u0131p g\u00f6t\u00fcrmeye devam etse de arkadan gelen alay bo\u015f kalan yerleri doldurdu.<\/p>\n<p>T\u00fcrkiye\u2019deki geli\u015fmeler, T\u00fcrk milliyet\u00e7ili\u011fi Avrupa&#8217;daki son milliyet\u00e7iliklerden biri olsa da,\u00a0 Bulgaristan T\u00fcrklerinde \u00f6zg\u00fcn milliyet\u00e7ilik bi\u00e7imlenmesini ola\u011fan\u00fcst\u00fc etkilemi\u015ftir. Nam\u0131k Kemal, Mehmet Arif Ersoy, Yahya Kemal, S\u00fcleyman S\u0131rr\u0131 ve Mustafa Kemal Atat\u00fcrk gibi tarihsel fig\u00fcrler sahneye \u00e7\u0131kmas\u0131yla bizim milliyet\u00e7ili\u011fimiz de alevlendi. Bu geli\u015fmelerde Bulgar ve S\u0131rplar\u0131n Balkan M\u00fcsl\u00fcmanlar\u0131n\u0131 s\u00fcrekli g\u00f6\u00e7e zorlamas\u0131, Ruslar\u0131n Anadolu Ermenilerini silahland\u0131rmas\u0131 vb. milliyet\u00e7ili\u011fimizin peki\u015fmesinde d\u0131\u015f etken olmu\u015ftur. Bulgaristanl\u0131 T\u00fcrklerin milliyet\u00e7ili\u011fi Bulgar milliyet\u00e7i ve \u0131rk\u00e7\u0131l\u0131\u011f\u0131na, fa\u015fizmine, kom\u00fcnist totaliter diktat\u00f6rl\u00fc\u011f\u00fcne her zaman kar\u015f\u0131 do\u011fmu\u015f, geli\u015fmi\u015f ve \u00f6d\u00fcn vermeden ayakta durmak i\u00e7im amans\u0131z sava\u015fm\u0131\u015ft\u0131r.<\/p>\n<p>Bulgaristan T\u00fcrkleri milliyet\u00e7ili\u011finin g\u00fc\u00e7lenmesinde \u015fu olaylar\u0131n etkisi son derece belirleyicidir:\u00a0 Sakarya ve \u00c7anakkale Sava\u015flar\u0131, d\u0131\u015f d\u00fc\u015fman omurgas\u0131n\u0131n k\u0131r\u0131lmas\u0131, TBMM\u2019ini a\u00e7\u0131lmas\u0131 ve T\u00fcrkiye Cumhuriyeti\u2019nin ilan edilmesi gibi tarihsel olaylar Bulgaristan T\u00fcrklerinin do\u011fru milliyet\u00e7ilikte bulu\u015fmas\u0131na temel olmu\u015ftur. \u201c<strong>Ne mutlu T\u00fcrk\u00fcm deyene<\/strong>!\u201d milli bilincini onlar da benimsemi\u015ftir. D\u0131\u015fa d\u00f6n\u00fck T\u00fcrk milliyet\u00e7ili\u011finin sald\u0131rgan, kom\u015fular\u0131na ve di\u011fer halklara tehdit olu\u015fturan, korku sa\u00e7an bir ideoloji \u015feklinde bi\u00e7imlenmesine set olan d\u00fcnya g\u00f6r\u00fc\u015f\u00fc ise Atat\u00fcrk\u2019\u00fcn \u201c<strong>Yurtta Bar\u0131\u015f D\u00fcnyada Bar\u0131\u015f<\/strong>\u201d slogan\u0131 ve T\u00fcrkiye\u2019nin d\u0131\u015f siyaseti oldu. Her zaman her yerde iyi kom\u015fuluk, ho\u015fg\u00f6r\u00fc, diyalog ve yararl\u0131 i\u015fbirli\u011fi arand\u0131. G\u00f6\u00e7menlerimiz hakk\u0131nda \u201c<strong>Muhacirler, kaybedilmi\u015f topraklar\u0131m\u0131z\u0131n canl\u0131 hat\u0131ralar\u0131d\u0131r<\/strong>!\u201d diyen B\u00fcy\u00fck Atat\u00fcrk\u2019\u00fcn s\u00f6zleri hem soyda\u015flar\u0131m\u0131z\u0131 hem de memleketimizde kalanlar\u0131m\u0131z\u0131 devaml\u0131 y\u00fcreklendirdi. Hele de 1912\u2019de H\u0131ristiyanla\u015ft\u0131r\u0131lan M\u00fcsl\u00fcman Pomaklar\u0131n Atat\u00fcrk\u2019\u00fcn \u015fahsi oyun kuruculu\u011fuyla geri al\u0131nmas\u0131; 1923\u2019te Razgrat\u2019a T\u00fcrklere yap\u0131lan sald\u0131r\u0131lar\u0131n yine Atat\u00fcrk\u2019\u00fcn m\u00fcdahalesi sonucu hemen durdurulmas\u0131 vb. somut olaylar ile T.C. devlet ve h\u00fck\u00fcmet ba\u015fkanlar\u0131n\u0131n Bulgaristan T\u00fcrkleri \u00f6n\u00fcnde yapt\u0131\u011f\u0131 konu\u015fmalar onlar\u0131 \u00e7ok etkilemi\u015f ve y\u00fcreklendirmi\u015ftir. Son 300 y\u0131ldan beri T\u00fcrk devletinin stratejik hatt\u0131 m\u00fcdafaa \u00fczerine belirlendi\u011finde T\u00fcrkiye bizi Bulgar devletine kar\u015f\u0131 k\u0131\u015fk\u0131rtmam\u0131\u015ft\u0131r. Biz Bulgarlara kar\u015f\u0131 hi\u00e7bir zaman onlar\u0131 yok etme stratejisi geli\u015ftirmedik. Bunu asla g\u00fcndem etmedik. Bu bir yok olmaya g\u00f6t\u00fcrd\u00fc\u011f\u00fcnden 1989\u2019da ayakland\u0131k. Ayaklanm\u0131\u015f olmam\u0131z bizim milli bilincimizin olu\u015ftu\u011funa i\u015farettir ve bundan sonra Bulgar devlet yap\u0131s\u0131 ve siyasetinde ger\u00e7ekten hak etti\u011fimiz yeri almak i\u00e7in m\u00fccadele etmek zorunda olaca\u011f\u0131z. \u00dczerimize d\u00fc\u015fen ate\u015f ba\u015fka t\u00fcrl\u00fc s\u00f6nd\u00fcr\u00fclemez.<\/p>\n<p>Bu geli\u015fmeler ve bunlar\u0131n 4 ku\u015fak devam etti\u011fi d\u00fc\u015f\u00fcn\u00fcld\u00fc\u011f\u00fcnde, ad\u0131na Avrupa dedi\u011fimiz \u015fu eski k\u0131tada ba\u015fka bi\u00e7 bir milli az\u0131nl\u0131\u011f\u0131n, etnik toplulu\u011fun, kendi ahlak\u0131, gelenek g\u00f6renekleri, ya\u015fay\u0131\u015f tarz\u0131, \u00f6zg\u00fcn k\u00fclt\u00fcr\u00fc ve medeniyet zirveleri olan g\u00fczelim insanlar\u0131n \u00e7ekti\u011fini ba\u015fka kimse \u00e7ekmemi\u015ftir.<\/p>\n<p>\u00d6nceleri bana, bir milli az\u0131nl\u0131k toplulu\u011funun korunmas\u0131 i\u00e7in mutlaka milliyet\u00e7ilik gerekti\u011fini s\u00f6yleselerdi, inan\u0131n\u0131z inanmazd\u0131m. Bizim d\u00fcnya g\u00f6r\u00fc\u015f\u00fc mayam\u0131za, enternasyonalizm suyu a\u015f\u0131lanm\u0131\u015ft\u0131. Bunun anlam\u0131 \u015fudur: bize \u201c<strong>maske<\/strong>\u201d takt\u0131rm\u0131\u015flard\u0131. Hayat La Fonten masallar\u0131ndaki hayvanlar\u0131n maskeli balosuna benzemi\u015fti. Biz balodaki tilkilerin iyi niyetli oldu\u011funu sanm\u0131\u015ft\u0131k. Maskeli horoza \u201c<strong>tilkiden ka\u00e7ma<\/strong>\u201d diyen bizdik. Sanki ac\u0131kan kurt kuzuyu yemeyecekti. \u00d6yle bir sahte hava yarat\u0131lm\u0131\u015ft\u0131 ki, kimseye bir \u015fey deyemiyorduk, demek yasakt\u0131. \u00c7\u00fcnk\u00fc kendi maskemizi kendimiz se\u00e7mi\u015f ve takm\u0131\u015ft\u0131k, bunu bir k\u00f6r \u00e7ivi gibi kendi kafam\u0131za kendimiz \u00e7akm\u0131\u015ft\u0131k. Okul, k\u00fclt\u00fcr ve toplum de\u011ferleri hep bu y\u00f6nde \u00e7al\u0131\u015f\u0131yordu. Teker teker de\u011fil toptan ve ebediyen yok oldu\u011fumuzu g\u00f6rd\u00fc\u011f\u00fcm\u00fcz g\u00fcne kadar bu b\u00f6yleydi. Asl\u0131nda bug\u00fcn de durumda fazla bir de\u011fi\u015fiklik yok. Hedeflerinde milli kimli\u011fimizi, T\u00fcrk benli\u011fimizi eritip bitirmek var. Art\u0131k Bulgaristan\u2019da iki anadilden s\u00f6z ediliyor. \u00c7ocuk zihninin dil \u00f6\u011frenmeye en elveri\u015fli oldu\u011fu ya\u015flar\u0131n 2 ile 4 ya\u015f aras\u0131nda oldu\u011funu bildiklerinden, zorunlu dil Bulgarca olan kre\u015f ve anaokulu programlar\u0131yla T\u00fcrk ailelerin \u00e7ocuklar\u0131n\u0131 kre\u015flerde topluyorlar. \u00d6z anadilimizin \u00f6\u011frenilmesine engel \u00fcst\u00fcne engel yarat\u0131l\u0131rken, s\u00f6zde ikinci anadil olan Bulgarca b\u00fcy\u00fck bir bask\u0131 ve zorlamayla birinci anadil olarak dayat\u0131l\u0131yor. Bu da bir tilkilik tabii! La Fonten masallar\u0131ndaki a\u00e7 kurtlar\u0131n sivri di\u015fleriyle korku sal\u0131n\u0131yor\u2026 Dilsizle\u015ftirilmemiz sonumuza i\u015farettir. \u00dczerimize d\u00fc\u015fen yeni ate\u015f budur.<\/p><div id=\"bghab-3909434880\" class=\"bghab-icerik-icine-35-paragraf bghab-entity-placement\"><script async src=\"\/\/pagead2.googlesyndication.com\/pagead\/js\/adsbygoogle.js?client=ca-pub-6203283170189293\" crossorigin=\"anonymous\"><\/script><ins class=\"adsbygoogle\" style=\"display:block; text-align:center;\" data-ad-client=\"ca-pub-6203283170189293\" \ndata-ad-slot=\"7303146466\" \ndata-ad-layout=\"in-article\"\ndata-ad-format=\"fluid\" data-full-width-responsive=\"true\"><\/ins>\n<script> \n(adsbygoogle = window.adsbygoogle || []).push({}); \n<\/script>\n<\/div>\n<p>B\u00f6yle bir ortamda kuzunun kurda, horozun tilkiye, tav\u015fan\u0131n ev k\u00f6pe\u011fine kar\u015f\u0131 kendini koruma refleksi geli\u015ftirmesine gerek yoktu. \u00c7\u00fcnk\u00fc yani ya\u015fad\u0131\u011f\u0131m\u0131z toplum horoza horozlu\u011funu, kuzuya kuzulu\u011funu, tav\u015fana da tav\u015fanl\u0131\u011f\u0131n\u0131 unutturuyor ve hepsini Bulgar milli davas\u0131na kurban olmaya haz\u0131rl\u0131yordu. Yani T\u00fcrk\u00fc de T\u00fcrkl\u00fc\u011f\u00fcn\u00fc ve M\u00fcsl\u00fcmanl\u0131\u011f\u0131n\u0131 unutmaya itiliyordu. Ba\u015fka bir de\u011fi\u015fle T\u00fcrklerin, \u00c7ingenelerin ve Pomaklar\u0131n kendi kimliklerini korumas\u0131na gerek olmad\u0131\u011f\u0131 a\u015f\u0131land\u0131k\u00e7a, onlar uyu\u015fturulduklar\u0131n\u0131 fark edemez olduklar\u0131ndan tilki, kurt ve av k\u00f6pe\u011fiyle \u201c<strong>karde\u015fli\u011fi<\/strong>\u201d kabullenmeye ba\u015flam\u0131\u015flard\u0131. Bu, stratejik bir oyundu ve kurucular\u0131 ne yapt\u0131klar\u0131n\u0131 bildiklerinden paraya para demiyorlard\u0131. Son hedefte T\u00fcrk kimli\u011fini aforoz edip unutturmak vard\u0131. Bu olay\u0131 g\u00fcn\u00fcm\u00fczde T\u00fcrkiye devletini y\u0131kmak, Cumhurba\u015fkan\u0131 Say\u0131n R.T. Erdo\u011fan\u2019\u0131 \u00f6ld\u00fcrmek, TBMM\u2019ni bombalay\u0131p Cumhuriyeti ve demokrasiyi g\u00f6mmek, devletimizi ve vatan\u0131m\u0131z\u0131 paralamak ve bir kemik gibi emperyalizmin a\u00e7 k\u00f6peklerinin \u00f6n\u00fcne atma denemesinde 15 Temmuzda bir daha g\u00f6rd\u00fck. Bi\u00e7im olarak bir askeri darbe te\u015febb\u00fcs\u00fcyd\u00fc. Ba\u015far\u0131l\u0131 olsayd\u0131 bizim Bulgaristanl\u0131 T\u00fcrk Milliyet\u00e7ili\u011fimiz de bitmi\u015f anlam\u0131na gelirdi. \u00d6l\u00fcmc\u00fcl toslad\u0131lar. \u015eimdi Bulgaristan\u2019daki a\u011flar\u0131n\u0131 da \u00e7\u00f6kertmek ve k\u00f6klerini kurutmak zaman\u0131d\u0131r. Cemaatin bizdeki imam ba\u015flar\u0131ndan Abdullah B\u00fcy\u00fck\u2019in T\u00fcrkiye\u2019ye iadesine Bulgar milliyet\u00e7i kesiminden gelen tepki, i\u00e7lerindeki s\u00f6nmeyen d\u00fc\u015fmanl\u0131\u011f\u0131n ne kadar derin oldu\u011funu ve hatta T\u00fcrkiye d\u00fc\u015fman\u0131 olan herkesi dost bildiklerini ve korumaya haz\u0131r olduklar\u0131n\u0131 kan\u0131tlad\u0131.<\/p>\n<p>Bizim Bulgaristanl\u0131 T\u00fcrk milliyet\u00e7isi olmam\u0131zda d\u0131\u015fa d\u00f6n\u00fck ger\u00e7ek\u00e7i propagandas\u0131na yo\u011funluk kazand\u0131ran \u201c<strong>T\u00fcrkiye\u2019nin Sesi Radyosu<\/strong>\u201d ve di\u011fer yay\u0131nlar ola\u011fan\u00fcst\u00fc b\u00fcy\u00fck rol oynad\u0131. Bug\u00fcn T.C. TV yay\u0131nlar\u0131 milliyet\u00e7ili\u011fimizi besliyor. Asl\u0131nda Bulgaristanl\u0131 M\u00fcsl\u00fcman T\u00fcrkler T\u00fcrkiye devletinin arkalar\u0131nda oldu\u011funu, zor g\u00fcnde onlar\u0131 asla k\u00f6r kadere terk etmeyece\u011fini, d\u00fc\u015fman pen\u00e7esinde b\u0131rakmayaca\u011f\u0131n\u0131 b\u00fcy\u00fcn y\u0131llarda iyi biliyorlard\u0131.<\/p>\n<p>Ozan Mesut Tunal\u0131\u2019n\u0131n saz\u0131 bize \u201c<strong>\u00fczerimize bir ate\u015f d\u00fc\u015ft\u00fc<\/strong>\u201d hat\u0131rlamas\u0131nda bulunurken, 1878\u2019den beri \u00f6z karde\u015flerimiz olan Bulgaristanl\u0131 T\u00fcrk M\u00fcsl\u00fcmanlar\u0131n ba\u015f\u0131na ne geldiyse her \u015fey bu ate\u015fin devaml\u0131 yanmas\u0131na ba\u011fl\u0131d\u0131r. Bu ate\u015fi k\u00f6r\u00fckleyenler, \u00a0T\u00fcrkl\u00fc\u011f\u00fcm\u00fcz\u00fc yok etmek, bizi vatan bildi\u011fimiz topraklardan s\u00f6k\u00fcp atmak ve m\u00fcmk\u00fcn olmayan\u0131 yap\u0131p bir daha oralara d\u00f6nmemizi engellemek isteyen fa\u015fistler ve kom\u00fcnistler oldu. Bug\u00fcn bu hainli\u011fin H\u00d6H eliyle yap\u0131ld\u0131\u011f\u0131na tan\u0131k oluyoruz.<\/p>\n<p>La Fonten masallar\u0131 ise, aman aldanmay\u0131n, ne tilkiye, ne kurda ne de av k\u00f6peklerine asla yakla\u015fmay\u0131n uyar\u0131s\u0131nda bulunmak i\u00e7in yaz\u0131lm\u0131\u015f ve nesilden nesle anlat\u0131lm\u0131\u015ft\u0131r.<\/p>\n<p>Ve b\u00fct\u00fcn bu olup bitenin i\u00e7inde tilkinin m\u0131rlamas\u0131, k\u00f6pe\u011fin havlamas\u0131 ve kurdun ulumas\u0131 oldu\u011fu gibi, ba\u011flama tellerinin de ayar\u0131 vard\u0131r. Bu ayar\u0131 bozmadan ya\u015fatmak bizim milliyet\u00e7ili\u011fimizde d\u00fc\u011f\u00fcmlenmi\u015ftir. D\u00fcnyada kar\u0131ncaya yol veren, yolda g\u00f6rd\u00fc\u011f\u00fc k\u0131r\u0131klar\u0131 kald\u0131r\u0131p kenara koyan, ilk ve son lokmas\u0131n\u0131 her zaman b\u00f6l\u00fc\u015fmeye haz\u0131r olan karde\u015flerimiz, ba\u015fkas\u0131n\u0131n tavu\u011funa \u201c<strong>k\u0131\u015f<\/strong>\u201d, k\u00f6pe\u011fine \u201c<strong>ho\u015f<\/strong>\u201d demeden ya\u015famaya al\u0131\u015fm\u0131\u015f olduklar\u0131 i\u00e7in, onlar\u0131n genine milliyet\u00e7ilikle dokunmam\u0131z \u00e7ok zor olmu\u015ftu. Bu bak\u0131mdan milliyet\u00e7ili\u011fimiz birle\u015fmemizin form\u00fcl\u00fc olarak geli\u015fip g\u00fc\u00e7lenirken, zaman zaman \u201c<strong>seccademi serebildi\u011fim yer vatan\u0131md\u0131r<\/strong>\u201d anlay\u0131\u015f\u0131yla daralm\u0131\u015ft\u0131. G\u00f6\u00e7ler aras\u0131nda milli \u015fuurlar\u0131 dumura u\u011frayanlar anavatan kayg\u0131s\u0131 g\u00fctmemeye ba\u015flarken, \u201c<strong>vatan sevgisi imandad\u0131r<\/strong>\u201d ilkesini de yok saymaya ba\u015flam\u0131\u015flard\u0131. \u015eu da vard\u0131: \u201c<strong>Her \u015fey bizim, neyi kimden koruyal\u0131m<\/strong>\u201d \u00a0gibi \u00f6z\u00fcnde \u201c<strong>\u00fcmmet\u00e7ilik<\/strong>\u201d olan anlay\u0131\u015f biz art\u0131k egemenli\u011fimizi kaybetmi\u015fiz, topraklar\u0131m\u0131z istila edilmi\u015f, Osmanl\u0131dan kopar\u0131lm\u0131\u015f, ba\u015fka bir stat\u00fcdeyiz, yeni ortamda kimli\u011fimiz kabul edilmiyor, siyasi hayattan uzakla\u015ft\u0131r\u0131l\u0131yoruz, devlet dili de\u011fi\u015fse ne olur?\u00a0\u00a0 M\u00fcsl\u00fcmanl\u0131k kenara itildik\u00e7e H\u0131ristiyanl\u0131k \u00f6ne \u00e7\u0131kt\u0131. Sava\u015flar kaybedilir, kazan\u0131l\u0131r \u201c<strong>bize ne<\/strong>, <strong>devlet i\u015fine zaten ak\u0131l ermez<\/strong>!\u201d gibi g\u00f6r\u00fc\u015fler \u00e7ok derin k\u00f6kler salm\u0131\u015ft\u0131. Umursamazl\u0131k yarat\u0131l\u0131rken kimli\u011fimizi eritme s\u00fcreci ba\u015flam\u0131\u015ft\u0131. T\u00fcrk milliyet\u00e7ili\u011fiyle kendimizi koruyal\u0131m, milliyet\u00e7ilik temelinde kayna\u015f\u0131p birle\u015felim, egemen olma d\u00fcnya g\u00f6r\u00fc\u015f\u00fcn\u00fc yitirdik, az\u0131nl\u0131k dokusunda bulu\u015fal\u0131m g\u00f6r\u00fc\u015fleri belirse de uygulanmas\u0131 ve yeni bir bak\u0131\u015f a\u00e7\u0131s\u0131, yeni de\u011fer yarg\u0131lar\u0131, T.C. kurulmadan T\u00fcrkiye\u2019yi \u00f6rnek olarak arama bilinci zor geli\u015fti. Biz bug\u00fcn B\u00fcy\u00fck T\u00fcrkiye\u2019nin etki alan\u0131nda bulunuyoruz ve Do\u011fuda y\u00fckselen yeni medeniyet dalgas\u0131 bizi mutlaka kucaklayacakt\u0131r. Art\u0131k hepimiz hi\u00e7bir \u015feyin eskisi gibi olmayaca\u011f\u0131na inan\u0131yoruz.<\/p><div id=\"bghab-3692196531\" class=\"bghab-icerik-icine-40-paragraf bghab-entity-placement\"><script async src=\"\/\/pagead2.googlesyndication.com\/pagead\/js\/adsbygoogle.js?client=ca-pub-6203283170189293\" crossorigin=\"anonymous\"><\/script><ins class=\"adsbygoogle\" style=\"display:block; text-align:center;\" data-ad-client=\"ca-pub-6203283170189293\" \ndata-ad-slot=\"7303146466\" \ndata-ad-layout=\"in-article\"\ndata-ad-format=\"fluid\" data-full-width-responsive=\"true\"><\/ins>\n<script> \n(adsbygoogle = window.adsbygoogle || []).push({}); \n<\/script>\n<\/div>\n<p>Avrupa 1789 Frans\u0131z Devriminden sonra milliyet\u00e7ili\u011fi ayn\u0131 millet ve dinden olan insanlar\u0131n kayna\u015fmas\u0131nda <strong>birle\u015ftirici unsur<\/strong> olarak kullan\u0131rken, bizde bu tohumlar sa\u00e7\u0131lmak istense de bitmedi. \u0130nsanlar\u0131m\u0131z en y\u00fcksek eserlerin d\u00fc\u015fman kan\u0131yla yaz\u0131l\u0131m\u0131 oldu\u011funa inanmad\u0131. Bulgar devletinin bizi T\u00fcrkiye\u2019ye kar\u015f\u0131 devaml\u0131 k\u0131\u015fk\u0131rtarak \u015fahland\u0131rmaya \u00e7al\u0131\u015fmas\u0131, kafa kar\u0131\u015ft\u0131rd\u0131, ruhumuzu yaralad\u0131. Biz Bulgaristanl\u0131 M\u00fcsl\u00fcman T\u00fcrkler olarak, Bulgar devleti taraf\u0131ndan ayr\u0131\u015ft\u0131r\u0131c\u0131l\u0131k unsuru olarak kullan\u0131ld\u0131k. Ahmet Do\u011fan \u201c<strong>Bulgar Etnik Modeli<\/strong>\u201d siyasetiyle bu \u00a0\u00e7izgiye devam etti. \u00a0Bug\u00fcn Bulgarlarla aram\u0131z a\u00e7\u0131kt\u0131r. Hi\u00e7bir Bulgar partisiyle ba\u011fla\u015f\u0131kl\u0131k kuramad\u0131k. H\u00d6H-DOST ve \u00d6zg\u00fcrl\u00fck ve \u015eeref partisi olarak par\u00e7aland\u0131k ve birbirimize d\u00fc\u015f\u00fcr\u00fcld\u00fck. Politik itibar\u0131m\u0131z giderek azal\u0131yor. Bunun i\u00e7in sorunlar\u0131m\u0131z\u0131n \u00e7\u00f6z\u00fclmesinde etki alan\u0131nda Bulundu\u011fumuz B\u00fcy\u00fck T\u00fcrkiye\u2019ye umutla bak\u0131yoruz.<\/p>\n<p>Son y\u0131llarda kar\u015f\u0131m\u0131za bir de sol ve sa\u011f Bulgar milliyet\u00e7ili\u011fi \u00e7\u0131kt\u0131. Hedeflerinde olan biz M\u00fcsl\u00fcman T\u00fcrkleriz. Ger\u00e7eklerden korkuyorlar. Bulgar toplumunun ruhen \u00e7\u00f6kt\u00fc\u011f\u00fcn\u00fc s\u00f6yleyemiyorlar. Ekonomik ve mali \u00e7\u00f6k\u00fc\u015f\u00fc kabul etmiyorlar. En k\u00f6t\u00fcs\u00fc de B\u00fcy\u00fck T\u00fcrkiye at\u0131l\u0131mlar\u0131n\u0131n etki alan\u0131nda bulunmalar\u0131 kendilerini \u00e7ok rahats\u0131z ediyor. \u00d6zellikle Avrupa Birli\u011fi\u2019nin g\u00fc\u00e7l\u00fc T\u00fcrkiye\u2019den \u00e7ekinmesi, Birle\u015fik Amerika\u2019n\u0131n ise 15 Temmuz darbe kalk\u0131\u015fmas\u0131n\u0131n ard\u0131nda durdu\u011funun g\u00fcn \u0131\u015f\u0131\u011f\u0131na \u00e7\u0131kmas\u0131, Bulgaristan gibi hangi tarafa sar\u0131laca\u011f\u0131n\u0131 bilemeyen \u00fclkelerin kafas\u0131n\u0131 iyice kar\u0131\u015ft\u0131rd\u0131.<\/p>\n<p>Bulgar milliyet\u00e7ileri bildiklerini okumaya devam etsin, son iki y\u0131lda meydana gelen Balkanlar ve Avrupa durumunda, hele de Suriye sava\u015f\u0131ndan gelen s\u0131\u011f\u0131nmac\u0131 bask\u0131s\u0131 neticesinde, Bulgaristan var olmaya devam eden bir devlet ve \u00fclke kalmak istiyorsa, \u201c<strong>T\u00fcrkiye Cumhuriyeti ile en iyi ili\u015fkiler geli\u015ftirmek zorundad\u0131r<\/strong>\u201d. Bu s\u00f6zler Ba\u015fbakan B. Boris taraf\u0131ndan 12 A\u011fusto sabah\u0131 TV yay\u0131nlar\u0131nda dile getirilmi\u015ftir. Demek oluyor ki, bizim i\u00e7in de bu durum, 138 y\u0131ldan beri elde edemedi\u011fimiz hak ve \u00f6zg\u00fcrl\u00fcklerimizi en iyi \u015fekilde talep edip elde etme zaman\u0131d\u0131r. \u201c<strong>\u00dczerimize d\u00fc\u015fen ate\u015fi<\/strong>\u201d kald\u0131r\u0131p s\u00f6nd\u00fcrebiliriz. Hakk\u0131, \u00f6zg\u00fcrl\u00fc\u011f\u00fc, dili, dini, k\u00fclt\u00fcr\u00fc, gelene\u011fi g\u00f6rene\u011fi olmayan bir az\u0131nl\u0131kla kimse kom\u015fuluk etmek, kayna\u015fmak, ortakl\u0131k yapmak istemez. Ba\u015fka bir millerin k\u00fclt\u00fcr\u00fc de hi\u00e7bir kimseye k\u00fclt\u00fcr olmaz ve y\u00fcz g\u00fcld\u00fcrmez. Bunun i\u00e7in o DOST -\u00e7ular falan art\u0131k l\u00fctfen d\u00fc\u015f\u00fcnmeye ba\u015flas\u0131nlar.<\/p>\n<div id=\"bghab-1947252451\" class=\"bghab-yazi-altinda bghab-entity-placement\"><div class=\"bghab-adlabel\">Reklamlar<\/div><script async src=\"https:\/\/pagead2.googlesyndication.com\/pagead\/js\/adsbygoogle.js\"><\/script>\r\n<!-- bghaber-yaz\u0131-sonu -->\r\n<ins class=\"adsbygoogle\"\r\n     style=\"display:block\"\r\n     data-ad-client=\"ca-pub-6203283170189293\"\r\n     data-ad-slot=\"4222328180\"\r\n     data-ad-format=\"auto\"\r\n     data-full-width-responsive=\"true\"><\/ins>\r\n<script>\r\n     (adsbygoogle = window.adsbygoogle || []).push({});\r\n<\/script><\/div><br style=\"clear: both; display: block; float: none;\"\/>","protected":false},"excerpt":{"rendered":"<p>\u00a0\u00a0Dr.Nedim B\u0130R\u0130NC\u0130 Konu: Milliyet\u00e7ili\u011fimiz birli\u011fimizden g\u00f6\u00e7 al\u0131r. Bir T\u00fcrk, bir T\u00fcrk\u2019\u00fc daima sevmeli ve korumal\u0131d\u0131r. Bir T\u00fcrk, bir T\u00fcrk\u2019\u00fc onun bunun iste\u011fi i\u00e7in ele vermemeli,<\/p>\n","protected":false},"author":13,"featured_media":0,"comment_status":"closed","ping_status":"closed","sticky":false,"template":"","format":"standard","meta":{"advanced_seo_description":"","jetpack_seo_html_title":"","jetpack_seo_noindex":false,"_jetpack_memberships_contains_paid_content":false,"footnotes":""},"categories":[6],"tags":[],"class_list":["post-20084","post","type-post","status-publish","format-standard","hentry","category-yorum"],"jetpack_featured_media_url":"","jetpack_sharing_enabled":true,"jetpack_likes_enabled":true,"jetpack-related-posts":[],"jetpack_shortlink":"https:\/\/wp.me\/pc2PfJ-5dW","_links":{"self":[{"href":"https:\/\/www.bghaber.org\/bghaber\/wp-json\/wp\/v2\/posts\/20084","targetHints":{"allow":["GET"]}}],"collection":[{"href":"https:\/\/www.bghaber.org\/bghaber\/wp-json\/wp\/v2\/posts"}],"about":[{"href":"https:\/\/www.bghaber.org\/bghaber\/wp-json\/wp\/v2\/types\/post"}],"author":[{"embeddable":true,"href":"https:\/\/www.bghaber.org\/bghaber\/wp-json\/wp\/v2\/users\/13"}],"replies":[{"embeddable":true,"href":"https:\/\/www.bghaber.org\/bghaber\/wp-json\/wp\/v2\/comments?post=20084"}],"version-history":[{"count":0,"href":"https:\/\/www.bghaber.org\/bghaber\/wp-json\/wp\/v2\/posts\/20084\/revisions"}],"wp:attachment":[{"href":"https:\/\/www.bghaber.org\/bghaber\/wp-json\/wp\/v2\/media?parent=20084"}],"wp:term":[{"taxonomy":"category","embeddable":true,"href":"https:\/\/www.bghaber.org\/bghaber\/wp-json\/wp\/v2\/categories?post=20084"},{"taxonomy":"post_tag","embeddable":true,"href":"https:\/\/www.bghaber.org\/bghaber\/wp-json\/wp\/v2\/tags?post=20084"}],"curies":[{"name":"wp","href":"https:\/\/api.w.org\/{rel}","templated":true}]}}