{"id":20082,"date":"2016-08-11T16:24:50","date_gmt":"2016-08-11T13:24:50","guid":{"rendered":"http:\/\/www.bghaber.org\/bghaber\/?p=20082"},"modified":"2016-08-11T16:24:50","modified_gmt":"2016-08-11T13:24:50","slug":"fetonun-hoh-baglantisi-inceleniyor","status":"publish","type":"post","link":"https:\/\/www.bghaber.org\/bghaber\/fetonun-hoh-baglantisi-inceleniyor\/","title":{"rendered":"FET\u00d6&#8217;n\u00fcn H\u00d6H ba\u011flant\u0131s\u0131 \u0130nceleniyor"},"content":{"rendered":"<p>FET\u00d6 ile Hak ve \u00d6zg\u00fcrl\u00fckler Hareketi&#8217;nin (H\u00d6H)\u00a0<a class=\"keyword-sd\" title=\"Bulgaristan\" href=\"http:\/\/www.sondakika.com\/bulgaristan\/\">Bulgaristan<\/a>&#8216;da\u00a0<a class=\"keyword-sd\" title=\"T\u00fcrkiye\" href=\"http:\/\/www.sondakika.com\/turkiye\/\">T\u00fcrkiye<\/a>\u00a0aleyhindeki ortak faaliyetleri mercek alt\u0131na al\u0131nd\u0131.<\/p>\n<p><strong>FET\u00d6&#8217;n\u00fcn H\u00d6H ba\u011flant\u0131s\u0131 dikkatle inceleniyor. <\/strong><\/p>\n<p>\u00d6te yandan, DOST Partisinin iki y\u00f6neticisinin FET\u00d6 taraftar\u0131 oldu\u011fu y\u00f6n\u00fcndeki iddian\u0131n ise ger\u00e7e\u011fi yans\u0131tmad\u0131\u011f\u0131 belirtildi. Bu iddiay\u0131 ortaya atan eski Askeri \u0130stihbarat Servisi Ba\u015fkan\u0131 Kir\u00e7o Kirov&#8217;un a\u00e7\u0131klamas\u0131n\u0131n maksatl\u0131 oldu\u011fu ifade edildi.<\/p>\n<p>General Kirov, 2003 y\u0131l\u0131nda H\u00d6H&#8217;\u00fcn orta\u011f\u0131 oldu\u011fu h\u00fck\u00fcmet s\u0131ras\u0131nda bu g\u00f6reve getirilmi\u015f, 2012 y\u0131l\u0131nda g\u00f6revinden al\u0131nm\u0131\u015ft\u0131.\u00a0<a class=\"keyword-sd\" title=\"T\u00fcrkiye\" href=\"http:\/\/www.sondakika.com\/turkiye\/\">T\u00fcrkiye<\/a> devleti ve h\u00fck\u00fcmeti aleyhindeki tutum ve a\u00e7\u0131klamalar\u0131 ile bilinen Kirov, 2007-2011 y\u0131llar\u0131 aras\u0131ndaki d\u00f6nemde binden fazla sahte evrak d\u00fczenleyerek 2,5 milyon avro tutar\u0131nda resmi \u00f6dene\u011fi zimmetine ge\u00e7irmek su\u00e7undan askeri mahkemede yarg\u0131lanarak su\u00e7lu bulunmu\u015ftu.<\/p>\n<p>10 y\u0131l hapse mahkum olan ve 13 y\u0131l kamu hizmetinden men edilen Kirov&#8217;un mal varl\u0131\u011f\u0131n\u0131n yar\u0131s\u0131na el konulmas\u0131na karar verilmi\u015fti.<\/p><div id=\"bghab-3961304674\" class=\"bghab-icerik-icine bghab-entity-placement\"><script async src=\"\/\/pagead2.googlesyndication.com\/pagead\/js\/adsbygoogle.js?client=ca-pub-6203283170189293\" crossorigin=\"anonymous\"><\/script><ins class=\"adsbygoogle\" style=\"display:block; text-align:center;\" data-ad-client=\"ca-pub-6203283170189293\" \ndata-ad-slot=\"7303146466\" \ndata-ad-layout=\"in-article\"\ndata-ad-format=\"fluid\" data-full-width-responsive=\"true\"><\/ins>\n<script> \n(adsbygoogle = window.adsbygoogle || []).push({}); \n<\/script>\n<\/div>\n<p><strong>-FET\u00d6&#8217;n\u00fcn\u00a0<a class=\"keyword-sd\" title=\"Bulgaristan\" href=\"http:\/\/www.sondakika.com\/bulgaristan\/\">Bulgaristan<\/a>&#8216;daki \u00f6rg\u00fctsel \u00e7al\u0131\u015fmalar\u0131<\/strong><\/p>\n<p>FET\u00d6 \u00fcyeleri,\u00a0<a class=\"keyword-sd\" title=\"Bulgaristan\" href=\"http:\/\/www.sondakika.com\/bulgaristan\/\">Bulgaristan<\/a>&#8216;da yo\u011fun \u00f6rg\u00fctsel \u00e7al\u0131\u015fmalar\u0131na 1992 y\u0131l\u0131nda Zaman\u00a0<a class=\"keyword-sd\" title=\"Bulgaristan\" href=\"http:\/\/www.sondakika.com\/bulgaristan\/\">Bulgaristan<\/a> gazetesi ile ba\u015flad\u0131. Halen haftada bir Bulgarca ve T\u00fcrk\u00e7e \u00e7\u0131kan gazete, sayfalar\u0131nda s\u0131k s\u0131k\u00a0<a class=\"keyword-sd\" title=\"T\u00fcrkiye\" href=\"http:\/\/www.sondakika.com\/turkiye\/\">T\u00fcrkiye<\/a> kar\u015f\u0131t\u0131 haberlere yer veriyor. \u00d6rg\u00fct \u00fclkede, &#8220;\u00dcmit&#8221; adl\u0131 ayl\u0131k bir aile, \u00e7ocuk ve k\u00fclt\u00fcr dergisi de yay\u0131ml\u0131yor.<\/p>\n<p>\u00dclkedeki FET\u00d6 mensuplar\u0131, \u00e7e\u015fitli dini g\u00fcnler dolay\u0131s\u0131yla d\u00fczenlenen etkinliklere\u00a0<a class=\"keyword-sd\" title=\"Bulgaristan\" href=\"http:\/\/www.sondakika.com\/bulgaristan\/\">Bulgaristan<\/a>&#8216;da resmi dini mezheplerinin belirli temsilcilerini davet ederek, eleba\u015f\u0131\u00a0<a class=\"keyword-sd\" title=\"Fethullah G\u00fclen\" href=\"http:\/\/www.sondakika.com\/fethullah-gulen\/\">Fethullah G\u00fclen<\/a>&#8216;in &#8220;dinleraras\u0131 diyalog&#8221; ad\u0131 alt\u0131nda mesajlar\u0131n\u0131 veriyor.<\/p>\n<p>FET\u00d6&#8217;ye ba\u011fl\u0131\u00a0<a class=\"keyword-sd\" title=\"Sofya\" href=\"http:\/\/www.sondakika.com\/sofya\/\">Sofya<\/a> ve Filibe \u015fehirlerinde Drujba (dostluk) adl\u0131 \u00f6zel kre\u015f, okul ve dil kurslar\u0131 bulunuyor. 2013 y\u0131l\u0131ndan bu yana e\u011fitim veren okulda \u00f6\u011frenci ba\u015f\u0131na y\u0131ll\u0131k \u00fccretin, \u00fclkedeki orta s\u0131n\u0131f\u0131n maddi olanaklar\u0131n\u0131 a\u015fan 3 bin 400 dolar civar\u0131nda oldu\u011fu biliniyor.\u00a0<a class=\"keyword-sd\" title=\"Bulgaristan\" href=\"http:\/\/www.sondakika.com\/bulgaristan\/\">Bulgaristan<\/a>&#8216;\u0131n resmi devlet m\u00fcfredat\u0131na g\u00f6re e\u011fitim veren bu kurumlarda din dersleri yer alm\u0131yor, T\u00fcrk\u00e7e dersleri ise tercihe ba\u011fl\u0131 okutuluyor.<\/p>\n<p><strong>FET\u00d6 \u00fcyesi iade edildi<\/strong><\/p><div id=\"bghab-180915509\" class=\"bghab-icerik-icine-10-paragraf bghab-entity-placement\"><script async src=\"\/\/pagead2.googlesyndication.com\/pagead\/js\/adsbygoogle.js?client=ca-pub-6203283170189293\" crossorigin=\"anonymous\"><\/script><ins class=\"adsbygoogle\" style=\"display:block; text-align:center;\" data-ad-client=\"ca-pub-6203283170189293\" \ndata-ad-slot=\"7303146466\" \ndata-ad-layout=\"in-article\"\ndata-ad-format=\"fluid\" data-full-width-responsive=\"true\"><\/ins>\n<script> \n(adsbygoogle = window.adsbygoogle || []).push({}); \n<\/script>\n<\/div>\n<p>Bulgaristan, d\u00fcn FET\u00d6 \u00fcyesi i\u015fadam\u0131\u00a0<a class=\"keyword-sd\" title=\"Abdullah B\u00fcy\u00fck\" href=\"http:\/\/www.sondakika.com\/abdullah-buyuk\/\">Abdullah B\u00fcy\u00fck<\/a>&#8216;\u00fc\u00a0<a class=\"keyword-sd\" title=\"T\u00fcrkiye\" href=\"http:\/\/www.sondakika.com\/turkiye\/\">T\u00fcrkiye<\/a>&#8216;ye iade etmi\u015fti.<\/p>\n<p>Ge\u00e7en y\u0131l\u00a0<a class=\"keyword-sd\" title=\"\u0130stanbul\" href=\"http:\/\/www.sondakika.com\/istanbul\/\">\u0130stanbul<\/a> Anadolu Cumhuriyet Ba\u015fsavc\u0131l\u0131\u011f\u0131n\u0131n talimat\u0131yla mali polislerin d\u00fczenledi\u011fi FET\u00d6\/PDY&#8217;ye y\u00f6nelik &#8220;himmet&#8221; operasyonu kapsam\u0131nda g\u00f6zalt\u0131na al\u0131nd\u0131ktan sonra adliyeye sevk edilen 9 \u015f\u00fcpheliden\u00a0<a class=\"keyword-sd\" title=\"Abdullah B\u00fcy\u00fck\" href=\"http:\/\/www.sondakika.com\/abdullah-buyuk\/\">Abdullah B\u00fcy\u00fck<\/a>, savc\u0131l\u0131k\u00e7a tutuklanmas\u0131 talebiyle n\u00f6bet\u00e7i sulh ceza hakimli\u011fine g\u00f6nderilmi\u015f, mahkemenin adli kontrol \u015fart\u0131yla tutuksuz yarg\u0131lanmas\u0131na karar verdi\u011fi B\u00fcy\u00fck&#8217;\u00fcn yurt d\u0131\u015f\u0131na ka\u00e7t\u0131\u011f\u0131 ortaya \u00e7\u0131km\u0131\u015ft\u0131.<\/p>\n<div id=\"bghab-3543598268\" class=\"bghab-yazi-altinda bghab-entity-placement\"><div class=\"bghab-adlabel\">Reklamlar<\/div><script async src=\"https:\/\/pagead2.googlesyndication.com\/pagead\/js\/adsbygoogle.js\"><\/script>\r\n<!-- bghaber-yaz\u0131-sonu -->\r\n<ins class=\"adsbygoogle\"\r\n     style=\"display:block\"\r\n     data-ad-client=\"ca-pub-6203283170189293\"\r\n     data-ad-slot=\"4222328180\"\r\n     data-ad-format=\"auto\"\r\n     data-full-width-responsive=\"true\"><\/ins>\r\n<script>\r\n     (adsbygoogle = window.adsbygoogle || []).push({});\r\n<\/script><\/div><br style=\"clear: both; display: block; float: none;\"\/>","protected":false},"excerpt":{"rendered":"<p>FET\u00d6 ile Hak ve \u00d6zg\u00fcrl\u00fckler Hareketi&#8217;nin (H\u00d6H)\u00a0Bulgaristan&#8216;da\u00a0T\u00fcrkiye\u00a0aleyhindeki ortak faaliyetleri mercek alt\u0131na al\u0131nd\u0131. FET\u00d6&#8217;n\u00fcn H\u00d6H ba\u011flant\u0131s\u0131 dikkatle inceleniyor. \u00d6te yandan, DOST Partisinin iki y\u00f6neticisinin FET\u00d6 taraftar\u0131<\/p>\n","protected":false},"author":13,"featured_media":2630,"comment_status":"closed","ping_status":"closed","sticky":false,"template":"","format":"standard","meta":{"advanced_seo_description":"","jetpack_seo_html_title":"","jetpack_seo_noindex":false,"_jetpack_memberships_contains_paid_content":false,"footnotes":""},"categories":[5],"tags":[],"class_list":["post-20082","post","type-post","status-publish","format-standard","has-post-thumbnail","hentry","category-yasam"],"jetpack_featured_media_url":"https:\/\/i0.wp.com\/www.bghaber.org\/bghaber\/wp-content\/uploads\/2013\/06\/dps-hoh-logo.jpeg?fit=650%2C267&ssl=1","jetpack_sharing_enabled":true,"jetpack_likes_enabled":true,"jetpack-related-posts":[],"jetpack_shortlink":"https:\/\/wp.me\/pc2PfJ-5dU","_links":{"self":[{"href":"https:\/\/www.bghaber.org\/bghaber\/wp-json\/wp\/v2\/posts\/20082","targetHints":{"allow":["GET"]}}],"collection":[{"href":"https:\/\/www.bghaber.org\/bghaber\/wp-json\/wp\/v2\/posts"}],"about":[{"href":"https:\/\/www.bghaber.org\/bghaber\/wp-json\/wp\/v2\/types\/post"}],"author":[{"embeddable":true,"href":"https:\/\/www.bghaber.org\/bghaber\/wp-json\/wp\/v2\/users\/13"}],"replies":[{"embeddable":true,"href":"https:\/\/www.bghaber.org\/bghaber\/wp-json\/wp\/v2\/comments?post=20082"}],"version-history":[{"count":0,"href":"https:\/\/www.bghaber.org\/bghaber\/wp-json\/wp\/v2\/posts\/20082\/revisions"}],"wp:featuredmedia":[{"embeddable":true,"href":"https:\/\/www.bghaber.org\/bghaber\/wp-json\/wp\/v2\/media\/2630"}],"wp:attachment":[{"href":"https:\/\/www.bghaber.org\/bghaber\/wp-json\/wp\/v2\/media?parent=20082"}],"wp:term":[{"taxonomy":"category","embeddable":true,"href":"https:\/\/www.bghaber.org\/bghaber\/wp-json\/wp\/v2\/categories?post=20082"},{"taxonomy":"post_tag","embeddable":true,"href":"https:\/\/www.bghaber.org\/bghaber\/wp-json\/wp\/v2\/tags?post=20082"}],"curies":[{"name":"wp","href":"https:\/\/api.w.org\/{rel}","templated":true}]}}